{"id":40340,"date":"2018-03-22T14:36:11","date_gmt":"2018-03-22T14:36:11","guid":{"rendered":"http:\/\/copealcoi.es\/new\/?p=40340"},"modified":"2018-03-22T14:36:11","modified_gmt":"2018-03-22T14:36:11","slug":"ciudadanos-pide-mejorar-la-senalizacion-de-los-bordillos-del-carril-bici","status":"publish","type":"post","link":"https:\/\/www.copealcoy.es\/es\/ciudadanos-pide-mejorar-la-senalizacion-de-los-bordillos-del-carril-bici\/","title":{"rendered":"Ciudadanos pide mejorar la se\u00f1alizaci\u00f3n de los bordillos del carril bici"},"content":{"rendered":"<p style=\"text-align: justify;\">El Grupo Municipal de <strong>Ciudadanos<\/strong> en el Ayuntamiento de Alcoy <strong>ha pedido una mejor se\u00f1alizaci\u00f3n en los bordillos<\/strong> que delimitan <strong>el carril bici<\/strong> de la Zona Norte.\u00a0 La formaci\u00f3n naranja detalla que <strong>estos bordillos son de hormig\u00f3n y de color blanco<\/strong> lo cual, indican, provoca que <strong>no se distingan bien y causan ca\u00eddas de peatones<\/strong>. Desde Ciudadanos afirman que si estos bordillos estuviesen correctamente se\u00f1alizados <strong>se evitar\u00edan estas situaciones<\/strong>. Maribel S\u00e1nchez, concejala de este partido pol\u00edtico en el Ayuntamiento de Alcoy, destaca que<strong> plantear\u00e1n esta propuesta\u00a0 en la pr\u00f3xima sesi\u00f3n plenaria<\/strong> &#8220;<em>es necesario encontrar la f\u00f3rmula que permita distinguir que son elementos con relieve. Vamos a exigir al Gobierno Local que\u00a0se se\u00f1alicen de manera adecuada los bordillos que marcan los l\u00edmites del carril bici de forma que queden claramente definidas su forma y sus dimensiones y pueda as\u00ed evitarse, en la medida de lo posible, que se produzcan m\u00e1s incidentes por esta causa<\/em>&#8220;, concluye.<\/p>\n","protected":false},"excerpt":{"rendered":"<p>El Grupo Municipal de Ciudadanos en el Ayuntamiento de Alcoy ha pedido una mejor se\u00f1alizaci\u00f3n en los bordillos que delimitan&#8230;<\/p>\n","protected":false},"author":1,"featured_media":39408,"comment_status":"open","ping_status":"open","sticky":false,"template":"","format":"standard","meta":{"footnotes":""},"categories":[97,75,79],"tags":[5369,5050,349,2078,139,1096],"class_list":["post-40340","post","type-post","status-publish","format-standard","has-post-thumbnail","hentry","category-alcoy","category-noticias","category-politicayeconomia","tag-bordillos","tag-carril-bici","tag-ciudadanos","tag-maribel-sanchez","tag-mejora","tag-senalizacion"],"yoast_head":"<!-- This site is optimized with the Yoast SEO plugin v27.3 - https:\/\/yoast.com\/product\/yoast-seo-wordpress\/ -->\n<title>Ciudadanos pide mejorar la se\u00f1alizaci\u00f3n de los bordillos del carril bici - COPE Alcoy<\/title>\n<meta name=\"robots\" content=\"index, follow, max-snippet:-1, max-image-preview:large, max-video-preview:-1\" \/>\n<link rel=\"canonical\" href=\"https:\/\/www.copealcoy.es\/es\/ciudadanos-pide-mejorar-la-senalizacion-de-los-bordillos-del-carril-bici\/\" \/>\n<meta property=\"og:locale\" content=\"es_ES\" \/>\n<meta property=\"og:type\" content=\"article\" \/>\n<meta property=\"og:title\" content=\"Ciudadanos pide mejorar la se\u00f1alizaci\u00f3n de los bordillos del carril bici - COPE Alcoy\" \/>\n<meta property=\"og:description\" content=\"El Grupo Municipal de Ciudadanos en el Ayuntamiento de Alcoy ha pedido una mejor se\u00f1alizaci\u00f3n en los bordillos que delimitan...\" \/>\n<meta property=\"og:url\" content=\"https:\/\/www.copealcoy.es\/es\/ciudadanos-pide-mejorar-la-senalizacion-de-los-bordillos-del-carril-bici\/\" \/>\n<meta property=\"og:site_name\" content=\"COPE Alcoy\" \/>\n<meta property=\"article:published_time\" content=\"2018-03-22T14:36:11+00:00\" \/>\n<meta property=\"og:image\" content=\"https:\/\/www.copealcoy.es\/wp-content\/uploads\/2018\/02\/img_42278.jpg\" \/>\n\t<meta property=\"og:image:width\" content=\"670\" \/>\n\t<meta property=\"og:image:height\" content=\"377\" \/>\n\t<meta property=\"og:image:type\" content=\"image\/jpeg\" \/>\n<meta name=\"author\" content=\"Cope Alcoy\" \/>\n<meta name=\"twitter:label1\" content=\"Escrito por\" \/>\n\t<meta name=\"twitter:data1\" content=\"Cope Alcoy\" \/>\n\t<meta name=\"twitter:label2\" content=\"Tiempo de lectura\" \/>\n\t<meta name=\"twitter:data2\" content=\"1 minuto\" \/>\n<script type=\"application\/ld+json\" class=\"yoast-schema-graph\">{\"@context\":\"https:\\\/\\\/schema.org\",\"@graph\":[{\"@type\":\"Article\",\"@id\":\"https:\\\/\\\/www.copealcoy.es\\\/es\\\/ciudadanos-pide-mejorar-la-senalizacion-de-los-bordillos-del-carril-bici\\\/#article\",\"isPartOf\":{\"@id\":\"https:\\\/\\\/www.copealcoy.es\\\/es\\\/ciudadanos-pide-mejorar-la-senalizacion-de-los-bordillos-del-carril-bici\\\/\"},\"author\":{\"name\":\"Cope Alcoy\",\"@id\":\"https:\\\/\\\/www.copealcoy.es\\\/es\\\/#\\\/schema\\\/person\\\/e777c87fa024e57d40170af9df39882c\"},\"headline\":\"Ciudadanos pide mejorar la se\u00f1alizaci\u00f3n de los bordillos del carril bici\",\"datePublished\":\"2018-03-22T14:36:11+00:00\",\"mainEntityOfPage\":{\"@id\":\"https:\\\/\\\/www.copealcoy.es\\\/es\\\/ciudadanos-pide-mejorar-la-senalizacion-de-los-bordillos-del-carril-bici\\\/\"},\"wordCount\":184,\"commentCount\":0,\"image\":{\"@id\":\"https:\\\/\\\/www.copealcoy.es\\\/es\\\/ciudadanos-pide-mejorar-la-senalizacion-de-los-bordillos-del-carril-bici\\\/#primaryimage\"},\"thumbnailUrl\":\"https:\\\/\\\/www.copealcoy.es\\\/wp-content\\\/uploads\\\/2018\\\/02\\\/img_42278.jpg\",\"keywords\":[\"bordillos\",\"carril bici\",\"Ciudadanos\",\"Maribel S\u00e1nchez\",\"Mejora\",\"Se\u00f1alizaci\u00f3n\"],\"articleSection\":[\"Alcoy\",\"Noticias\",\"Pol\u00edtica y Econom\u00eda\"],\"inLanguage\":\"es\"},{\"@type\":\"WebPage\",\"@id\":\"https:\\\/\\\/www.copealcoy.es\\\/es\\\/ciudadanos-pide-mejorar-la-senalizacion-de-los-bordillos-del-carril-bici\\\/\",\"url\":\"https:\\\/\\\/www.copealcoy.es\\\/es\\\/ciudadanos-pide-mejorar-la-senalizacion-de-los-bordillos-del-carril-bici\\\/\",\"name\":\"Ciudadanos pide mejorar la se\u00f1alizaci\u00f3n de los bordillos del carril bici - COPE Alcoy\",\"isPartOf\":{\"@id\":\"https:\\\/\\\/www.copealcoy.es\\\/es\\\/#website\"},\"primaryImageOfPage\":{\"@id\":\"https:\\\/\\\/www.copealcoy.es\\\/es\\\/ciudadanos-pide-mejorar-la-senalizacion-de-los-bordillos-del-carril-bici\\\/#primaryimage\"},\"image\":{\"@id\":\"https:\\\/\\\/www.copealcoy.es\\\/es\\\/ciudadanos-pide-mejorar-la-senalizacion-de-los-bordillos-del-carril-bici\\\/#primaryimage\"},\"thumbnailUrl\":\"https:\\\/\\\/www.copealcoy.es\\\/wp-content\\\/uploads\\\/2018\\\/02\\\/img_42278.jpg\",\"datePublished\":\"2018-03-22T14:36:11+00:00\",\"author\":{\"@id\":\"https:\\\/\\\/www.copealcoy.es\\\/es\\\/#\\\/schema\\\/person\\\/e777c87fa024e57d40170af9df39882c\"},\"breadcrumb\":{\"@id\":\"https:\\\/\\\/www.copealcoy.es\\\/es\\\/ciudadanos-pide-mejorar-la-senalizacion-de-los-bordillos-del-carril-bici\\\/#breadcrumb\"},\"inLanguage\":\"es\",\"potentialAction\":[{\"@type\":\"ReadAction\",\"target\":[\"https:\\\/\\\/www.copealcoy.es\\\/es\\\/ciudadanos-pide-mejorar-la-senalizacion-de-los-bordillos-del-carril-bici\\\/\"]}]},{\"@type\":\"ImageObject\",\"inLanguage\":\"es\",\"@id\":\"https:\\\/\\\/www.copealcoy.es\\\/es\\\/ciudadanos-pide-mejorar-la-senalizacion-de-los-bordillos-del-carril-bici\\\/#primaryimage\",\"url\":\"https:\\\/\\\/www.copealcoy.es\\\/wp-content\\\/uploads\\\/2018\\\/02\\\/img_42278.jpg\",\"contentUrl\":\"https:\\\/\\\/www.copealcoy.es\\\/wp-content\\\/uploads\\\/2018\\\/02\\\/img_42278.jpg\",\"width\":670,\"height\":377},{\"@type\":\"BreadcrumbList\",\"@id\":\"https:\\\/\\\/www.copealcoy.es\\\/es\\\/ciudadanos-pide-mejorar-la-senalizacion-de-los-bordillos-del-carril-bici\\\/#breadcrumb\",\"itemListElement\":[{\"@type\":\"ListItem\",\"position\":1,\"name\":\"Portada\",\"item\":\"https:\\\/\\\/www.copealcoy.es\\\/es\\\/\"},{\"@type\":\"ListItem\",\"position\":2,\"name\":\"Ciudadanos pide mejorar la se\u00f1alizaci\u00f3n de los bordillos del carril bici\"}]},{\"@type\":\"WebSite\",\"@id\":\"https:\\\/\\\/www.copealcoy.es\\\/es\\\/#website\",\"url\":\"https:\\\/\\\/www.copealcoy.es\\\/es\\\/\",\"name\":\"COPE Alcoy\",\"description\":\"Emisora COPE de radio local con emisi\u00f3n online. Pont de Sant Jordi 8-10 03803 Alcoy\",\"potentialAction\":[{\"@type\":\"SearchAction\",\"target\":{\"@type\":\"EntryPoint\",\"urlTemplate\":\"https:\\\/\\\/www.copealcoy.es\\\/es\\\/?s={search_term_string}\"},\"query-input\":{\"@type\":\"PropertyValueSpecification\",\"valueRequired\":true,\"valueName\":\"search_term_string\"}}],\"inLanguage\":\"es\"},{\"@type\":\"Person\",\"@id\":\"https:\\\/\\\/www.copealcoy.es\\\/es\\\/#\\\/schema\\\/person\\\/e777c87fa024e57d40170af9df39882c\",\"name\":\"Cope Alcoy\",\"image\":{\"@type\":\"ImageObject\",\"inLanguage\":\"es\",\"@id\":\"https:\\\/\\\/secure.gravatar.com\\\/avatar\\\/bb65d0283347e303893ba14f0692005417c1e0e690a325a4c5d8bb2b3943ee14?s=96&d=mm&r=g\",\"url\":\"https:\\\/\\\/secure.gravatar.com\\\/avatar\\\/bb65d0283347e303893ba14f0692005417c1e0e690a325a4c5d8bb2b3943ee14?s=96&d=mm&r=g\",\"contentUrl\":\"https:\\\/\\\/secure.gravatar.com\\\/avatar\\\/bb65d0283347e303893ba14f0692005417c1e0e690a325a4c5d8bb2b3943ee14?s=96&d=mm&r=g\",\"caption\":\"Cope Alcoy\"}}]}<\/script>\n<!-- \/ Yoast SEO plugin. -->","yoast_head_json":{"title":"Ciudadanos pide mejorar la se\u00f1alizaci\u00f3n de los bordillos del carril bici - COPE Alcoy","robots":{"index":"index","follow":"follow","max-snippet":"max-snippet:-1","max-image-preview":"max-image-preview:large","max-video-preview":"max-video-preview:-1"},"canonical":"https:\/\/www.copealcoy.es\/es\/ciudadanos-pide-mejorar-la-senalizacion-de-los-bordillos-del-carril-bici\/","og_locale":"es_ES","og_type":"article","og_title":"Ciudadanos pide mejorar la se\u00f1alizaci\u00f3n de los bordillos del carril bici - COPE Alcoy","og_description":"El Grupo Municipal de Ciudadanos en el Ayuntamiento de Alcoy ha pedido una mejor se\u00f1alizaci\u00f3n en los bordillos que delimitan...","og_url":"https:\/\/www.copealcoy.es\/es\/ciudadanos-pide-mejorar-la-senalizacion-de-los-bordillos-del-carril-bici\/","og_site_name":"COPE Alcoy","article_published_time":"2018-03-22T14:36:11+00:00","og_image":[{"width":670,"height":377,"url":"https:\/\/www.copealcoy.es\/wp-content\/uploads\/2018\/02\/img_42278.jpg","type":"image\/jpeg"}],"author":"Cope Alcoy","twitter_misc":{"Escrito por":"Cope Alcoy","Tiempo de lectura":"1 minuto"},"schema":{"@context":"https:\/\/schema.org","@graph":[{"@type":"Article","@id":"https:\/\/www.copealcoy.es\/es\/ciudadanos-pide-mejorar-la-senalizacion-de-los-bordillos-del-carril-bici\/#article","isPartOf":{"@id":"https:\/\/www.copealcoy.es\/es\/ciudadanos-pide-mejorar-la-senalizacion-de-los-bordillos-del-carril-bici\/"},"author":{"name":"Cope Alcoy","@id":"https:\/\/www.copealcoy.es\/es\/#\/schema\/person\/e777c87fa024e57d40170af9df39882c"},"headline":"Ciudadanos pide mejorar la se\u00f1alizaci\u00f3n de los bordillos del carril bici","datePublished":"2018-03-22T14:36:11+00:00","mainEntityOfPage":{"@id":"https:\/\/www.copealcoy.es\/es\/ciudadanos-pide-mejorar-la-senalizacion-de-los-bordillos-del-carril-bici\/"},"wordCount":184,"commentCount":0,"image":{"@id":"https:\/\/www.copealcoy.es\/es\/ciudadanos-pide-mejorar-la-senalizacion-de-los-bordillos-del-carril-bici\/#primaryimage"},"thumbnailUrl":"https:\/\/www.copealcoy.es\/wp-content\/uploads\/2018\/02\/img_42278.jpg","keywords":["bordillos","carril bici","Ciudadanos","Maribel S\u00e1nchez","Mejora","Se\u00f1alizaci\u00f3n"],"articleSection":["Alcoy","Noticias","Pol\u00edtica y Econom\u00eda"],"inLanguage":"es"},{"@type":"WebPage","@id":"https:\/\/www.copealcoy.es\/es\/ciudadanos-pide-mejorar-la-senalizacion-de-los-bordillos-del-carril-bici\/","url":"https:\/\/www.copealcoy.es\/es\/ciudadanos-pide-mejorar-la-senalizacion-de-los-bordillos-del-carril-bici\/","name":"Ciudadanos pide mejorar la se\u00f1alizaci\u00f3n de los bordillos del carril bici - COPE Alcoy","isPartOf":{"@id":"https:\/\/www.copealcoy.es\/es\/#website"},"primaryImageOfPage":{"@id":"https:\/\/www.copealcoy.es\/es\/ciudadanos-pide-mejorar-la-senalizacion-de-los-bordillos-del-carril-bici\/#primaryimage"},"image":{"@id":"https:\/\/www.copealcoy.es\/es\/ciudadanos-pide-mejorar-la-senalizacion-de-los-bordillos-del-carril-bici\/#primaryimage"},"thumbnailUrl":"https:\/\/www.copealcoy.es\/wp-content\/uploads\/2018\/02\/img_42278.jpg","datePublished":"2018-03-22T14:36:11+00:00","author":{"@id":"https:\/\/www.copealcoy.es\/es\/#\/schema\/person\/e777c87fa024e57d40170af9df39882c"},"breadcrumb":{"@id":"https:\/\/www.copealcoy.es\/es\/ciudadanos-pide-mejorar-la-senalizacion-de-los-bordillos-del-carril-bici\/#breadcrumb"},"inLanguage":"es","potentialAction":[{"@type":"ReadAction","target":["https:\/\/www.copealcoy.es\/es\/ciudadanos-pide-mejorar-la-senalizacion-de-los-bordillos-del-carril-bici\/"]}]},{"@type":"ImageObject","inLanguage":"es","@id":"https:\/\/www.copealcoy.es\/es\/ciudadanos-pide-mejorar-la-senalizacion-de-los-bordillos-del-carril-bici\/#primaryimage","url":"https:\/\/www.copealcoy.es\/wp-content\/uploads\/2018\/02\/img_42278.jpg","contentUrl":"https:\/\/www.copealcoy.es\/wp-content\/uploads\/2018\/02\/img_42278.jpg","width":670,"height":377},{"@type":"BreadcrumbList","@id":"https:\/\/www.copealcoy.es\/es\/ciudadanos-pide-mejorar-la-senalizacion-de-los-bordillos-del-carril-bici\/#breadcrumb","itemListElement":[{"@type":"ListItem","position":1,"name":"Portada","item":"https:\/\/www.copealcoy.es\/es\/"},{"@type":"ListItem","position":2,"name":"Ciudadanos pide mejorar la se\u00f1alizaci\u00f3n de los bordillos del carril bici"}]},{"@type":"WebSite","@id":"https:\/\/www.copealcoy.es\/es\/#website","url":"https:\/\/www.copealcoy.es\/es\/","name":"COPE Alcoy","description":"Emisora COPE de radio local con emisi\u00f3n online. Pont de Sant Jordi 8-10 03803 Alcoy","potentialAction":[{"@type":"SearchAction","target":{"@type":"EntryPoint","urlTemplate":"https:\/\/www.copealcoy.es\/es\/?s={search_term_string}"},"query-input":{"@type":"PropertyValueSpecification","valueRequired":true,"valueName":"search_term_string"}}],"inLanguage":"es"},{"@type":"Person","@id":"https:\/\/www.copealcoy.es\/es\/#\/schema\/person\/e777c87fa024e57d40170af9df39882c","name":"Cope Alcoy","image":{"@type":"ImageObject","inLanguage":"es","@id":"https:\/\/secure.gravatar.com\/avatar\/bb65d0283347e303893ba14f0692005417c1e0e690a325a4c5d8bb2b3943ee14?s=96&d=mm&r=g","url":"https:\/\/secure.gravatar.com\/avatar\/bb65d0283347e303893ba14f0692005417c1e0e690a325a4c5d8bb2b3943ee14?s=96&d=mm&r=g","contentUrl":"https:\/\/secure.gravatar.com\/avatar\/bb65d0283347e303893ba14f0692005417c1e0e690a325a4c5d8bb2b3943ee14?s=96&d=mm&r=g","caption":"Cope Alcoy"}}]}},"_links":{"self":[{"href":"https:\/\/www.copealcoy.es\/es\/wp-json\/wp\/v2\/posts\/40340","targetHints":{"allow":["GET"]}}],"collection":[{"href":"https:\/\/www.copealcoy.es\/es\/wp-json\/wp\/v2\/posts"}],"about":[{"href":"https:\/\/www.copealcoy.es\/es\/wp-json\/wp\/v2\/types\/post"}],"author":[{"embeddable":true,"href":"https:\/\/www.copealcoy.es\/es\/wp-json\/wp\/v2\/users\/1"}],"replies":[{"embeddable":true,"href":"https:\/\/www.copealcoy.es\/es\/wp-json\/wp\/v2\/comments?post=40340"}],"version-history":[{"count":0,"href":"https:\/\/www.copealcoy.es\/es\/wp-json\/wp\/v2\/posts\/40340\/revisions"}],"wp:featuredmedia":[{"embeddable":true,"href":"https:\/\/www.copealcoy.es\/es\/wp-json\/wp\/v2\/media\/39408"}],"wp:attachment":[{"href":"https:\/\/www.copealcoy.es\/es\/wp-json\/wp\/v2\/media?parent=40340"}],"wp:term":[{"taxonomy":"category","embeddable":true,"href":"https:\/\/www.copealcoy.es\/es\/wp-json\/wp\/v2\/categories?post=40340"},{"taxonomy":"post_tag","embeddable":true,"href":"https:\/\/www.copealcoy.es\/es\/wp-json\/wp\/v2\/tags?post=40340"}],"curies":[{"name":"wp","href":"https:\/\/api.w.org\/{rel}","templated":true}]}}