{"id":40286,"date":"2018-03-20T15:42:20","date_gmt":"2018-03-20T15:42:20","guid":{"rendered":"http:\/\/copealcoi.es\/new\/?p=40286"},"modified":"2018-03-21T15:35:44","modified_gmt":"2018-03-21T15:35:44","slug":"alcoy-cerro-2017-con-superavit-y-con-incumplimiento-de-la-regla-de-gasto","status":"publish","type":"post","link":"https:\/\/www.copealcoy.es\/es\/alcoy-cerro-2017-con-superavit-y-con-incumplimiento-de-la-regla-de-gasto\/","title":{"rendered":"Alcoy cerr\u00f3 2017 con super\u00e1vit y con incumplimiento de la regla de gasto"},"content":{"rendered":"<p style=\"text-align: justify;\">El Ayuntamiento de Alcoy cerr\u00f3 el ejercicio presupuestario de 2017 con <strong>un super\u00e1vit de m\u00e1s de 2 millones de euros<\/strong> y un <strong>remanente positivo de tesorer\u00eda\u00a0de 38.288 euros<\/strong>.<\/p>\n<p style=\"text-align: justify;\">La edil de Hacienda, <strong>Vanessa Molt\u00f3<\/strong>, ha dado a conocer este martes las cifras <strong>que arroja la liquidaci\u00f3n del presupuesto del pasado a\u00f1o<\/strong> y ha detallado que al finalizar el mismo <strong>se hab\u00eda cumplido en un 90% con los ingresos y gastos<\/strong> presupuestados mientras que <strong>las inversiones alcanzaron el 73%<\/strong>. Adem\u00e1s ha asegurado que el endeudamiento de la ciudad <strong>se sit\u00faa ahora en niveles del 45%<\/strong> al mismo tiempo que <strong>el pago a proveedores se redujo hasta los cinco d\u00edas\u00a0<\/strong>&#8220;<em>frente a los 14 y 20 d\u00edas del pasado a\u00f1o. Estos resultados son fruto de un presupuesto ajustado y de haber conseguido que nuestro Ayuntamiento tenga una buena salud econ\u00f3mica<\/em>&#8220;, a\u00f1adi\u00f3.<\/p>\n<p style=\"text-align: justify;\">Por su parte el alcalde, <strong>Antonio Franc\u00e9s<\/strong>, detall\u00f3 que a pesar de esta situaci\u00f3n <strong>el Ayuntamiento incumpli\u00f3 en 2017 la ley del gasto<\/strong> que marca el Gobierno Central <strong>por haber invertido 1\u00b45 millones de euros m\u00e1s de lo que le correspond\u00eda<\/strong>.\u00a0<span style=\"text-align: justify;\">El primer edil ha sido cr\u00edtico con esta normativa y ha avanzado que ello <strong>obligar\u00e1 a bloquear esta cantidad de los Presupuestos del a\u00f1o 2018<\/strong> aplicando para ello una retenci\u00f3n de la partida de personal &#8220;<em>en la que hay reservados 2 millones de euros que el Ayuntamiento presupuest\u00f3 de m\u00e1s por car\u00e1cter preventivo para evitar posibles contratiempos. La situaci\u00f3n es muy diferente de los remanentes negativos de 3\u00b45 y 4\u00b45 millones que nos encontramos hace unos a\u00f1os<\/em>&#8220;, matiz\u00f3.\u00a0<\/span><\/p>\n<p style=\"text-align: justify;\">Indicar que el Gobierno Local<strong> no ha decidido todav\u00eda en qu\u00e9 invertir los 38.000 euros del remanente de tesorer\u00eda<\/strong> al ser, seg\u00fan ha dicho el alcalde, una cantidad relativamente menor.<\/p>\n<p><iframe loading=\"lazy\" title=\"RP - Liquidaci\u00f3 Pressupost (20\/03\/2018)\" width=\"1200\" height=\"675\" src=\"https:\/\/www.youtube.com\/embed\/AkBhm0cMNpA?feature=oembed\" frameborder=\"0\" allow=\"accelerometer; autoplay; encrypted-media; gyroscope; picture-in-picture\" allowfullscreen><\/iframe><\/p>\n","protected":false},"excerpt":{"rendered":"<p>El Ayuntamiento de Alcoy cerr\u00f3 el ejercicio presupuestario de 2017 con un super\u00e1vit de m\u00e1s de 2 millones de euros&#8230;<\/p>\n","protected":false},"author":1,"featured_media":40287,"comment_status":"open","ping_status":"open","sticky":false,"template":"","format":"standard","meta":{"footnotes":""},"categories":[97,75,79,125],"tags":[1494,5356,1572,681,2034],"class_list":["post-40286","post","type-post","status-publish","format-standard","has-post-thumbnail","hentry","category-alcoy","category-noticias","category-politicayeconomia","category-portada","tag-alcoy","tag-liquidacion-presupuesto","tag-presupuestos-municipales","tag-toni-frances","tag-vanessa-molto"],"yoast_head":"<!-- This site is optimized with the Yoast SEO plugin v27.3 - https:\/\/yoast.com\/product\/yoast-seo-wordpress\/ -->\n<title>Alcoy cerr\u00f3 2017 con super\u00e1vit y con incumplimiento de la regla de gasto - COPE Alcoy<\/title>\n<meta name=\"robots\" content=\"index, follow, max-snippet:-1, max-image-preview:large, max-video-preview:-1\" \/>\n<link rel=\"canonical\" href=\"https:\/\/www.copealcoy.es\/es\/alcoy-cerro-2017-con-superavit-y-con-incumplimiento-de-la-regla-de-gasto\/\" \/>\n<meta property=\"og:locale\" content=\"es_ES\" \/>\n<meta property=\"og:type\" content=\"article\" \/>\n<meta property=\"og:title\" content=\"Alcoy cerr\u00f3 2017 con super\u00e1vit y con incumplimiento de la regla de gasto - COPE Alcoy\" \/>\n<meta property=\"og:description\" content=\"El Ayuntamiento de Alcoy cerr\u00f3 el ejercicio presupuestario de 2017 con un super\u00e1vit de m\u00e1s de 2 millones de euros...\" \/>\n<meta property=\"og:url\" content=\"https:\/\/www.copealcoy.es\/es\/alcoy-cerro-2017-con-superavit-y-con-incumplimiento-de-la-regla-de-gasto\/\" \/>\n<meta property=\"og:site_name\" content=\"COPE Alcoy\" \/>\n<meta property=\"article:published_time\" content=\"2018-03-20T15:42:20+00:00\" \/>\n<meta property=\"article:modified_time\" content=\"2018-03-21T15:35:44+00:00\" \/>\n<meta property=\"og:image\" content=\"https:\/\/www.copealcoy.es\/wp-content\/uploads\/2018\/03\/Liquidaci\u00f3-del-pressupost-9-e1521559856424.jpg\" \/>\n\t<meta property=\"og:image:width\" content=\"4272\" \/>\n\t<meta property=\"og:image:height\" content=\"2445\" \/>\n\t<meta property=\"og:image:type\" content=\"image\/jpeg\" \/>\n<meta name=\"author\" content=\"Cope Alcoy\" \/>\n<meta name=\"twitter:label1\" content=\"Escrito por\" \/>\n\t<meta name=\"twitter:data1\" content=\"Cope Alcoy\" \/>\n\t<meta name=\"twitter:label2\" content=\"Tiempo de lectura\" \/>\n\t<meta name=\"twitter:data2\" content=\"2 minutos\" \/>\n<script type=\"application\/ld+json\" class=\"yoast-schema-graph\">{\"@context\":\"https:\\\/\\\/schema.org\",\"@graph\":[{\"@type\":\"Article\",\"@id\":\"https:\\\/\\\/www.copealcoy.es\\\/es\\\/alcoy-cerro-2017-con-superavit-y-con-incumplimiento-de-la-regla-de-gasto\\\/#article\",\"isPartOf\":{\"@id\":\"https:\\\/\\\/www.copealcoy.es\\\/es\\\/alcoy-cerro-2017-con-superavit-y-con-incumplimiento-de-la-regla-de-gasto\\\/\"},\"author\":{\"name\":\"Cope Alcoy\",\"@id\":\"https:\\\/\\\/www.copealcoy.es\\\/es\\\/#\\\/schema\\\/person\\\/e777c87fa024e57d40170af9df39882c\"},\"headline\":\"Alcoy cerr\u00f3 2017 con super\u00e1vit y con incumplimiento de la regla de gasto\",\"datePublished\":\"2018-03-20T15:42:20+00:00\",\"dateModified\":\"2018-03-21T15:35:44+00:00\",\"mainEntityOfPage\":{\"@id\":\"https:\\\/\\\/www.copealcoy.es\\\/es\\\/alcoy-cerro-2017-con-superavit-y-con-incumplimiento-de-la-regla-de-gasto\\\/\"},\"wordCount\":322,\"commentCount\":0,\"image\":{\"@id\":\"https:\\\/\\\/www.copealcoy.es\\\/es\\\/alcoy-cerro-2017-con-superavit-y-con-incumplimiento-de-la-regla-de-gasto\\\/#primaryimage\"},\"thumbnailUrl\":\"https:\\\/\\\/www.copealcoy.es\\\/wp-content\\\/uploads\\\/2018\\\/03\\\/Liquidaci\u00f3-del-pressupost-9-e1521559856424.jpg\",\"keywords\":[\"Alcoy\",\"liquidaci\u00f3n presupuesto\",\"Presupuestos Municipales\",\"Toni Franc\u00e9s\",\"Vanessa Molt\u00f3\"],\"articleSection\":[\"Alcoy\",\"Noticias\",\"Pol\u00edtica y Econom\u00eda\",\"Portada\"],\"inLanguage\":\"es\"},{\"@type\":\"WebPage\",\"@id\":\"https:\\\/\\\/www.copealcoy.es\\\/es\\\/alcoy-cerro-2017-con-superavit-y-con-incumplimiento-de-la-regla-de-gasto\\\/\",\"url\":\"https:\\\/\\\/www.copealcoy.es\\\/es\\\/alcoy-cerro-2017-con-superavit-y-con-incumplimiento-de-la-regla-de-gasto\\\/\",\"name\":\"Alcoy cerr\u00f3 2017 con super\u00e1vit y con incumplimiento de la regla de gasto - COPE Alcoy\",\"isPartOf\":{\"@id\":\"https:\\\/\\\/www.copealcoy.es\\\/es\\\/#website\"},\"primaryImageOfPage\":{\"@id\":\"https:\\\/\\\/www.copealcoy.es\\\/es\\\/alcoy-cerro-2017-con-superavit-y-con-incumplimiento-de-la-regla-de-gasto\\\/#primaryimage\"},\"image\":{\"@id\":\"https:\\\/\\\/www.copealcoy.es\\\/es\\\/alcoy-cerro-2017-con-superavit-y-con-incumplimiento-de-la-regla-de-gasto\\\/#primaryimage\"},\"thumbnailUrl\":\"https:\\\/\\\/www.copealcoy.es\\\/wp-content\\\/uploads\\\/2018\\\/03\\\/Liquidaci\u00f3-del-pressupost-9-e1521559856424.jpg\",\"datePublished\":\"2018-03-20T15:42:20+00:00\",\"dateModified\":\"2018-03-21T15:35:44+00:00\",\"author\":{\"@id\":\"https:\\\/\\\/www.copealcoy.es\\\/es\\\/#\\\/schema\\\/person\\\/e777c87fa024e57d40170af9df39882c\"},\"breadcrumb\":{\"@id\":\"https:\\\/\\\/www.copealcoy.es\\\/es\\\/alcoy-cerro-2017-con-superavit-y-con-incumplimiento-de-la-regla-de-gasto\\\/#breadcrumb\"},\"inLanguage\":\"es\",\"potentialAction\":[{\"@type\":\"ReadAction\",\"target\":[\"https:\\\/\\\/www.copealcoy.es\\\/es\\\/alcoy-cerro-2017-con-superavit-y-con-incumplimiento-de-la-regla-de-gasto\\\/\"]}]},{\"@type\":\"ImageObject\",\"inLanguage\":\"es\",\"@id\":\"https:\\\/\\\/www.copealcoy.es\\\/es\\\/alcoy-cerro-2017-con-superavit-y-con-incumplimiento-de-la-regla-de-gasto\\\/#primaryimage\",\"url\":\"https:\\\/\\\/www.copealcoy.es\\\/wp-content\\\/uploads\\\/2018\\\/03\\\/Liquidaci\u00f3-del-pressupost-9-e1521559856424.jpg\",\"contentUrl\":\"https:\\\/\\\/www.copealcoy.es\\\/wp-content\\\/uploads\\\/2018\\\/03\\\/Liquidaci\u00f3-del-pressupost-9-e1521559856424.jpg\",\"width\":4272,\"height\":2445,\"caption\":\"Vanessa Molt\u00f3 y el alcalde han dado cuenta de las cifras \\\/ Foto: Ajuntament d\u00b4Alcoi\"},{\"@type\":\"BreadcrumbList\",\"@id\":\"https:\\\/\\\/www.copealcoy.es\\\/es\\\/alcoy-cerro-2017-con-superavit-y-con-incumplimiento-de-la-regla-de-gasto\\\/#breadcrumb\",\"itemListElement\":[{\"@type\":\"ListItem\",\"position\":1,\"name\":\"Portada\",\"item\":\"https:\\\/\\\/www.copealcoy.es\\\/es\\\/\"},{\"@type\":\"ListItem\",\"position\":2,\"name\":\"Alcoy cerr\u00f3 2017 con super\u00e1vit y con incumplimiento de la regla de gasto\"}]},{\"@type\":\"WebSite\",\"@id\":\"https:\\\/\\\/www.copealcoy.es\\\/es\\\/#website\",\"url\":\"https:\\\/\\\/www.copealcoy.es\\\/es\\\/\",\"name\":\"COPE Alcoy\",\"description\":\"Emisora COPE de radio local con emisi\u00f3n online. Pont de Sant Jordi 8-10 03803 Alcoy\",\"potentialAction\":[{\"@type\":\"SearchAction\",\"target\":{\"@type\":\"EntryPoint\",\"urlTemplate\":\"https:\\\/\\\/www.copealcoy.es\\\/es\\\/?s={search_term_string}\"},\"query-input\":{\"@type\":\"PropertyValueSpecification\",\"valueRequired\":true,\"valueName\":\"search_term_string\"}}],\"inLanguage\":\"es\"},{\"@type\":\"Person\",\"@id\":\"https:\\\/\\\/www.copealcoy.es\\\/es\\\/#\\\/schema\\\/person\\\/e777c87fa024e57d40170af9df39882c\",\"name\":\"Cope Alcoy\",\"image\":{\"@type\":\"ImageObject\",\"inLanguage\":\"es\",\"@id\":\"https:\\\/\\\/secure.gravatar.com\\\/avatar\\\/bb65d0283347e303893ba14f0692005417c1e0e690a325a4c5d8bb2b3943ee14?s=96&d=mm&r=g\",\"url\":\"https:\\\/\\\/secure.gravatar.com\\\/avatar\\\/bb65d0283347e303893ba14f0692005417c1e0e690a325a4c5d8bb2b3943ee14?s=96&d=mm&r=g\",\"contentUrl\":\"https:\\\/\\\/secure.gravatar.com\\\/avatar\\\/bb65d0283347e303893ba14f0692005417c1e0e690a325a4c5d8bb2b3943ee14?s=96&d=mm&r=g\",\"caption\":\"Cope Alcoy\"}}]}<\/script>\n<!-- \/ Yoast SEO plugin. -->","yoast_head_json":{"title":"Alcoy cerr\u00f3 2017 con super\u00e1vit y con incumplimiento de la regla de gasto - COPE Alcoy","robots":{"index":"index","follow":"follow","max-snippet":"max-snippet:-1","max-image-preview":"max-image-preview:large","max-video-preview":"max-video-preview:-1"},"canonical":"https:\/\/www.copealcoy.es\/es\/alcoy-cerro-2017-con-superavit-y-con-incumplimiento-de-la-regla-de-gasto\/","og_locale":"es_ES","og_type":"article","og_title":"Alcoy cerr\u00f3 2017 con super\u00e1vit y con incumplimiento de la regla de gasto - COPE Alcoy","og_description":"El Ayuntamiento de Alcoy cerr\u00f3 el ejercicio presupuestario de 2017 con un super\u00e1vit de m\u00e1s de 2 millones de euros...","og_url":"https:\/\/www.copealcoy.es\/es\/alcoy-cerro-2017-con-superavit-y-con-incumplimiento-de-la-regla-de-gasto\/","og_site_name":"COPE Alcoy","article_published_time":"2018-03-20T15:42:20+00:00","article_modified_time":"2018-03-21T15:35:44+00:00","og_image":[{"width":4272,"height":2445,"url":"https:\/\/www.copealcoy.es\/wp-content\/uploads\/2018\/03\/Liquidaci\u00f3-del-pressupost-9-e1521559856424.jpg","type":"image\/jpeg"}],"author":"Cope Alcoy","twitter_misc":{"Escrito por":"Cope Alcoy","Tiempo de lectura":"2 minutos"},"schema":{"@context":"https:\/\/schema.org","@graph":[{"@type":"Article","@id":"https:\/\/www.copealcoy.es\/es\/alcoy-cerro-2017-con-superavit-y-con-incumplimiento-de-la-regla-de-gasto\/#article","isPartOf":{"@id":"https:\/\/www.copealcoy.es\/es\/alcoy-cerro-2017-con-superavit-y-con-incumplimiento-de-la-regla-de-gasto\/"},"author":{"name":"Cope Alcoy","@id":"https:\/\/www.copealcoy.es\/es\/#\/schema\/person\/e777c87fa024e57d40170af9df39882c"},"headline":"Alcoy cerr\u00f3 2017 con super\u00e1vit y con incumplimiento de la regla de gasto","datePublished":"2018-03-20T15:42:20+00:00","dateModified":"2018-03-21T15:35:44+00:00","mainEntityOfPage":{"@id":"https:\/\/www.copealcoy.es\/es\/alcoy-cerro-2017-con-superavit-y-con-incumplimiento-de-la-regla-de-gasto\/"},"wordCount":322,"commentCount":0,"image":{"@id":"https:\/\/www.copealcoy.es\/es\/alcoy-cerro-2017-con-superavit-y-con-incumplimiento-de-la-regla-de-gasto\/#primaryimage"},"thumbnailUrl":"https:\/\/www.copealcoy.es\/wp-content\/uploads\/2018\/03\/Liquidaci\u00f3-del-pressupost-9-e1521559856424.jpg","keywords":["Alcoy","liquidaci\u00f3n presupuesto","Presupuestos Municipales","Toni Franc\u00e9s","Vanessa Molt\u00f3"],"articleSection":["Alcoy","Noticias","Pol\u00edtica y Econom\u00eda","Portada"],"inLanguage":"es"},{"@type":"WebPage","@id":"https:\/\/www.copealcoy.es\/es\/alcoy-cerro-2017-con-superavit-y-con-incumplimiento-de-la-regla-de-gasto\/","url":"https:\/\/www.copealcoy.es\/es\/alcoy-cerro-2017-con-superavit-y-con-incumplimiento-de-la-regla-de-gasto\/","name":"Alcoy cerr\u00f3 2017 con super\u00e1vit y con incumplimiento de la regla de gasto - COPE Alcoy","isPartOf":{"@id":"https:\/\/www.copealcoy.es\/es\/#website"},"primaryImageOfPage":{"@id":"https:\/\/www.copealcoy.es\/es\/alcoy-cerro-2017-con-superavit-y-con-incumplimiento-de-la-regla-de-gasto\/#primaryimage"},"image":{"@id":"https:\/\/www.copealcoy.es\/es\/alcoy-cerro-2017-con-superavit-y-con-incumplimiento-de-la-regla-de-gasto\/#primaryimage"},"thumbnailUrl":"https:\/\/www.copealcoy.es\/wp-content\/uploads\/2018\/03\/Liquidaci\u00f3-del-pressupost-9-e1521559856424.jpg","datePublished":"2018-03-20T15:42:20+00:00","dateModified":"2018-03-21T15:35:44+00:00","author":{"@id":"https:\/\/www.copealcoy.es\/es\/#\/schema\/person\/e777c87fa024e57d40170af9df39882c"},"breadcrumb":{"@id":"https:\/\/www.copealcoy.es\/es\/alcoy-cerro-2017-con-superavit-y-con-incumplimiento-de-la-regla-de-gasto\/#breadcrumb"},"inLanguage":"es","potentialAction":[{"@type":"ReadAction","target":["https:\/\/www.copealcoy.es\/es\/alcoy-cerro-2017-con-superavit-y-con-incumplimiento-de-la-regla-de-gasto\/"]}]},{"@type":"ImageObject","inLanguage":"es","@id":"https:\/\/www.copealcoy.es\/es\/alcoy-cerro-2017-con-superavit-y-con-incumplimiento-de-la-regla-de-gasto\/#primaryimage","url":"https:\/\/www.copealcoy.es\/wp-content\/uploads\/2018\/03\/Liquidaci\u00f3-del-pressupost-9-e1521559856424.jpg","contentUrl":"https:\/\/www.copealcoy.es\/wp-content\/uploads\/2018\/03\/Liquidaci\u00f3-del-pressupost-9-e1521559856424.jpg","width":4272,"height":2445,"caption":"Vanessa Molt\u00f3 y el alcalde han dado cuenta de las cifras \/ Foto: Ajuntament d\u00b4Alcoi"},{"@type":"BreadcrumbList","@id":"https:\/\/www.copealcoy.es\/es\/alcoy-cerro-2017-con-superavit-y-con-incumplimiento-de-la-regla-de-gasto\/#breadcrumb","itemListElement":[{"@type":"ListItem","position":1,"name":"Portada","item":"https:\/\/www.copealcoy.es\/es\/"},{"@type":"ListItem","position":2,"name":"Alcoy cerr\u00f3 2017 con super\u00e1vit y con incumplimiento de la regla de gasto"}]},{"@type":"WebSite","@id":"https:\/\/www.copealcoy.es\/es\/#website","url":"https:\/\/www.copealcoy.es\/es\/","name":"COPE Alcoy","description":"Emisora COPE de radio local con emisi\u00f3n online. Pont de Sant Jordi 8-10 03803 Alcoy","potentialAction":[{"@type":"SearchAction","target":{"@type":"EntryPoint","urlTemplate":"https:\/\/www.copealcoy.es\/es\/?s={search_term_string}"},"query-input":{"@type":"PropertyValueSpecification","valueRequired":true,"valueName":"search_term_string"}}],"inLanguage":"es"},{"@type":"Person","@id":"https:\/\/www.copealcoy.es\/es\/#\/schema\/person\/e777c87fa024e57d40170af9df39882c","name":"Cope Alcoy","image":{"@type":"ImageObject","inLanguage":"es","@id":"https:\/\/secure.gravatar.com\/avatar\/bb65d0283347e303893ba14f0692005417c1e0e690a325a4c5d8bb2b3943ee14?s=96&d=mm&r=g","url":"https:\/\/secure.gravatar.com\/avatar\/bb65d0283347e303893ba14f0692005417c1e0e690a325a4c5d8bb2b3943ee14?s=96&d=mm&r=g","contentUrl":"https:\/\/secure.gravatar.com\/avatar\/bb65d0283347e303893ba14f0692005417c1e0e690a325a4c5d8bb2b3943ee14?s=96&d=mm&r=g","caption":"Cope Alcoy"}}]}},"_links":{"self":[{"href":"https:\/\/www.copealcoy.es\/es\/wp-json\/wp\/v2\/posts\/40286","targetHints":{"allow":["GET"]}}],"collection":[{"href":"https:\/\/www.copealcoy.es\/es\/wp-json\/wp\/v2\/posts"}],"about":[{"href":"https:\/\/www.copealcoy.es\/es\/wp-json\/wp\/v2\/types\/post"}],"author":[{"embeddable":true,"href":"https:\/\/www.copealcoy.es\/es\/wp-json\/wp\/v2\/users\/1"}],"replies":[{"embeddable":true,"href":"https:\/\/www.copealcoy.es\/es\/wp-json\/wp\/v2\/comments?post=40286"}],"version-history":[{"count":0,"href":"https:\/\/www.copealcoy.es\/es\/wp-json\/wp\/v2\/posts\/40286\/revisions"}],"wp:featuredmedia":[{"embeddable":true,"href":"https:\/\/www.copealcoy.es\/es\/wp-json\/wp\/v2\/media\/40287"}],"wp:attachment":[{"href":"https:\/\/www.copealcoy.es\/es\/wp-json\/wp\/v2\/media?parent=40286"}],"wp:term":[{"taxonomy":"category","embeddable":true,"href":"https:\/\/www.copealcoy.es\/es\/wp-json\/wp\/v2\/categories?post=40286"},{"taxonomy":"post_tag","embeddable":true,"href":"https:\/\/www.copealcoy.es\/es\/wp-json\/wp\/v2\/tags?post=40286"}],"curies":[{"name":"wp","href":"https:\/\/api.w.org\/{rel}","templated":true}]}}