{"id":40261,"date":"2018-03-20T14:55:12","date_gmt":"2018-03-20T14:55:12","guid":{"rendered":"http:\/\/copealcoi.es\/new\/?p=40261"},"modified":"2018-03-20T14:55:12","modified_gmt":"2018-03-20T14:55:12","slug":"cocentaina-presenta-al-real-blanc-el-proyecto-de-mejora-de-la-accesibilidad-del-centro","status":"publish","type":"post","link":"https:\/\/www.copealcoy.es\/es\/cocentaina-presenta-al-real-blanc-el-proyecto-de-mejora-de-la-accesibilidad-del-centro\/","title":{"rendered":"Cocentaina presenta al Real Blanc el proyecto de mejora de la accesibilidad del Centro"},"content":{"rendered":"<p style=\"text-align: justify;\">El Ayuntamiento de Cocentaina<strong> ha presentado al Colegio Real Blanc<\/strong> el proyecto de <strong>mejora de la accesibilidad<\/strong> de este Centro Educativo que se realizar\u00e1 a trav\u00e9s del<strong> Plan &#8216;Edificant&#8217;<\/strong> del Consell. El siguiente paso ser\u00e1 que el propio Real Blanc <strong>exponga este proyecto a su Consejo Escolar<\/strong> y seguidamente la alcaldesa, <strong>Mireia Estepa<\/strong>, har\u00e1 lo mismo en el Consejo Escolar Municipal. La propuesta tambi\u00e9n <strong>pasar\u00e1 por el Pleno<\/strong> del 22 de marzo. Si todos estos procedimientos resultan favorables, y con la aportaci\u00f3n de la correspondiente memoria t\u00e9cnica valorada, <strong>la Conselleria de Educaci\u00f3n<\/strong> ser\u00e1 la que resuelva si este proyecto se puede llevar adelante. Finalmente, <strong>una vez Educaci\u00f3n diga el visto bueno a la mejora de la accesibilidad del Real Blanc<\/strong>, el Pleno tendr\u00e1 que <strong>respaldar la petici\u00f3n<\/strong> de las competencias legales a la Generalitat Valenciana <strong>para iniciar la licitaci\u00f3n<\/strong> de las obras.<\/p>\n<p style=\"text-align: justify;\">La alcaldesa de la Villa Condal y a su vez edil de Educaci\u00f3n, <strong>Mireia Estepa<\/strong>, valora positivamente que <strong>se vayan dando pasos en la tramitaci\u00f3n previa<\/strong> a la ejecuci\u00f3n de la citada intervenci\u00f3n &#8220;<em>tener una puerta de entrada accesible es el m\u00ednimo que se debe requerir en una infraestructura educativa. Ahora con la aprobaci\u00f3n de la comunidad educativa y el resto de los representantes\u00a0 de Cocentaina, esperamos tener todo lo necesario para satisfacer\u00a0 los requisitos, seguir todos los pasos y conseguir que las obras arranquen tan pronto como sea posible. Este es un Colegio donde todos los estudiantes pueden aprender sin ninguna barrera y en esta l\u00ednea estamos trabajando fuertemente<\/em>&#8220;, asegura.<\/p>\n<p style=\"text-align: justify;\">Recordar que Cocentaina, al margen de la mejora de la accesibilidad del Real Blanc, <strong>tambi\u00e9n ha incluido en &#8216;Edificant&#8217; la construcci\u00f3n del nuevo colegio San Juan Bosco<\/strong> que permitir\u00e1 unificar el Centro mismo tras casi tres d\u00e9cadas de espera.<\/p>\n","protected":false},"excerpt":{"rendered":"<p>El Ayuntamiento de Cocentaina ha presentado al Colegio Real Blanc el proyecto de mejora de la accesibilidad de este Centro&#8230;<\/p>\n","protected":false},"author":1,"featured_media":32465,"comment_status":"open","ping_status":"open","sticky":false,"template":"","format":"standard","meta":{"footnotes":""},"categories":[98,75],"tags":[2456,295,132,139,525,1055],"class_list":["post-40261","post","type-post","status-publish","format-standard","has-post-thumbnail","hentry","category-comarcas","category-noticias","tag-accesibilidad","tag-centro","tag-cocentaina","tag-mejora","tag-proyecto","tag-real-blanc"],"yoast_head":"<!-- This site is optimized with the Yoast SEO plugin v27.3 - https:\/\/yoast.com\/product\/yoast-seo-wordpress\/ -->\n<title>Cocentaina presenta al Real Blanc el proyecto de mejora de la accesibilidad del Centro - COPE Alcoy<\/title>\n<meta name=\"robots\" content=\"index, follow, max-snippet:-1, max-image-preview:large, max-video-preview:-1\" \/>\n<link rel=\"canonical\" href=\"https:\/\/www.copealcoy.es\/es\/cocentaina-presenta-al-real-blanc-el-proyecto-de-mejora-de-la-accesibilidad-del-centro\/\" \/>\n<meta property=\"og:locale\" content=\"es_ES\" \/>\n<meta property=\"og:type\" content=\"article\" \/>\n<meta property=\"og:title\" content=\"Cocentaina presenta al Real Blanc el proyecto de mejora de la accesibilidad del Centro - COPE Alcoy\" \/>\n<meta property=\"og:description\" content=\"El Ayuntamiento de Cocentaina ha presentado al Colegio Real Blanc el proyecto de mejora de la accesibilidad de este Centro...\" \/>\n<meta property=\"og:url\" content=\"https:\/\/www.copealcoy.es\/es\/cocentaina-presenta-al-real-blanc-el-proyecto-de-mejora-de-la-accesibilidad-del-centro\/\" \/>\n<meta property=\"og:site_name\" content=\"COPE Alcoy\" \/>\n<meta property=\"article:published_time\" content=\"2018-03-20T14:55:12+00:00\" \/>\n<meta property=\"og:image\" content=\"https:\/\/www.copealcoy.es\/wp-content\/uploads\/2017\/06\/Captura-de-pantalla-2017-06-05-a-las-17.09.42-e1496675465953.png\" \/>\n\t<meta property=\"og:image:width\" content=\"698\" \/>\n\t<meta property=\"og:image:height\" content=\"453\" \/>\n\t<meta property=\"og:image:type\" content=\"image\/png\" \/>\n<meta name=\"author\" content=\"Cope Alcoy\" \/>\n<meta name=\"twitter:label1\" content=\"Escrito por\" \/>\n\t<meta name=\"twitter:data1\" content=\"Cope Alcoy\" \/>\n\t<meta name=\"twitter:label2\" content=\"Tiempo de lectura\" \/>\n\t<meta name=\"twitter:data2\" content=\"2 minutos\" \/>\n<script type=\"application\/ld+json\" class=\"yoast-schema-graph\">{\"@context\":\"https:\\\/\\\/schema.org\",\"@graph\":[{\"@type\":\"Article\",\"@id\":\"https:\\\/\\\/www.copealcoy.es\\\/es\\\/cocentaina-presenta-al-real-blanc-el-proyecto-de-mejora-de-la-accesibilidad-del-centro\\\/#article\",\"isPartOf\":{\"@id\":\"https:\\\/\\\/www.copealcoy.es\\\/es\\\/cocentaina-presenta-al-real-blanc-el-proyecto-de-mejora-de-la-accesibilidad-del-centro\\\/\"},\"author\":{\"name\":\"Cope Alcoy\",\"@id\":\"https:\\\/\\\/www.copealcoy.es\\\/es\\\/#\\\/schema\\\/person\\\/e777c87fa024e57d40170af9df39882c\"},\"headline\":\"Cocentaina presenta al Real Blanc el proyecto de mejora de la accesibilidad del Centro\",\"datePublished\":\"2018-03-20T14:55:12+00:00\",\"mainEntityOfPage\":{\"@id\":\"https:\\\/\\\/www.copealcoy.es\\\/es\\\/cocentaina-presenta-al-real-blanc-el-proyecto-de-mejora-de-la-accesibilidad-del-centro\\\/\"},\"wordCount\":323,\"commentCount\":0,\"image\":{\"@id\":\"https:\\\/\\\/www.copealcoy.es\\\/es\\\/cocentaina-presenta-al-real-blanc-el-proyecto-de-mejora-de-la-accesibilidad-del-centro\\\/#primaryimage\"},\"thumbnailUrl\":\"https:\\\/\\\/www.copealcoy.es\\\/wp-content\\\/uploads\\\/2017\\\/06\\\/Captura-de-pantalla-2017-06-05-a-las-17.09.42-e1496675465953.png\",\"keywords\":[\"Accesibilidad\",\"Centro\",\"Cocentaina\",\"Mejora\",\"Proyecto\",\"Real Blanc\"],\"articleSection\":[\"Comarcas\",\"Noticias\"],\"inLanguage\":\"es\"},{\"@type\":\"WebPage\",\"@id\":\"https:\\\/\\\/www.copealcoy.es\\\/es\\\/cocentaina-presenta-al-real-blanc-el-proyecto-de-mejora-de-la-accesibilidad-del-centro\\\/\",\"url\":\"https:\\\/\\\/www.copealcoy.es\\\/es\\\/cocentaina-presenta-al-real-blanc-el-proyecto-de-mejora-de-la-accesibilidad-del-centro\\\/\",\"name\":\"Cocentaina presenta al Real Blanc el proyecto de mejora de la accesibilidad del Centro - COPE Alcoy\",\"isPartOf\":{\"@id\":\"https:\\\/\\\/www.copealcoy.es\\\/es\\\/#website\"},\"primaryImageOfPage\":{\"@id\":\"https:\\\/\\\/www.copealcoy.es\\\/es\\\/cocentaina-presenta-al-real-blanc-el-proyecto-de-mejora-de-la-accesibilidad-del-centro\\\/#primaryimage\"},\"image\":{\"@id\":\"https:\\\/\\\/www.copealcoy.es\\\/es\\\/cocentaina-presenta-al-real-blanc-el-proyecto-de-mejora-de-la-accesibilidad-del-centro\\\/#primaryimage\"},\"thumbnailUrl\":\"https:\\\/\\\/www.copealcoy.es\\\/wp-content\\\/uploads\\\/2017\\\/06\\\/Captura-de-pantalla-2017-06-05-a-las-17.09.42-e1496675465953.png\",\"datePublished\":\"2018-03-20T14:55:12+00:00\",\"author\":{\"@id\":\"https:\\\/\\\/www.copealcoy.es\\\/es\\\/#\\\/schema\\\/person\\\/e777c87fa024e57d40170af9df39882c\"},\"breadcrumb\":{\"@id\":\"https:\\\/\\\/www.copealcoy.es\\\/es\\\/cocentaina-presenta-al-real-blanc-el-proyecto-de-mejora-de-la-accesibilidad-del-centro\\\/#breadcrumb\"},\"inLanguage\":\"es\",\"potentialAction\":[{\"@type\":\"ReadAction\",\"target\":[\"https:\\\/\\\/www.copealcoy.es\\\/es\\\/cocentaina-presenta-al-real-blanc-el-proyecto-de-mejora-de-la-accesibilidad-del-centro\\\/\"]}]},{\"@type\":\"ImageObject\",\"inLanguage\":\"es\",\"@id\":\"https:\\\/\\\/www.copealcoy.es\\\/es\\\/cocentaina-presenta-al-real-blanc-el-proyecto-de-mejora-de-la-accesibilidad-del-centro\\\/#primaryimage\",\"url\":\"https:\\\/\\\/www.copealcoy.es\\\/wp-content\\\/uploads\\\/2017\\\/06\\\/Captura-de-pantalla-2017-06-05-a-las-17.09.42-e1496675465953.png\",\"contentUrl\":\"https:\\\/\\\/www.copealcoy.es\\\/wp-content\\\/uploads\\\/2017\\\/06\\\/Captura-de-pantalla-2017-06-05-a-las-17.09.42-e1496675465953.png\",\"width\":698,\"height\":453},{\"@type\":\"BreadcrumbList\",\"@id\":\"https:\\\/\\\/www.copealcoy.es\\\/es\\\/cocentaina-presenta-al-real-blanc-el-proyecto-de-mejora-de-la-accesibilidad-del-centro\\\/#breadcrumb\",\"itemListElement\":[{\"@type\":\"ListItem\",\"position\":1,\"name\":\"Portada\",\"item\":\"https:\\\/\\\/www.copealcoy.es\\\/es\\\/\"},{\"@type\":\"ListItem\",\"position\":2,\"name\":\"Cocentaina presenta al Real Blanc el proyecto de mejora de la accesibilidad del Centro\"}]},{\"@type\":\"WebSite\",\"@id\":\"https:\\\/\\\/www.copealcoy.es\\\/es\\\/#website\",\"url\":\"https:\\\/\\\/www.copealcoy.es\\\/es\\\/\",\"name\":\"COPE Alcoy\",\"description\":\"Emisora COPE de radio local con emisi\u00f3n online. Pont de Sant Jordi 8-10 03803 Alcoy\",\"potentialAction\":[{\"@type\":\"SearchAction\",\"target\":{\"@type\":\"EntryPoint\",\"urlTemplate\":\"https:\\\/\\\/www.copealcoy.es\\\/es\\\/?s={search_term_string}\"},\"query-input\":{\"@type\":\"PropertyValueSpecification\",\"valueRequired\":true,\"valueName\":\"search_term_string\"}}],\"inLanguage\":\"es\"},{\"@type\":\"Person\",\"@id\":\"https:\\\/\\\/www.copealcoy.es\\\/es\\\/#\\\/schema\\\/person\\\/e777c87fa024e57d40170af9df39882c\",\"name\":\"Cope Alcoy\",\"image\":{\"@type\":\"ImageObject\",\"inLanguage\":\"es\",\"@id\":\"https:\\\/\\\/secure.gravatar.com\\\/avatar\\\/bb65d0283347e303893ba14f0692005417c1e0e690a325a4c5d8bb2b3943ee14?s=96&d=mm&r=g\",\"url\":\"https:\\\/\\\/secure.gravatar.com\\\/avatar\\\/bb65d0283347e303893ba14f0692005417c1e0e690a325a4c5d8bb2b3943ee14?s=96&d=mm&r=g\",\"contentUrl\":\"https:\\\/\\\/secure.gravatar.com\\\/avatar\\\/bb65d0283347e303893ba14f0692005417c1e0e690a325a4c5d8bb2b3943ee14?s=96&d=mm&r=g\",\"caption\":\"Cope Alcoy\"}}]}<\/script>\n<!-- \/ Yoast SEO plugin. -->","yoast_head_json":{"title":"Cocentaina presenta al Real Blanc el proyecto de mejora de la accesibilidad del Centro - COPE Alcoy","robots":{"index":"index","follow":"follow","max-snippet":"max-snippet:-1","max-image-preview":"max-image-preview:large","max-video-preview":"max-video-preview:-1"},"canonical":"https:\/\/www.copealcoy.es\/es\/cocentaina-presenta-al-real-blanc-el-proyecto-de-mejora-de-la-accesibilidad-del-centro\/","og_locale":"es_ES","og_type":"article","og_title":"Cocentaina presenta al Real Blanc el proyecto de mejora de la accesibilidad del Centro - COPE Alcoy","og_description":"El Ayuntamiento de Cocentaina ha presentado al Colegio Real Blanc el proyecto de mejora de la accesibilidad de este Centro...","og_url":"https:\/\/www.copealcoy.es\/es\/cocentaina-presenta-al-real-blanc-el-proyecto-de-mejora-de-la-accesibilidad-del-centro\/","og_site_name":"COPE Alcoy","article_published_time":"2018-03-20T14:55:12+00:00","og_image":[{"width":698,"height":453,"url":"https:\/\/www.copealcoy.es\/wp-content\/uploads\/2017\/06\/Captura-de-pantalla-2017-06-05-a-las-17.09.42-e1496675465953.png","type":"image\/png"}],"author":"Cope Alcoy","twitter_misc":{"Escrito por":"Cope Alcoy","Tiempo de lectura":"2 minutos"},"schema":{"@context":"https:\/\/schema.org","@graph":[{"@type":"Article","@id":"https:\/\/www.copealcoy.es\/es\/cocentaina-presenta-al-real-blanc-el-proyecto-de-mejora-de-la-accesibilidad-del-centro\/#article","isPartOf":{"@id":"https:\/\/www.copealcoy.es\/es\/cocentaina-presenta-al-real-blanc-el-proyecto-de-mejora-de-la-accesibilidad-del-centro\/"},"author":{"name":"Cope Alcoy","@id":"https:\/\/www.copealcoy.es\/es\/#\/schema\/person\/e777c87fa024e57d40170af9df39882c"},"headline":"Cocentaina presenta al Real Blanc el proyecto de mejora de la accesibilidad del Centro","datePublished":"2018-03-20T14:55:12+00:00","mainEntityOfPage":{"@id":"https:\/\/www.copealcoy.es\/es\/cocentaina-presenta-al-real-blanc-el-proyecto-de-mejora-de-la-accesibilidad-del-centro\/"},"wordCount":323,"commentCount":0,"image":{"@id":"https:\/\/www.copealcoy.es\/es\/cocentaina-presenta-al-real-blanc-el-proyecto-de-mejora-de-la-accesibilidad-del-centro\/#primaryimage"},"thumbnailUrl":"https:\/\/www.copealcoy.es\/wp-content\/uploads\/2017\/06\/Captura-de-pantalla-2017-06-05-a-las-17.09.42-e1496675465953.png","keywords":["Accesibilidad","Centro","Cocentaina","Mejora","Proyecto","Real Blanc"],"articleSection":["Comarcas","Noticias"],"inLanguage":"es"},{"@type":"WebPage","@id":"https:\/\/www.copealcoy.es\/es\/cocentaina-presenta-al-real-blanc-el-proyecto-de-mejora-de-la-accesibilidad-del-centro\/","url":"https:\/\/www.copealcoy.es\/es\/cocentaina-presenta-al-real-blanc-el-proyecto-de-mejora-de-la-accesibilidad-del-centro\/","name":"Cocentaina presenta al Real Blanc el proyecto de mejora de la accesibilidad del Centro - COPE Alcoy","isPartOf":{"@id":"https:\/\/www.copealcoy.es\/es\/#website"},"primaryImageOfPage":{"@id":"https:\/\/www.copealcoy.es\/es\/cocentaina-presenta-al-real-blanc-el-proyecto-de-mejora-de-la-accesibilidad-del-centro\/#primaryimage"},"image":{"@id":"https:\/\/www.copealcoy.es\/es\/cocentaina-presenta-al-real-blanc-el-proyecto-de-mejora-de-la-accesibilidad-del-centro\/#primaryimage"},"thumbnailUrl":"https:\/\/www.copealcoy.es\/wp-content\/uploads\/2017\/06\/Captura-de-pantalla-2017-06-05-a-las-17.09.42-e1496675465953.png","datePublished":"2018-03-20T14:55:12+00:00","author":{"@id":"https:\/\/www.copealcoy.es\/es\/#\/schema\/person\/e777c87fa024e57d40170af9df39882c"},"breadcrumb":{"@id":"https:\/\/www.copealcoy.es\/es\/cocentaina-presenta-al-real-blanc-el-proyecto-de-mejora-de-la-accesibilidad-del-centro\/#breadcrumb"},"inLanguage":"es","potentialAction":[{"@type":"ReadAction","target":["https:\/\/www.copealcoy.es\/es\/cocentaina-presenta-al-real-blanc-el-proyecto-de-mejora-de-la-accesibilidad-del-centro\/"]}]},{"@type":"ImageObject","inLanguage":"es","@id":"https:\/\/www.copealcoy.es\/es\/cocentaina-presenta-al-real-blanc-el-proyecto-de-mejora-de-la-accesibilidad-del-centro\/#primaryimage","url":"https:\/\/www.copealcoy.es\/wp-content\/uploads\/2017\/06\/Captura-de-pantalla-2017-06-05-a-las-17.09.42-e1496675465953.png","contentUrl":"https:\/\/www.copealcoy.es\/wp-content\/uploads\/2017\/06\/Captura-de-pantalla-2017-06-05-a-las-17.09.42-e1496675465953.png","width":698,"height":453},{"@type":"BreadcrumbList","@id":"https:\/\/www.copealcoy.es\/es\/cocentaina-presenta-al-real-blanc-el-proyecto-de-mejora-de-la-accesibilidad-del-centro\/#breadcrumb","itemListElement":[{"@type":"ListItem","position":1,"name":"Portada","item":"https:\/\/www.copealcoy.es\/es\/"},{"@type":"ListItem","position":2,"name":"Cocentaina presenta al Real Blanc el proyecto de mejora de la accesibilidad del Centro"}]},{"@type":"WebSite","@id":"https:\/\/www.copealcoy.es\/es\/#website","url":"https:\/\/www.copealcoy.es\/es\/","name":"COPE Alcoy","description":"Emisora COPE de radio local con emisi\u00f3n online. Pont de Sant Jordi 8-10 03803 Alcoy","potentialAction":[{"@type":"SearchAction","target":{"@type":"EntryPoint","urlTemplate":"https:\/\/www.copealcoy.es\/es\/?s={search_term_string}"},"query-input":{"@type":"PropertyValueSpecification","valueRequired":true,"valueName":"search_term_string"}}],"inLanguage":"es"},{"@type":"Person","@id":"https:\/\/www.copealcoy.es\/es\/#\/schema\/person\/e777c87fa024e57d40170af9df39882c","name":"Cope Alcoy","image":{"@type":"ImageObject","inLanguage":"es","@id":"https:\/\/secure.gravatar.com\/avatar\/bb65d0283347e303893ba14f0692005417c1e0e690a325a4c5d8bb2b3943ee14?s=96&d=mm&r=g","url":"https:\/\/secure.gravatar.com\/avatar\/bb65d0283347e303893ba14f0692005417c1e0e690a325a4c5d8bb2b3943ee14?s=96&d=mm&r=g","contentUrl":"https:\/\/secure.gravatar.com\/avatar\/bb65d0283347e303893ba14f0692005417c1e0e690a325a4c5d8bb2b3943ee14?s=96&d=mm&r=g","caption":"Cope Alcoy"}}]}},"_links":{"self":[{"href":"https:\/\/www.copealcoy.es\/es\/wp-json\/wp\/v2\/posts\/40261","targetHints":{"allow":["GET"]}}],"collection":[{"href":"https:\/\/www.copealcoy.es\/es\/wp-json\/wp\/v2\/posts"}],"about":[{"href":"https:\/\/www.copealcoy.es\/es\/wp-json\/wp\/v2\/types\/post"}],"author":[{"embeddable":true,"href":"https:\/\/www.copealcoy.es\/es\/wp-json\/wp\/v2\/users\/1"}],"replies":[{"embeddable":true,"href":"https:\/\/www.copealcoy.es\/es\/wp-json\/wp\/v2\/comments?post=40261"}],"version-history":[{"count":0,"href":"https:\/\/www.copealcoy.es\/es\/wp-json\/wp\/v2\/posts\/40261\/revisions"}],"wp:featuredmedia":[{"embeddable":true,"href":"https:\/\/www.copealcoy.es\/es\/wp-json\/wp\/v2\/media\/32465"}],"wp:attachment":[{"href":"https:\/\/www.copealcoy.es\/es\/wp-json\/wp\/v2\/media?parent=40261"}],"wp:term":[{"taxonomy":"category","embeddable":true,"href":"https:\/\/www.copealcoy.es\/es\/wp-json\/wp\/v2\/categories?post=40261"},{"taxonomy":"post_tag","embeddable":true,"href":"https:\/\/www.copealcoy.es\/es\/wp-json\/wp\/v2\/tags?post=40261"}],"curies":[{"name":"wp","href":"https:\/\/api.w.org\/{rel}","templated":true}]}}