{"id":40232,"date":"2018-03-16T22:36:56","date_gmt":"2018-03-16T22:36:56","guid":{"rendered":"http:\/\/copealcoi.es\/new\/?p=40232"},"modified":"2018-03-20T15:25:06","modified_gmt":"2018-03-20T15:25:06","slug":"un-proyecto-para-mejorar-el-transporte-en-autobus-de-la-comarca","status":"publish","type":"post","link":"https:\/\/www.copealcoy.es\/es\/un-proyecto-para-mejorar-el-transporte-en-autobus-de-la-comarca\/","title":{"rendered":"Un proyecto para mejorar el transporte en autob\u00fas de la comarca"},"content":{"rendered":"<p style=\"text-align: justify;\">La <strong>Conselleria de Vertebraci\u00f3n del Territorio<\/strong> ha lanzado su propuesta para\u00a0<strong>mejorar el transporte de viajeros por carretera <\/strong>en el conjunto de las comarcas del <strong>Comtat y de l\u00b4Alcoi\u00e0<\/strong>.\u00a0La nueva <strong>concesi\u00f3n CV 204 Alcoi Metropolitana<\/strong>, que publicaba este viernes 16 de marzo el DOGV, transcurre pr\u00e1cticamente en su integridad <strong>por la provincia de Alicante<\/strong> y <strong>realiza una incursi\u00f3n<\/strong> en la comarca valenciana de la Vall d\u00b4Albaida\u00a0para servir al municipio de Bocairent en la relaci\u00f3n entre Banyeres de Mariola y Muro.\u00a0Los tr\u00e1ficos se concentran <strong>en el eje metropolitano de Muro-Cocentaina-Alcoi<\/strong> y adicionalmente,<strong> incorpora tr\u00e1ficos de interconexi\u00f3n<\/strong> con las \u00e1reas comarcales colindantes de La Marina Alta (relaci\u00f3n Muro-Pego) y el Alto Vinalop\u00f3 (relaci\u00f3n Ibi-Villena).<\/p>\n<p style=\"text-align: justify;\">Esta nueva concesi\u00f3n contempla como principales novedades\u00a0<strong>la implantaci\u00f3n de un servicio a demanda <\/strong>a trav\u00e9s de una app m\u00f3vil, p\u00e1gina web o tel\u00e9fono. Asimismo refleja\u00a0<strong>la opci\u00f3n, <\/strong>a partir del a\u00f1o 2020,<strong> de que los vecinos puedan hacer uso de las l\u00edneas de autob\u00fas escolar<\/strong>. Est\u00e1 previsto, seg\u00fan informa Conselleria, que la nueva l\u00ednea conecte\u00a0los municipios de<strong> l&#8217;Orxa, Gaianes, Alcosser de Planes, Almudaina, Beniarr\u00e9s y Benillup<\/strong>, los cuales no dispon\u00edan hasta ahora de un servicio de autob\u00fas. El proyecto<strong> plantea hasta 10 rutas<\/strong> y de estas tres las de <strong>Muro-Planes,\u00a0Alcoy-Benilloba-Gorga y Alcoy-Benasau-Ares\u00a0<\/strong>ser\u00e1n con prolongaci\u00f3n bajo demanda. \u00a0El resto conectar\u00e1n <strong>Alcoy-Cocentaina-Muro<\/strong>, otra unir\u00e1 estos tres municipios pasando por la pedan\u00eda contestana<strong> de L\u00b4Alcudia y la poblaci\u00f3n de L\u00b4Alquer\u00eda<\/strong>, <strong>Alcoy-Banyeres<\/strong>, <strong>Ibi-Villena<\/strong>, <strong>Banyeres-Muro pasando por Bocairent, Alfafara y Agres<\/strong> as\u00ed como <strong>Muro-Planes por Benimarfull, Benillup, Almudaina y Benialfaqu\u00ed<\/strong>. Tambi\u00e9n destaca el servicio <strong>Muro-L\u00b4Orxa por Alcosser de Planes, Gaianes y Beniarr\u00e9s<\/strong>; y el de\u00a0<strong>Planes-Pego por Patr\u00f3 y L \u0301Atz\u00fabia.<\/strong>La poblaci\u00f3n beneficiaria total asciende a<strong> 188.818 habitantes<\/strong> de 38 municipios.<\/p>\n<p style=\"text-align: justify;\">El director general de Obras P\u00fablicas, Transporte y Movilidad, <strong>Carlos Domingo<\/strong>, ha explicado que &#8220;<em>la futura integraci\u00f3n del servicio de rutas escolares en 2020 no solo permitir\u00e1 garantizar y mejorar la conectividad de estos municipios peque\u00f1os, sino que incidir\u00e1 en la mejora servicio al aumentar un 20% la producci\u00f3n<\/em>&#8220;, matiza. Adem\u00e1s ha a\u00f1adido que estos servicios <strong>tendr\u00e1n la condici\u00f3n de transportes integrados<\/strong> &#8220;<em>ser\u00e1n servicios que contar\u00e1n con una reserva previa de plazas para los escolares pero que podr\u00e1n, a su vez, transportar a otro tipo de usuarios. En 2020 con la incorporaci\u00f3n de los tr\u00e1ficos de las rutas escolares se garantizar\u00e1 a los n\u00facleos m\u00e1s peque\u00f1os un servicio de hasta 2 relaciones diarias por sentido de lunes a viernes<\/em>&#8220;, aclara.<\/p>\n<p style=\"text-align: justify;\">El proyecto para mejorar la movilidad en el transporte por carretera en las comarcas del Comtat y de l\u00b4Alcoi\u00e0 entra ahora en un periodo en el que<strong> se podr\u00e1n hacer alegaciones<\/strong>.<\/p>\n","protected":false},"excerpt":{"rendered":"<p>La Conselleria de Vertebraci\u00f3n del Territorio ha lanzado su propuesta para\u00a0mejorar el transporte de viajeros por carretera en el conjunto&#8230;<\/p>\n","protected":false},"author":1,"featured_media":40233,"comment_status":"open","ping_status":"open","sticky":false,"template":"","format":"standard","meta":{"footnotes":""},"categories":[98,75,125],"tags":[482,1494,237,479,243,164,1014],"class_list":["post-40232","post","type-post","status-publish","format-standard","has-post-thumbnail","hentry","category-comarcas","category-noticias","category-portada","tag-alcoia","tag-alcoy","tag-comtat","tag-consell","tag-generalitat","tag-mejoras","tag-transporte"],"yoast_head":"<!-- This site is optimized with the Yoast SEO plugin v27.3 - https:\/\/yoast.com\/product\/yoast-seo-wordpress\/ -->\n<title>Un proyecto para mejorar el transporte en autob\u00fas de la comarca - COPE Alcoy<\/title>\n<meta name=\"robots\" content=\"index, follow, max-snippet:-1, max-image-preview:large, max-video-preview:-1\" \/>\n<link rel=\"canonical\" href=\"https:\/\/www.copealcoy.es\/es\/un-proyecto-para-mejorar-el-transporte-en-autobus-de-la-comarca\/\" \/>\n<meta property=\"og:locale\" content=\"es_ES\" \/>\n<meta property=\"og:type\" content=\"article\" \/>\n<meta property=\"og:title\" content=\"Un proyecto para mejorar el transporte en autob\u00fas de la comarca - COPE Alcoy\" \/>\n<meta property=\"og:description\" content=\"La Conselleria de Vertebraci\u00f3n del Territorio ha lanzado su propuesta para\u00a0mejorar el transporte de viajeros por carretera en el conjunto...\" \/>\n<meta property=\"og:url\" content=\"https:\/\/www.copealcoy.es\/es\/un-proyecto-para-mejorar-el-transporte-en-autobus-de-la-comarca\/\" \/>\n<meta property=\"og:site_name\" content=\"COPE Alcoy\" \/>\n<meta property=\"article:published_time\" content=\"2018-03-16T22:36:56+00:00\" \/>\n<meta property=\"article:modified_time\" content=\"2018-03-20T15:25:06+00:00\" \/>\n<meta property=\"og:image\" content=\"https:\/\/www.copealcoy.es\/wp-content\/uploads\/2018\/03\/2010-04-20_IMG_2010-04-13_02.01.45__M0601ALCOY.jpg.jpg\" \/>\n\t<meta property=\"og:image:width\" content=\"646\" \/>\n\t<meta property=\"og:image:height\" content=\"364\" \/>\n\t<meta property=\"og:image:type\" content=\"image\/jpeg\" \/>\n<meta name=\"author\" content=\"Cope Alcoy\" \/>\n<meta name=\"twitter:label1\" content=\"Escrito por\" \/>\n\t<meta name=\"twitter:data1\" content=\"Cope Alcoy\" \/>\n\t<meta name=\"twitter:label2\" content=\"Tiempo de lectura\" \/>\n\t<meta name=\"twitter:data2\" content=\"2 minutos\" \/>\n<script type=\"application\/ld+json\" class=\"yoast-schema-graph\">{\"@context\":\"https:\\\/\\\/schema.org\",\"@graph\":[{\"@type\":\"Article\",\"@id\":\"https:\\\/\\\/www.copealcoy.es\\\/es\\\/un-proyecto-para-mejorar-el-transporte-en-autobus-de-la-comarca\\\/#article\",\"isPartOf\":{\"@id\":\"https:\\\/\\\/www.copealcoy.es\\\/es\\\/un-proyecto-para-mejorar-el-transporte-en-autobus-de-la-comarca\\\/\"},\"author\":{\"name\":\"Cope Alcoy\",\"@id\":\"https:\\\/\\\/www.copealcoy.es\\\/es\\\/#\\\/schema\\\/person\\\/e777c87fa024e57d40170af9df39882c\"},\"headline\":\"Un proyecto para mejorar el transporte en autob\u00fas de la comarca\",\"datePublished\":\"2018-03-16T22:36:56+00:00\",\"dateModified\":\"2018-03-20T15:25:06+00:00\",\"mainEntityOfPage\":{\"@id\":\"https:\\\/\\\/www.copealcoy.es\\\/es\\\/un-proyecto-para-mejorar-el-transporte-en-autobus-de-la-comarca\\\/\"},\"wordCount\":498,\"commentCount\":0,\"image\":{\"@id\":\"https:\\\/\\\/www.copealcoy.es\\\/es\\\/un-proyecto-para-mejorar-el-transporte-en-autobus-de-la-comarca\\\/#primaryimage\"},\"thumbnailUrl\":\"https:\\\/\\\/www.copealcoy.es\\\/wp-content\\\/uploads\\\/2018\\\/03\\\/2010-04-20_IMG_2010-04-13_02.01.45__M0601ALCOY.jpg.jpg\",\"keywords\":[\"Alcoi\u00e0\",\"Alcoy\",\"Comtat\",\"Consell\",\"Generalitat\",\"Mejoras\",\"Transporte\"],\"articleSection\":[\"Comarcas\",\"Noticias\",\"Portada\"],\"inLanguage\":\"es\"},{\"@type\":\"WebPage\",\"@id\":\"https:\\\/\\\/www.copealcoy.es\\\/es\\\/un-proyecto-para-mejorar-el-transporte-en-autobus-de-la-comarca\\\/\",\"url\":\"https:\\\/\\\/www.copealcoy.es\\\/es\\\/un-proyecto-para-mejorar-el-transporte-en-autobus-de-la-comarca\\\/\",\"name\":\"Un proyecto para mejorar el transporte en autob\u00fas de la comarca - COPE Alcoy\",\"isPartOf\":{\"@id\":\"https:\\\/\\\/www.copealcoy.es\\\/es\\\/#website\"},\"primaryImageOfPage\":{\"@id\":\"https:\\\/\\\/www.copealcoy.es\\\/es\\\/un-proyecto-para-mejorar-el-transporte-en-autobus-de-la-comarca\\\/#primaryimage\"},\"image\":{\"@id\":\"https:\\\/\\\/www.copealcoy.es\\\/es\\\/un-proyecto-para-mejorar-el-transporte-en-autobus-de-la-comarca\\\/#primaryimage\"},\"thumbnailUrl\":\"https:\\\/\\\/www.copealcoy.es\\\/wp-content\\\/uploads\\\/2018\\\/03\\\/2010-04-20_IMG_2010-04-13_02.01.45__M0601ALCOY.jpg.jpg\",\"datePublished\":\"2018-03-16T22:36:56+00:00\",\"dateModified\":\"2018-03-20T15:25:06+00:00\",\"author\":{\"@id\":\"https:\\\/\\\/www.copealcoy.es\\\/es\\\/#\\\/schema\\\/person\\\/e777c87fa024e57d40170af9df39882c\"},\"breadcrumb\":{\"@id\":\"https:\\\/\\\/www.copealcoy.es\\\/es\\\/un-proyecto-para-mejorar-el-transporte-en-autobus-de-la-comarca\\\/#breadcrumb\"},\"inLanguage\":\"es\",\"potentialAction\":[{\"@type\":\"ReadAction\",\"target\":[\"https:\\\/\\\/www.copealcoy.es\\\/es\\\/un-proyecto-para-mejorar-el-transporte-en-autobus-de-la-comarca\\\/\"]}]},{\"@type\":\"ImageObject\",\"inLanguage\":\"es\",\"@id\":\"https:\\\/\\\/www.copealcoy.es\\\/es\\\/un-proyecto-para-mejorar-el-transporte-en-autobus-de-la-comarca\\\/#primaryimage\",\"url\":\"https:\\\/\\\/www.copealcoy.es\\\/wp-content\\\/uploads\\\/2018\\\/03\\\/2010-04-20_IMG_2010-04-13_02.01.45__M0601ALCOY.jpg.jpg\",\"contentUrl\":\"https:\\\/\\\/www.copealcoy.es\\\/wp-content\\\/uploads\\\/2018\\\/03\\\/2010-04-20_IMG_2010-04-13_02.01.45__M0601ALCOY.jpg.jpg\",\"width\":646,\"height\":364},{\"@type\":\"BreadcrumbList\",\"@id\":\"https:\\\/\\\/www.copealcoy.es\\\/es\\\/un-proyecto-para-mejorar-el-transporte-en-autobus-de-la-comarca\\\/#breadcrumb\",\"itemListElement\":[{\"@type\":\"ListItem\",\"position\":1,\"name\":\"Portada\",\"item\":\"https:\\\/\\\/www.copealcoy.es\\\/es\\\/\"},{\"@type\":\"ListItem\",\"position\":2,\"name\":\"Un proyecto para mejorar el transporte en autob\u00fas de la comarca\"}]},{\"@type\":\"WebSite\",\"@id\":\"https:\\\/\\\/www.copealcoy.es\\\/es\\\/#website\",\"url\":\"https:\\\/\\\/www.copealcoy.es\\\/es\\\/\",\"name\":\"COPE Alcoy\",\"description\":\"Emisora COPE de radio local con emisi\u00f3n online. Pont de Sant Jordi 8-10 03803 Alcoy\",\"potentialAction\":[{\"@type\":\"SearchAction\",\"target\":{\"@type\":\"EntryPoint\",\"urlTemplate\":\"https:\\\/\\\/www.copealcoy.es\\\/es\\\/?s={search_term_string}\"},\"query-input\":{\"@type\":\"PropertyValueSpecification\",\"valueRequired\":true,\"valueName\":\"search_term_string\"}}],\"inLanguage\":\"es\"},{\"@type\":\"Person\",\"@id\":\"https:\\\/\\\/www.copealcoy.es\\\/es\\\/#\\\/schema\\\/person\\\/e777c87fa024e57d40170af9df39882c\",\"name\":\"Cope Alcoy\",\"image\":{\"@type\":\"ImageObject\",\"inLanguage\":\"es\",\"@id\":\"https:\\\/\\\/secure.gravatar.com\\\/avatar\\\/bb65d0283347e303893ba14f0692005417c1e0e690a325a4c5d8bb2b3943ee14?s=96&d=mm&r=g\",\"url\":\"https:\\\/\\\/secure.gravatar.com\\\/avatar\\\/bb65d0283347e303893ba14f0692005417c1e0e690a325a4c5d8bb2b3943ee14?s=96&d=mm&r=g\",\"contentUrl\":\"https:\\\/\\\/secure.gravatar.com\\\/avatar\\\/bb65d0283347e303893ba14f0692005417c1e0e690a325a4c5d8bb2b3943ee14?s=96&d=mm&r=g\",\"caption\":\"Cope Alcoy\"}}]}<\/script>\n<!-- \/ Yoast SEO plugin. -->","yoast_head_json":{"title":"Un proyecto para mejorar el transporte en autob\u00fas de la comarca - COPE Alcoy","robots":{"index":"index","follow":"follow","max-snippet":"max-snippet:-1","max-image-preview":"max-image-preview:large","max-video-preview":"max-video-preview:-1"},"canonical":"https:\/\/www.copealcoy.es\/es\/un-proyecto-para-mejorar-el-transporte-en-autobus-de-la-comarca\/","og_locale":"es_ES","og_type":"article","og_title":"Un proyecto para mejorar el transporte en autob\u00fas de la comarca - COPE Alcoy","og_description":"La Conselleria de Vertebraci\u00f3n del Territorio ha lanzado su propuesta para\u00a0mejorar el transporte de viajeros por carretera en el conjunto...","og_url":"https:\/\/www.copealcoy.es\/es\/un-proyecto-para-mejorar-el-transporte-en-autobus-de-la-comarca\/","og_site_name":"COPE Alcoy","article_published_time":"2018-03-16T22:36:56+00:00","article_modified_time":"2018-03-20T15:25:06+00:00","og_image":[{"width":646,"height":364,"url":"https:\/\/www.copealcoy.es\/wp-content\/uploads\/2018\/03\/2010-04-20_IMG_2010-04-13_02.01.45__M0601ALCOY.jpg.jpg","type":"image\/jpeg"}],"author":"Cope Alcoy","twitter_misc":{"Escrito por":"Cope Alcoy","Tiempo de lectura":"2 minutos"},"schema":{"@context":"https:\/\/schema.org","@graph":[{"@type":"Article","@id":"https:\/\/www.copealcoy.es\/es\/un-proyecto-para-mejorar-el-transporte-en-autobus-de-la-comarca\/#article","isPartOf":{"@id":"https:\/\/www.copealcoy.es\/es\/un-proyecto-para-mejorar-el-transporte-en-autobus-de-la-comarca\/"},"author":{"name":"Cope Alcoy","@id":"https:\/\/www.copealcoy.es\/es\/#\/schema\/person\/e777c87fa024e57d40170af9df39882c"},"headline":"Un proyecto para mejorar el transporte en autob\u00fas de la comarca","datePublished":"2018-03-16T22:36:56+00:00","dateModified":"2018-03-20T15:25:06+00:00","mainEntityOfPage":{"@id":"https:\/\/www.copealcoy.es\/es\/un-proyecto-para-mejorar-el-transporte-en-autobus-de-la-comarca\/"},"wordCount":498,"commentCount":0,"image":{"@id":"https:\/\/www.copealcoy.es\/es\/un-proyecto-para-mejorar-el-transporte-en-autobus-de-la-comarca\/#primaryimage"},"thumbnailUrl":"https:\/\/www.copealcoy.es\/wp-content\/uploads\/2018\/03\/2010-04-20_IMG_2010-04-13_02.01.45__M0601ALCOY.jpg.jpg","keywords":["Alcoi\u00e0","Alcoy","Comtat","Consell","Generalitat","Mejoras","Transporte"],"articleSection":["Comarcas","Noticias","Portada"],"inLanguage":"es"},{"@type":"WebPage","@id":"https:\/\/www.copealcoy.es\/es\/un-proyecto-para-mejorar-el-transporte-en-autobus-de-la-comarca\/","url":"https:\/\/www.copealcoy.es\/es\/un-proyecto-para-mejorar-el-transporte-en-autobus-de-la-comarca\/","name":"Un proyecto para mejorar el transporte en autob\u00fas de la comarca - COPE Alcoy","isPartOf":{"@id":"https:\/\/www.copealcoy.es\/es\/#website"},"primaryImageOfPage":{"@id":"https:\/\/www.copealcoy.es\/es\/un-proyecto-para-mejorar-el-transporte-en-autobus-de-la-comarca\/#primaryimage"},"image":{"@id":"https:\/\/www.copealcoy.es\/es\/un-proyecto-para-mejorar-el-transporte-en-autobus-de-la-comarca\/#primaryimage"},"thumbnailUrl":"https:\/\/www.copealcoy.es\/wp-content\/uploads\/2018\/03\/2010-04-20_IMG_2010-04-13_02.01.45__M0601ALCOY.jpg.jpg","datePublished":"2018-03-16T22:36:56+00:00","dateModified":"2018-03-20T15:25:06+00:00","author":{"@id":"https:\/\/www.copealcoy.es\/es\/#\/schema\/person\/e777c87fa024e57d40170af9df39882c"},"breadcrumb":{"@id":"https:\/\/www.copealcoy.es\/es\/un-proyecto-para-mejorar-el-transporte-en-autobus-de-la-comarca\/#breadcrumb"},"inLanguage":"es","potentialAction":[{"@type":"ReadAction","target":["https:\/\/www.copealcoy.es\/es\/un-proyecto-para-mejorar-el-transporte-en-autobus-de-la-comarca\/"]}]},{"@type":"ImageObject","inLanguage":"es","@id":"https:\/\/www.copealcoy.es\/es\/un-proyecto-para-mejorar-el-transporte-en-autobus-de-la-comarca\/#primaryimage","url":"https:\/\/www.copealcoy.es\/wp-content\/uploads\/2018\/03\/2010-04-20_IMG_2010-04-13_02.01.45__M0601ALCOY.jpg.jpg","contentUrl":"https:\/\/www.copealcoy.es\/wp-content\/uploads\/2018\/03\/2010-04-20_IMG_2010-04-13_02.01.45__M0601ALCOY.jpg.jpg","width":646,"height":364},{"@type":"BreadcrumbList","@id":"https:\/\/www.copealcoy.es\/es\/un-proyecto-para-mejorar-el-transporte-en-autobus-de-la-comarca\/#breadcrumb","itemListElement":[{"@type":"ListItem","position":1,"name":"Portada","item":"https:\/\/www.copealcoy.es\/es\/"},{"@type":"ListItem","position":2,"name":"Un proyecto para mejorar el transporte en autob\u00fas de la comarca"}]},{"@type":"WebSite","@id":"https:\/\/www.copealcoy.es\/es\/#website","url":"https:\/\/www.copealcoy.es\/es\/","name":"COPE Alcoy","description":"Emisora COPE de radio local con emisi\u00f3n online. Pont de Sant Jordi 8-10 03803 Alcoy","potentialAction":[{"@type":"SearchAction","target":{"@type":"EntryPoint","urlTemplate":"https:\/\/www.copealcoy.es\/es\/?s={search_term_string}"},"query-input":{"@type":"PropertyValueSpecification","valueRequired":true,"valueName":"search_term_string"}}],"inLanguage":"es"},{"@type":"Person","@id":"https:\/\/www.copealcoy.es\/es\/#\/schema\/person\/e777c87fa024e57d40170af9df39882c","name":"Cope Alcoy","image":{"@type":"ImageObject","inLanguage":"es","@id":"https:\/\/secure.gravatar.com\/avatar\/bb65d0283347e303893ba14f0692005417c1e0e690a325a4c5d8bb2b3943ee14?s=96&d=mm&r=g","url":"https:\/\/secure.gravatar.com\/avatar\/bb65d0283347e303893ba14f0692005417c1e0e690a325a4c5d8bb2b3943ee14?s=96&d=mm&r=g","contentUrl":"https:\/\/secure.gravatar.com\/avatar\/bb65d0283347e303893ba14f0692005417c1e0e690a325a4c5d8bb2b3943ee14?s=96&d=mm&r=g","caption":"Cope Alcoy"}}]}},"_links":{"self":[{"href":"https:\/\/www.copealcoy.es\/es\/wp-json\/wp\/v2\/posts\/40232","targetHints":{"allow":["GET"]}}],"collection":[{"href":"https:\/\/www.copealcoy.es\/es\/wp-json\/wp\/v2\/posts"}],"about":[{"href":"https:\/\/www.copealcoy.es\/es\/wp-json\/wp\/v2\/types\/post"}],"author":[{"embeddable":true,"href":"https:\/\/www.copealcoy.es\/es\/wp-json\/wp\/v2\/users\/1"}],"replies":[{"embeddable":true,"href":"https:\/\/www.copealcoy.es\/es\/wp-json\/wp\/v2\/comments?post=40232"}],"version-history":[{"count":0,"href":"https:\/\/www.copealcoy.es\/es\/wp-json\/wp\/v2\/posts\/40232\/revisions"}],"wp:featuredmedia":[{"embeddable":true,"href":"https:\/\/www.copealcoy.es\/es\/wp-json\/wp\/v2\/media\/40233"}],"wp:attachment":[{"href":"https:\/\/www.copealcoy.es\/es\/wp-json\/wp\/v2\/media?parent=40232"}],"wp:term":[{"taxonomy":"category","embeddable":true,"href":"https:\/\/www.copealcoy.es\/es\/wp-json\/wp\/v2\/categories?post=40232"},{"taxonomy":"post_tag","embeddable":true,"href":"https:\/\/www.copealcoy.es\/es\/wp-json\/wp\/v2\/tags?post=40232"}],"curies":[{"name":"wp","href":"https:\/\/api.w.org\/{rel}","templated":true}]}}