{"id":40013,"date":"2018-03-09T17:06:43","date_gmt":"2018-03-09T17:06:43","guid":{"rendered":"http:\/\/copealcoi.es\/new\/?p=40013"},"modified":"2018-03-09T17:12:55","modified_gmt":"2018-03-09T17:12:55","slug":"el-serpis-anuncio-el-pasado-domingo-la-llegada-de-la-festa","status":"publish","type":"post","link":"https:\/\/www.copealcoy.es\/es\/el-serpis-anuncio-el-pasado-domingo-la-llegada-de-la-festa\/","title":{"rendered":"El Serpis anunci\u00f3 el pasado domingo la llegada de la Festa"},"content":{"rendered":"<p style=\"text-align: justify;\">La <strong>Agrupaci\u00f3n Musical El Serpis de Alcoy<\/strong> abri\u00f3 el pasado domingo el <strong>Ciclo de Conciertos de Exaltaci\u00f3n a la M\u00fasica Festera<\/strong> con una audici\u00f3n que tuvo lugar en el <strong>Teatro Calder\u00f3n<\/strong> a partir de las siete de la tarde.<\/p>\n<p style=\"text-align: justify;\">Los m\u00fasicos, bajo la direcci\u00f3n de <strong>Andr\u00e9s Guerrero Ma\u00f1as<\/strong>, interpretaron <strong>un repertorio dividido en dos partes<\/strong> en el que se se pudieron escuchar pasodobles as\u00ed como marchas moras y cristianas. En la <strong>primera parte<\/strong> sonaron las piezas\u00a0<em>Brisas del Clariano\u00a0<\/em>(Jos\u00e9 Mar\u00eda Ferrero Pastor),\u00a0<em>Moz\u00e1rabes i Alfarras\u00ed\u00a0<\/em>(Jos\u00e9 Mar\u00eda Valls Satorres),\u00a0<em>No ho far\u00e9 m\u00e9s\u00a0<\/em>(Vicente Catal\u00e1 P\u00e9rez),\u00a0<em>Paquito Llin\u00a0<\/em>(Marcos Gandia Conejero),\u00a0<em>El Conqueridor\u00a0<\/em>(Jos\u00e9 Mar\u00eda Valls Satorres) y\u00a0<em>El K\u00e1bila\u00a0<\/em>(Jos\u00e9 Mar\u00eda Ferrero Pastor)<em>.\u00a0<\/em>Ya <strong>en la segunda<\/strong> el p\u00fablico pudo disfrutar de\u00a0<em>Daniel Juan\u00a0(Jos\u00e9 Mar\u00eda Ferrero Pastor),\u00a0<\/em><em>L\u00b4Ambaixador Cristi\u00e0\u00a0<\/em>(Rafael Mullor Grau),\u00a0<em>El President\u00a0<\/em>(Miguel Pic\u00f3 Biosca),\u00a0<em>Juanito El Jarri\u00a0<\/em> (Ignacio S\u00e1nchez Navarro),\u00a0<em>A Mi Cum\u00a0<\/em>(Andr\u00e9s Guerreo Ma\u00f1as) y\u00a0<em>Juanjo\u00a0<\/em>(Francisco Esteve Pastor). Por \u00faltimo <strong>son\u00f3 con fuerza<\/strong> la marcha cristiana\u00a0<em>Amado Capit\u00e0\u00a0<\/em>as\u00ed como el Himno de Fiestas.<\/p>\n<p style=\"text-align: justify;\">Los conciertos de Fiestas <strong>continuar\u00e1n el pr\u00f3ximo domingo<\/strong> d\u00eda 11 de marzo. En esta ocasi\u00f3n ser\u00e1 <strong>la Societat Uni\u00f3 Musical d&#8217;Alcoi<\/strong> la encargada de interpretar un repertorio que ha marcado y marcan el d\u00eda a d\u00eda de la trilog\u00eda festera.<\/p>\n","protected":false},"excerpt":{"rendered":"<p>La Agrupaci\u00f3n Musical El Serpis de Alcoy abri\u00f3 el pasado domingo el Ciclo de Conciertos de Exaltaci\u00f3n a la M\u00fasica&#8230;<\/p>\n","protected":false},"author":1,"featured_media":40014,"comment_status":"open","ping_status":"open","sticky":false,"template":"","format":"standard","meta":{"footnotes":""},"categories":[97,78,75],"tags":[1947,1494,701,609],"class_list":["post-40013","post","type-post","status-publish","format-standard","has-post-thumbnail","hentry","category-alcoy","category-fiestaycultura","category-noticias","tag-agrupacion-musical-serpis","tag-alcoy","tag-concierto","tag-moros-y-cristianos"],"yoast_head":"<!-- This site is optimized with the Yoast SEO plugin v27.3 - https:\/\/yoast.com\/product\/yoast-seo-wordpress\/ -->\n<title>El Serpis anunci\u00f3 el pasado domingo la llegada de la Festa - COPE Alcoy<\/title>\n<meta name=\"robots\" content=\"index, follow, max-snippet:-1, max-image-preview:large, max-video-preview:-1\" \/>\n<link rel=\"canonical\" href=\"https:\/\/www.copealcoy.es\/es\/el-serpis-anuncio-el-pasado-domingo-la-llegada-de-la-festa\/\" \/>\n<meta property=\"og:locale\" content=\"es_ES\" \/>\n<meta property=\"og:type\" content=\"article\" \/>\n<meta property=\"og:title\" content=\"El Serpis anunci\u00f3 el pasado domingo la llegada de la Festa - COPE Alcoy\" \/>\n<meta property=\"og:description\" content=\"La Agrupaci\u00f3n Musical El Serpis de Alcoy abri\u00f3 el pasado domingo el Ciclo de Conciertos de Exaltaci\u00f3n a la M\u00fasica...\" \/>\n<meta property=\"og:url\" content=\"https:\/\/www.copealcoy.es\/es\/el-serpis-anuncio-el-pasado-domingo-la-llegada-de-la-festa\/\" \/>\n<meta property=\"og:site_name\" content=\"COPE Alcoy\" \/>\n<meta property=\"article:published_time\" content=\"2018-03-09T17:06:43+00:00\" \/>\n<meta property=\"article:modified_time\" content=\"2018-03-09T17:12:55+00:00\" \/>\n<meta property=\"og:image\" content=\"https:\/\/www.copealcoy.es\/wp-content\/uploads\/2018\/03\/28684814_10216141119628858_5793927798792934053_n.jpg\" \/>\n\t<meta property=\"og:image:width\" content=\"960\" \/>\n\t<meta property=\"og:image:height\" content=\"519\" \/>\n\t<meta property=\"og:image:type\" content=\"image\/jpeg\" \/>\n<meta name=\"author\" content=\"Cope Alcoy\" \/>\n<meta name=\"twitter:label1\" content=\"Escrito por\" \/>\n\t<meta name=\"twitter:data1\" content=\"Cope Alcoy\" \/>\n\t<meta name=\"twitter:label2\" content=\"Tiempo de lectura\" \/>\n\t<meta name=\"twitter:data2\" content=\"1 minuto\" \/>\n<script type=\"application\/ld+json\" class=\"yoast-schema-graph\">{\"@context\":\"https:\\\/\\\/schema.org\",\"@graph\":[{\"@type\":\"Article\",\"@id\":\"https:\\\/\\\/www.copealcoy.es\\\/es\\\/el-serpis-anuncio-el-pasado-domingo-la-llegada-de-la-festa\\\/#article\",\"isPartOf\":{\"@id\":\"https:\\\/\\\/www.copealcoy.es\\\/es\\\/el-serpis-anuncio-el-pasado-domingo-la-llegada-de-la-festa\\\/\"},\"author\":{\"name\":\"Cope Alcoy\",\"@id\":\"https:\\\/\\\/www.copealcoy.es\\\/es\\\/#\\\/schema\\\/person\\\/e777c87fa024e57d40170af9df39882c\"},\"headline\":\"El Serpis anunci\u00f3 el pasado domingo la llegada de la Festa\",\"datePublished\":\"2018-03-09T17:06:43+00:00\",\"dateModified\":\"2018-03-09T17:12:55+00:00\",\"mainEntityOfPage\":{\"@id\":\"https:\\\/\\\/www.copealcoy.es\\\/es\\\/el-serpis-anuncio-el-pasado-domingo-la-llegada-de-la-festa\\\/\"},\"wordCount\":254,\"commentCount\":0,\"image\":{\"@id\":\"https:\\\/\\\/www.copealcoy.es\\\/es\\\/el-serpis-anuncio-el-pasado-domingo-la-llegada-de-la-festa\\\/#primaryimage\"},\"thumbnailUrl\":\"https:\\\/\\\/www.copealcoy.es\\\/wp-content\\\/uploads\\\/2018\\\/03\\\/28684814_10216141119628858_5793927798792934053_n.jpg\",\"keywords\":[\"Agrupaci\u00f3n Musical Serpis\",\"Alcoy\",\"Concierto\",\"Moros Y Cristianos\"],\"articleSection\":[\"Alcoy\",\"Fiesta y Cultura\",\"Noticias\"],\"inLanguage\":\"es\"},{\"@type\":\"WebPage\",\"@id\":\"https:\\\/\\\/www.copealcoy.es\\\/es\\\/el-serpis-anuncio-el-pasado-domingo-la-llegada-de-la-festa\\\/\",\"url\":\"https:\\\/\\\/www.copealcoy.es\\\/es\\\/el-serpis-anuncio-el-pasado-domingo-la-llegada-de-la-festa\\\/\",\"name\":\"El Serpis anunci\u00f3 el pasado domingo la llegada de la Festa - COPE Alcoy\",\"isPartOf\":{\"@id\":\"https:\\\/\\\/www.copealcoy.es\\\/es\\\/#website\"},\"primaryImageOfPage\":{\"@id\":\"https:\\\/\\\/www.copealcoy.es\\\/es\\\/el-serpis-anuncio-el-pasado-domingo-la-llegada-de-la-festa\\\/#primaryimage\"},\"image\":{\"@id\":\"https:\\\/\\\/www.copealcoy.es\\\/es\\\/el-serpis-anuncio-el-pasado-domingo-la-llegada-de-la-festa\\\/#primaryimage\"},\"thumbnailUrl\":\"https:\\\/\\\/www.copealcoy.es\\\/wp-content\\\/uploads\\\/2018\\\/03\\\/28684814_10216141119628858_5793927798792934053_n.jpg\",\"datePublished\":\"2018-03-09T17:06:43+00:00\",\"dateModified\":\"2018-03-09T17:12:55+00:00\",\"author\":{\"@id\":\"https:\\\/\\\/www.copealcoy.es\\\/es\\\/#\\\/schema\\\/person\\\/e777c87fa024e57d40170af9df39882c\"},\"breadcrumb\":{\"@id\":\"https:\\\/\\\/www.copealcoy.es\\\/es\\\/el-serpis-anuncio-el-pasado-domingo-la-llegada-de-la-festa\\\/#breadcrumb\"},\"inLanguage\":\"es\",\"potentialAction\":[{\"@type\":\"ReadAction\",\"target\":[\"https:\\\/\\\/www.copealcoy.es\\\/es\\\/el-serpis-anuncio-el-pasado-domingo-la-llegada-de-la-festa\\\/\"]}]},{\"@type\":\"ImageObject\",\"inLanguage\":\"es\",\"@id\":\"https:\\\/\\\/www.copealcoy.es\\\/es\\\/el-serpis-anuncio-el-pasado-domingo-la-llegada-de-la-festa\\\/#primaryimage\",\"url\":\"https:\\\/\\\/www.copealcoy.es\\\/wp-content\\\/uploads\\\/2018\\\/03\\\/28684814_10216141119628858_5793927798792934053_n.jpg\",\"contentUrl\":\"https:\\\/\\\/www.copealcoy.es\\\/wp-content\\\/uploads\\\/2018\\\/03\\\/28684814_10216141119628858_5793927798792934053_n.jpg\",\"width\":960,\"height\":519},{\"@type\":\"BreadcrumbList\",\"@id\":\"https:\\\/\\\/www.copealcoy.es\\\/es\\\/el-serpis-anuncio-el-pasado-domingo-la-llegada-de-la-festa\\\/#breadcrumb\",\"itemListElement\":[{\"@type\":\"ListItem\",\"position\":1,\"name\":\"Portada\",\"item\":\"https:\\\/\\\/www.copealcoy.es\\\/es\\\/\"},{\"@type\":\"ListItem\",\"position\":2,\"name\":\"El Serpis anunci\u00f3 el pasado domingo la llegada de la Festa\"}]},{\"@type\":\"WebSite\",\"@id\":\"https:\\\/\\\/www.copealcoy.es\\\/es\\\/#website\",\"url\":\"https:\\\/\\\/www.copealcoy.es\\\/es\\\/\",\"name\":\"COPE Alcoy\",\"description\":\"Emisora COPE de radio local con emisi\u00f3n online. Pont de Sant Jordi 8-10 03803 Alcoy\",\"potentialAction\":[{\"@type\":\"SearchAction\",\"target\":{\"@type\":\"EntryPoint\",\"urlTemplate\":\"https:\\\/\\\/www.copealcoy.es\\\/es\\\/?s={search_term_string}\"},\"query-input\":{\"@type\":\"PropertyValueSpecification\",\"valueRequired\":true,\"valueName\":\"search_term_string\"}}],\"inLanguage\":\"es\"},{\"@type\":\"Person\",\"@id\":\"https:\\\/\\\/www.copealcoy.es\\\/es\\\/#\\\/schema\\\/person\\\/e777c87fa024e57d40170af9df39882c\",\"name\":\"Cope Alcoy\",\"image\":{\"@type\":\"ImageObject\",\"inLanguage\":\"es\",\"@id\":\"https:\\\/\\\/secure.gravatar.com\\\/avatar\\\/bb65d0283347e303893ba14f0692005417c1e0e690a325a4c5d8bb2b3943ee14?s=96&d=mm&r=g\",\"url\":\"https:\\\/\\\/secure.gravatar.com\\\/avatar\\\/bb65d0283347e303893ba14f0692005417c1e0e690a325a4c5d8bb2b3943ee14?s=96&d=mm&r=g\",\"contentUrl\":\"https:\\\/\\\/secure.gravatar.com\\\/avatar\\\/bb65d0283347e303893ba14f0692005417c1e0e690a325a4c5d8bb2b3943ee14?s=96&d=mm&r=g\",\"caption\":\"Cope Alcoy\"}}]}<\/script>\n<!-- \/ Yoast SEO plugin. -->","yoast_head_json":{"title":"El Serpis anunci\u00f3 el pasado domingo la llegada de la Festa - COPE Alcoy","robots":{"index":"index","follow":"follow","max-snippet":"max-snippet:-1","max-image-preview":"max-image-preview:large","max-video-preview":"max-video-preview:-1"},"canonical":"https:\/\/www.copealcoy.es\/es\/el-serpis-anuncio-el-pasado-domingo-la-llegada-de-la-festa\/","og_locale":"es_ES","og_type":"article","og_title":"El Serpis anunci\u00f3 el pasado domingo la llegada de la Festa - COPE Alcoy","og_description":"La Agrupaci\u00f3n Musical El Serpis de Alcoy abri\u00f3 el pasado domingo el Ciclo de Conciertos de Exaltaci\u00f3n a la M\u00fasica...","og_url":"https:\/\/www.copealcoy.es\/es\/el-serpis-anuncio-el-pasado-domingo-la-llegada-de-la-festa\/","og_site_name":"COPE Alcoy","article_published_time":"2018-03-09T17:06:43+00:00","article_modified_time":"2018-03-09T17:12:55+00:00","og_image":[{"width":960,"height":519,"url":"https:\/\/www.copealcoy.es\/wp-content\/uploads\/2018\/03\/28684814_10216141119628858_5793927798792934053_n.jpg","type":"image\/jpeg"}],"author":"Cope Alcoy","twitter_misc":{"Escrito por":"Cope Alcoy","Tiempo de lectura":"1 minuto"},"schema":{"@context":"https:\/\/schema.org","@graph":[{"@type":"Article","@id":"https:\/\/www.copealcoy.es\/es\/el-serpis-anuncio-el-pasado-domingo-la-llegada-de-la-festa\/#article","isPartOf":{"@id":"https:\/\/www.copealcoy.es\/es\/el-serpis-anuncio-el-pasado-domingo-la-llegada-de-la-festa\/"},"author":{"name":"Cope Alcoy","@id":"https:\/\/www.copealcoy.es\/es\/#\/schema\/person\/e777c87fa024e57d40170af9df39882c"},"headline":"El Serpis anunci\u00f3 el pasado domingo la llegada de la Festa","datePublished":"2018-03-09T17:06:43+00:00","dateModified":"2018-03-09T17:12:55+00:00","mainEntityOfPage":{"@id":"https:\/\/www.copealcoy.es\/es\/el-serpis-anuncio-el-pasado-domingo-la-llegada-de-la-festa\/"},"wordCount":254,"commentCount":0,"image":{"@id":"https:\/\/www.copealcoy.es\/es\/el-serpis-anuncio-el-pasado-domingo-la-llegada-de-la-festa\/#primaryimage"},"thumbnailUrl":"https:\/\/www.copealcoy.es\/wp-content\/uploads\/2018\/03\/28684814_10216141119628858_5793927798792934053_n.jpg","keywords":["Agrupaci\u00f3n Musical Serpis","Alcoy","Concierto","Moros Y Cristianos"],"articleSection":["Alcoy","Fiesta y Cultura","Noticias"],"inLanguage":"es"},{"@type":"WebPage","@id":"https:\/\/www.copealcoy.es\/es\/el-serpis-anuncio-el-pasado-domingo-la-llegada-de-la-festa\/","url":"https:\/\/www.copealcoy.es\/es\/el-serpis-anuncio-el-pasado-domingo-la-llegada-de-la-festa\/","name":"El Serpis anunci\u00f3 el pasado domingo la llegada de la Festa - COPE Alcoy","isPartOf":{"@id":"https:\/\/www.copealcoy.es\/es\/#website"},"primaryImageOfPage":{"@id":"https:\/\/www.copealcoy.es\/es\/el-serpis-anuncio-el-pasado-domingo-la-llegada-de-la-festa\/#primaryimage"},"image":{"@id":"https:\/\/www.copealcoy.es\/es\/el-serpis-anuncio-el-pasado-domingo-la-llegada-de-la-festa\/#primaryimage"},"thumbnailUrl":"https:\/\/www.copealcoy.es\/wp-content\/uploads\/2018\/03\/28684814_10216141119628858_5793927798792934053_n.jpg","datePublished":"2018-03-09T17:06:43+00:00","dateModified":"2018-03-09T17:12:55+00:00","author":{"@id":"https:\/\/www.copealcoy.es\/es\/#\/schema\/person\/e777c87fa024e57d40170af9df39882c"},"breadcrumb":{"@id":"https:\/\/www.copealcoy.es\/es\/el-serpis-anuncio-el-pasado-domingo-la-llegada-de-la-festa\/#breadcrumb"},"inLanguage":"es","potentialAction":[{"@type":"ReadAction","target":["https:\/\/www.copealcoy.es\/es\/el-serpis-anuncio-el-pasado-domingo-la-llegada-de-la-festa\/"]}]},{"@type":"ImageObject","inLanguage":"es","@id":"https:\/\/www.copealcoy.es\/es\/el-serpis-anuncio-el-pasado-domingo-la-llegada-de-la-festa\/#primaryimage","url":"https:\/\/www.copealcoy.es\/wp-content\/uploads\/2018\/03\/28684814_10216141119628858_5793927798792934053_n.jpg","contentUrl":"https:\/\/www.copealcoy.es\/wp-content\/uploads\/2018\/03\/28684814_10216141119628858_5793927798792934053_n.jpg","width":960,"height":519},{"@type":"BreadcrumbList","@id":"https:\/\/www.copealcoy.es\/es\/el-serpis-anuncio-el-pasado-domingo-la-llegada-de-la-festa\/#breadcrumb","itemListElement":[{"@type":"ListItem","position":1,"name":"Portada","item":"https:\/\/www.copealcoy.es\/es\/"},{"@type":"ListItem","position":2,"name":"El Serpis anunci\u00f3 el pasado domingo la llegada de la Festa"}]},{"@type":"WebSite","@id":"https:\/\/www.copealcoy.es\/es\/#website","url":"https:\/\/www.copealcoy.es\/es\/","name":"COPE Alcoy","description":"Emisora COPE de radio local con emisi\u00f3n online. Pont de Sant Jordi 8-10 03803 Alcoy","potentialAction":[{"@type":"SearchAction","target":{"@type":"EntryPoint","urlTemplate":"https:\/\/www.copealcoy.es\/es\/?s={search_term_string}"},"query-input":{"@type":"PropertyValueSpecification","valueRequired":true,"valueName":"search_term_string"}}],"inLanguage":"es"},{"@type":"Person","@id":"https:\/\/www.copealcoy.es\/es\/#\/schema\/person\/e777c87fa024e57d40170af9df39882c","name":"Cope Alcoy","image":{"@type":"ImageObject","inLanguage":"es","@id":"https:\/\/secure.gravatar.com\/avatar\/bb65d0283347e303893ba14f0692005417c1e0e690a325a4c5d8bb2b3943ee14?s=96&d=mm&r=g","url":"https:\/\/secure.gravatar.com\/avatar\/bb65d0283347e303893ba14f0692005417c1e0e690a325a4c5d8bb2b3943ee14?s=96&d=mm&r=g","contentUrl":"https:\/\/secure.gravatar.com\/avatar\/bb65d0283347e303893ba14f0692005417c1e0e690a325a4c5d8bb2b3943ee14?s=96&d=mm&r=g","caption":"Cope Alcoy"}}]}},"_links":{"self":[{"href":"https:\/\/www.copealcoy.es\/es\/wp-json\/wp\/v2\/posts\/40013","targetHints":{"allow":["GET"]}}],"collection":[{"href":"https:\/\/www.copealcoy.es\/es\/wp-json\/wp\/v2\/posts"}],"about":[{"href":"https:\/\/www.copealcoy.es\/es\/wp-json\/wp\/v2\/types\/post"}],"author":[{"embeddable":true,"href":"https:\/\/www.copealcoy.es\/es\/wp-json\/wp\/v2\/users\/1"}],"replies":[{"embeddable":true,"href":"https:\/\/www.copealcoy.es\/es\/wp-json\/wp\/v2\/comments?post=40013"}],"version-history":[{"count":0,"href":"https:\/\/www.copealcoy.es\/es\/wp-json\/wp\/v2\/posts\/40013\/revisions"}],"wp:featuredmedia":[{"embeddable":true,"href":"https:\/\/www.copealcoy.es\/es\/wp-json\/wp\/v2\/media\/40014"}],"wp:attachment":[{"href":"https:\/\/www.copealcoy.es\/es\/wp-json\/wp\/v2\/media?parent=40013"}],"wp:term":[{"taxonomy":"category","embeddable":true,"href":"https:\/\/www.copealcoy.es\/es\/wp-json\/wp\/v2\/categories?post=40013"},{"taxonomy":"post_tag","embeddable":true,"href":"https:\/\/www.copealcoy.es\/es\/wp-json\/wp\/v2\/tags?post=40013"}],"curies":[{"name":"wp","href":"https:\/\/api.w.org\/{rel}","templated":true}]}}