{"id":40008,"date":"2018-03-09T16:46:01","date_gmt":"2018-03-09T16:46:01","guid":{"rendered":"http:\/\/copealcoi.es\/new\/?p=40008"},"modified":"2018-03-23T20:29:49","modified_gmt":"2018-03-23T20:29:49","slug":"abre-sus-puertas-la-nueva-oficina-de-comercio-de-la-calle-san-francisco","status":"publish","type":"post","link":"https:\/\/www.copealcoy.es\/es\/abre-sus-puertas-la-nueva-oficina-de-comercio-de-la-calle-san-francisco\/","title":{"rendered":"Abre sus puertas la nueva Oficina de Comercio de la calle San Francisco"},"content":{"rendered":"<p style=\"text-align: justify;\">El Ayuntamiento de Alcoy, a trav\u00e9s del \u00e1rea de Comercio,<strong>\u00a0<\/strong><strong>ha llevado a cabo la rehabilitaci\u00f3n del local n\u00famero 38 de la calle San Francisco<\/strong><strong>\u00a0<\/strong>en el que se ubicaba la antigua papeler\u00eda Hispania, para abrir all\u00ed <strong>la Oficina Municipal de Comercio<\/strong>. El proyecto<strong> ha supuesto una inversi\u00f3n de 90.000 euros <\/strong>y la nueva infraestructura,<strong> en la que trabajan tres funcionarios atendiendo consultas<\/strong>, ya abierto sus puertas. En la misma se encuentra\u00a0<strong>el Departamento de Comercio municipal<\/strong> que prestar\u00e1<strong> asesoramiento<\/strong> sobre el Plan de Acci\u00f3n Comercial, las diferentes ayudas a las que se pueden optar para abrir un comercio o todos los requisitos que se precisan de cara a impulsar la apertura de nuevos negocios en el Centro.<\/p>\n<p style=\"text-align: justify;\">El alcalde de Alcoy, <strong>Antonio Franc\u00e9s<\/strong>, ha visitado este viernes la nueva oficina y ha asegurado que esta <strong>ser\u00e1 un elemento clave para dinamizar El Centro<\/strong> al mismo <strong>constituir\u00e1\u00a0un espacio<\/strong> de asesoramiento, atenci\u00f3n e informaci\u00f3n para el sector comercial &#8220;<em>m\u00e1s all\u00e1 del valor que tendr\u00e1 para los comerciantes, se espera que la oficina contribuya a la dinamizaci\u00f3n del barrio, convirti\u00e9ndose en el espacio desde donde otorgar licencias de apertura, ayudas a la rehabilitaci\u00f3n de edificios u otros l\u00edneas de actuaci\u00f3n de este estilo<\/em>&#8220;, coment\u00f3. Tambi\u00e9n la edil de Comercio, <strong>Vanessa Molt\u00f3<\/strong>, ha resaltado que <strong>la anterior Oficina de Comercio recibi\u00f3 a un centenar de personas<\/strong> durante el pasado a\u00f1o que presentaban\u00a0dudas relacionadas con el sector comercial o de servicios &#8220;<em>este tr\u00e1fico de gente tambi\u00e9n ayudar\u00e1 a la revitalizaci\u00f3n del Centro.\u00a0Nace del compromiso alcanzado con la mesa del Centro, y es a la vez una de las muchas acciones que se llevan a cabo desde el plan de acci\u00f3n Comercial y del plan de actuaci\u00f3n para la rehabilitaci\u00f3n del barrio el Centro<\/em>&#8220;, concluye.<\/p>\n<p style=\"text-align: justify;\">La apertura de la Oficina de Comercio en la calle San Francisco <strong>es fruto del trabajo conjunto de todos los agentes representados en la Mesa del Centro<\/strong>. Este servicio <strong>se suma a otras iniciativas puestas en marcha para revitalizar el Centro<\/strong> como por ejemplo la rehabilitaci\u00f3n de solares, las ayudas para la regeneraci\u00f3n de viviendas, la Fira Modernista, la nueva iluminaci\u00f3n navide\u00f1a, la Biblioteca Infantil, el Parque del Tirisiti en La Glorieta, el Casal del Nadal o la segunda comisar\u00eda de la Polic\u00eda Nacional que se ubicar\u00e1 en la Placeta Les Xiques.<\/p>\n<p><iframe loading=\"lazy\" title=\"RP - Presentaci\u00f3 de la nova oficina de comer\u00e7 (09\/03\/2018)\" width=\"1200\" height=\"675\" src=\"https:\/\/www.youtube.com\/embed\/t3sx63v-iQo?feature=oembed\" frameborder=\"0\" allow=\"accelerometer; autoplay; encrypted-media; gyroscope; picture-in-picture\" allowfullscreen><\/iframe><\/p>\n","protected":false},"excerpt":{"rendered":"<p>El Ayuntamiento de Alcoy, a trav\u00e9s del \u00e1rea de Comercio,\u00a0ha llevado a cabo la rehabilitaci\u00f3n del local n\u00famero 38 de&#8230;<\/p>\n","protected":false},"author":1,"featured_media":0,"comment_status":"open","ping_status":"open","sticky":false,"template":"","format":"standard","meta":{"footnotes":""},"categories":[97,75,125],"tags":[1494,295,4506,1939,5324,681,2034],"class_list":["post-40008","post","type-post","status-publish","format-standard","hentry","category-alcoy","category-noticias","category-portada","tag-alcoy","tag-centro","tag-oficina-de-comercio","tag-revitalizacion","tag-sant-francesc","tag-toni-frances","tag-vanessa-molto"],"yoast_head":"<!-- This site is optimized with the Yoast SEO plugin v27.3 - https:\/\/yoast.com\/product\/yoast-seo-wordpress\/ -->\n<title>Abre sus puertas la nueva Oficina de Comercio de la calle San Francisco - COPE Alcoy<\/title>\n<meta name=\"robots\" content=\"index, follow, max-snippet:-1, max-image-preview:large, max-video-preview:-1\" \/>\n<link rel=\"canonical\" href=\"https:\/\/www.copealcoy.es\/es\/abre-sus-puertas-la-nueva-oficina-de-comercio-de-la-calle-san-francisco\/\" \/>\n<meta property=\"og:locale\" content=\"es_ES\" \/>\n<meta property=\"og:type\" content=\"article\" \/>\n<meta property=\"og:title\" content=\"Abre sus puertas la nueva Oficina de Comercio de la calle San Francisco - COPE Alcoy\" \/>\n<meta property=\"og:description\" content=\"El Ayuntamiento de Alcoy, a trav\u00e9s del \u00e1rea de Comercio,\u00a0ha llevado a cabo la rehabilitaci\u00f3n del local n\u00famero 38 de...\" \/>\n<meta property=\"og:url\" content=\"https:\/\/www.copealcoy.es\/es\/abre-sus-puertas-la-nueva-oficina-de-comercio-de-la-calle-san-francisco\/\" \/>\n<meta property=\"og:site_name\" content=\"COPE Alcoy\" \/>\n<meta property=\"article:published_time\" content=\"2018-03-09T16:46:01+00:00\" \/>\n<meta property=\"article:modified_time\" content=\"2018-03-23T20:29:49+00:00\" \/>\n<meta property=\"og:image\" content=\"https:\/\/www.copealcoy.es\/wp-content\/uploads\/2018\/03\/Oficina-de-Comer\u00e7-8-1024x683.jpg\" \/>\n\t<meta property=\"og:image:width\" content=\"1024\" \/>\n\t<meta property=\"og:image:height\" content=\"683\" \/>\n\t<meta property=\"og:image:type\" content=\"image\/jpeg\" \/>\n<meta name=\"author\" content=\"Cope Alcoy\" \/>\n<meta name=\"twitter:label1\" content=\"Escrito por\" \/>\n\t<meta name=\"twitter:data1\" content=\"Cope Alcoy\" \/>\n\t<meta name=\"twitter:label2\" content=\"Tiempo de lectura\" \/>\n\t<meta name=\"twitter:data2\" content=\"2 minutos\" \/>\n<script type=\"application\/ld+json\" class=\"yoast-schema-graph\">{\"@context\":\"https:\\\/\\\/schema.org\",\"@graph\":[{\"@type\":\"Article\",\"@id\":\"https:\\\/\\\/www.copealcoy.es\\\/es\\\/abre-sus-puertas-la-nueva-oficina-de-comercio-de-la-calle-san-francisco\\\/#article\",\"isPartOf\":{\"@id\":\"https:\\\/\\\/www.copealcoy.es\\\/es\\\/abre-sus-puertas-la-nueva-oficina-de-comercio-de-la-calle-san-francisco\\\/\"},\"author\":{\"name\":\"Cope Alcoy\",\"@id\":\"https:\\\/\\\/www.copealcoy.es\\\/es\\\/#\\\/schema\\\/person\\\/e777c87fa024e57d40170af9df39882c\"},\"headline\":\"Abre sus puertas la nueva Oficina de Comercio de la calle San Francisco\",\"datePublished\":\"2018-03-09T16:46:01+00:00\",\"dateModified\":\"2018-03-23T20:29:49+00:00\",\"mainEntityOfPage\":{\"@id\":\"https:\\\/\\\/www.copealcoy.es\\\/es\\\/abre-sus-puertas-la-nueva-oficina-de-comercio-de-la-calle-san-francisco\\\/\"},\"wordCount\":434,\"commentCount\":0,\"keywords\":[\"Alcoy\",\"Centro\",\"Oficina de Comercio\",\"Revitalizaci\u00f3n\",\"Sant Francesc\",\"Toni Franc\u00e9s\",\"Vanessa Molt\u00f3\"],\"articleSection\":[\"Alcoy\",\"Noticias\",\"Portada\"],\"inLanguage\":\"es\"},{\"@type\":\"WebPage\",\"@id\":\"https:\\\/\\\/www.copealcoy.es\\\/es\\\/abre-sus-puertas-la-nueva-oficina-de-comercio-de-la-calle-san-francisco\\\/\",\"url\":\"https:\\\/\\\/www.copealcoy.es\\\/es\\\/abre-sus-puertas-la-nueva-oficina-de-comercio-de-la-calle-san-francisco\\\/\",\"name\":\"Abre sus puertas la nueva Oficina de Comercio de la calle San Francisco - COPE Alcoy\",\"isPartOf\":{\"@id\":\"https:\\\/\\\/www.copealcoy.es\\\/es\\\/#website\"},\"datePublished\":\"2018-03-09T16:46:01+00:00\",\"dateModified\":\"2018-03-23T20:29:49+00:00\",\"author\":{\"@id\":\"https:\\\/\\\/www.copealcoy.es\\\/es\\\/#\\\/schema\\\/person\\\/e777c87fa024e57d40170af9df39882c\"},\"breadcrumb\":{\"@id\":\"https:\\\/\\\/www.copealcoy.es\\\/es\\\/abre-sus-puertas-la-nueva-oficina-de-comercio-de-la-calle-san-francisco\\\/#breadcrumb\"},\"inLanguage\":\"es\",\"potentialAction\":[{\"@type\":\"ReadAction\",\"target\":[\"https:\\\/\\\/www.copealcoy.es\\\/es\\\/abre-sus-puertas-la-nueva-oficina-de-comercio-de-la-calle-san-francisco\\\/\"]}]},{\"@type\":\"BreadcrumbList\",\"@id\":\"https:\\\/\\\/www.copealcoy.es\\\/es\\\/abre-sus-puertas-la-nueva-oficina-de-comercio-de-la-calle-san-francisco\\\/#breadcrumb\",\"itemListElement\":[{\"@type\":\"ListItem\",\"position\":1,\"name\":\"Portada\",\"item\":\"https:\\\/\\\/www.copealcoy.es\\\/es\\\/\"},{\"@type\":\"ListItem\",\"position\":2,\"name\":\"Abre sus puertas la nueva Oficina de Comercio de la calle San Francisco\"}]},{\"@type\":\"WebSite\",\"@id\":\"https:\\\/\\\/www.copealcoy.es\\\/es\\\/#website\",\"url\":\"https:\\\/\\\/www.copealcoy.es\\\/es\\\/\",\"name\":\"COPE Alcoy\",\"description\":\"Emisora COPE de radio local con emisi\u00f3n online. Pont de Sant Jordi 8-10 03803 Alcoy\",\"potentialAction\":[{\"@type\":\"SearchAction\",\"target\":{\"@type\":\"EntryPoint\",\"urlTemplate\":\"https:\\\/\\\/www.copealcoy.es\\\/es\\\/?s={search_term_string}\"},\"query-input\":{\"@type\":\"PropertyValueSpecification\",\"valueRequired\":true,\"valueName\":\"search_term_string\"}}],\"inLanguage\":\"es\"},{\"@type\":\"Person\",\"@id\":\"https:\\\/\\\/www.copealcoy.es\\\/es\\\/#\\\/schema\\\/person\\\/e777c87fa024e57d40170af9df39882c\",\"name\":\"Cope Alcoy\",\"image\":{\"@type\":\"ImageObject\",\"inLanguage\":\"es\",\"@id\":\"https:\\\/\\\/secure.gravatar.com\\\/avatar\\\/bb65d0283347e303893ba14f0692005417c1e0e690a325a4c5d8bb2b3943ee14?s=96&d=mm&r=g\",\"url\":\"https:\\\/\\\/secure.gravatar.com\\\/avatar\\\/bb65d0283347e303893ba14f0692005417c1e0e690a325a4c5d8bb2b3943ee14?s=96&d=mm&r=g\",\"contentUrl\":\"https:\\\/\\\/secure.gravatar.com\\\/avatar\\\/bb65d0283347e303893ba14f0692005417c1e0e690a325a4c5d8bb2b3943ee14?s=96&d=mm&r=g\",\"caption\":\"Cope Alcoy\"}}]}<\/script>\n<!-- \/ Yoast SEO plugin. -->","yoast_head_json":{"title":"Abre sus puertas la nueva Oficina de Comercio de la calle San Francisco - COPE Alcoy","robots":{"index":"index","follow":"follow","max-snippet":"max-snippet:-1","max-image-preview":"max-image-preview:large","max-video-preview":"max-video-preview:-1"},"canonical":"https:\/\/www.copealcoy.es\/es\/abre-sus-puertas-la-nueva-oficina-de-comercio-de-la-calle-san-francisco\/","og_locale":"es_ES","og_type":"article","og_title":"Abre sus puertas la nueva Oficina de Comercio de la calle San Francisco - COPE Alcoy","og_description":"El Ayuntamiento de Alcoy, a trav\u00e9s del \u00e1rea de Comercio,\u00a0ha llevado a cabo la rehabilitaci\u00f3n del local n\u00famero 38 de...","og_url":"https:\/\/www.copealcoy.es\/es\/abre-sus-puertas-la-nueva-oficina-de-comercio-de-la-calle-san-francisco\/","og_site_name":"COPE Alcoy","article_published_time":"2018-03-09T16:46:01+00:00","article_modified_time":"2018-03-23T20:29:49+00:00","og_image":[{"width":1024,"height":683,"url":"https:\/\/www.copealcoy.es\/wp-content\/uploads\/2018\/03\/Oficina-de-Comer\u00e7-8-1024x683.jpg","type":"image\/jpeg"}],"author":"Cope Alcoy","twitter_misc":{"Escrito por":"Cope Alcoy","Tiempo de lectura":"2 minutos"},"schema":{"@context":"https:\/\/schema.org","@graph":[{"@type":"Article","@id":"https:\/\/www.copealcoy.es\/es\/abre-sus-puertas-la-nueva-oficina-de-comercio-de-la-calle-san-francisco\/#article","isPartOf":{"@id":"https:\/\/www.copealcoy.es\/es\/abre-sus-puertas-la-nueva-oficina-de-comercio-de-la-calle-san-francisco\/"},"author":{"name":"Cope Alcoy","@id":"https:\/\/www.copealcoy.es\/es\/#\/schema\/person\/e777c87fa024e57d40170af9df39882c"},"headline":"Abre sus puertas la nueva Oficina de Comercio de la calle San Francisco","datePublished":"2018-03-09T16:46:01+00:00","dateModified":"2018-03-23T20:29:49+00:00","mainEntityOfPage":{"@id":"https:\/\/www.copealcoy.es\/es\/abre-sus-puertas-la-nueva-oficina-de-comercio-de-la-calle-san-francisco\/"},"wordCount":434,"commentCount":0,"keywords":["Alcoy","Centro","Oficina de Comercio","Revitalizaci\u00f3n","Sant Francesc","Toni Franc\u00e9s","Vanessa Molt\u00f3"],"articleSection":["Alcoy","Noticias","Portada"],"inLanguage":"es"},{"@type":"WebPage","@id":"https:\/\/www.copealcoy.es\/es\/abre-sus-puertas-la-nueva-oficina-de-comercio-de-la-calle-san-francisco\/","url":"https:\/\/www.copealcoy.es\/es\/abre-sus-puertas-la-nueva-oficina-de-comercio-de-la-calle-san-francisco\/","name":"Abre sus puertas la nueva Oficina de Comercio de la calle San Francisco - COPE Alcoy","isPartOf":{"@id":"https:\/\/www.copealcoy.es\/es\/#website"},"datePublished":"2018-03-09T16:46:01+00:00","dateModified":"2018-03-23T20:29:49+00:00","author":{"@id":"https:\/\/www.copealcoy.es\/es\/#\/schema\/person\/e777c87fa024e57d40170af9df39882c"},"breadcrumb":{"@id":"https:\/\/www.copealcoy.es\/es\/abre-sus-puertas-la-nueva-oficina-de-comercio-de-la-calle-san-francisco\/#breadcrumb"},"inLanguage":"es","potentialAction":[{"@type":"ReadAction","target":["https:\/\/www.copealcoy.es\/es\/abre-sus-puertas-la-nueva-oficina-de-comercio-de-la-calle-san-francisco\/"]}]},{"@type":"BreadcrumbList","@id":"https:\/\/www.copealcoy.es\/es\/abre-sus-puertas-la-nueva-oficina-de-comercio-de-la-calle-san-francisco\/#breadcrumb","itemListElement":[{"@type":"ListItem","position":1,"name":"Portada","item":"https:\/\/www.copealcoy.es\/es\/"},{"@type":"ListItem","position":2,"name":"Abre sus puertas la nueva Oficina de Comercio de la calle San Francisco"}]},{"@type":"WebSite","@id":"https:\/\/www.copealcoy.es\/es\/#website","url":"https:\/\/www.copealcoy.es\/es\/","name":"COPE Alcoy","description":"Emisora COPE de radio local con emisi\u00f3n online. Pont de Sant Jordi 8-10 03803 Alcoy","potentialAction":[{"@type":"SearchAction","target":{"@type":"EntryPoint","urlTemplate":"https:\/\/www.copealcoy.es\/es\/?s={search_term_string}"},"query-input":{"@type":"PropertyValueSpecification","valueRequired":true,"valueName":"search_term_string"}}],"inLanguage":"es"},{"@type":"Person","@id":"https:\/\/www.copealcoy.es\/es\/#\/schema\/person\/e777c87fa024e57d40170af9df39882c","name":"Cope Alcoy","image":{"@type":"ImageObject","inLanguage":"es","@id":"https:\/\/secure.gravatar.com\/avatar\/bb65d0283347e303893ba14f0692005417c1e0e690a325a4c5d8bb2b3943ee14?s=96&d=mm&r=g","url":"https:\/\/secure.gravatar.com\/avatar\/bb65d0283347e303893ba14f0692005417c1e0e690a325a4c5d8bb2b3943ee14?s=96&d=mm&r=g","contentUrl":"https:\/\/secure.gravatar.com\/avatar\/bb65d0283347e303893ba14f0692005417c1e0e690a325a4c5d8bb2b3943ee14?s=96&d=mm&r=g","caption":"Cope Alcoy"}}]}},"_links":{"self":[{"href":"https:\/\/www.copealcoy.es\/es\/wp-json\/wp\/v2\/posts\/40008","targetHints":{"allow":["GET"]}}],"collection":[{"href":"https:\/\/www.copealcoy.es\/es\/wp-json\/wp\/v2\/posts"}],"about":[{"href":"https:\/\/www.copealcoy.es\/es\/wp-json\/wp\/v2\/types\/post"}],"author":[{"embeddable":true,"href":"https:\/\/www.copealcoy.es\/es\/wp-json\/wp\/v2\/users\/1"}],"replies":[{"embeddable":true,"href":"https:\/\/www.copealcoy.es\/es\/wp-json\/wp\/v2\/comments?post=40008"}],"version-history":[{"count":0,"href":"https:\/\/www.copealcoy.es\/es\/wp-json\/wp\/v2\/posts\/40008\/revisions"}],"wp:attachment":[{"href":"https:\/\/www.copealcoy.es\/es\/wp-json\/wp\/v2\/media?parent=40008"}],"wp:term":[{"taxonomy":"category","embeddable":true,"href":"https:\/\/www.copealcoy.es\/es\/wp-json\/wp\/v2\/categories?post=40008"},{"taxonomy":"post_tag","embeddable":true,"href":"https:\/\/www.copealcoy.es\/es\/wp-json\/wp\/v2\/tags?post=40008"}],"curies":[{"name":"wp","href":"https:\/\/api.w.org\/{rel}","templated":true}]}}