{"id":39955,"date":"2018-03-08T16:07:26","date_gmt":"2018-03-08T16:07:26","guid":{"rendered":"http:\/\/copealcoi.es\/new\/?p=39955"},"modified":"2018-03-08T16:13:20","modified_gmt":"2018-03-08T16:13:20","slug":"alcoy-reivindica-en-la-calle-plena-igualdad-entre-mujeres-y-hombres","status":"publish","type":"post","link":"https:\/\/www.copealcoy.es\/es\/alcoy-reivindica-en-la-calle-plena-igualdad-entre-mujeres-y-hombres\/","title":{"rendered":"Alcoy reivindica en la calle plena igualdad entre mujeres y hombres"},"content":{"rendered":"<p style=\"text-align: justify;\">Alcoy <strong>ha salido a la calle en este 8 de marzo<\/strong> para conmemorar el<strong> D\u00eda Internacional de la Mujer Trabajadora<\/strong> y reclamar una <strong>plena igualdad<\/strong> entre mujeres y hombres.<\/p>\n<p style=\"text-align: justify;\">La Plaza de Espa\u00f1a ha acogido a mediod\u00eda <strong>una concentraci\u00f3n<\/strong> en la que se han dado cita <strong>m\u00e1s de 1.500 personas<\/strong>, la gran mayor\u00eda mujeres pero tambi\u00e9n numerosos hombres, para <strong>reclamar al Gobierno Central<\/strong> medidas que aboguen por frenar la discriminaci\u00f3n laboral, acabar con la brecha salarial o erradicar la violencia de g\u00e9nero. La actriz alcoyana <strong>Neus Agull\u00f3<\/strong> ha sido la encargada de <strong>dar lectura a un manifiesto reivindicativo<\/strong> en el que se ha instado a la unidad de las mujeres para avanzar en la lucha hacia conseguir unas pol\u00edticas efectivas que defiendan sus derechos y un futuro m\u00e1s igualitario. Tambi\u00e9n desde <strong>los Sindicatos CCOO y UGT han le\u00eddo un texto<\/strong> en el que reclamaban mayor igualdad de oportunidades y mujeres. Seguidamente <strong>una marea de color morado ha tomado gran parte de las calles de Alcoy<\/strong> en una <strong>&#8216;Volta als Ponts&#8217;<\/strong> que ha contado con una destacada participaci\u00f3n y que ha discurrido con total normalidad.<\/p>\n<p style=\"text-align: justify;\">En cuanto a la <strong>Huelga Feminista<\/strong> convocada para el d\u00eda de hoy, <strong>desde CCOO han asegurado que se ha secundado de forma amplia en el sector p\u00fablico<\/strong> en colectivos como el funcionariado, la sanidad o la educaci\u00f3n &#8220;<em>la movilizaci\u00f3n ha sido un \u00e9xito por la informaci\u00f3n que nos ha llegado de toda la comarca aunque no tenemos todav\u00eda cifras oficiales<\/em>&#8220;, ha indicado la Secretaria General del Sindicato, <strong>Manuela Pascual<\/strong>.<\/p>\n<p style=\"text-align: justify;\">Los actos del<strong> D\u00eda Internacional de la Mujer trabajadora <\/strong>seguir\u00e1n esta tarde con a las 19:30h con\u00a0un<strong> coloquio titulada \u2018Dona i M\u00fasica\u2019<\/strong>\u00a0en el que participar\u00e1n varias mujeres representando a las entidades musicales de la ciudad. A las 20.30 horas se llevar\u00e1 a cabo\u00a0<strong>la audici\u00f3n de la Orquesta del Conservatorio Joan Cant\u00f3 en la sala \u00c0gora<\/strong><strong>\u00a0<\/strong>y a la misma hora, en la cafeter\u00eda Casablanca,\u00a0actuar\u00e1 <strong>Semilla Negra<\/strong>.\u00a0La programaci\u00f3n del D\u00eda Internacional de la Mujer Trabajadora seguir\u00e1 el viernes a partir de las 21 horas con\u00a0<strong>un encuentro deportivo nocturno<\/strong>, el domingo mediante <strong>la ruta<\/strong> \u2018La Dona en la Societat Industrial Alcoiana\u2019, el jueves 15 con <strong>la mesa redonda \u2018Dona Treballadora\u2019<\/strong> y el martes 20 a trav\u00e9s de <strong>la charla<\/strong> \u2018Parlem de feminisme\u2019 que se desarrollar\u00e1 en el Club Unesco.<\/p>\n","protected":false},"excerpt":{"rendered":"<p>Alcoy ha salido a la calle en este 8 de marzo para conmemorar el D\u00eda Internacional de la Mujer Trabajadora&#8230;<\/p>\n","protected":false},"author":1,"featured_media":39956,"comment_status":"open","ping_status":"open","sticky":false,"template":"","format":"standard","meta":{"footnotes":""},"categories":[97,75,125],"tags":[1494,1516,3811,1018,2509,1941,1898],"class_list":["post-39955","post","type-post","status-publish","format-standard","has-post-thumbnail","hentry","category-alcoy","category-noticias","category-portada","tag-alcoy","tag-comisiones-obreras","tag-dia-internacional","tag-igualdad","tag-manuela-pascual","tag-mujer-trabajadora","tag-reivindicacion"],"yoast_head":"<!-- This site is optimized with the Yoast SEO plugin v27.3 - https:\/\/yoast.com\/product\/yoast-seo-wordpress\/ -->\n<title>Alcoy reivindica en la calle plena igualdad entre mujeres y hombres - COPE Alcoy<\/title>\n<meta name=\"robots\" content=\"index, follow, max-snippet:-1, max-image-preview:large, max-video-preview:-1\" \/>\n<link rel=\"canonical\" href=\"https:\/\/www.copealcoy.es\/es\/alcoy-reivindica-en-la-calle-plena-igualdad-entre-mujeres-y-hombres\/\" \/>\n<meta property=\"og:locale\" content=\"es_ES\" \/>\n<meta property=\"og:type\" content=\"article\" \/>\n<meta property=\"og:title\" content=\"Alcoy reivindica en la calle plena igualdad entre mujeres y hombres - COPE Alcoy\" \/>\n<meta property=\"og:description\" content=\"Alcoy ha salido a la calle en este 8 de marzo para conmemorar el D\u00eda Internacional de la Mujer Trabajadora...\" \/>\n<meta property=\"og:url\" content=\"https:\/\/www.copealcoy.es\/es\/alcoy-reivindica-en-la-calle-plena-igualdad-entre-mujeres-y-hombres\/\" \/>\n<meta property=\"og:site_name\" content=\"COPE Alcoy\" \/>\n<meta property=\"article:published_time\" content=\"2018-03-08T16:07:26+00:00\" \/>\n<meta property=\"article:modified_time\" content=\"2018-03-08T16:13:20+00:00\" \/>\n<meta property=\"og:image\" content=\"https:\/\/www.copealcoy.es\/wp-content\/uploads\/2018\/03\/28661032_2333454833347354_7695930659642015744_n-e1520524454610.jpg\" \/>\n\t<meta property=\"og:image:width\" content=\"960\" \/>\n\t<meta property=\"og:image:height\" content=\"559\" \/>\n\t<meta property=\"og:image:type\" content=\"image\/jpeg\" \/>\n<meta name=\"author\" content=\"Cope Alcoy\" \/>\n<meta name=\"twitter:label1\" content=\"Escrito por\" \/>\n\t<meta name=\"twitter:data1\" content=\"Cope Alcoy\" \/>\n\t<meta name=\"twitter:label2\" content=\"Tiempo de lectura\" \/>\n\t<meta name=\"twitter:data2\" content=\"2 minutos\" \/>\n<script type=\"application\/ld+json\" class=\"yoast-schema-graph\">{\"@context\":\"https:\\\/\\\/schema.org\",\"@graph\":[{\"@type\":\"Article\",\"@id\":\"https:\\\/\\\/www.copealcoy.es\\\/es\\\/alcoy-reivindica-en-la-calle-plena-igualdad-entre-mujeres-y-hombres\\\/#article\",\"isPartOf\":{\"@id\":\"https:\\\/\\\/www.copealcoy.es\\\/es\\\/alcoy-reivindica-en-la-calle-plena-igualdad-entre-mujeres-y-hombres\\\/\"},\"author\":{\"name\":\"Cope Alcoy\",\"@id\":\"https:\\\/\\\/www.copealcoy.es\\\/es\\\/#\\\/schema\\\/person\\\/e777c87fa024e57d40170af9df39882c\"},\"headline\":\"Alcoy reivindica en la calle plena igualdad entre mujeres y hombres\",\"datePublished\":\"2018-03-08T16:07:26+00:00\",\"dateModified\":\"2018-03-08T16:13:20+00:00\",\"mainEntityOfPage\":{\"@id\":\"https:\\\/\\\/www.copealcoy.es\\\/es\\\/alcoy-reivindica-en-la-calle-plena-igualdad-entre-mujeres-y-hombres\\\/\"},\"wordCount\":420,\"commentCount\":0,\"image\":{\"@id\":\"https:\\\/\\\/www.copealcoy.es\\\/es\\\/alcoy-reivindica-en-la-calle-plena-igualdad-entre-mujeres-y-hombres\\\/#primaryimage\"},\"thumbnailUrl\":\"https:\\\/\\\/www.copealcoy.es\\\/wp-content\\\/uploads\\\/2018\\\/03\\\/28661032_2333454833347354_7695930659642015744_n-e1520524454610.jpg\",\"keywords\":[\"Alcoy\",\"Comisiones Obreras\",\"D\u00eda Internacional\",\"Igualdad\",\"Manuela Pascual\",\"Mujer Trabajadora\",\"Reivindicaci\u00f3n\"],\"articleSection\":[\"Alcoy\",\"Noticias\",\"Portada\"],\"inLanguage\":\"es\"},{\"@type\":\"WebPage\",\"@id\":\"https:\\\/\\\/www.copealcoy.es\\\/es\\\/alcoy-reivindica-en-la-calle-plena-igualdad-entre-mujeres-y-hombres\\\/\",\"url\":\"https:\\\/\\\/www.copealcoy.es\\\/es\\\/alcoy-reivindica-en-la-calle-plena-igualdad-entre-mujeres-y-hombres\\\/\",\"name\":\"Alcoy reivindica en la calle plena igualdad entre mujeres y hombres - COPE Alcoy\",\"isPartOf\":{\"@id\":\"https:\\\/\\\/www.copealcoy.es\\\/es\\\/#website\"},\"primaryImageOfPage\":{\"@id\":\"https:\\\/\\\/www.copealcoy.es\\\/es\\\/alcoy-reivindica-en-la-calle-plena-igualdad-entre-mujeres-y-hombres\\\/#primaryimage\"},\"image\":{\"@id\":\"https:\\\/\\\/www.copealcoy.es\\\/es\\\/alcoy-reivindica-en-la-calle-plena-igualdad-entre-mujeres-y-hombres\\\/#primaryimage\"},\"thumbnailUrl\":\"https:\\\/\\\/www.copealcoy.es\\\/wp-content\\\/uploads\\\/2018\\\/03\\\/28661032_2333454833347354_7695930659642015744_n-e1520524454610.jpg\",\"datePublished\":\"2018-03-08T16:07:26+00:00\",\"dateModified\":\"2018-03-08T16:13:20+00:00\",\"author\":{\"@id\":\"https:\\\/\\\/www.copealcoy.es\\\/es\\\/#\\\/schema\\\/person\\\/e777c87fa024e57d40170af9df39882c\"},\"breadcrumb\":{\"@id\":\"https:\\\/\\\/www.copealcoy.es\\\/es\\\/alcoy-reivindica-en-la-calle-plena-igualdad-entre-mujeres-y-hombres\\\/#breadcrumb\"},\"inLanguage\":\"es\",\"potentialAction\":[{\"@type\":\"ReadAction\",\"target\":[\"https:\\\/\\\/www.copealcoy.es\\\/es\\\/alcoy-reivindica-en-la-calle-plena-igualdad-entre-mujeres-y-hombres\\\/\"]}]},{\"@type\":\"ImageObject\",\"inLanguage\":\"es\",\"@id\":\"https:\\\/\\\/www.copealcoy.es\\\/es\\\/alcoy-reivindica-en-la-calle-plena-igualdad-entre-mujeres-y-hombres\\\/#primaryimage\",\"url\":\"https:\\\/\\\/www.copealcoy.es\\\/wp-content\\\/uploads\\\/2018\\\/03\\\/28661032_2333454833347354_7695930659642015744_n-e1520524454610.jpg\",\"contentUrl\":\"https:\\\/\\\/www.copealcoy.es\\\/wp-content\\\/uploads\\\/2018\\\/03\\\/28661032_2333454833347354_7695930659642015744_n-e1520524454610.jpg\",\"width\":960,\"height\":559,\"caption\":\"M\u00e1s de 1.500 personas se han concentrado este jueves en la Plaza de Espa\u00f1a \\\/ Foto: Ajuntament d\u00b4Alcoi\"},{\"@type\":\"BreadcrumbList\",\"@id\":\"https:\\\/\\\/www.copealcoy.es\\\/es\\\/alcoy-reivindica-en-la-calle-plena-igualdad-entre-mujeres-y-hombres\\\/#breadcrumb\",\"itemListElement\":[{\"@type\":\"ListItem\",\"position\":1,\"name\":\"Portada\",\"item\":\"https:\\\/\\\/www.copealcoy.es\\\/es\\\/\"},{\"@type\":\"ListItem\",\"position\":2,\"name\":\"Alcoy reivindica en la calle plena igualdad entre mujeres y hombres\"}]},{\"@type\":\"WebSite\",\"@id\":\"https:\\\/\\\/www.copealcoy.es\\\/es\\\/#website\",\"url\":\"https:\\\/\\\/www.copealcoy.es\\\/es\\\/\",\"name\":\"COPE Alcoy\",\"description\":\"Emisora COPE de radio local con emisi\u00f3n online. Pont de Sant Jordi 8-10 03803 Alcoy\",\"potentialAction\":[{\"@type\":\"SearchAction\",\"target\":{\"@type\":\"EntryPoint\",\"urlTemplate\":\"https:\\\/\\\/www.copealcoy.es\\\/es\\\/?s={search_term_string}\"},\"query-input\":{\"@type\":\"PropertyValueSpecification\",\"valueRequired\":true,\"valueName\":\"search_term_string\"}}],\"inLanguage\":\"es\"},{\"@type\":\"Person\",\"@id\":\"https:\\\/\\\/www.copealcoy.es\\\/es\\\/#\\\/schema\\\/person\\\/e777c87fa024e57d40170af9df39882c\",\"name\":\"Cope Alcoy\",\"image\":{\"@type\":\"ImageObject\",\"inLanguage\":\"es\",\"@id\":\"https:\\\/\\\/secure.gravatar.com\\\/avatar\\\/bb65d0283347e303893ba14f0692005417c1e0e690a325a4c5d8bb2b3943ee14?s=96&d=mm&r=g\",\"url\":\"https:\\\/\\\/secure.gravatar.com\\\/avatar\\\/bb65d0283347e303893ba14f0692005417c1e0e690a325a4c5d8bb2b3943ee14?s=96&d=mm&r=g\",\"contentUrl\":\"https:\\\/\\\/secure.gravatar.com\\\/avatar\\\/bb65d0283347e303893ba14f0692005417c1e0e690a325a4c5d8bb2b3943ee14?s=96&d=mm&r=g\",\"caption\":\"Cope Alcoy\"}}]}<\/script>\n<!-- \/ Yoast SEO plugin. -->","yoast_head_json":{"title":"Alcoy reivindica en la calle plena igualdad entre mujeres y hombres - COPE Alcoy","robots":{"index":"index","follow":"follow","max-snippet":"max-snippet:-1","max-image-preview":"max-image-preview:large","max-video-preview":"max-video-preview:-1"},"canonical":"https:\/\/www.copealcoy.es\/es\/alcoy-reivindica-en-la-calle-plena-igualdad-entre-mujeres-y-hombres\/","og_locale":"es_ES","og_type":"article","og_title":"Alcoy reivindica en la calle plena igualdad entre mujeres y hombres - COPE Alcoy","og_description":"Alcoy ha salido a la calle en este 8 de marzo para conmemorar el D\u00eda Internacional de la Mujer Trabajadora...","og_url":"https:\/\/www.copealcoy.es\/es\/alcoy-reivindica-en-la-calle-plena-igualdad-entre-mujeres-y-hombres\/","og_site_name":"COPE Alcoy","article_published_time":"2018-03-08T16:07:26+00:00","article_modified_time":"2018-03-08T16:13:20+00:00","og_image":[{"width":960,"height":559,"url":"https:\/\/www.copealcoy.es\/wp-content\/uploads\/2018\/03\/28661032_2333454833347354_7695930659642015744_n-e1520524454610.jpg","type":"image\/jpeg"}],"author":"Cope Alcoy","twitter_misc":{"Escrito por":"Cope Alcoy","Tiempo de lectura":"2 minutos"},"schema":{"@context":"https:\/\/schema.org","@graph":[{"@type":"Article","@id":"https:\/\/www.copealcoy.es\/es\/alcoy-reivindica-en-la-calle-plena-igualdad-entre-mujeres-y-hombres\/#article","isPartOf":{"@id":"https:\/\/www.copealcoy.es\/es\/alcoy-reivindica-en-la-calle-plena-igualdad-entre-mujeres-y-hombres\/"},"author":{"name":"Cope Alcoy","@id":"https:\/\/www.copealcoy.es\/es\/#\/schema\/person\/e777c87fa024e57d40170af9df39882c"},"headline":"Alcoy reivindica en la calle plena igualdad entre mujeres y hombres","datePublished":"2018-03-08T16:07:26+00:00","dateModified":"2018-03-08T16:13:20+00:00","mainEntityOfPage":{"@id":"https:\/\/www.copealcoy.es\/es\/alcoy-reivindica-en-la-calle-plena-igualdad-entre-mujeres-y-hombres\/"},"wordCount":420,"commentCount":0,"image":{"@id":"https:\/\/www.copealcoy.es\/es\/alcoy-reivindica-en-la-calle-plena-igualdad-entre-mujeres-y-hombres\/#primaryimage"},"thumbnailUrl":"https:\/\/www.copealcoy.es\/wp-content\/uploads\/2018\/03\/28661032_2333454833347354_7695930659642015744_n-e1520524454610.jpg","keywords":["Alcoy","Comisiones Obreras","D\u00eda Internacional","Igualdad","Manuela Pascual","Mujer Trabajadora","Reivindicaci\u00f3n"],"articleSection":["Alcoy","Noticias","Portada"],"inLanguage":"es"},{"@type":"WebPage","@id":"https:\/\/www.copealcoy.es\/es\/alcoy-reivindica-en-la-calle-plena-igualdad-entre-mujeres-y-hombres\/","url":"https:\/\/www.copealcoy.es\/es\/alcoy-reivindica-en-la-calle-plena-igualdad-entre-mujeres-y-hombres\/","name":"Alcoy reivindica en la calle plena igualdad entre mujeres y hombres - COPE Alcoy","isPartOf":{"@id":"https:\/\/www.copealcoy.es\/es\/#website"},"primaryImageOfPage":{"@id":"https:\/\/www.copealcoy.es\/es\/alcoy-reivindica-en-la-calle-plena-igualdad-entre-mujeres-y-hombres\/#primaryimage"},"image":{"@id":"https:\/\/www.copealcoy.es\/es\/alcoy-reivindica-en-la-calle-plena-igualdad-entre-mujeres-y-hombres\/#primaryimage"},"thumbnailUrl":"https:\/\/www.copealcoy.es\/wp-content\/uploads\/2018\/03\/28661032_2333454833347354_7695930659642015744_n-e1520524454610.jpg","datePublished":"2018-03-08T16:07:26+00:00","dateModified":"2018-03-08T16:13:20+00:00","author":{"@id":"https:\/\/www.copealcoy.es\/es\/#\/schema\/person\/e777c87fa024e57d40170af9df39882c"},"breadcrumb":{"@id":"https:\/\/www.copealcoy.es\/es\/alcoy-reivindica-en-la-calle-plena-igualdad-entre-mujeres-y-hombres\/#breadcrumb"},"inLanguage":"es","potentialAction":[{"@type":"ReadAction","target":["https:\/\/www.copealcoy.es\/es\/alcoy-reivindica-en-la-calle-plena-igualdad-entre-mujeres-y-hombres\/"]}]},{"@type":"ImageObject","inLanguage":"es","@id":"https:\/\/www.copealcoy.es\/es\/alcoy-reivindica-en-la-calle-plena-igualdad-entre-mujeres-y-hombres\/#primaryimage","url":"https:\/\/www.copealcoy.es\/wp-content\/uploads\/2018\/03\/28661032_2333454833347354_7695930659642015744_n-e1520524454610.jpg","contentUrl":"https:\/\/www.copealcoy.es\/wp-content\/uploads\/2018\/03\/28661032_2333454833347354_7695930659642015744_n-e1520524454610.jpg","width":960,"height":559,"caption":"M\u00e1s de 1.500 personas se han concentrado este jueves en la Plaza de Espa\u00f1a \/ Foto: Ajuntament d\u00b4Alcoi"},{"@type":"BreadcrumbList","@id":"https:\/\/www.copealcoy.es\/es\/alcoy-reivindica-en-la-calle-plena-igualdad-entre-mujeres-y-hombres\/#breadcrumb","itemListElement":[{"@type":"ListItem","position":1,"name":"Portada","item":"https:\/\/www.copealcoy.es\/es\/"},{"@type":"ListItem","position":2,"name":"Alcoy reivindica en la calle plena igualdad entre mujeres y hombres"}]},{"@type":"WebSite","@id":"https:\/\/www.copealcoy.es\/es\/#website","url":"https:\/\/www.copealcoy.es\/es\/","name":"COPE Alcoy","description":"Emisora COPE de radio local con emisi\u00f3n online. Pont de Sant Jordi 8-10 03803 Alcoy","potentialAction":[{"@type":"SearchAction","target":{"@type":"EntryPoint","urlTemplate":"https:\/\/www.copealcoy.es\/es\/?s={search_term_string}"},"query-input":{"@type":"PropertyValueSpecification","valueRequired":true,"valueName":"search_term_string"}}],"inLanguage":"es"},{"@type":"Person","@id":"https:\/\/www.copealcoy.es\/es\/#\/schema\/person\/e777c87fa024e57d40170af9df39882c","name":"Cope Alcoy","image":{"@type":"ImageObject","inLanguage":"es","@id":"https:\/\/secure.gravatar.com\/avatar\/bb65d0283347e303893ba14f0692005417c1e0e690a325a4c5d8bb2b3943ee14?s=96&d=mm&r=g","url":"https:\/\/secure.gravatar.com\/avatar\/bb65d0283347e303893ba14f0692005417c1e0e690a325a4c5d8bb2b3943ee14?s=96&d=mm&r=g","contentUrl":"https:\/\/secure.gravatar.com\/avatar\/bb65d0283347e303893ba14f0692005417c1e0e690a325a4c5d8bb2b3943ee14?s=96&d=mm&r=g","caption":"Cope Alcoy"}}]}},"_links":{"self":[{"href":"https:\/\/www.copealcoy.es\/es\/wp-json\/wp\/v2\/posts\/39955","targetHints":{"allow":["GET"]}}],"collection":[{"href":"https:\/\/www.copealcoy.es\/es\/wp-json\/wp\/v2\/posts"}],"about":[{"href":"https:\/\/www.copealcoy.es\/es\/wp-json\/wp\/v2\/types\/post"}],"author":[{"embeddable":true,"href":"https:\/\/www.copealcoy.es\/es\/wp-json\/wp\/v2\/users\/1"}],"replies":[{"embeddable":true,"href":"https:\/\/www.copealcoy.es\/es\/wp-json\/wp\/v2\/comments?post=39955"}],"version-history":[{"count":0,"href":"https:\/\/www.copealcoy.es\/es\/wp-json\/wp\/v2\/posts\/39955\/revisions"}],"wp:featuredmedia":[{"embeddable":true,"href":"https:\/\/www.copealcoy.es\/es\/wp-json\/wp\/v2\/media\/39956"}],"wp:attachment":[{"href":"https:\/\/www.copealcoy.es\/es\/wp-json\/wp\/v2\/media?parent=39955"}],"wp:term":[{"taxonomy":"category","embeddable":true,"href":"https:\/\/www.copealcoy.es\/es\/wp-json\/wp\/v2\/categories?post=39955"},{"taxonomy":"post_tag","embeddable":true,"href":"https:\/\/www.copealcoy.es\/es\/wp-json\/wp\/v2\/tags?post=39955"}],"curies":[{"name":"wp","href":"https:\/\/api.w.org\/{rel}","templated":true}]}}