{"id":39910,"date":"2018-03-07T16:32:14","date_gmt":"2018-03-07T16:32:14","guid":{"rendered":"http:\/\/copealcoi.es\/new\/?p=39910"},"modified":"2018-03-09T20:21:21","modified_gmt":"2018-03-09T20:21:21","slug":"alumnos-de-las-esclavas-conocen-alcoy-de-la-mano-de-las-nuevas-tecnologias","status":"publish","type":"post","link":"https:\/\/www.copealcoy.es\/es\/alumnos-de-las-esclavas-conocen-alcoy-de-la-mano-de-las-nuevas-tecnologias\/","title":{"rendered":"Alumnos de Las Esclavas conocen Alcoy de la mano de las Nuevas Tecnolog\u00edas"},"content":{"rendered":"<p style=\"text-align: justify;\">El pasado lunes 5 de marzo <strong>los alumnos de 4\u00ba de Primaria de la Fundaci\u00f3n Educativa ACI &#8211; Colegio Esclavas SCJ de Alcoy<\/strong> participaron de <strong>#ALCada18<\/strong>, una original gymkhana que <strong>quiere animar a los ni\u00f1os<\/strong> a conocer su ciudad de la mano de las nuevas tecnolog\u00edas.<\/p>\n<p style=\"text-align: justify;\">Despu\u00e9s de trabajar a lo largo de la evaluaci\u00f3n <strong>mediante el proyecto del cine<\/strong> y gracias a la pel\u00edcula de los hermanos Lumiere, la industria alcoyana y su legado, el modernismo o el 125\u00ba aniversario del tren Alcoy-Gandia, <strong>los alumnos de 4\u00ba de Primaria salieron a la calle para ubicar con sus dispositivos tecnol\u00f3gicos<\/strong> (las tabletas digitales que utilizan en el aula) <strong>varios lugares determinados de la ciudad y responder a preguntas<\/strong> sobre el pasado de esos monumentos o edificios, su funci\u00f3n o lo m\u00e1s destacado. Despu\u00e9s todas las respuestas <strong>las compartieron en la red social Instagram<\/strong> bajo el hastag # ALCada18 y # WMCP18. (Https:\/\/www.instagram.com\/alcoianada\/)<\/p>\n<p style=\"text-align: justify;\">En esta actividad <strong>se trabajaron de manera interdisciplinar<\/strong> tanto las Ciencias de la Naturaleza, como la Educaci\u00f3n F\u00edsica, teniendo en cuenta tambi\u00e9n que el Valenciano ha sido la lengua que han empleado para contestar las preguntas as\u00ed como tambi\u00e9n consultar el material de investigaci\u00f3n. Se trata de <strong>una actividad con un ancho contenido educativo<\/strong>, en la que se trabajan muchas competencias diferentes. Por un lado, <strong>los ni\u00f1os han utilizado las ya conocidas nuevas tecnolog\u00edas<\/strong>, para geolocalizar el lugar y dise\u00f1ar una ruta. Han aprendido a<strong> trabajar en equipo<\/strong>, necesario para completar la gincana en el tiempo previsto. Y adem\u00e1s, <strong>han descubierto la ciudad y su pasado de una manera l\u00fadica<\/strong>.<\/p>\n<p style=\"text-align: justify;\">Esta es <strong>una experiencia basada en la Barcelonada 2.0<\/strong> desarrollada por la red LaceNet y que<strong> se hace en diferentes municipios<\/strong> como Tarragona, Igualada, Cinctorres, Castell\u00f3n, Manresa, Zaragoza o Valencia.<\/p>\n","protected":false},"excerpt":{"rendered":"<p>El pasado lunes 5 de marzo los alumnos de 4\u00ba de Primaria de la Fundaci\u00f3n Educativa ACI &#8211; Colegio Esclavas&#8230;<\/p>\n","protected":false},"author":1,"featured_media":39911,"comment_status":"open","ping_status":"open","sticky":false,"template":"","format":"standard","meta":{"footnotes":""},"categories":[900,75],"tags":[1494,1322,945,513],"class_list":["post-39910","post","type-post","status-publish","format-standard","has-post-thumbnail","hentry","category-educacion","category-noticias","tag-alcoy","tag-alumnos","tag-esclavas","tag-nuevas-tecnologias"],"yoast_head":"<!-- This site is optimized with the Yoast SEO plugin v27.3 - https:\/\/yoast.com\/product\/yoast-seo-wordpress\/ -->\n<title>Alumnos de Las Esclavas conocen Alcoy de la mano de las Nuevas Tecnolog\u00edas - COPE Alcoy<\/title>\n<meta name=\"robots\" content=\"index, follow, max-snippet:-1, max-image-preview:large, max-video-preview:-1\" \/>\n<link rel=\"canonical\" href=\"https:\/\/www.copealcoy.es\/es\/alumnos-de-las-esclavas-conocen-alcoy-de-la-mano-de-las-nuevas-tecnologias\/\" \/>\n<meta property=\"og:locale\" content=\"es_ES\" \/>\n<meta property=\"og:type\" content=\"article\" \/>\n<meta property=\"og:title\" content=\"Alumnos de Las Esclavas conocen Alcoy de la mano de las Nuevas Tecnolog\u00edas - COPE Alcoy\" \/>\n<meta property=\"og:description\" content=\"El pasado lunes 5 de marzo los alumnos de 4\u00ba de Primaria de la Fundaci\u00f3n Educativa ACI &#8211; Colegio Esclavas...\" \/>\n<meta property=\"og:url\" content=\"https:\/\/www.copealcoy.es\/es\/alumnos-de-las-esclavas-conocen-alcoy-de-la-mano-de-las-nuevas-tecnologias\/\" \/>\n<meta property=\"og:site_name\" content=\"COPE Alcoy\" \/>\n<meta property=\"article:published_time\" content=\"2018-03-07T16:32:14+00:00\" \/>\n<meta property=\"article:modified_time\" content=\"2018-03-09T20:21:21+00:00\" \/>\n<meta property=\"og:image\" content=\"https:\/\/www.copealcoy.es\/wp-content\/uploads\/2018\/03\/20180305_103641-1024x576.jpg\" \/>\n\t<meta property=\"og:image:width\" content=\"1024\" \/>\n\t<meta property=\"og:image:height\" content=\"576\" \/>\n\t<meta property=\"og:image:type\" content=\"image\/jpeg\" \/>\n<meta name=\"author\" content=\"Cope Alcoy\" \/>\n<meta name=\"twitter:label1\" content=\"Escrito por\" \/>\n\t<meta name=\"twitter:data1\" content=\"Cope Alcoy\" \/>\n\t<meta name=\"twitter:label2\" content=\"Tiempo de lectura\" \/>\n\t<meta name=\"twitter:data2\" content=\"2 minutos\" \/>\n<script type=\"application\/ld+json\" class=\"yoast-schema-graph\">{\"@context\":\"https:\\\/\\\/schema.org\",\"@graph\":[{\"@type\":\"Article\",\"@id\":\"https:\\\/\\\/www.copealcoy.es\\\/es\\\/alumnos-de-las-esclavas-conocen-alcoy-de-la-mano-de-las-nuevas-tecnologias\\\/#article\",\"isPartOf\":{\"@id\":\"https:\\\/\\\/www.copealcoy.es\\\/es\\\/alumnos-de-las-esclavas-conocen-alcoy-de-la-mano-de-las-nuevas-tecnologias\\\/\"},\"author\":{\"name\":\"Cope Alcoy\",\"@id\":\"https:\\\/\\\/www.copealcoy.es\\\/es\\\/#\\\/schema\\\/person\\\/e777c87fa024e57d40170af9df39882c\"},\"headline\":\"Alumnos de Las Esclavas conocen Alcoy de la mano de las Nuevas Tecnolog\u00edas\",\"datePublished\":\"2018-03-07T16:32:14+00:00\",\"dateModified\":\"2018-03-09T20:21:21+00:00\",\"mainEntityOfPage\":{\"@id\":\"https:\\\/\\\/www.copealcoy.es\\\/es\\\/alumnos-de-las-esclavas-conocen-alcoy-de-la-mano-de-las-nuevas-tecnologias\\\/\"},\"wordCount\":324,\"commentCount\":0,\"image\":{\"@id\":\"https:\\\/\\\/www.copealcoy.es\\\/es\\\/alumnos-de-las-esclavas-conocen-alcoy-de-la-mano-de-las-nuevas-tecnologias\\\/#primaryimage\"},\"thumbnailUrl\":\"https:\\\/\\\/www.copealcoy.es\\\/wp-content\\\/uploads\\\/2018\\\/03\\\/20180305_103641.jpg\",\"keywords\":[\"Alcoy\",\"alumnos\",\"Esclavas\",\"Nuevas Tecnolog\u00edas\"],\"articleSection\":[\"Educaci\u00f3n\",\"Noticias\"],\"inLanguage\":\"es\"},{\"@type\":\"WebPage\",\"@id\":\"https:\\\/\\\/www.copealcoy.es\\\/es\\\/alumnos-de-las-esclavas-conocen-alcoy-de-la-mano-de-las-nuevas-tecnologias\\\/\",\"url\":\"https:\\\/\\\/www.copealcoy.es\\\/es\\\/alumnos-de-las-esclavas-conocen-alcoy-de-la-mano-de-las-nuevas-tecnologias\\\/\",\"name\":\"Alumnos de Las Esclavas conocen Alcoy de la mano de las Nuevas Tecnolog\u00edas - COPE Alcoy\",\"isPartOf\":{\"@id\":\"https:\\\/\\\/www.copealcoy.es\\\/es\\\/#website\"},\"primaryImageOfPage\":{\"@id\":\"https:\\\/\\\/www.copealcoy.es\\\/es\\\/alumnos-de-las-esclavas-conocen-alcoy-de-la-mano-de-las-nuevas-tecnologias\\\/#primaryimage\"},\"image\":{\"@id\":\"https:\\\/\\\/www.copealcoy.es\\\/es\\\/alumnos-de-las-esclavas-conocen-alcoy-de-la-mano-de-las-nuevas-tecnologias\\\/#primaryimage\"},\"thumbnailUrl\":\"https:\\\/\\\/www.copealcoy.es\\\/wp-content\\\/uploads\\\/2018\\\/03\\\/20180305_103641.jpg\",\"datePublished\":\"2018-03-07T16:32:14+00:00\",\"dateModified\":\"2018-03-09T20:21:21+00:00\",\"author\":{\"@id\":\"https:\\\/\\\/www.copealcoy.es\\\/es\\\/#\\\/schema\\\/person\\\/e777c87fa024e57d40170af9df39882c\"},\"breadcrumb\":{\"@id\":\"https:\\\/\\\/www.copealcoy.es\\\/es\\\/alumnos-de-las-esclavas-conocen-alcoy-de-la-mano-de-las-nuevas-tecnologias\\\/#breadcrumb\"},\"inLanguage\":\"es\",\"potentialAction\":[{\"@type\":\"ReadAction\",\"target\":[\"https:\\\/\\\/www.copealcoy.es\\\/es\\\/alumnos-de-las-esclavas-conocen-alcoy-de-la-mano-de-las-nuevas-tecnologias\\\/\"]}]},{\"@type\":\"ImageObject\",\"inLanguage\":\"es\",\"@id\":\"https:\\\/\\\/www.copealcoy.es\\\/es\\\/alumnos-de-las-esclavas-conocen-alcoy-de-la-mano-de-las-nuevas-tecnologias\\\/#primaryimage\",\"url\":\"https:\\\/\\\/www.copealcoy.es\\\/wp-content\\\/uploads\\\/2018\\\/03\\\/20180305_103641.jpg\",\"contentUrl\":\"https:\\\/\\\/www.copealcoy.es\\\/wp-content\\\/uploads\\\/2018\\\/03\\\/20180305_103641.jpg\",\"width\":5312,\"height\":2988},{\"@type\":\"BreadcrumbList\",\"@id\":\"https:\\\/\\\/www.copealcoy.es\\\/es\\\/alumnos-de-las-esclavas-conocen-alcoy-de-la-mano-de-las-nuevas-tecnologias\\\/#breadcrumb\",\"itemListElement\":[{\"@type\":\"ListItem\",\"position\":1,\"name\":\"Portada\",\"item\":\"https:\\\/\\\/www.copealcoy.es\\\/es\\\/\"},{\"@type\":\"ListItem\",\"position\":2,\"name\":\"Alumnos de Las Esclavas conocen Alcoy de la mano de las Nuevas Tecnolog\u00edas\"}]},{\"@type\":\"WebSite\",\"@id\":\"https:\\\/\\\/www.copealcoy.es\\\/es\\\/#website\",\"url\":\"https:\\\/\\\/www.copealcoy.es\\\/es\\\/\",\"name\":\"COPE Alcoy\",\"description\":\"Emisora COPE de radio local con emisi\u00f3n online. Pont de Sant Jordi 8-10 03803 Alcoy\",\"potentialAction\":[{\"@type\":\"SearchAction\",\"target\":{\"@type\":\"EntryPoint\",\"urlTemplate\":\"https:\\\/\\\/www.copealcoy.es\\\/es\\\/?s={search_term_string}\"},\"query-input\":{\"@type\":\"PropertyValueSpecification\",\"valueRequired\":true,\"valueName\":\"search_term_string\"}}],\"inLanguage\":\"es\"},{\"@type\":\"Person\",\"@id\":\"https:\\\/\\\/www.copealcoy.es\\\/es\\\/#\\\/schema\\\/person\\\/e777c87fa024e57d40170af9df39882c\",\"name\":\"Cope Alcoy\",\"image\":{\"@type\":\"ImageObject\",\"inLanguage\":\"es\",\"@id\":\"https:\\\/\\\/secure.gravatar.com\\\/avatar\\\/bb65d0283347e303893ba14f0692005417c1e0e690a325a4c5d8bb2b3943ee14?s=96&d=mm&r=g\",\"url\":\"https:\\\/\\\/secure.gravatar.com\\\/avatar\\\/bb65d0283347e303893ba14f0692005417c1e0e690a325a4c5d8bb2b3943ee14?s=96&d=mm&r=g\",\"contentUrl\":\"https:\\\/\\\/secure.gravatar.com\\\/avatar\\\/bb65d0283347e303893ba14f0692005417c1e0e690a325a4c5d8bb2b3943ee14?s=96&d=mm&r=g\",\"caption\":\"Cope Alcoy\"}}]}<\/script>\n<!-- \/ Yoast SEO plugin. -->","yoast_head_json":{"title":"Alumnos de Las Esclavas conocen Alcoy de la mano de las Nuevas Tecnolog\u00edas - COPE Alcoy","robots":{"index":"index","follow":"follow","max-snippet":"max-snippet:-1","max-image-preview":"max-image-preview:large","max-video-preview":"max-video-preview:-1"},"canonical":"https:\/\/www.copealcoy.es\/es\/alumnos-de-las-esclavas-conocen-alcoy-de-la-mano-de-las-nuevas-tecnologias\/","og_locale":"es_ES","og_type":"article","og_title":"Alumnos de Las Esclavas conocen Alcoy de la mano de las Nuevas Tecnolog\u00edas - COPE Alcoy","og_description":"El pasado lunes 5 de marzo los alumnos de 4\u00ba de Primaria de la Fundaci\u00f3n Educativa ACI &#8211; Colegio Esclavas...","og_url":"https:\/\/www.copealcoy.es\/es\/alumnos-de-las-esclavas-conocen-alcoy-de-la-mano-de-las-nuevas-tecnologias\/","og_site_name":"COPE Alcoy","article_published_time":"2018-03-07T16:32:14+00:00","article_modified_time":"2018-03-09T20:21:21+00:00","og_image":[{"width":1024,"height":576,"url":"https:\/\/www.copealcoy.es\/wp-content\/uploads\/2018\/03\/20180305_103641-1024x576.jpg","type":"image\/jpeg"}],"author":"Cope Alcoy","twitter_misc":{"Escrito por":"Cope Alcoy","Tiempo de lectura":"2 minutos"},"schema":{"@context":"https:\/\/schema.org","@graph":[{"@type":"Article","@id":"https:\/\/www.copealcoy.es\/es\/alumnos-de-las-esclavas-conocen-alcoy-de-la-mano-de-las-nuevas-tecnologias\/#article","isPartOf":{"@id":"https:\/\/www.copealcoy.es\/es\/alumnos-de-las-esclavas-conocen-alcoy-de-la-mano-de-las-nuevas-tecnologias\/"},"author":{"name":"Cope Alcoy","@id":"https:\/\/www.copealcoy.es\/es\/#\/schema\/person\/e777c87fa024e57d40170af9df39882c"},"headline":"Alumnos de Las Esclavas conocen Alcoy de la mano de las Nuevas Tecnolog\u00edas","datePublished":"2018-03-07T16:32:14+00:00","dateModified":"2018-03-09T20:21:21+00:00","mainEntityOfPage":{"@id":"https:\/\/www.copealcoy.es\/es\/alumnos-de-las-esclavas-conocen-alcoy-de-la-mano-de-las-nuevas-tecnologias\/"},"wordCount":324,"commentCount":0,"image":{"@id":"https:\/\/www.copealcoy.es\/es\/alumnos-de-las-esclavas-conocen-alcoy-de-la-mano-de-las-nuevas-tecnologias\/#primaryimage"},"thumbnailUrl":"https:\/\/www.copealcoy.es\/wp-content\/uploads\/2018\/03\/20180305_103641.jpg","keywords":["Alcoy","alumnos","Esclavas","Nuevas Tecnolog\u00edas"],"articleSection":["Educaci\u00f3n","Noticias"],"inLanguage":"es"},{"@type":"WebPage","@id":"https:\/\/www.copealcoy.es\/es\/alumnos-de-las-esclavas-conocen-alcoy-de-la-mano-de-las-nuevas-tecnologias\/","url":"https:\/\/www.copealcoy.es\/es\/alumnos-de-las-esclavas-conocen-alcoy-de-la-mano-de-las-nuevas-tecnologias\/","name":"Alumnos de Las Esclavas conocen Alcoy de la mano de las Nuevas Tecnolog\u00edas - COPE Alcoy","isPartOf":{"@id":"https:\/\/www.copealcoy.es\/es\/#website"},"primaryImageOfPage":{"@id":"https:\/\/www.copealcoy.es\/es\/alumnos-de-las-esclavas-conocen-alcoy-de-la-mano-de-las-nuevas-tecnologias\/#primaryimage"},"image":{"@id":"https:\/\/www.copealcoy.es\/es\/alumnos-de-las-esclavas-conocen-alcoy-de-la-mano-de-las-nuevas-tecnologias\/#primaryimage"},"thumbnailUrl":"https:\/\/www.copealcoy.es\/wp-content\/uploads\/2018\/03\/20180305_103641.jpg","datePublished":"2018-03-07T16:32:14+00:00","dateModified":"2018-03-09T20:21:21+00:00","author":{"@id":"https:\/\/www.copealcoy.es\/es\/#\/schema\/person\/e777c87fa024e57d40170af9df39882c"},"breadcrumb":{"@id":"https:\/\/www.copealcoy.es\/es\/alumnos-de-las-esclavas-conocen-alcoy-de-la-mano-de-las-nuevas-tecnologias\/#breadcrumb"},"inLanguage":"es","potentialAction":[{"@type":"ReadAction","target":["https:\/\/www.copealcoy.es\/es\/alumnos-de-las-esclavas-conocen-alcoy-de-la-mano-de-las-nuevas-tecnologias\/"]}]},{"@type":"ImageObject","inLanguage":"es","@id":"https:\/\/www.copealcoy.es\/es\/alumnos-de-las-esclavas-conocen-alcoy-de-la-mano-de-las-nuevas-tecnologias\/#primaryimage","url":"https:\/\/www.copealcoy.es\/wp-content\/uploads\/2018\/03\/20180305_103641.jpg","contentUrl":"https:\/\/www.copealcoy.es\/wp-content\/uploads\/2018\/03\/20180305_103641.jpg","width":5312,"height":2988},{"@type":"BreadcrumbList","@id":"https:\/\/www.copealcoy.es\/es\/alumnos-de-las-esclavas-conocen-alcoy-de-la-mano-de-las-nuevas-tecnologias\/#breadcrumb","itemListElement":[{"@type":"ListItem","position":1,"name":"Portada","item":"https:\/\/www.copealcoy.es\/es\/"},{"@type":"ListItem","position":2,"name":"Alumnos de Las Esclavas conocen Alcoy de la mano de las Nuevas Tecnolog\u00edas"}]},{"@type":"WebSite","@id":"https:\/\/www.copealcoy.es\/es\/#website","url":"https:\/\/www.copealcoy.es\/es\/","name":"COPE Alcoy","description":"Emisora COPE de radio local con emisi\u00f3n online. Pont de Sant Jordi 8-10 03803 Alcoy","potentialAction":[{"@type":"SearchAction","target":{"@type":"EntryPoint","urlTemplate":"https:\/\/www.copealcoy.es\/es\/?s={search_term_string}"},"query-input":{"@type":"PropertyValueSpecification","valueRequired":true,"valueName":"search_term_string"}}],"inLanguage":"es"},{"@type":"Person","@id":"https:\/\/www.copealcoy.es\/es\/#\/schema\/person\/e777c87fa024e57d40170af9df39882c","name":"Cope Alcoy","image":{"@type":"ImageObject","inLanguage":"es","@id":"https:\/\/secure.gravatar.com\/avatar\/bb65d0283347e303893ba14f0692005417c1e0e690a325a4c5d8bb2b3943ee14?s=96&d=mm&r=g","url":"https:\/\/secure.gravatar.com\/avatar\/bb65d0283347e303893ba14f0692005417c1e0e690a325a4c5d8bb2b3943ee14?s=96&d=mm&r=g","contentUrl":"https:\/\/secure.gravatar.com\/avatar\/bb65d0283347e303893ba14f0692005417c1e0e690a325a4c5d8bb2b3943ee14?s=96&d=mm&r=g","caption":"Cope Alcoy"}}]}},"_links":{"self":[{"href":"https:\/\/www.copealcoy.es\/es\/wp-json\/wp\/v2\/posts\/39910","targetHints":{"allow":["GET"]}}],"collection":[{"href":"https:\/\/www.copealcoy.es\/es\/wp-json\/wp\/v2\/posts"}],"about":[{"href":"https:\/\/www.copealcoy.es\/es\/wp-json\/wp\/v2\/types\/post"}],"author":[{"embeddable":true,"href":"https:\/\/www.copealcoy.es\/es\/wp-json\/wp\/v2\/users\/1"}],"replies":[{"embeddable":true,"href":"https:\/\/www.copealcoy.es\/es\/wp-json\/wp\/v2\/comments?post=39910"}],"version-history":[{"count":0,"href":"https:\/\/www.copealcoy.es\/es\/wp-json\/wp\/v2\/posts\/39910\/revisions"}],"wp:featuredmedia":[{"embeddable":true,"href":"https:\/\/www.copealcoy.es\/es\/wp-json\/wp\/v2\/media\/39911"}],"wp:attachment":[{"href":"https:\/\/www.copealcoy.es\/es\/wp-json\/wp\/v2\/media?parent=39910"}],"wp:term":[{"taxonomy":"category","embeddable":true,"href":"https:\/\/www.copealcoy.es\/es\/wp-json\/wp\/v2\/categories?post=39910"},{"taxonomy":"post_tag","embeddable":true,"href":"https:\/\/www.copealcoy.es\/es\/wp-json\/wp\/v2\/tags?post=39910"}],"curies":[{"name":"wp","href":"https:\/\/api.w.org\/{rel}","templated":true}]}}