{"id":39905,"date":"2018-03-07T16:19:26","date_gmt":"2018-03-07T16:19:26","guid":{"rendered":"http:\/\/copealcoi.es\/new\/?p=39905"},"modified":"2018-03-07T16:26:28","modified_gmt":"2018-03-07T16:26:28","slug":"guanyar-asegura-que-el-carril-bici-de-zona-norte-incumple-el-plan-de-movilidad-de-alcoy","status":"publish","type":"post","link":"https:\/\/www.copealcoy.es\/es\/guanyar-asegura-que-el-carril-bici-de-zona-norte-incumple-el-plan-de-movilidad-de-alcoy\/","title":{"rendered":"Guanyar asegura que el carril bici de Zona Norte incumple el Plan de Movilidad de Alcoy"},"content":{"rendered":"<p style=\"text-align: justify;\">El Grupo Municipal de <strong>Guanyar Alcoi<\/strong> ha asegurado que<strong> el carril bici<\/strong> que se est\u00e1 habilitando en parte del barrio de la Zona Norte <strong>incumple el Plan de Movilidad\u00a0<\/strong>de la ciudad aprobado en marzo de 2015. La formaci\u00f3n pol\u00edtica destaca que en este documento <strong>se refleja por d\u00f3nde deben ir los carriles bicis<\/strong> &#8220;<em>el Gobierno Socialista de Antonio Franc\u00e9s lo ha incumplido por completo ya que\u00a0en el mismo no hay indicado ning\u00fan<\/em> carril bici<em> ni por la Avenida de Andaluc\u00eda ni por Fernando el Cat\u00f3lico<\/em>&#8220;, afirma <strong>Estefan\u00eda Blanes<\/strong>, portavoz de Guanyar.<\/p>\n<p style=\"text-align: justify;\">Blanes ha destacado la importancia de que Alcoy <strong>cuente con este tipo de infraestructuras<\/strong> y destaca que el Ejecutivo Local <strong>ha actuado en esta cuesti\u00f3n sin ning\u00fan tipo de planificaci\u00f3n<\/strong> &#8220;<em>para fomentar el uso de las bicicletas es necesario que las ciudades tengan una buena red de carril bici, as\u00ed como se contempla en el plan de movilidad para Alcoi de marzo de 2015 y por eso pedimos que todas las obras que se realicen en las v\u00edas p\u00fablicas tengan en cuenta este plan y se realicen acorde a \u00e9l<\/em>&#8220;, ha concluido.<\/p>\n<p style=\"text-align: justify;\"><strong>Cr\u00edticas tambi\u00e9n desde Comprom\u00eds<\/strong><\/p>\n<p style=\"text-align: justify;\">Desde Comprom\u00eds <strong>tambi\u00e9n se han mostrado cr\u00edticos con el trazado del carril bici<\/strong> de Alcoy. La formaci\u00f3n nacionalista considera que <strong>es prioritario avanzar hacia una movilidad sostenible<\/strong> y destacan que en la ciudad no se han tenido en cuenta en este proyecto<strong> cuestiones\u00a0<\/strong>como la promoci\u00f3n de su uso, las normas espec\u00edficas de circulaci\u00f3n o m\u00e1s zonas para aparcar las bicis cerca de los edificios, as\u00ed como espacios alternativos para estacionar los veh\u00edculos.<\/p>\n","protected":false},"excerpt":{"rendered":"<p>El Grupo Municipal de Guanyar Alcoi ha asegurado que el carril bici que se est\u00e1 habilitando en parte del barrio&#8230;<\/p>\n","protected":false},"author":1,"featured_media":39408,"comment_status":"open","ping_status":"open","sticky":false,"template":"","format":"standard","meta":{"footnotes":""},"categories":[97,75,79],"tags":[1494,5050,1881,1819,2283],"class_list":["post-39905","post","type-post","status-publish","format-standard","has-post-thumbnail","hentry","category-alcoy","category-noticias","category-politicayeconomia","tag-alcoy","tag-carril-bici","tag-estefania-blanes","tag-plan-de-movilidad","tag-zona-norte"],"yoast_head":"<!-- This site is optimized with the Yoast SEO plugin v27.3 - https:\/\/yoast.com\/product\/yoast-seo-wordpress\/ -->\n<title>Guanyar asegura que el carril bici de Zona Norte incumple el Plan de Movilidad de Alcoy - COPE Alcoy<\/title>\n<meta name=\"robots\" content=\"index, follow, max-snippet:-1, max-image-preview:large, max-video-preview:-1\" \/>\n<link rel=\"canonical\" href=\"https:\/\/www.copealcoy.es\/es\/guanyar-asegura-que-el-carril-bici-de-zona-norte-incumple-el-plan-de-movilidad-de-alcoy\/\" \/>\n<meta property=\"og:locale\" content=\"es_ES\" \/>\n<meta property=\"og:type\" content=\"article\" \/>\n<meta property=\"og:title\" content=\"Guanyar asegura que el carril bici de Zona Norte incumple el Plan de Movilidad de Alcoy - COPE Alcoy\" \/>\n<meta property=\"og:description\" content=\"El Grupo Municipal de Guanyar Alcoi ha asegurado que el carril bici que se est\u00e1 habilitando en parte del barrio...\" \/>\n<meta property=\"og:url\" content=\"https:\/\/www.copealcoy.es\/es\/guanyar-asegura-que-el-carril-bici-de-zona-norte-incumple-el-plan-de-movilidad-de-alcoy\/\" \/>\n<meta property=\"og:site_name\" content=\"COPE Alcoy\" \/>\n<meta property=\"article:published_time\" content=\"2018-03-07T16:19:26+00:00\" \/>\n<meta property=\"article:modified_time\" content=\"2018-03-07T16:26:28+00:00\" \/>\n<meta property=\"og:image\" content=\"https:\/\/www.copealcoy.es\/wp-content\/uploads\/2018\/02\/img_42278.jpg\" \/>\n\t<meta property=\"og:image:width\" content=\"670\" \/>\n\t<meta property=\"og:image:height\" content=\"377\" \/>\n\t<meta property=\"og:image:type\" content=\"image\/jpeg\" \/>\n<meta name=\"author\" content=\"Cope Alcoy\" \/>\n<meta name=\"twitter:label1\" content=\"Escrito por\" \/>\n\t<meta name=\"twitter:data1\" content=\"Cope Alcoy\" \/>\n\t<meta name=\"twitter:label2\" content=\"Tiempo de lectura\" \/>\n\t<meta name=\"twitter:data2\" content=\"1 minuto\" \/>\n<script type=\"application\/ld+json\" class=\"yoast-schema-graph\">{\"@context\":\"https:\\\/\\\/schema.org\",\"@graph\":[{\"@type\":\"Article\",\"@id\":\"https:\\\/\\\/www.copealcoy.es\\\/es\\\/guanyar-asegura-que-el-carril-bici-de-zona-norte-incumple-el-plan-de-movilidad-de-alcoy\\\/#article\",\"isPartOf\":{\"@id\":\"https:\\\/\\\/www.copealcoy.es\\\/es\\\/guanyar-asegura-que-el-carril-bici-de-zona-norte-incumple-el-plan-de-movilidad-de-alcoy\\\/\"},\"author\":{\"name\":\"Cope Alcoy\",\"@id\":\"https:\\\/\\\/www.copealcoy.es\\\/es\\\/#\\\/schema\\\/person\\\/e777c87fa024e57d40170af9df39882c\"},\"headline\":\"Guanyar asegura que el carril bici de Zona Norte incumple el Plan de Movilidad de Alcoy\",\"datePublished\":\"2018-03-07T16:19:26+00:00\",\"dateModified\":\"2018-03-07T16:26:28+00:00\",\"mainEntityOfPage\":{\"@id\":\"https:\\\/\\\/www.copealcoy.es\\\/es\\\/guanyar-asegura-que-el-carril-bici-de-zona-norte-incumple-el-plan-de-movilidad-de-alcoy\\\/\"},\"wordCount\":301,\"commentCount\":0,\"image\":{\"@id\":\"https:\\\/\\\/www.copealcoy.es\\\/es\\\/guanyar-asegura-que-el-carril-bici-de-zona-norte-incumple-el-plan-de-movilidad-de-alcoy\\\/#primaryimage\"},\"thumbnailUrl\":\"https:\\\/\\\/www.copealcoy.es\\\/wp-content\\\/uploads\\\/2018\\\/02\\\/img_42278.jpg\",\"keywords\":[\"Alcoy\",\"carril bici\",\"Estefan\u00eda Blanes\",\"Plan de Movilidad\",\"Zona Norte\"],\"articleSection\":[\"Alcoy\",\"Noticias\",\"Pol\u00edtica y Econom\u00eda\"],\"inLanguage\":\"es\"},{\"@type\":\"WebPage\",\"@id\":\"https:\\\/\\\/www.copealcoy.es\\\/es\\\/guanyar-asegura-que-el-carril-bici-de-zona-norte-incumple-el-plan-de-movilidad-de-alcoy\\\/\",\"url\":\"https:\\\/\\\/www.copealcoy.es\\\/es\\\/guanyar-asegura-que-el-carril-bici-de-zona-norte-incumple-el-plan-de-movilidad-de-alcoy\\\/\",\"name\":\"Guanyar asegura que el carril bici de Zona Norte incumple el Plan de Movilidad de Alcoy - COPE Alcoy\",\"isPartOf\":{\"@id\":\"https:\\\/\\\/www.copealcoy.es\\\/es\\\/#website\"},\"primaryImageOfPage\":{\"@id\":\"https:\\\/\\\/www.copealcoy.es\\\/es\\\/guanyar-asegura-que-el-carril-bici-de-zona-norte-incumple-el-plan-de-movilidad-de-alcoy\\\/#primaryimage\"},\"image\":{\"@id\":\"https:\\\/\\\/www.copealcoy.es\\\/es\\\/guanyar-asegura-que-el-carril-bici-de-zona-norte-incumple-el-plan-de-movilidad-de-alcoy\\\/#primaryimage\"},\"thumbnailUrl\":\"https:\\\/\\\/www.copealcoy.es\\\/wp-content\\\/uploads\\\/2018\\\/02\\\/img_42278.jpg\",\"datePublished\":\"2018-03-07T16:19:26+00:00\",\"dateModified\":\"2018-03-07T16:26:28+00:00\",\"author\":{\"@id\":\"https:\\\/\\\/www.copealcoy.es\\\/es\\\/#\\\/schema\\\/person\\\/e777c87fa024e57d40170af9df39882c\"},\"breadcrumb\":{\"@id\":\"https:\\\/\\\/www.copealcoy.es\\\/es\\\/guanyar-asegura-que-el-carril-bici-de-zona-norte-incumple-el-plan-de-movilidad-de-alcoy\\\/#breadcrumb\"},\"inLanguage\":\"es\",\"potentialAction\":[{\"@type\":\"ReadAction\",\"target\":[\"https:\\\/\\\/www.copealcoy.es\\\/es\\\/guanyar-asegura-que-el-carril-bici-de-zona-norte-incumple-el-plan-de-movilidad-de-alcoy\\\/\"]}]},{\"@type\":\"ImageObject\",\"inLanguage\":\"es\",\"@id\":\"https:\\\/\\\/www.copealcoy.es\\\/es\\\/guanyar-asegura-que-el-carril-bici-de-zona-norte-incumple-el-plan-de-movilidad-de-alcoy\\\/#primaryimage\",\"url\":\"https:\\\/\\\/www.copealcoy.es\\\/wp-content\\\/uploads\\\/2018\\\/02\\\/img_42278.jpg\",\"contentUrl\":\"https:\\\/\\\/www.copealcoy.es\\\/wp-content\\\/uploads\\\/2018\\\/02\\\/img_42278.jpg\",\"width\":670,\"height\":377},{\"@type\":\"BreadcrumbList\",\"@id\":\"https:\\\/\\\/www.copealcoy.es\\\/es\\\/guanyar-asegura-que-el-carril-bici-de-zona-norte-incumple-el-plan-de-movilidad-de-alcoy\\\/#breadcrumb\",\"itemListElement\":[{\"@type\":\"ListItem\",\"position\":1,\"name\":\"Portada\",\"item\":\"https:\\\/\\\/www.copealcoy.es\\\/es\\\/\"},{\"@type\":\"ListItem\",\"position\":2,\"name\":\"Guanyar asegura que el carril bici de Zona Norte incumple el Plan de Movilidad de Alcoy\"}]},{\"@type\":\"WebSite\",\"@id\":\"https:\\\/\\\/www.copealcoy.es\\\/es\\\/#website\",\"url\":\"https:\\\/\\\/www.copealcoy.es\\\/es\\\/\",\"name\":\"COPE Alcoy\",\"description\":\"Emisora COPE de radio local con emisi\u00f3n online. Pont de Sant Jordi 8-10 03803 Alcoy\",\"potentialAction\":[{\"@type\":\"SearchAction\",\"target\":{\"@type\":\"EntryPoint\",\"urlTemplate\":\"https:\\\/\\\/www.copealcoy.es\\\/es\\\/?s={search_term_string}\"},\"query-input\":{\"@type\":\"PropertyValueSpecification\",\"valueRequired\":true,\"valueName\":\"search_term_string\"}}],\"inLanguage\":\"es\"},{\"@type\":\"Person\",\"@id\":\"https:\\\/\\\/www.copealcoy.es\\\/es\\\/#\\\/schema\\\/person\\\/e777c87fa024e57d40170af9df39882c\",\"name\":\"Cope Alcoy\",\"image\":{\"@type\":\"ImageObject\",\"inLanguage\":\"es\",\"@id\":\"https:\\\/\\\/secure.gravatar.com\\\/avatar\\\/bb65d0283347e303893ba14f0692005417c1e0e690a325a4c5d8bb2b3943ee14?s=96&d=mm&r=g\",\"url\":\"https:\\\/\\\/secure.gravatar.com\\\/avatar\\\/bb65d0283347e303893ba14f0692005417c1e0e690a325a4c5d8bb2b3943ee14?s=96&d=mm&r=g\",\"contentUrl\":\"https:\\\/\\\/secure.gravatar.com\\\/avatar\\\/bb65d0283347e303893ba14f0692005417c1e0e690a325a4c5d8bb2b3943ee14?s=96&d=mm&r=g\",\"caption\":\"Cope Alcoy\"}}]}<\/script>\n<!-- \/ Yoast SEO plugin. -->","yoast_head_json":{"title":"Guanyar asegura que el carril bici de Zona Norte incumple el Plan de Movilidad de Alcoy - COPE Alcoy","robots":{"index":"index","follow":"follow","max-snippet":"max-snippet:-1","max-image-preview":"max-image-preview:large","max-video-preview":"max-video-preview:-1"},"canonical":"https:\/\/www.copealcoy.es\/es\/guanyar-asegura-que-el-carril-bici-de-zona-norte-incumple-el-plan-de-movilidad-de-alcoy\/","og_locale":"es_ES","og_type":"article","og_title":"Guanyar asegura que el carril bici de Zona Norte incumple el Plan de Movilidad de Alcoy - COPE Alcoy","og_description":"El Grupo Municipal de Guanyar Alcoi ha asegurado que el carril bici que se est\u00e1 habilitando en parte del barrio...","og_url":"https:\/\/www.copealcoy.es\/es\/guanyar-asegura-que-el-carril-bici-de-zona-norte-incumple-el-plan-de-movilidad-de-alcoy\/","og_site_name":"COPE Alcoy","article_published_time":"2018-03-07T16:19:26+00:00","article_modified_time":"2018-03-07T16:26:28+00:00","og_image":[{"width":670,"height":377,"url":"https:\/\/www.copealcoy.es\/wp-content\/uploads\/2018\/02\/img_42278.jpg","type":"image\/jpeg"}],"author":"Cope Alcoy","twitter_misc":{"Escrito por":"Cope Alcoy","Tiempo de lectura":"1 minuto"},"schema":{"@context":"https:\/\/schema.org","@graph":[{"@type":"Article","@id":"https:\/\/www.copealcoy.es\/es\/guanyar-asegura-que-el-carril-bici-de-zona-norte-incumple-el-plan-de-movilidad-de-alcoy\/#article","isPartOf":{"@id":"https:\/\/www.copealcoy.es\/es\/guanyar-asegura-que-el-carril-bici-de-zona-norte-incumple-el-plan-de-movilidad-de-alcoy\/"},"author":{"name":"Cope Alcoy","@id":"https:\/\/www.copealcoy.es\/es\/#\/schema\/person\/e777c87fa024e57d40170af9df39882c"},"headline":"Guanyar asegura que el carril bici de Zona Norte incumple el Plan de Movilidad de Alcoy","datePublished":"2018-03-07T16:19:26+00:00","dateModified":"2018-03-07T16:26:28+00:00","mainEntityOfPage":{"@id":"https:\/\/www.copealcoy.es\/es\/guanyar-asegura-que-el-carril-bici-de-zona-norte-incumple-el-plan-de-movilidad-de-alcoy\/"},"wordCount":301,"commentCount":0,"image":{"@id":"https:\/\/www.copealcoy.es\/es\/guanyar-asegura-que-el-carril-bici-de-zona-norte-incumple-el-plan-de-movilidad-de-alcoy\/#primaryimage"},"thumbnailUrl":"https:\/\/www.copealcoy.es\/wp-content\/uploads\/2018\/02\/img_42278.jpg","keywords":["Alcoy","carril bici","Estefan\u00eda Blanes","Plan de Movilidad","Zona Norte"],"articleSection":["Alcoy","Noticias","Pol\u00edtica y Econom\u00eda"],"inLanguage":"es"},{"@type":"WebPage","@id":"https:\/\/www.copealcoy.es\/es\/guanyar-asegura-que-el-carril-bici-de-zona-norte-incumple-el-plan-de-movilidad-de-alcoy\/","url":"https:\/\/www.copealcoy.es\/es\/guanyar-asegura-que-el-carril-bici-de-zona-norte-incumple-el-plan-de-movilidad-de-alcoy\/","name":"Guanyar asegura que el carril bici de Zona Norte incumple el Plan de Movilidad de Alcoy - COPE Alcoy","isPartOf":{"@id":"https:\/\/www.copealcoy.es\/es\/#website"},"primaryImageOfPage":{"@id":"https:\/\/www.copealcoy.es\/es\/guanyar-asegura-que-el-carril-bici-de-zona-norte-incumple-el-plan-de-movilidad-de-alcoy\/#primaryimage"},"image":{"@id":"https:\/\/www.copealcoy.es\/es\/guanyar-asegura-que-el-carril-bici-de-zona-norte-incumple-el-plan-de-movilidad-de-alcoy\/#primaryimage"},"thumbnailUrl":"https:\/\/www.copealcoy.es\/wp-content\/uploads\/2018\/02\/img_42278.jpg","datePublished":"2018-03-07T16:19:26+00:00","dateModified":"2018-03-07T16:26:28+00:00","author":{"@id":"https:\/\/www.copealcoy.es\/es\/#\/schema\/person\/e777c87fa024e57d40170af9df39882c"},"breadcrumb":{"@id":"https:\/\/www.copealcoy.es\/es\/guanyar-asegura-que-el-carril-bici-de-zona-norte-incumple-el-plan-de-movilidad-de-alcoy\/#breadcrumb"},"inLanguage":"es","potentialAction":[{"@type":"ReadAction","target":["https:\/\/www.copealcoy.es\/es\/guanyar-asegura-que-el-carril-bici-de-zona-norte-incumple-el-plan-de-movilidad-de-alcoy\/"]}]},{"@type":"ImageObject","inLanguage":"es","@id":"https:\/\/www.copealcoy.es\/es\/guanyar-asegura-que-el-carril-bici-de-zona-norte-incumple-el-plan-de-movilidad-de-alcoy\/#primaryimage","url":"https:\/\/www.copealcoy.es\/wp-content\/uploads\/2018\/02\/img_42278.jpg","contentUrl":"https:\/\/www.copealcoy.es\/wp-content\/uploads\/2018\/02\/img_42278.jpg","width":670,"height":377},{"@type":"BreadcrumbList","@id":"https:\/\/www.copealcoy.es\/es\/guanyar-asegura-que-el-carril-bici-de-zona-norte-incumple-el-plan-de-movilidad-de-alcoy\/#breadcrumb","itemListElement":[{"@type":"ListItem","position":1,"name":"Portada","item":"https:\/\/www.copealcoy.es\/es\/"},{"@type":"ListItem","position":2,"name":"Guanyar asegura que el carril bici de Zona Norte incumple el Plan de Movilidad de Alcoy"}]},{"@type":"WebSite","@id":"https:\/\/www.copealcoy.es\/es\/#website","url":"https:\/\/www.copealcoy.es\/es\/","name":"COPE Alcoy","description":"Emisora COPE de radio local con emisi\u00f3n online. Pont de Sant Jordi 8-10 03803 Alcoy","potentialAction":[{"@type":"SearchAction","target":{"@type":"EntryPoint","urlTemplate":"https:\/\/www.copealcoy.es\/es\/?s={search_term_string}"},"query-input":{"@type":"PropertyValueSpecification","valueRequired":true,"valueName":"search_term_string"}}],"inLanguage":"es"},{"@type":"Person","@id":"https:\/\/www.copealcoy.es\/es\/#\/schema\/person\/e777c87fa024e57d40170af9df39882c","name":"Cope Alcoy","image":{"@type":"ImageObject","inLanguage":"es","@id":"https:\/\/secure.gravatar.com\/avatar\/bb65d0283347e303893ba14f0692005417c1e0e690a325a4c5d8bb2b3943ee14?s=96&d=mm&r=g","url":"https:\/\/secure.gravatar.com\/avatar\/bb65d0283347e303893ba14f0692005417c1e0e690a325a4c5d8bb2b3943ee14?s=96&d=mm&r=g","contentUrl":"https:\/\/secure.gravatar.com\/avatar\/bb65d0283347e303893ba14f0692005417c1e0e690a325a4c5d8bb2b3943ee14?s=96&d=mm&r=g","caption":"Cope Alcoy"}}]}},"_links":{"self":[{"href":"https:\/\/www.copealcoy.es\/es\/wp-json\/wp\/v2\/posts\/39905","targetHints":{"allow":["GET"]}}],"collection":[{"href":"https:\/\/www.copealcoy.es\/es\/wp-json\/wp\/v2\/posts"}],"about":[{"href":"https:\/\/www.copealcoy.es\/es\/wp-json\/wp\/v2\/types\/post"}],"author":[{"embeddable":true,"href":"https:\/\/www.copealcoy.es\/es\/wp-json\/wp\/v2\/users\/1"}],"replies":[{"embeddable":true,"href":"https:\/\/www.copealcoy.es\/es\/wp-json\/wp\/v2\/comments?post=39905"}],"version-history":[{"count":0,"href":"https:\/\/www.copealcoy.es\/es\/wp-json\/wp\/v2\/posts\/39905\/revisions"}],"wp:featuredmedia":[{"embeddable":true,"href":"https:\/\/www.copealcoy.es\/es\/wp-json\/wp\/v2\/media\/39408"}],"wp:attachment":[{"href":"https:\/\/www.copealcoy.es\/es\/wp-json\/wp\/v2\/media?parent=39905"}],"wp:term":[{"taxonomy":"category","embeddable":true,"href":"https:\/\/www.copealcoy.es\/es\/wp-json\/wp\/v2\/categories?post=39905"},{"taxonomy":"post_tag","embeddable":true,"href":"https:\/\/www.copealcoy.es\/es\/wp-json\/wp\/v2\/tags?post=39905"}],"curies":[{"name":"wp","href":"https:\/\/api.w.org\/{rel}","templated":true}]}}