{"id":39889,"date":"2018-03-06T13:54:18","date_gmt":"2018-03-06T13:54:18","guid":{"rendered":"http:\/\/copealcoi.es\/new\/?p=39889"},"modified":"2018-03-06T16:04:47","modified_gmt":"2018-03-06T16:04:47","slug":"muro-contara-con-una-nueva-ordenanza-de-convivencia","status":"publish","type":"post","link":"https:\/\/www.copealcoy.es\/es\/muro-contara-con-una-nueva-ordenanza-de-convivencia\/","title":{"rendered":"Muro contar\u00e1 con una nueva Ordenanza de Convivencia"},"content":{"rendered":"<p style=\"text-align: justify;\">El <strong>Pleno del Ayuntamiento de Muro<\/strong> aprob\u00f3 el pasado mes de febrero la nueva <strong>Ordenanza de Convivencia <\/strong>del municipio con los <strong>votos a favor<\/strong> de <strong>Comprom\u00eds y Esquerra Unida<\/strong> mientras que el <strong>Partido Popular y el Partido Socialista se abstuvieron<\/strong>.<\/p>\n<p style=\"text-align: justify;\">La alcaldesa de Muro, <strong>Jacquel\u00edn Cerd\u00e0<\/strong>, explic\u00f3 que esta Ordenanza busca <strong>regular los comportamientos c\u00edvicos en la v\u00eda p\u00fablica<\/strong> al mismo tiempo que destac\u00f3 que<strong> urg\u00eda la actualizaci\u00f3n de la misma<\/strong> a las necesidades actuales \u201c<em>la que hemos tenido hasta ahora estaba dispersa y detect\u00e1bamos falta de herramientas para poner fin a algunas conductas poco adecuadas. Con esta nueva Ordenanza tambi\u00e9n se conseguir\u00e1 descongestionar el departamento de secretar\u00eda que es el que controla los expedientes<\/em>\u201d, apunt\u00f3. Durante el debate el portavoz del <strong>Partido Popular<\/strong>, <strong>\u00c1ngel Moll\u00e0<\/strong>, argument\u00f3 la abstenci\u00f3n de su partido se\u00f1alando que <strong>en la Ordenanza aparece en 65 veces la palabra prohibici\u00f3n y en 109 el vocablo sanci\u00f3n<\/strong> \u201c<em>m\u00e1s que una Ordenanza de Convivencia es una ordenanza mordaza que tiene un r\u00e9gimen sancionador desproporcionado en muchos aspectos<\/em>\u201d, dijo. Desde el <strong>PSOE<\/strong> el portavoz <strong>Pep Baeza<\/strong> aclar\u00f3 tambi\u00e9n la abstenci\u00f3n del voto socialista se\u00f1alando que <strong>no hab\u00edan recibido la informaci\u00f3n de esta nueva Ordenanza de Convivencia con suficiente antelaci\u00f3n<\/strong> para trabajar con detalle todos sus aspectos \u201c<em>podr\u00edamos haber alcanzado un consenso entre todos y al final estamos ante una Ordenanza del Equipo de Gobierno. Antes de reflejar tantas prohibiciones creemos que hubiese sido m\u00e1s conveniente impulsar medidas educativas para reorientar las conductas inc\u00edvicas<\/em>\u201d, matiz\u00f3. Desde <strong>Esquerra Unida<\/strong> destacaron que<strong> esta normativa permitir\u00e1 regular nuevas acciones<\/strong> que hasta el momento no estaban contempladas en la misma, un hecho que hab\u00eda provocado quejas de la ciudadan\u00eda y de varios colectivos \u201c<em>a trav\u00e9s de las \u00e1reas de Educaci\u00f3n, Participaci\u00f3n Ciudadana y Juventud vamos a trabajar para promover iniciativas que busquen concienciar a la gente en el respeto hacia la sociedad que nos envuelve<\/em>\u201d, apostill\u00f3 <strong>Francesc Valls<\/strong>. Por \u00faltimo desde <strong>Comprom\u00eds<\/strong> tambi\u00e9n <strong>apelaron a la demanda que exist\u00eda en la poblaci\u00f3n<\/strong> para <strong>adaptar la Ordenanza a las exigencias de ahora<\/strong> \u201c<em>es una herramienta \u00fatil que nos ayudar\u00e1 a ordenar muchas de las conductas que son impropias<\/em>\u201d, concluy\u00f3 la portavoz, <strong>Carol Iv\u00e0\u00f1ez<\/strong>.<\/p>\n<p style=\"text-align: justify;\">En la sesi\u00f3n plenaria todas las formaciones pol\u00edticas <strong>respaldaron por unanimidad las propuestas de mejora de los colegios<\/strong> planteadas por el Ayuntamiento para ser incluidas en el Plan \u2018Edificant\u2019 del Consell.<\/p>\n","protected":false},"excerpt":{"rendered":"<p>El Pleno del Ayuntamiento de Muro aprob\u00f3 el pasado mes de febrero la nueva Ordenanza de Convivencia del municipio con&#8230;<\/p>\n","protected":false},"author":1,"featured_media":33570,"comment_status":"open","ping_status":"open","sticky":false,"template":"","format":"standard","meta":{"footnotes":""},"categories":[98,75],"tags":[229,237,4069,135,183,322],"class_list":["post-39889","post","type-post","status-publish","format-standard","has-post-thumbnail","hentry","category-comarcas","category-noticias","tag-ayuntamiento","tag-comtat","tag-convivencia","tag-muro","tag-ordenanza","tag-pleno"],"yoast_head":"<!-- This site is optimized with the Yoast SEO plugin v27.3 - https:\/\/yoast.com\/product\/yoast-seo-wordpress\/ -->\n<title>Muro contar\u00e1 con una nueva Ordenanza de Convivencia - COPE Alcoy<\/title>\n<meta name=\"robots\" content=\"index, follow, max-snippet:-1, max-image-preview:large, max-video-preview:-1\" \/>\n<link rel=\"canonical\" href=\"https:\/\/www.copealcoy.es\/es\/muro-contara-con-una-nueva-ordenanza-de-convivencia\/\" \/>\n<meta property=\"og:locale\" content=\"es_ES\" \/>\n<meta property=\"og:type\" content=\"article\" \/>\n<meta property=\"og:title\" content=\"Muro contar\u00e1 con una nueva Ordenanza de Convivencia - COPE Alcoy\" \/>\n<meta property=\"og:description\" content=\"El Pleno del Ayuntamiento de Muro aprob\u00f3 el pasado mes de febrero la nueva Ordenanza de Convivencia del municipio con...\" \/>\n<meta property=\"og:url\" content=\"https:\/\/www.copealcoy.es\/es\/muro-contara-con-una-nueva-ordenanza-de-convivencia\/\" \/>\n<meta property=\"og:site_name\" content=\"COPE Alcoy\" \/>\n<meta property=\"article:published_time\" content=\"2018-03-06T13:54:18+00:00\" \/>\n<meta property=\"article:modified_time\" content=\"2018-03-06T16:04:47+00:00\" \/>\n<meta property=\"og:image\" content=\"https:\/\/www.copealcoy.es\/wp-content\/uploads\/2017\/07\/IMG_9503-e1499985968245.jpg\" \/>\n\t<meta property=\"og:image:width\" content=\"4032\" \/>\n\t<meta property=\"og:image:height\" content=\"2247\" \/>\n\t<meta property=\"og:image:type\" content=\"image\/jpeg\" \/>\n<meta name=\"author\" content=\"Cope Alcoy\" \/>\n<meta name=\"twitter:label1\" content=\"Escrito por\" \/>\n\t<meta name=\"twitter:data1\" content=\"Cope Alcoy\" \/>\n\t<meta name=\"twitter:label2\" content=\"Tiempo de lectura\" \/>\n\t<meta name=\"twitter:data2\" content=\"2 minutos\" \/>\n<script type=\"application\/ld+json\" class=\"yoast-schema-graph\">{\"@context\":\"https:\\\/\\\/schema.org\",\"@graph\":[{\"@type\":\"Article\",\"@id\":\"https:\\\/\\\/www.copealcoy.es\\\/es\\\/muro-contara-con-una-nueva-ordenanza-de-convivencia\\\/#article\",\"isPartOf\":{\"@id\":\"https:\\\/\\\/www.copealcoy.es\\\/es\\\/muro-contara-con-una-nueva-ordenanza-de-convivencia\\\/\"},\"author\":{\"name\":\"Cope Alcoy\",\"@id\":\"https:\\\/\\\/www.copealcoy.es\\\/es\\\/#\\\/schema\\\/person\\\/e777c87fa024e57d40170af9df39882c\"},\"headline\":\"Muro contar\u00e1 con una nueva Ordenanza de Convivencia\",\"datePublished\":\"2018-03-06T13:54:18+00:00\",\"dateModified\":\"2018-03-06T16:04:47+00:00\",\"mainEntityOfPage\":{\"@id\":\"https:\\\/\\\/www.copealcoy.es\\\/es\\\/muro-contara-con-una-nueva-ordenanza-de-convivencia\\\/\"},\"wordCount\":432,\"commentCount\":0,\"image\":{\"@id\":\"https:\\\/\\\/www.copealcoy.es\\\/es\\\/muro-contara-con-una-nueva-ordenanza-de-convivencia\\\/#primaryimage\"},\"thumbnailUrl\":\"https:\\\/\\\/www.copealcoy.es\\\/wp-content\\\/uploads\\\/2017\\\/07\\\/IMG_9503-e1499985968245.jpg\",\"keywords\":[\"Ayuntamiento\",\"Comtat\",\"convivencia\",\"Muro\",\"Ordenanza\",\"Pleno\"],\"articleSection\":[\"Comarcas\",\"Noticias\"],\"inLanguage\":\"es\"},{\"@type\":\"WebPage\",\"@id\":\"https:\\\/\\\/www.copealcoy.es\\\/es\\\/muro-contara-con-una-nueva-ordenanza-de-convivencia\\\/\",\"url\":\"https:\\\/\\\/www.copealcoy.es\\\/es\\\/muro-contara-con-una-nueva-ordenanza-de-convivencia\\\/\",\"name\":\"Muro contar\u00e1 con una nueva Ordenanza de Convivencia - COPE Alcoy\",\"isPartOf\":{\"@id\":\"https:\\\/\\\/www.copealcoy.es\\\/es\\\/#website\"},\"primaryImageOfPage\":{\"@id\":\"https:\\\/\\\/www.copealcoy.es\\\/es\\\/muro-contara-con-una-nueva-ordenanza-de-convivencia\\\/#primaryimage\"},\"image\":{\"@id\":\"https:\\\/\\\/www.copealcoy.es\\\/es\\\/muro-contara-con-una-nueva-ordenanza-de-convivencia\\\/#primaryimage\"},\"thumbnailUrl\":\"https:\\\/\\\/www.copealcoy.es\\\/wp-content\\\/uploads\\\/2017\\\/07\\\/IMG_9503-e1499985968245.jpg\",\"datePublished\":\"2018-03-06T13:54:18+00:00\",\"dateModified\":\"2018-03-06T16:04:47+00:00\",\"author\":{\"@id\":\"https:\\\/\\\/www.copealcoy.es\\\/es\\\/#\\\/schema\\\/person\\\/e777c87fa024e57d40170af9df39882c\"},\"breadcrumb\":{\"@id\":\"https:\\\/\\\/www.copealcoy.es\\\/es\\\/muro-contara-con-una-nueva-ordenanza-de-convivencia\\\/#breadcrumb\"},\"inLanguage\":\"es\",\"potentialAction\":[{\"@type\":\"ReadAction\",\"target\":[\"https:\\\/\\\/www.copealcoy.es\\\/es\\\/muro-contara-con-una-nueva-ordenanza-de-convivencia\\\/\"]}]},{\"@type\":\"ImageObject\",\"inLanguage\":\"es\",\"@id\":\"https:\\\/\\\/www.copealcoy.es\\\/es\\\/muro-contara-con-una-nueva-ordenanza-de-convivencia\\\/#primaryimage\",\"url\":\"https:\\\/\\\/www.copealcoy.es\\\/wp-content\\\/uploads\\\/2017\\\/07\\\/IMG_9503-e1499985968245.jpg\",\"contentUrl\":\"https:\\\/\\\/www.copealcoy.es\\\/wp-content\\\/uploads\\\/2017\\\/07\\\/IMG_9503-e1499985968245.jpg\",\"width\":4032,\"height\":2247},{\"@type\":\"BreadcrumbList\",\"@id\":\"https:\\\/\\\/www.copealcoy.es\\\/es\\\/muro-contara-con-una-nueva-ordenanza-de-convivencia\\\/#breadcrumb\",\"itemListElement\":[{\"@type\":\"ListItem\",\"position\":1,\"name\":\"Portada\",\"item\":\"https:\\\/\\\/www.copealcoy.es\\\/es\\\/\"},{\"@type\":\"ListItem\",\"position\":2,\"name\":\"Muro contar\u00e1 con una nueva Ordenanza de Convivencia\"}]},{\"@type\":\"WebSite\",\"@id\":\"https:\\\/\\\/www.copealcoy.es\\\/es\\\/#website\",\"url\":\"https:\\\/\\\/www.copealcoy.es\\\/es\\\/\",\"name\":\"COPE Alcoy\",\"description\":\"Emisora COPE de radio local con emisi\u00f3n online. Pont de Sant Jordi 8-10 03803 Alcoy\",\"potentialAction\":[{\"@type\":\"SearchAction\",\"target\":{\"@type\":\"EntryPoint\",\"urlTemplate\":\"https:\\\/\\\/www.copealcoy.es\\\/es\\\/?s={search_term_string}\"},\"query-input\":{\"@type\":\"PropertyValueSpecification\",\"valueRequired\":true,\"valueName\":\"search_term_string\"}}],\"inLanguage\":\"es\"},{\"@type\":\"Person\",\"@id\":\"https:\\\/\\\/www.copealcoy.es\\\/es\\\/#\\\/schema\\\/person\\\/e777c87fa024e57d40170af9df39882c\",\"name\":\"Cope Alcoy\",\"image\":{\"@type\":\"ImageObject\",\"inLanguage\":\"es\",\"@id\":\"https:\\\/\\\/secure.gravatar.com\\\/avatar\\\/bb65d0283347e303893ba14f0692005417c1e0e690a325a4c5d8bb2b3943ee14?s=96&d=mm&r=g\",\"url\":\"https:\\\/\\\/secure.gravatar.com\\\/avatar\\\/bb65d0283347e303893ba14f0692005417c1e0e690a325a4c5d8bb2b3943ee14?s=96&d=mm&r=g\",\"contentUrl\":\"https:\\\/\\\/secure.gravatar.com\\\/avatar\\\/bb65d0283347e303893ba14f0692005417c1e0e690a325a4c5d8bb2b3943ee14?s=96&d=mm&r=g\",\"caption\":\"Cope Alcoy\"}}]}<\/script>\n<!-- \/ Yoast SEO plugin. -->","yoast_head_json":{"title":"Muro contar\u00e1 con una nueva Ordenanza de Convivencia - COPE Alcoy","robots":{"index":"index","follow":"follow","max-snippet":"max-snippet:-1","max-image-preview":"max-image-preview:large","max-video-preview":"max-video-preview:-1"},"canonical":"https:\/\/www.copealcoy.es\/es\/muro-contara-con-una-nueva-ordenanza-de-convivencia\/","og_locale":"es_ES","og_type":"article","og_title":"Muro contar\u00e1 con una nueva Ordenanza de Convivencia - COPE Alcoy","og_description":"El Pleno del Ayuntamiento de Muro aprob\u00f3 el pasado mes de febrero la nueva Ordenanza de Convivencia del municipio con...","og_url":"https:\/\/www.copealcoy.es\/es\/muro-contara-con-una-nueva-ordenanza-de-convivencia\/","og_site_name":"COPE Alcoy","article_published_time":"2018-03-06T13:54:18+00:00","article_modified_time":"2018-03-06T16:04:47+00:00","og_image":[{"width":4032,"height":2247,"url":"https:\/\/www.copealcoy.es\/wp-content\/uploads\/2017\/07\/IMG_9503-e1499985968245.jpg","type":"image\/jpeg"}],"author":"Cope Alcoy","twitter_misc":{"Escrito por":"Cope Alcoy","Tiempo de lectura":"2 minutos"},"schema":{"@context":"https:\/\/schema.org","@graph":[{"@type":"Article","@id":"https:\/\/www.copealcoy.es\/es\/muro-contara-con-una-nueva-ordenanza-de-convivencia\/#article","isPartOf":{"@id":"https:\/\/www.copealcoy.es\/es\/muro-contara-con-una-nueva-ordenanza-de-convivencia\/"},"author":{"name":"Cope Alcoy","@id":"https:\/\/www.copealcoy.es\/es\/#\/schema\/person\/e777c87fa024e57d40170af9df39882c"},"headline":"Muro contar\u00e1 con una nueva Ordenanza de Convivencia","datePublished":"2018-03-06T13:54:18+00:00","dateModified":"2018-03-06T16:04:47+00:00","mainEntityOfPage":{"@id":"https:\/\/www.copealcoy.es\/es\/muro-contara-con-una-nueva-ordenanza-de-convivencia\/"},"wordCount":432,"commentCount":0,"image":{"@id":"https:\/\/www.copealcoy.es\/es\/muro-contara-con-una-nueva-ordenanza-de-convivencia\/#primaryimage"},"thumbnailUrl":"https:\/\/www.copealcoy.es\/wp-content\/uploads\/2017\/07\/IMG_9503-e1499985968245.jpg","keywords":["Ayuntamiento","Comtat","convivencia","Muro","Ordenanza","Pleno"],"articleSection":["Comarcas","Noticias"],"inLanguage":"es"},{"@type":"WebPage","@id":"https:\/\/www.copealcoy.es\/es\/muro-contara-con-una-nueva-ordenanza-de-convivencia\/","url":"https:\/\/www.copealcoy.es\/es\/muro-contara-con-una-nueva-ordenanza-de-convivencia\/","name":"Muro contar\u00e1 con una nueva Ordenanza de Convivencia - COPE Alcoy","isPartOf":{"@id":"https:\/\/www.copealcoy.es\/es\/#website"},"primaryImageOfPage":{"@id":"https:\/\/www.copealcoy.es\/es\/muro-contara-con-una-nueva-ordenanza-de-convivencia\/#primaryimage"},"image":{"@id":"https:\/\/www.copealcoy.es\/es\/muro-contara-con-una-nueva-ordenanza-de-convivencia\/#primaryimage"},"thumbnailUrl":"https:\/\/www.copealcoy.es\/wp-content\/uploads\/2017\/07\/IMG_9503-e1499985968245.jpg","datePublished":"2018-03-06T13:54:18+00:00","dateModified":"2018-03-06T16:04:47+00:00","author":{"@id":"https:\/\/www.copealcoy.es\/es\/#\/schema\/person\/e777c87fa024e57d40170af9df39882c"},"breadcrumb":{"@id":"https:\/\/www.copealcoy.es\/es\/muro-contara-con-una-nueva-ordenanza-de-convivencia\/#breadcrumb"},"inLanguage":"es","potentialAction":[{"@type":"ReadAction","target":["https:\/\/www.copealcoy.es\/es\/muro-contara-con-una-nueva-ordenanza-de-convivencia\/"]}]},{"@type":"ImageObject","inLanguage":"es","@id":"https:\/\/www.copealcoy.es\/es\/muro-contara-con-una-nueva-ordenanza-de-convivencia\/#primaryimage","url":"https:\/\/www.copealcoy.es\/wp-content\/uploads\/2017\/07\/IMG_9503-e1499985968245.jpg","contentUrl":"https:\/\/www.copealcoy.es\/wp-content\/uploads\/2017\/07\/IMG_9503-e1499985968245.jpg","width":4032,"height":2247},{"@type":"BreadcrumbList","@id":"https:\/\/www.copealcoy.es\/es\/muro-contara-con-una-nueva-ordenanza-de-convivencia\/#breadcrumb","itemListElement":[{"@type":"ListItem","position":1,"name":"Portada","item":"https:\/\/www.copealcoy.es\/es\/"},{"@type":"ListItem","position":2,"name":"Muro contar\u00e1 con una nueva Ordenanza de Convivencia"}]},{"@type":"WebSite","@id":"https:\/\/www.copealcoy.es\/es\/#website","url":"https:\/\/www.copealcoy.es\/es\/","name":"COPE Alcoy","description":"Emisora COPE de radio local con emisi\u00f3n online. Pont de Sant Jordi 8-10 03803 Alcoy","potentialAction":[{"@type":"SearchAction","target":{"@type":"EntryPoint","urlTemplate":"https:\/\/www.copealcoy.es\/es\/?s={search_term_string}"},"query-input":{"@type":"PropertyValueSpecification","valueRequired":true,"valueName":"search_term_string"}}],"inLanguage":"es"},{"@type":"Person","@id":"https:\/\/www.copealcoy.es\/es\/#\/schema\/person\/e777c87fa024e57d40170af9df39882c","name":"Cope Alcoy","image":{"@type":"ImageObject","inLanguage":"es","@id":"https:\/\/secure.gravatar.com\/avatar\/bb65d0283347e303893ba14f0692005417c1e0e690a325a4c5d8bb2b3943ee14?s=96&d=mm&r=g","url":"https:\/\/secure.gravatar.com\/avatar\/bb65d0283347e303893ba14f0692005417c1e0e690a325a4c5d8bb2b3943ee14?s=96&d=mm&r=g","contentUrl":"https:\/\/secure.gravatar.com\/avatar\/bb65d0283347e303893ba14f0692005417c1e0e690a325a4c5d8bb2b3943ee14?s=96&d=mm&r=g","caption":"Cope Alcoy"}}]}},"_links":{"self":[{"href":"https:\/\/www.copealcoy.es\/es\/wp-json\/wp\/v2\/posts\/39889","targetHints":{"allow":["GET"]}}],"collection":[{"href":"https:\/\/www.copealcoy.es\/es\/wp-json\/wp\/v2\/posts"}],"about":[{"href":"https:\/\/www.copealcoy.es\/es\/wp-json\/wp\/v2\/types\/post"}],"author":[{"embeddable":true,"href":"https:\/\/www.copealcoy.es\/es\/wp-json\/wp\/v2\/users\/1"}],"replies":[{"embeddable":true,"href":"https:\/\/www.copealcoy.es\/es\/wp-json\/wp\/v2\/comments?post=39889"}],"version-history":[{"count":0,"href":"https:\/\/www.copealcoy.es\/es\/wp-json\/wp\/v2\/posts\/39889\/revisions"}],"wp:featuredmedia":[{"embeddable":true,"href":"https:\/\/www.copealcoy.es\/es\/wp-json\/wp\/v2\/media\/33570"}],"wp:attachment":[{"href":"https:\/\/www.copealcoy.es\/es\/wp-json\/wp\/v2\/media?parent=39889"}],"wp:term":[{"taxonomy":"category","embeddable":true,"href":"https:\/\/www.copealcoy.es\/es\/wp-json\/wp\/v2\/categories?post=39889"},{"taxonomy":"post_tag","embeddable":true,"href":"https:\/\/www.copealcoy.es\/es\/wp-json\/wp\/v2\/tags?post=39889"}],"curies":[{"name":"wp","href":"https:\/\/api.w.org\/{rel}","templated":true}]}}