{"id":39785,"date":"2018-03-02T16:20:18","date_gmt":"2018-03-02T16:20:18","guid":{"rendered":"http:\/\/copealcoi.es\/new\/?p=39785"},"modified":"2018-03-23T20:31:27","modified_gmt":"2018-03-23T20:31:27","slug":"la-musica-festera-se-abre-paso-en-alcoy","status":"publish","type":"post","link":"https:\/\/www.copealcoy.es\/es\/la-musica-festera-se-abre-paso-en-alcoy\/","title":{"rendered":"La M\u00fasica Festera se abre paso en Alcoy"},"content":{"rendered":"<p style=\"text-align: justify;\">Alcoy <strong>inicia este fin de semana<\/strong> su habitual<strong> ciclo de conciertos de exaltaci\u00f3n a la m\u00fasica festera<\/strong>, una cita que servir\u00e1 de <strong>antesala<\/strong> a la llegada de las Fiestas de Moros y Cristianos en honor a San Jorge. Las <strong>cuatro bandas locales<\/strong> han apostado este a\u00f1o por <strong>interpretar cl\u00e1sicos del g\u00e9nero<\/strong> que han sonado siempre en la calle y todas ellas <strong>emplear\u00e1n el escenario del Teatro Calder\u00f3n<\/strong> para ofrecer sus propias audiciones.<\/p>\n<p style=\"text-align: justify;\">La <strong>Agrupaci\u00f3n Musical Serpis<\/strong> de Alcoy abrir\u00e1 el domingo el ciclo de conciertos. Ser\u00e1 a partir de las siete de la tarde y en esta ocasi\u00f3n <strong>la banda interpretar\u00e1 un repertorio dividido en dos partes<\/strong> bajo la direcci\u00f3n de <strong>Andr\u00e9s Guerrero<\/strong>. En el programa destacan, entre otras piezas, <strong>pasodobles<\/strong> como <em>Brisas del Clariano<\/em> y <em>Daniel Juan<\/em> de Jos\u00e9 Mar\u00eda Ferrero, <strong>marchas cristianas<\/strong> como <em>El Conqueridor <\/em>de Jos\u00e9 Mar\u00eda Valls Satorres y <em>L\u00b4Ambaixador Cristi\u00e0<\/em> de Rafael Mullor Grau o <strong>marchas moras<\/strong> como <em>No Ho Far\u00e9s M\u00e9s<\/em> de Vicente Catal\u00e0 y <em>Juanjo<\/em> de Francisco Esteve Pastor. Por \u00faltimo <strong>sonar\u00e1 el Himno de Fiestas<\/strong> y <strong>una pieza dedicada a Amado Chinchilla<\/strong>, capit\u00e1n cristiano de la Fil\u00e0 Tomasinas en 2005 y que nos dej\u00f3 esta misma semana.\u00a0Las entradas <strong>se pueden adquirir en la taquilla del Teatro Calder\u00f3n<\/strong> y a trav\u00e9s de la web www.ticket.alcoi.com.<\/p>\n<p style=\"text-align: justify;\">El relevo <strong>lo coger\u00e1 la Uni\u00f3n Musical de Alcoy<\/strong> <strong>el domingo 11 de marzo<\/strong> y a esta le seguir\u00e1 <strong>la Societat Musical Nova d\u00b4Alcoi el d\u00eda 18 de marzo<\/strong>, v\u00edspera del D\u00eda de San Jos\u00e9. Por \u00faltimo <strong>la Corporaci\u00f3n Musical Primitiva<\/strong> protagonizar\u00e1 el tradicional concierto de &#8216;Diumenge de Rams&#8217; <strong>el d\u00eda 25 de marzo<\/strong>. Todos ellos dar\u00e1n inicio a las 11:45h de la ma\u00f1ana.<\/p>\n<p style=\"text-align: justify;\">Indicar que la portada del programa de mano <strong>es obra del hist\u00f3rico fot\u00f3grafo alcoyano Crespo Colomer<\/strong>, realizada en 1969, y que apareci\u00f3 tambi\u00e9n en la Revista de Fiestas del a\u00f1o posterior.<\/p>\n<p><iframe loading=\"lazy\" title=\"RP - Concerts d&#039;Exaltaci\u00f3 de la M\u00fasica Festera (01\/03\/2018)\" width=\"1200\" height=\"675\" src=\"https:\/\/www.youtube.com\/embed\/BQ3Td9YJCDY?feature=oembed\" frameborder=\"0\" allow=\"accelerometer; autoplay; encrypted-media; gyroscope; picture-in-picture\" allowfullscreen><\/iframe><\/p>\n","protected":false},"excerpt":{"rendered":"<p>Alcoy inicia este fin de semana su habitual ciclo de conciertos de exaltaci\u00f3n a la m\u00fasica festera, una cita que&#8230;<\/p>\n","protected":false},"author":1,"featured_media":39786,"comment_status":"open","ping_status":"open","sticky":false,"template":"","format":"standard","meta":{"footnotes":""},"categories":[97,78,75],"tags":[1494,1299,565,609,700],"class_list":["post-39785","post","type-post","status-publish","format-standard","has-post-thumbnail","hentry","category-alcoy","category-fiestaycultura","category-noticias","tag-alcoy","tag-conciertos","tag-fiestas","tag-moros-y-cristianos","tag-musica-festera"],"yoast_head":"<!-- This site is optimized with the Yoast SEO plugin v27.3 - https:\/\/yoast.com\/product\/yoast-seo-wordpress\/ -->\n<title>La M\u00fasica Festera se abre paso en Alcoy - COPE Alcoy<\/title>\n<meta name=\"robots\" content=\"index, follow, max-snippet:-1, max-image-preview:large, max-video-preview:-1\" \/>\n<link rel=\"canonical\" href=\"https:\/\/www.copealcoy.es\/es\/la-musica-festera-se-abre-paso-en-alcoy\/\" \/>\n<meta property=\"og:locale\" content=\"es_ES\" \/>\n<meta property=\"og:type\" content=\"article\" \/>\n<meta property=\"og:title\" content=\"La M\u00fasica Festera se abre paso en Alcoy - COPE Alcoy\" \/>\n<meta property=\"og:description\" content=\"Alcoy inicia este fin de semana su habitual ciclo de conciertos de exaltaci\u00f3n a la m\u00fasica festera, una cita que...\" \/>\n<meta property=\"og:url\" content=\"https:\/\/www.copealcoy.es\/es\/la-musica-festera-se-abre-paso-en-alcoy\/\" \/>\n<meta property=\"og:site_name\" content=\"COPE Alcoy\" \/>\n<meta property=\"article:published_time\" content=\"2018-03-02T16:20:18+00:00\" \/>\n<meta property=\"article:modified_time\" content=\"2018-03-23T20:31:27+00:00\" \/>\n<meta property=\"og:image\" content=\"https:\/\/www.copealcoy.es\/wp-content\/uploads\/2018\/03\/Concerts-M\u00fasica-Festera-4-1024x683.jpg\" \/>\n\t<meta property=\"og:image:width\" content=\"1024\" \/>\n\t<meta property=\"og:image:height\" content=\"683\" \/>\n\t<meta property=\"og:image:type\" content=\"image\/jpeg\" \/>\n<meta name=\"author\" content=\"Cope Alcoy\" \/>\n<meta name=\"twitter:label1\" content=\"Escrito por\" \/>\n\t<meta name=\"twitter:data1\" content=\"Cope Alcoy\" \/>\n\t<meta name=\"twitter:label2\" content=\"Tiempo de lectura\" \/>\n\t<meta name=\"twitter:data2\" content=\"2 minutos\" \/>\n<script type=\"application\/ld+json\" class=\"yoast-schema-graph\">{\"@context\":\"https:\\\/\\\/schema.org\",\"@graph\":[{\"@type\":\"Article\",\"@id\":\"https:\\\/\\\/www.copealcoy.es\\\/es\\\/la-musica-festera-se-abre-paso-en-alcoy\\\/#article\",\"isPartOf\":{\"@id\":\"https:\\\/\\\/www.copealcoy.es\\\/es\\\/la-musica-festera-se-abre-paso-en-alcoy\\\/\"},\"author\":{\"name\":\"Cope Alcoy\",\"@id\":\"https:\\\/\\\/www.copealcoy.es\\\/es\\\/#\\\/schema\\\/person\\\/e777c87fa024e57d40170af9df39882c\"},\"headline\":\"La M\u00fasica Festera se abre paso en Alcoy\",\"datePublished\":\"2018-03-02T16:20:18+00:00\",\"dateModified\":\"2018-03-23T20:31:27+00:00\",\"mainEntityOfPage\":{\"@id\":\"https:\\\/\\\/www.copealcoy.es\\\/es\\\/la-musica-festera-se-abre-paso-en-alcoy\\\/\"},\"wordCount\":356,\"commentCount\":0,\"image\":{\"@id\":\"https:\\\/\\\/www.copealcoy.es\\\/es\\\/la-musica-festera-se-abre-paso-en-alcoy\\\/#primaryimage\"},\"thumbnailUrl\":\"https:\\\/\\\/www.copealcoy.es\\\/wp-content\\\/uploads\\\/2018\\\/03\\\/Concerts-M\u00fasica-Festera-4.jpg\",\"keywords\":[\"Alcoy\",\"conciertos\",\"Fiestas\",\"Moros Y Cristianos\",\"M\u00fasica Festera\"],\"articleSection\":[\"Alcoy\",\"Fiesta y Cultura\",\"Noticias\"],\"inLanguage\":\"es\"},{\"@type\":\"WebPage\",\"@id\":\"https:\\\/\\\/www.copealcoy.es\\\/es\\\/la-musica-festera-se-abre-paso-en-alcoy\\\/\",\"url\":\"https:\\\/\\\/www.copealcoy.es\\\/es\\\/la-musica-festera-se-abre-paso-en-alcoy\\\/\",\"name\":\"La M\u00fasica Festera se abre paso en Alcoy - COPE Alcoy\",\"isPartOf\":{\"@id\":\"https:\\\/\\\/www.copealcoy.es\\\/es\\\/#website\"},\"primaryImageOfPage\":{\"@id\":\"https:\\\/\\\/www.copealcoy.es\\\/es\\\/la-musica-festera-se-abre-paso-en-alcoy\\\/#primaryimage\"},\"image\":{\"@id\":\"https:\\\/\\\/www.copealcoy.es\\\/es\\\/la-musica-festera-se-abre-paso-en-alcoy\\\/#primaryimage\"},\"thumbnailUrl\":\"https:\\\/\\\/www.copealcoy.es\\\/wp-content\\\/uploads\\\/2018\\\/03\\\/Concerts-M\u00fasica-Festera-4.jpg\",\"datePublished\":\"2018-03-02T16:20:18+00:00\",\"dateModified\":\"2018-03-23T20:31:27+00:00\",\"author\":{\"@id\":\"https:\\\/\\\/www.copealcoy.es\\\/es\\\/#\\\/schema\\\/person\\\/e777c87fa024e57d40170af9df39882c\"},\"breadcrumb\":{\"@id\":\"https:\\\/\\\/www.copealcoy.es\\\/es\\\/la-musica-festera-se-abre-paso-en-alcoy\\\/#breadcrumb\"},\"inLanguage\":\"es\",\"potentialAction\":[{\"@type\":\"ReadAction\",\"target\":[\"https:\\\/\\\/www.copealcoy.es\\\/es\\\/la-musica-festera-se-abre-paso-en-alcoy\\\/\"]}]},{\"@type\":\"ImageObject\",\"inLanguage\":\"es\",\"@id\":\"https:\\\/\\\/www.copealcoy.es\\\/es\\\/la-musica-festera-se-abre-paso-en-alcoy\\\/#primaryimage\",\"url\":\"https:\\\/\\\/www.copealcoy.es\\\/wp-content\\\/uploads\\\/2018\\\/03\\\/Concerts-M\u00fasica-Festera-4.jpg\",\"contentUrl\":\"https:\\\/\\\/www.copealcoy.es\\\/wp-content\\\/uploads\\\/2018\\\/03\\\/Concerts-M\u00fasica-Festera-4.jpg\",\"width\":4272,\"height\":2848},{\"@type\":\"BreadcrumbList\",\"@id\":\"https:\\\/\\\/www.copealcoy.es\\\/es\\\/la-musica-festera-se-abre-paso-en-alcoy\\\/#breadcrumb\",\"itemListElement\":[{\"@type\":\"ListItem\",\"position\":1,\"name\":\"Portada\",\"item\":\"https:\\\/\\\/www.copealcoy.es\\\/es\\\/\"},{\"@type\":\"ListItem\",\"position\":2,\"name\":\"La M\u00fasica Festera se abre paso en Alcoy\"}]},{\"@type\":\"WebSite\",\"@id\":\"https:\\\/\\\/www.copealcoy.es\\\/es\\\/#website\",\"url\":\"https:\\\/\\\/www.copealcoy.es\\\/es\\\/\",\"name\":\"COPE Alcoy\",\"description\":\"Emisora COPE de radio local con emisi\u00f3n online. Pont de Sant Jordi 8-10 03803 Alcoy\",\"potentialAction\":[{\"@type\":\"SearchAction\",\"target\":{\"@type\":\"EntryPoint\",\"urlTemplate\":\"https:\\\/\\\/www.copealcoy.es\\\/es\\\/?s={search_term_string}\"},\"query-input\":{\"@type\":\"PropertyValueSpecification\",\"valueRequired\":true,\"valueName\":\"search_term_string\"}}],\"inLanguage\":\"es\"},{\"@type\":\"Person\",\"@id\":\"https:\\\/\\\/www.copealcoy.es\\\/es\\\/#\\\/schema\\\/person\\\/e777c87fa024e57d40170af9df39882c\",\"name\":\"Cope Alcoy\",\"image\":{\"@type\":\"ImageObject\",\"inLanguage\":\"es\",\"@id\":\"https:\\\/\\\/secure.gravatar.com\\\/avatar\\\/bb65d0283347e303893ba14f0692005417c1e0e690a325a4c5d8bb2b3943ee14?s=96&d=mm&r=g\",\"url\":\"https:\\\/\\\/secure.gravatar.com\\\/avatar\\\/bb65d0283347e303893ba14f0692005417c1e0e690a325a4c5d8bb2b3943ee14?s=96&d=mm&r=g\",\"contentUrl\":\"https:\\\/\\\/secure.gravatar.com\\\/avatar\\\/bb65d0283347e303893ba14f0692005417c1e0e690a325a4c5d8bb2b3943ee14?s=96&d=mm&r=g\",\"caption\":\"Cope Alcoy\"}}]}<\/script>\n<!-- \/ Yoast SEO plugin. -->","yoast_head_json":{"title":"La M\u00fasica Festera se abre paso en Alcoy - COPE Alcoy","robots":{"index":"index","follow":"follow","max-snippet":"max-snippet:-1","max-image-preview":"max-image-preview:large","max-video-preview":"max-video-preview:-1"},"canonical":"https:\/\/www.copealcoy.es\/es\/la-musica-festera-se-abre-paso-en-alcoy\/","og_locale":"es_ES","og_type":"article","og_title":"La M\u00fasica Festera se abre paso en Alcoy - COPE Alcoy","og_description":"Alcoy inicia este fin de semana su habitual ciclo de conciertos de exaltaci\u00f3n a la m\u00fasica festera, una cita que...","og_url":"https:\/\/www.copealcoy.es\/es\/la-musica-festera-se-abre-paso-en-alcoy\/","og_site_name":"COPE Alcoy","article_published_time":"2018-03-02T16:20:18+00:00","article_modified_time":"2018-03-23T20:31:27+00:00","og_image":[{"width":1024,"height":683,"url":"https:\/\/www.copealcoy.es\/wp-content\/uploads\/2018\/03\/Concerts-M\u00fasica-Festera-4-1024x683.jpg","type":"image\/jpeg"}],"author":"Cope Alcoy","twitter_misc":{"Escrito por":"Cope Alcoy","Tiempo de lectura":"2 minutos"},"schema":{"@context":"https:\/\/schema.org","@graph":[{"@type":"Article","@id":"https:\/\/www.copealcoy.es\/es\/la-musica-festera-se-abre-paso-en-alcoy\/#article","isPartOf":{"@id":"https:\/\/www.copealcoy.es\/es\/la-musica-festera-se-abre-paso-en-alcoy\/"},"author":{"name":"Cope Alcoy","@id":"https:\/\/www.copealcoy.es\/es\/#\/schema\/person\/e777c87fa024e57d40170af9df39882c"},"headline":"La M\u00fasica Festera se abre paso en Alcoy","datePublished":"2018-03-02T16:20:18+00:00","dateModified":"2018-03-23T20:31:27+00:00","mainEntityOfPage":{"@id":"https:\/\/www.copealcoy.es\/es\/la-musica-festera-se-abre-paso-en-alcoy\/"},"wordCount":356,"commentCount":0,"image":{"@id":"https:\/\/www.copealcoy.es\/es\/la-musica-festera-se-abre-paso-en-alcoy\/#primaryimage"},"thumbnailUrl":"https:\/\/www.copealcoy.es\/wp-content\/uploads\/2018\/03\/Concerts-M\u00fasica-Festera-4.jpg","keywords":["Alcoy","conciertos","Fiestas","Moros Y Cristianos","M\u00fasica Festera"],"articleSection":["Alcoy","Fiesta y Cultura","Noticias"],"inLanguage":"es"},{"@type":"WebPage","@id":"https:\/\/www.copealcoy.es\/es\/la-musica-festera-se-abre-paso-en-alcoy\/","url":"https:\/\/www.copealcoy.es\/es\/la-musica-festera-se-abre-paso-en-alcoy\/","name":"La M\u00fasica Festera se abre paso en Alcoy - COPE Alcoy","isPartOf":{"@id":"https:\/\/www.copealcoy.es\/es\/#website"},"primaryImageOfPage":{"@id":"https:\/\/www.copealcoy.es\/es\/la-musica-festera-se-abre-paso-en-alcoy\/#primaryimage"},"image":{"@id":"https:\/\/www.copealcoy.es\/es\/la-musica-festera-se-abre-paso-en-alcoy\/#primaryimage"},"thumbnailUrl":"https:\/\/www.copealcoy.es\/wp-content\/uploads\/2018\/03\/Concerts-M\u00fasica-Festera-4.jpg","datePublished":"2018-03-02T16:20:18+00:00","dateModified":"2018-03-23T20:31:27+00:00","author":{"@id":"https:\/\/www.copealcoy.es\/es\/#\/schema\/person\/e777c87fa024e57d40170af9df39882c"},"breadcrumb":{"@id":"https:\/\/www.copealcoy.es\/es\/la-musica-festera-se-abre-paso-en-alcoy\/#breadcrumb"},"inLanguage":"es","potentialAction":[{"@type":"ReadAction","target":["https:\/\/www.copealcoy.es\/es\/la-musica-festera-se-abre-paso-en-alcoy\/"]}]},{"@type":"ImageObject","inLanguage":"es","@id":"https:\/\/www.copealcoy.es\/es\/la-musica-festera-se-abre-paso-en-alcoy\/#primaryimage","url":"https:\/\/www.copealcoy.es\/wp-content\/uploads\/2018\/03\/Concerts-M\u00fasica-Festera-4.jpg","contentUrl":"https:\/\/www.copealcoy.es\/wp-content\/uploads\/2018\/03\/Concerts-M\u00fasica-Festera-4.jpg","width":4272,"height":2848},{"@type":"BreadcrumbList","@id":"https:\/\/www.copealcoy.es\/es\/la-musica-festera-se-abre-paso-en-alcoy\/#breadcrumb","itemListElement":[{"@type":"ListItem","position":1,"name":"Portada","item":"https:\/\/www.copealcoy.es\/es\/"},{"@type":"ListItem","position":2,"name":"La M\u00fasica Festera se abre paso en Alcoy"}]},{"@type":"WebSite","@id":"https:\/\/www.copealcoy.es\/es\/#website","url":"https:\/\/www.copealcoy.es\/es\/","name":"COPE Alcoy","description":"Emisora COPE de radio local con emisi\u00f3n online. Pont de Sant Jordi 8-10 03803 Alcoy","potentialAction":[{"@type":"SearchAction","target":{"@type":"EntryPoint","urlTemplate":"https:\/\/www.copealcoy.es\/es\/?s={search_term_string}"},"query-input":{"@type":"PropertyValueSpecification","valueRequired":true,"valueName":"search_term_string"}}],"inLanguage":"es"},{"@type":"Person","@id":"https:\/\/www.copealcoy.es\/es\/#\/schema\/person\/e777c87fa024e57d40170af9df39882c","name":"Cope Alcoy","image":{"@type":"ImageObject","inLanguage":"es","@id":"https:\/\/secure.gravatar.com\/avatar\/bb65d0283347e303893ba14f0692005417c1e0e690a325a4c5d8bb2b3943ee14?s=96&d=mm&r=g","url":"https:\/\/secure.gravatar.com\/avatar\/bb65d0283347e303893ba14f0692005417c1e0e690a325a4c5d8bb2b3943ee14?s=96&d=mm&r=g","contentUrl":"https:\/\/secure.gravatar.com\/avatar\/bb65d0283347e303893ba14f0692005417c1e0e690a325a4c5d8bb2b3943ee14?s=96&d=mm&r=g","caption":"Cope Alcoy"}}]}},"_links":{"self":[{"href":"https:\/\/www.copealcoy.es\/es\/wp-json\/wp\/v2\/posts\/39785","targetHints":{"allow":["GET"]}}],"collection":[{"href":"https:\/\/www.copealcoy.es\/es\/wp-json\/wp\/v2\/posts"}],"about":[{"href":"https:\/\/www.copealcoy.es\/es\/wp-json\/wp\/v2\/types\/post"}],"author":[{"embeddable":true,"href":"https:\/\/www.copealcoy.es\/es\/wp-json\/wp\/v2\/users\/1"}],"replies":[{"embeddable":true,"href":"https:\/\/www.copealcoy.es\/es\/wp-json\/wp\/v2\/comments?post=39785"}],"version-history":[{"count":0,"href":"https:\/\/www.copealcoy.es\/es\/wp-json\/wp\/v2\/posts\/39785\/revisions"}],"wp:featuredmedia":[{"embeddable":true,"href":"https:\/\/www.copealcoy.es\/es\/wp-json\/wp\/v2\/media\/39786"}],"wp:attachment":[{"href":"https:\/\/www.copealcoy.es\/es\/wp-json\/wp\/v2\/media?parent=39785"}],"wp:term":[{"taxonomy":"category","embeddable":true,"href":"https:\/\/www.copealcoy.es\/es\/wp-json\/wp\/v2\/categories?post=39785"},{"taxonomy":"post_tag","embeddable":true,"href":"https:\/\/www.copealcoy.es\/es\/wp-json\/wp\/v2\/tags?post=39785"}],"curies":[{"name":"wp","href":"https:\/\/api.w.org\/{rel}","templated":true}]}}