{"id":39690,"date":"2018-02-28T15:34:45","date_gmt":"2018-02-28T15:34:45","guid":{"rendered":"http:\/\/copealcoi.es\/new\/?p=39690"},"modified":"2018-02-28T15:40:49","modified_gmt":"2018-02-28T15:40:49","slug":"el-mal-passet-de-cocentaina-celebra-el-xiv-festival-de-colles","status":"publish","type":"post","link":"https:\/\/www.copealcoy.es\/es\/el-mal-passet-de-cocentaina-celebra-el-xiv-festival-de-colles\/","title":{"rendered":"El Mal Passet de Cocentaina celebra el XIV Festival de Colles"},"content":{"rendered":"<p style=\"text-align: justify;\">La <strong>Colla de Dol\u00e7aines i Tabals Mal Passet de Cocentaina<\/strong> celebra este s\u00e1bado 3 de marzo, a partir de las siete y media de la tarde, <strong>la edici\u00f3n n\u00famero\u00a0XIV<\/strong> del ya consolidado <strong>Festival de Colles<\/strong>.\u00a0El acto tendr\u00e1 lugar en el Centro Cultural El Teular y en esta ocasi\u00f3n el grupo invitado ser\u00e1 <strong>El Regall d\u00b4Ontinyent<\/strong>,\u00a0dirigido por Andrea Sebasti\u00e1n, y agrupaci\u00f3n que obtuvo el segundo premio en el Certamen Ciudad de Castalla.<\/p>\n<p style=\"text-align: justify;\">La Colla contestana <strong>otorgar\u00e1 tambi\u00e9n el reconocimiento &#8220;Passet a Passet&#8221;<\/strong>, que este a\u00f1o cumple diez ediciones. En esta ocasi\u00f3n se pondr\u00e1 en valor la trayectoria del prestigioso m\u00fasico y compositor contestano <strong>Francisco Valor Llorens<\/strong>, director del Mal Passet. Hay que recordar que Francisco Valor Llorens es adem\u00e1s <strong>pionero en la introducci\u00f3n del instrumento de la dol\u00e7aina en sus composiciones de m\u00fasica festera<\/strong> &#8220;<em>en la actualidad cuenta con un amplio repertorio de composiciones y grabaciones monogr\u00e1ficas como\u00a0Creu Daur\u00e0, Llegenda o Dol\u00e7a Fira. En su carrera musical tambi\u00e9n ha creado\u00a0espect\u00e1culos m\u00fasico teatrales entre los que destacan\u00a0Corella: Cavaller d\u2019amor i paraules, Dol\u00e7 Nadal: La dol\u00e7aina m\u00e0gica y\u00a0Dol\u00e7a Fira: El viatge d\u2019Alexandros. Todos ellos compuestos para dol\u00e7aina i tabal&#8221;, <\/em>explica Alfonso S\u00e1nchez, nuevo Presidente del Mal Passet.<\/p>\n<p style=\"text-align: justify;\">Indicar que Francisco Valor tambi\u00e9n es el autor del Himno Oficial de la Fira de Tots Sants de Cocentaina y en estos momentos compagina la direcci\u00f3n del Mal Passet con<strong> la Banda Instructiva del municipio valenciano d\u00b4Alfarras\u00ed<\/strong>.<\/p>\n","protected":false},"excerpt":{"rendered":"<p>La Colla de Dol\u00e7aines i Tabals Mal Passet de Cocentaina celebra este s\u00e1bado 3 de marzo, a partir de las&#8230;<\/p>\n","protected":false},"author":1,"featured_media":11059,"comment_status":"open","ping_status":"open","sticky":false,"template":"","format":"standard","meta":{"footnotes":""},"categories":[98,75],"tags":[132,237,3789,794,5293],"class_list":["post-39690","post","type-post","status-publish","format-standard","has-post-thumbnail","hentry","category-comarcas","category-noticias","tag-cocentaina","tag-comtat","tag-festival-de-colles","tag-mal-passet","tag-xiv-edicion"],"yoast_head":"<!-- This site is optimized with the Yoast SEO plugin v27.3 - https:\/\/yoast.com\/product\/yoast-seo-wordpress\/ -->\n<title>El Mal Passet de Cocentaina celebra el XIV Festival de Colles - COPE Alcoy<\/title>\n<meta name=\"robots\" content=\"index, follow, max-snippet:-1, max-image-preview:large, max-video-preview:-1\" \/>\n<link rel=\"canonical\" href=\"https:\/\/www.copealcoy.es\/es\/el-mal-passet-de-cocentaina-celebra-el-xiv-festival-de-colles\/\" \/>\n<meta property=\"og:locale\" content=\"es_ES\" \/>\n<meta property=\"og:type\" content=\"article\" \/>\n<meta property=\"og:title\" content=\"El Mal Passet de Cocentaina celebra el XIV Festival de Colles - COPE Alcoy\" \/>\n<meta property=\"og:description\" content=\"La Colla de Dol\u00e7aines i Tabals Mal Passet de Cocentaina celebra este s\u00e1bado 3 de marzo, a partir de las...\" \/>\n<meta property=\"og:url\" content=\"https:\/\/www.copealcoy.es\/es\/el-mal-passet-de-cocentaina-celebra-el-xiv-festival-de-colles\/\" \/>\n<meta property=\"og:site_name\" content=\"COPE Alcoy\" \/>\n<meta property=\"article:published_time\" content=\"2018-02-28T15:34:45+00:00\" \/>\n<meta property=\"article:modified_time\" content=\"2018-02-28T15:40:49+00:00\" \/>\n<meta property=\"og:image\" content=\"https:\/\/www.copealcoy.es\/wp-content\/uploads\/2015\/03\/image14.jpg\" \/>\n\t<meta property=\"og:image:width\" content=\"2048\" \/>\n\t<meta property=\"og:image:height\" content=\"1362\" \/>\n\t<meta property=\"og:image:type\" content=\"image\/jpeg\" \/>\n<meta name=\"author\" content=\"Cope Alcoy\" \/>\n<meta name=\"twitter:label1\" content=\"Escrito por\" \/>\n\t<meta name=\"twitter:data1\" content=\"Cope Alcoy\" \/>\n\t<meta name=\"twitter:label2\" content=\"Tiempo de lectura\" \/>\n\t<meta name=\"twitter:data2\" content=\"1 minuto\" \/>\n<script type=\"application\/ld+json\" class=\"yoast-schema-graph\">{\"@context\":\"https:\\\/\\\/schema.org\",\"@graph\":[{\"@type\":\"Article\",\"@id\":\"https:\\\/\\\/www.copealcoy.es\\\/es\\\/el-mal-passet-de-cocentaina-celebra-el-xiv-festival-de-colles\\\/#article\",\"isPartOf\":{\"@id\":\"https:\\\/\\\/www.copealcoy.es\\\/es\\\/el-mal-passet-de-cocentaina-celebra-el-xiv-festival-de-colles\\\/\"},\"author\":{\"name\":\"Cope Alcoy\",\"@id\":\"https:\\\/\\\/www.copealcoy.es\\\/es\\\/#\\\/schema\\\/person\\\/e777c87fa024e57d40170af9df39882c\"},\"headline\":\"El Mal Passet de Cocentaina celebra el XIV Festival de Colles\",\"datePublished\":\"2018-02-28T15:34:45+00:00\",\"dateModified\":\"2018-02-28T15:40:49+00:00\",\"mainEntityOfPage\":{\"@id\":\"https:\\\/\\\/www.copealcoy.es\\\/es\\\/el-mal-passet-de-cocentaina-celebra-el-xiv-festival-de-colles\\\/\"},\"wordCount\":279,\"commentCount\":0,\"image\":{\"@id\":\"https:\\\/\\\/www.copealcoy.es\\\/es\\\/el-mal-passet-de-cocentaina-celebra-el-xiv-festival-de-colles\\\/#primaryimage\"},\"thumbnailUrl\":\"https:\\\/\\\/www.copealcoy.es\\\/wp-content\\\/uploads\\\/2015\\\/03\\\/image14.jpg\",\"keywords\":[\"Cocentaina\",\"Comtat\",\"Festival de Colles\",\"Mal Passet\",\"XIV edici\u00f3n\"],\"articleSection\":[\"Comarcas\",\"Noticias\"],\"inLanguage\":\"es\"},{\"@type\":\"WebPage\",\"@id\":\"https:\\\/\\\/www.copealcoy.es\\\/es\\\/el-mal-passet-de-cocentaina-celebra-el-xiv-festival-de-colles\\\/\",\"url\":\"https:\\\/\\\/www.copealcoy.es\\\/es\\\/el-mal-passet-de-cocentaina-celebra-el-xiv-festival-de-colles\\\/\",\"name\":\"El Mal Passet de Cocentaina celebra el XIV Festival de Colles - COPE Alcoy\",\"isPartOf\":{\"@id\":\"https:\\\/\\\/www.copealcoy.es\\\/es\\\/#website\"},\"primaryImageOfPage\":{\"@id\":\"https:\\\/\\\/www.copealcoy.es\\\/es\\\/el-mal-passet-de-cocentaina-celebra-el-xiv-festival-de-colles\\\/#primaryimage\"},\"image\":{\"@id\":\"https:\\\/\\\/www.copealcoy.es\\\/es\\\/el-mal-passet-de-cocentaina-celebra-el-xiv-festival-de-colles\\\/#primaryimage\"},\"thumbnailUrl\":\"https:\\\/\\\/www.copealcoy.es\\\/wp-content\\\/uploads\\\/2015\\\/03\\\/image14.jpg\",\"datePublished\":\"2018-02-28T15:34:45+00:00\",\"dateModified\":\"2018-02-28T15:40:49+00:00\",\"author\":{\"@id\":\"https:\\\/\\\/www.copealcoy.es\\\/es\\\/#\\\/schema\\\/person\\\/e777c87fa024e57d40170af9df39882c\"},\"breadcrumb\":{\"@id\":\"https:\\\/\\\/www.copealcoy.es\\\/es\\\/el-mal-passet-de-cocentaina-celebra-el-xiv-festival-de-colles\\\/#breadcrumb\"},\"inLanguage\":\"es\",\"potentialAction\":[{\"@type\":\"ReadAction\",\"target\":[\"https:\\\/\\\/www.copealcoy.es\\\/es\\\/el-mal-passet-de-cocentaina-celebra-el-xiv-festival-de-colles\\\/\"]}]},{\"@type\":\"ImageObject\",\"inLanguage\":\"es\",\"@id\":\"https:\\\/\\\/www.copealcoy.es\\\/es\\\/el-mal-passet-de-cocentaina-celebra-el-xiv-festival-de-colles\\\/#primaryimage\",\"url\":\"https:\\\/\\\/www.copealcoy.es\\\/wp-content\\\/uploads\\\/2015\\\/03\\\/image14.jpg\",\"contentUrl\":\"https:\\\/\\\/www.copealcoy.es\\\/wp-content\\\/uploads\\\/2015\\\/03\\\/image14.jpg\",\"width\":1624,\"height\":1080,\"caption\":\"El Festival de Colles del Mal Passet es una cita consolidada en Cocentaina\"},{\"@type\":\"BreadcrumbList\",\"@id\":\"https:\\\/\\\/www.copealcoy.es\\\/es\\\/el-mal-passet-de-cocentaina-celebra-el-xiv-festival-de-colles\\\/#breadcrumb\",\"itemListElement\":[{\"@type\":\"ListItem\",\"position\":1,\"name\":\"Portada\",\"item\":\"https:\\\/\\\/www.copealcoy.es\\\/es\\\/\"},{\"@type\":\"ListItem\",\"position\":2,\"name\":\"El Mal Passet de Cocentaina celebra el XIV Festival de Colles\"}]},{\"@type\":\"WebSite\",\"@id\":\"https:\\\/\\\/www.copealcoy.es\\\/es\\\/#website\",\"url\":\"https:\\\/\\\/www.copealcoy.es\\\/es\\\/\",\"name\":\"COPE Alcoy\",\"description\":\"Emisora COPE de radio local con emisi\u00f3n online. Pont de Sant Jordi 8-10 03803 Alcoy\",\"potentialAction\":[{\"@type\":\"SearchAction\",\"target\":{\"@type\":\"EntryPoint\",\"urlTemplate\":\"https:\\\/\\\/www.copealcoy.es\\\/es\\\/?s={search_term_string}\"},\"query-input\":{\"@type\":\"PropertyValueSpecification\",\"valueRequired\":true,\"valueName\":\"search_term_string\"}}],\"inLanguage\":\"es\"},{\"@type\":\"Person\",\"@id\":\"https:\\\/\\\/www.copealcoy.es\\\/es\\\/#\\\/schema\\\/person\\\/e777c87fa024e57d40170af9df39882c\",\"name\":\"Cope Alcoy\",\"image\":{\"@type\":\"ImageObject\",\"inLanguage\":\"es\",\"@id\":\"https:\\\/\\\/secure.gravatar.com\\\/avatar\\\/bb65d0283347e303893ba14f0692005417c1e0e690a325a4c5d8bb2b3943ee14?s=96&d=mm&r=g\",\"url\":\"https:\\\/\\\/secure.gravatar.com\\\/avatar\\\/bb65d0283347e303893ba14f0692005417c1e0e690a325a4c5d8bb2b3943ee14?s=96&d=mm&r=g\",\"contentUrl\":\"https:\\\/\\\/secure.gravatar.com\\\/avatar\\\/bb65d0283347e303893ba14f0692005417c1e0e690a325a4c5d8bb2b3943ee14?s=96&d=mm&r=g\",\"caption\":\"Cope Alcoy\"}}]}<\/script>\n<!-- \/ Yoast SEO plugin. -->","yoast_head_json":{"title":"El Mal Passet de Cocentaina celebra el XIV Festival de Colles - COPE Alcoy","robots":{"index":"index","follow":"follow","max-snippet":"max-snippet:-1","max-image-preview":"max-image-preview:large","max-video-preview":"max-video-preview:-1"},"canonical":"https:\/\/www.copealcoy.es\/es\/el-mal-passet-de-cocentaina-celebra-el-xiv-festival-de-colles\/","og_locale":"es_ES","og_type":"article","og_title":"El Mal Passet de Cocentaina celebra el XIV Festival de Colles - COPE Alcoy","og_description":"La Colla de Dol\u00e7aines i Tabals Mal Passet de Cocentaina celebra este s\u00e1bado 3 de marzo, a partir de las...","og_url":"https:\/\/www.copealcoy.es\/es\/el-mal-passet-de-cocentaina-celebra-el-xiv-festival-de-colles\/","og_site_name":"COPE Alcoy","article_published_time":"2018-02-28T15:34:45+00:00","article_modified_time":"2018-02-28T15:40:49+00:00","og_image":[{"width":2048,"height":1362,"url":"https:\/\/www.copealcoy.es\/wp-content\/uploads\/2015\/03\/image14.jpg","type":"image\/jpeg"}],"author":"Cope Alcoy","twitter_misc":{"Escrito por":"Cope Alcoy","Tiempo de lectura":"1 minuto"},"schema":{"@context":"https:\/\/schema.org","@graph":[{"@type":"Article","@id":"https:\/\/www.copealcoy.es\/es\/el-mal-passet-de-cocentaina-celebra-el-xiv-festival-de-colles\/#article","isPartOf":{"@id":"https:\/\/www.copealcoy.es\/es\/el-mal-passet-de-cocentaina-celebra-el-xiv-festival-de-colles\/"},"author":{"name":"Cope Alcoy","@id":"https:\/\/www.copealcoy.es\/es\/#\/schema\/person\/e777c87fa024e57d40170af9df39882c"},"headline":"El Mal Passet de Cocentaina celebra el XIV Festival de Colles","datePublished":"2018-02-28T15:34:45+00:00","dateModified":"2018-02-28T15:40:49+00:00","mainEntityOfPage":{"@id":"https:\/\/www.copealcoy.es\/es\/el-mal-passet-de-cocentaina-celebra-el-xiv-festival-de-colles\/"},"wordCount":279,"commentCount":0,"image":{"@id":"https:\/\/www.copealcoy.es\/es\/el-mal-passet-de-cocentaina-celebra-el-xiv-festival-de-colles\/#primaryimage"},"thumbnailUrl":"https:\/\/www.copealcoy.es\/wp-content\/uploads\/2015\/03\/image14.jpg","keywords":["Cocentaina","Comtat","Festival de Colles","Mal Passet","XIV edici\u00f3n"],"articleSection":["Comarcas","Noticias"],"inLanguage":"es"},{"@type":"WebPage","@id":"https:\/\/www.copealcoy.es\/es\/el-mal-passet-de-cocentaina-celebra-el-xiv-festival-de-colles\/","url":"https:\/\/www.copealcoy.es\/es\/el-mal-passet-de-cocentaina-celebra-el-xiv-festival-de-colles\/","name":"El Mal Passet de Cocentaina celebra el XIV Festival de Colles - COPE Alcoy","isPartOf":{"@id":"https:\/\/www.copealcoy.es\/es\/#website"},"primaryImageOfPage":{"@id":"https:\/\/www.copealcoy.es\/es\/el-mal-passet-de-cocentaina-celebra-el-xiv-festival-de-colles\/#primaryimage"},"image":{"@id":"https:\/\/www.copealcoy.es\/es\/el-mal-passet-de-cocentaina-celebra-el-xiv-festival-de-colles\/#primaryimage"},"thumbnailUrl":"https:\/\/www.copealcoy.es\/wp-content\/uploads\/2015\/03\/image14.jpg","datePublished":"2018-02-28T15:34:45+00:00","dateModified":"2018-02-28T15:40:49+00:00","author":{"@id":"https:\/\/www.copealcoy.es\/es\/#\/schema\/person\/e777c87fa024e57d40170af9df39882c"},"breadcrumb":{"@id":"https:\/\/www.copealcoy.es\/es\/el-mal-passet-de-cocentaina-celebra-el-xiv-festival-de-colles\/#breadcrumb"},"inLanguage":"es","potentialAction":[{"@type":"ReadAction","target":["https:\/\/www.copealcoy.es\/es\/el-mal-passet-de-cocentaina-celebra-el-xiv-festival-de-colles\/"]}]},{"@type":"ImageObject","inLanguage":"es","@id":"https:\/\/www.copealcoy.es\/es\/el-mal-passet-de-cocentaina-celebra-el-xiv-festival-de-colles\/#primaryimage","url":"https:\/\/www.copealcoy.es\/wp-content\/uploads\/2015\/03\/image14.jpg","contentUrl":"https:\/\/www.copealcoy.es\/wp-content\/uploads\/2015\/03\/image14.jpg","width":1624,"height":1080,"caption":"El Festival de Colles del Mal Passet es una cita consolidada en Cocentaina"},{"@type":"BreadcrumbList","@id":"https:\/\/www.copealcoy.es\/es\/el-mal-passet-de-cocentaina-celebra-el-xiv-festival-de-colles\/#breadcrumb","itemListElement":[{"@type":"ListItem","position":1,"name":"Portada","item":"https:\/\/www.copealcoy.es\/es\/"},{"@type":"ListItem","position":2,"name":"El Mal Passet de Cocentaina celebra el XIV Festival de Colles"}]},{"@type":"WebSite","@id":"https:\/\/www.copealcoy.es\/es\/#website","url":"https:\/\/www.copealcoy.es\/es\/","name":"COPE Alcoy","description":"Emisora COPE de radio local con emisi\u00f3n online. Pont de Sant Jordi 8-10 03803 Alcoy","potentialAction":[{"@type":"SearchAction","target":{"@type":"EntryPoint","urlTemplate":"https:\/\/www.copealcoy.es\/es\/?s={search_term_string}"},"query-input":{"@type":"PropertyValueSpecification","valueRequired":true,"valueName":"search_term_string"}}],"inLanguage":"es"},{"@type":"Person","@id":"https:\/\/www.copealcoy.es\/es\/#\/schema\/person\/e777c87fa024e57d40170af9df39882c","name":"Cope Alcoy","image":{"@type":"ImageObject","inLanguage":"es","@id":"https:\/\/secure.gravatar.com\/avatar\/bb65d0283347e303893ba14f0692005417c1e0e690a325a4c5d8bb2b3943ee14?s=96&d=mm&r=g","url":"https:\/\/secure.gravatar.com\/avatar\/bb65d0283347e303893ba14f0692005417c1e0e690a325a4c5d8bb2b3943ee14?s=96&d=mm&r=g","contentUrl":"https:\/\/secure.gravatar.com\/avatar\/bb65d0283347e303893ba14f0692005417c1e0e690a325a4c5d8bb2b3943ee14?s=96&d=mm&r=g","caption":"Cope Alcoy"}}]}},"_links":{"self":[{"href":"https:\/\/www.copealcoy.es\/es\/wp-json\/wp\/v2\/posts\/39690","targetHints":{"allow":["GET"]}}],"collection":[{"href":"https:\/\/www.copealcoy.es\/es\/wp-json\/wp\/v2\/posts"}],"about":[{"href":"https:\/\/www.copealcoy.es\/es\/wp-json\/wp\/v2\/types\/post"}],"author":[{"embeddable":true,"href":"https:\/\/www.copealcoy.es\/es\/wp-json\/wp\/v2\/users\/1"}],"replies":[{"embeddable":true,"href":"https:\/\/www.copealcoy.es\/es\/wp-json\/wp\/v2\/comments?post=39690"}],"version-history":[{"count":0,"href":"https:\/\/www.copealcoy.es\/es\/wp-json\/wp\/v2\/posts\/39690\/revisions"}],"wp:featuredmedia":[{"embeddable":true,"href":"https:\/\/www.copealcoy.es\/es\/wp-json\/wp\/v2\/media\/11059"}],"wp:attachment":[{"href":"https:\/\/www.copealcoy.es\/es\/wp-json\/wp\/v2\/media?parent=39690"}],"wp:term":[{"taxonomy":"category","embeddable":true,"href":"https:\/\/www.copealcoy.es\/es\/wp-json\/wp\/v2\/categories?post=39690"},{"taxonomy":"post_tag","embeddable":true,"href":"https:\/\/www.copealcoy.es\/es\/wp-json\/wp\/v2\/tags?post=39690"}],"curies":[{"name":"wp","href":"https:\/\/api.w.org\/{rel}","templated":true}]}}