{"id":39650,"date":"2018-02-27T16:15:42","date_gmt":"2018-02-27T16:15:42","guid":{"rendered":"http:\/\/copealcoi.es\/new\/?p=39650"},"modified":"2018-02-27T16:20:33","modified_gmt":"2018-02-27T16:20:33","slug":"el-nuevo-bulevar-dara-mas-prioridad-a-los-peatones","status":"publish","type":"post","link":"https:\/\/www.copealcoy.es\/es\/el-nuevo-bulevar-dara-mas-prioridad-a-los-peatones\/","title":{"rendered":"El nuevo Bulevar dar\u00e1 m\u00e1s prioridad a los peatones"},"content":{"rendered":"<p style=\"text-align: justify;\">El <strong>Ayuntamiento de Alcoy<\/strong> quiere <strong>mantener el trazado original del Bulevar<\/strong> pero apuesta por\u00a0concebir esta infraestructura como\u00a0<strong>un vial dotado de un n\u00famero concreto de carriles<\/strong> y que sea tambi\u00e9n una calle en la que <strong>tengan prioridad los peatones<\/strong>. Tambi\u00e9n se prev\u00e9 <strong>la instalaci\u00f3n de arbolado y de mobiliario urbano<\/strong> en todo el tramo de esta futura v\u00eda.<\/p>\n<p style=\"text-align: justify;\">El alcalde, <strong>Antonio Franc\u00e9s<\/strong>, explic\u00f3 ayer en COPE ALCOY\u00a0que <strong>el Gobierno Municipal del PSOE no renuncia a este proyecto<\/strong> y a\u00f1adi\u00f3 que <strong>quieren definir el mismo de forma diferente a como lo plante\u00f3 el Ejecutivo Local del PP<\/strong> en su d\u00eda.\u00a0Franc\u00e9s detall\u00f3 que los Presupuestos Municipales de este a\u00f1o <strong>han reservado una partida de 150.000 euros<\/strong> para redactar el citado proyecto e indic\u00f3 que durante los pr\u00f3ximos meses <strong>se llevaran a cabo reuniones con las Asociaciones de Vecinos y con todos los agentes implicados<\/strong> para consensuar el modelo de vial que se quiere construir. El alcalde dijo tambi\u00e9n que una vez acabe este proceso <strong>se quiere licitar cuando antes la actuaci\u00f3n con la intenci\u00f3n de que las obras pudiesen empezar a finales de este a\u00f1o<\/strong> &#8220;<em>lo que tenemos claro es que no vamos a concebir el Bulevar como una gran radial que atraviesa la ciudad y que tampoco vamos a hacer un proyecto que hipoteque a la ciudad como pretend\u00eda el PP con su propuesta. Queremos una calle amable que conecte a los barrios y en la que tambi\u00e9n haya espacio para el peat\u00f3n teniendo en cuenta, entre otros aspectos, que junto al trazado hay cuatro centros educativos con todo lo que ello implic<\/em>a en cuanto al tr\u00e1fico, movilidad y paso de personas&#8221;, manifest\u00f3 Franc\u00e9s.<\/p>\n<p style=\"text-align: justify;\">Recordar que <strong>a mediados de este mes de febrero <a href=\"https:\/\/www.copealcoy.es\/el-supremo-dicta-el-final-del-proyecto-del-bulevar-de-alcoy\/\"><span style=\"color: #0000ff;\">se conoci\u00f3<\/span> <\/a><\/strong>que el Tribunal Supremo ha obligado a <strong>Enrique Ortiz<\/strong> a devolver al Ayuntamiento de Alcoy <strong>1,5 millones de euros<\/strong> por el proyecto del Bulevar. Esta cantidad es la que las arcas municipales ya le hab\u00edan abonado al constructor por la <strong>rescisi\u00f3n del contrato de este proyecto<\/strong>. La sentencia, que ya es definitiva, revel\u00f3 que este contrato <strong>se rescindi\u00f3 por causas imputables a la empresa constructora<\/strong> debido a que present\u00f3 <strong>un proyecto con numerosas deficiencias<\/strong>. De esta forma <strong>se puso fin a un proceso judicial<\/strong> entre el Ayuntamiento y Ortiz que se inici\u00f3 en 2011.<\/p>\n<p style=\"text-align: justify;\">\n","protected":false},"excerpt":{"rendered":"<p>El Ayuntamiento de Alcoy quiere mantener el trazado original del Bulevar pero apuesta por\u00a0concebir esta infraestructura como\u00a0un vial dotado de&#8230;<\/p>\n","protected":false},"author":1,"featured_media":39651,"comment_status":"open","ping_status":"open","sticky":false,"template":"","format":"standard","meta":{"footnotes":""},"categories":[97,75,125],"tags":[1494,1793,229,1264,5292,401],"class_list":["post-39650","post","type-post","status-publish","format-standard","has-post-thumbnail","hentry","category-alcoy","category-noticias","category-portada","tag-alcoy","tag-antonio-frances","tag-ayuntamiento","tag-bulevar","tag-peaton","tag-trafico"],"yoast_head":"<!-- This site is optimized with the Yoast SEO plugin v27.3 - https:\/\/yoast.com\/product\/yoast-seo-wordpress\/ -->\n<title>El nuevo Bulevar dar\u00e1 m\u00e1s prioridad a los peatones - COPE Alcoy<\/title>\n<meta name=\"robots\" content=\"index, follow, max-snippet:-1, max-image-preview:large, max-video-preview:-1\" \/>\n<link rel=\"canonical\" href=\"https:\/\/www.copealcoy.es\/es\/el-nuevo-bulevar-dara-mas-prioridad-a-los-peatones\/\" \/>\n<meta property=\"og:locale\" content=\"es_ES\" \/>\n<meta property=\"og:type\" content=\"article\" \/>\n<meta property=\"og:title\" content=\"El nuevo Bulevar dar\u00e1 m\u00e1s prioridad a los peatones - COPE Alcoy\" \/>\n<meta property=\"og:description\" content=\"El Ayuntamiento de Alcoy quiere mantener el trazado original del Bulevar pero apuesta por\u00a0concebir esta infraestructura como\u00a0un vial dotado de...\" \/>\n<meta property=\"og:url\" content=\"https:\/\/www.copealcoy.es\/es\/el-nuevo-bulevar-dara-mas-prioridad-a-los-peatones\/\" \/>\n<meta property=\"og:site_name\" content=\"COPE Alcoy\" \/>\n<meta property=\"article:published_time\" content=\"2018-02-27T16:15:42+00:00\" \/>\n<meta property=\"article:modified_time\" content=\"2018-02-27T16:20:33+00:00\" \/>\n<meta property=\"og:image\" content=\"https:\/\/www.copealcoy.es\/wp-content\/uploads\/2018\/02\/27858638_2298432826849555_1815177292647708482_n.jpg\" \/>\n\t<meta property=\"og:image:width\" content=\"845\" \/>\n\t<meta property=\"og:image:height\" content=\"453\" \/>\n\t<meta property=\"og:image:type\" content=\"image\/jpeg\" \/>\n<meta name=\"author\" content=\"Cope Alcoy\" \/>\n<meta name=\"twitter:label1\" content=\"Escrito por\" \/>\n\t<meta name=\"twitter:data1\" content=\"Cope Alcoy\" \/>\n\t<meta name=\"twitter:label2\" content=\"Tiempo de lectura\" \/>\n\t<meta name=\"twitter:data2\" content=\"2 minutos\" \/>\n<script type=\"application\/ld+json\" class=\"yoast-schema-graph\">{\"@context\":\"https:\\\/\\\/schema.org\",\"@graph\":[{\"@type\":\"Article\",\"@id\":\"https:\\\/\\\/www.copealcoy.es\\\/es\\\/el-nuevo-bulevar-dara-mas-prioridad-a-los-peatones\\\/#article\",\"isPartOf\":{\"@id\":\"https:\\\/\\\/www.copealcoy.es\\\/es\\\/el-nuevo-bulevar-dara-mas-prioridad-a-los-peatones\\\/\"},\"author\":{\"name\":\"Cope Alcoy\",\"@id\":\"https:\\\/\\\/www.copealcoy.es\\\/es\\\/#\\\/schema\\\/person\\\/e777c87fa024e57d40170af9df39882c\"},\"headline\":\"El nuevo Bulevar dar\u00e1 m\u00e1s prioridad a los peatones\",\"datePublished\":\"2018-02-27T16:15:42+00:00\",\"dateModified\":\"2018-02-27T16:20:33+00:00\",\"mainEntityOfPage\":{\"@id\":\"https:\\\/\\\/www.copealcoy.es\\\/es\\\/el-nuevo-bulevar-dara-mas-prioridad-a-los-peatones\\\/\"},\"wordCount\":410,\"commentCount\":0,\"image\":{\"@id\":\"https:\\\/\\\/www.copealcoy.es\\\/es\\\/el-nuevo-bulevar-dara-mas-prioridad-a-los-peatones\\\/#primaryimage\"},\"thumbnailUrl\":\"https:\\\/\\\/www.copealcoy.es\\\/wp-content\\\/uploads\\\/2018\\\/02\\\/27858638_2298432826849555_1815177292647708482_n.jpg\",\"keywords\":[\"Alcoy\",\"Antonio Franc\u00e9s\",\"Ayuntamiento\",\"bulevar\",\"peat\u00f3n\",\"Tr\u00e1fico\"],\"articleSection\":[\"Alcoy\",\"Noticias\",\"Portada\"],\"inLanguage\":\"es\"},{\"@type\":\"WebPage\",\"@id\":\"https:\\\/\\\/www.copealcoy.es\\\/es\\\/el-nuevo-bulevar-dara-mas-prioridad-a-los-peatones\\\/\",\"url\":\"https:\\\/\\\/www.copealcoy.es\\\/es\\\/el-nuevo-bulevar-dara-mas-prioridad-a-los-peatones\\\/\",\"name\":\"El nuevo Bulevar dar\u00e1 m\u00e1s prioridad a los peatones - COPE Alcoy\",\"isPartOf\":{\"@id\":\"https:\\\/\\\/www.copealcoy.es\\\/es\\\/#website\"},\"primaryImageOfPage\":{\"@id\":\"https:\\\/\\\/www.copealcoy.es\\\/es\\\/el-nuevo-bulevar-dara-mas-prioridad-a-los-peatones\\\/#primaryimage\"},\"image\":{\"@id\":\"https:\\\/\\\/www.copealcoy.es\\\/es\\\/el-nuevo-bulevar-dara-mas-prioridad-a-los-peatones\\\/#primaryimage\"},\"thumbnailUrl\":\"https:\\\/\\\/www.copealcoy.es\\\/wp-content\\\/uploads\\\/2018\\\/02\\\/27858638_2298432826849555_1815177292647708482_n.jpg\",\"datePublished\":\"2018-02-27T16:15:42+00:00\",\"dateModified\":\"2018-02-27T16:20:33+00:00\",\"author\":{\"@id\":\"https:\\\/\\\/www.copealcoy.es\\\/es\\\/#\\\/schema\\\/person\\\/e777c87fa024e57d40170af9df39882c\"},\"breadcrumb\":{\"@id\":\"https:\\\/\\\/www.copealcoy.es\\\/es\\\/el-nuevo-bulevar-dara-mas-prioridad-a-los-peatones\\\/#breadcrumb\"},\"inLanguage\":\"es\",\"potentialAction\":[{\"@type\":\"ReadAction\",\"target\":[\"https:\\\/\\\/www.copealcoy.es\\\/es\\\/el-nuevo-bulevar-dara-mas-prioridad-a-los-peatones\\\/\"]}]},{\"@type\":\"ImageObject\",\"inLanguage\":\"es\",\"@id\":\"https:\\\/\\\/www.copealcoy.es\\\/es\\\/el-nuevo-bulevar-dara-mas-prioridad-a-los-peatones\\\/#primaryimage\",\"url\":\"https:\\\/\\\/www.copealcoy.es\\\/wp-content\\\/uploads\\\/2018\\\/02\\\/27858638_2298432826849555_1815177292647708482_n.jpg\",\"contentUrl\":\"https:\\\/\\\/www.copealcoy.es\\\/wp-content\\\/uploads\\\/2018\\\/02\\\/27858638_2298432826849555_1815177292647708482_n.jpg\",\"width\":845,\"height\":453},{\"@type\":\"BreadcrumbList\",\"@id\":\"https:\\\/\\\/www.copealcoy.es\\\/es\\\/el-nuevo-bulevar-dara-mas-prioridad-a-los-peatones\\\/#breadcrumb\",\"itemListElement\":[{\"@type\":\"ListItem\",\"position\":1,\"name\":\"Portada\",\"item\":\"https:\\\/\\\/www.copealcoy.es\\\/es\\\/\"},{\"@type\":\"ListItem\",\"position\":2,\"name\":\"El nuevo Bulevar dar\u00e1 m\u00e1s prioridad a los peatones\"}]},{\"@type\":\"WebSite\",\"@id\":\"https:\\\/\\\/www.copealcoy.es\\\/es\\\/#website\",\"url\":\"https:\\\/\\\/www.copealcoy.es\\\/es\\\/\",\"name\":\"COPE Alcoy\",\"description\":\"Emisora COPE de radio local con emisi\u00f3n online. Pont de Sant Jordi 8-10 03803 Alcoy\",\"potentialAction\":[{\"@type\":\"SearchAction\",\"target\":{\"@type\":\"EntryPoint\",\"urlTemplate\":\"https:\\\/\\\/www.copealcoy.es\\\/es\\\/?s={search_term_string}\"},\"query-input\":{\"@type\":\"PropertyValueSpecification\",\"valueRequired\":true,\"valueName\":\"search_term_string\"}}],\"inLanguage\":\"es\"},{\"@type\":\"Person\",\"@id\":\"https:\\\/\\\/www.copealcoy.es\\\/es\\\/#\\\/schema\\\/person\\\/e777c87fa024e57d40170af9df39882c\",\"name\":\"Cope Alcoy\",\"image\":{\"@type\":\"ImageObject\",\"inLanguage\":\"es\",\"@id\":\"https:\\\/\\\/secure.gravatar.com\\\/avatar\\\/bb65d0283347e303893ba14f0692005417c1e0e690a325a4c5d8bb2b3943ee14?s=96&d=mm&r=g\",\"url\":\"https:\\\/\\\/secure.gravatar.com\\\/avatar\\\/bb65d0283347e303893ba14f0692005417c1e0e690a325a4c5d8bb2b3943ee14?s=96&d=mm&r=g\",\"contentUrl\":\"https:\\\/\\\/secure.gravatar.com\\\/avatar\\\/bb65d0283347e303893ba14f0692005417c1e0e690a325a4c5d8bb2b3943ee14?s=96&d=mm&r=g\",\"caption\":\"Cope Alcoy\"}}]}<\/script>\n<!-- \/ Yoast SEO plugin. -->","yoast_head_json":{"title":"El nuevo Bulevar dar\u00e1 m\u00e1s prioridad a los peatones - COPE Alcoy","robots":{"index":"index","follow":"follow","max-snippet":"max-snippet:-1","max-image-preview":"max-image-preview:large","max-video-preview":"max-video-preview:-1"},"canonical":"https:\/\/www.copealcoy.es\/es\/el-nuevo-bulevar-dara-mas-prioridad-a-los-peatones\/","og_locale":"es_ES","og_type":"article","og_title":"El nuevo Bulevar dar\u00e1 m\u00e1s prioridad a los peatones - COPE Alcoy","og_description":"El Ayuntamiento de Alcoy quiere mantener el trazado original del Bulevar pero apuesta por\u00a0concebir esta infraestructura como\u00a0un vial dotado de...","og_url":"https:\/\/www.copealcoy.es\/es\/el-nuevo-bulevar-dara-mas-prioridad-a-los-peatones\/","og_site_name":"COPE Alcoy","article_published_time":"2018-02-27T16:15:42+00:00","article_modified_time":"2018-02-27T16:20:33+00:00","og_image":[{"width":845,"height":453,"url":"https:\/\/www.copealcoy.es\/wp-content\/uploads\/2018\/02\/27858638_2298432826849555_1815177292647708482_n.jpg","type":"image\/jpeg"}],"author":"Cope Alcoy","twitter_misc":{"Escrito por":"Cope Alcoy","Tiempo de lectura":"2 minutos"},"schema":{"@context":"https:\/\/schema.org","@graph":[{"@type":"Article","@id":"https:\/\/www.copealcoy.es\/es\/el-nuevo-bulevar-dara-mas-prioridad-a-los-peatones\/#article","isPartOf":{"@id":"https:\/\/www.copealcoy.es\/es\/el-nuevo-bulevar-dara-mas-prioridad-a-los-peatones\/"},"author":{"name":"Cope Alcoy","@id":"https:\/\/www.copealcoy.es\/es\/#\/schema\/person\/e777c87fa024e57d40170af9df39882c"},"headline":"El nuevo Bulevar dar\u00e1 m\u00e1s prioridad a los peatones","datePublished":"2018-02-27T16:15:42+00:00","dateModified":"2018-02-27T16:20:33+00:00","mainEntityOfPage":{"@id":"https:\/\/www.copealcoy.es\/es\/el-nuevo-bulevar-dara-mas-prioridad-a-los-peatones\/"},"wordCount":410,"commentCount":0,"image":{"@id":"https:\/\/www.copealcoy.es\/es\/el-nuevo-bulevar-dara-mas-prioridad-a-los-peatones\/#primaryimage"},"thumbnailUrl":"https:\/\/www.copealcoy.es\/wp-content\/uploads\/2018\/02\/27858638_2298432826849555_1815177292647708482_n.jpg","keywords":["Alcoy","Antonio Franc\u00e9s","Ayuntamiento","bulevar","peat\u00f3n","Tr\u00e1fico"],"articleSection":["Alcoy","Noticias","Portada"],"inLanguage":"es"},{"@type":"WebPage","@id":"https:\/\/www.copealcoy.es\/es\/el-nuevo-bulevar-dara-mas-prioridad-a-los-peatones\/","url":"https:\/\/www.copealcoy.es\/es\/el-nuevo-bulevar-dara-mas-prioridad-a-los-peatones\/","name":"El nuevo Bulevar dar\u00e1 m\u00e1s prioridad a los peatones - COPE Alcoy","isPartOf":{"@id":"https:\/\/www.copealcoy.es\/es\/#website"},"primaryImageOfPage":{"@id":"https:\/\/www.copealcoy.es\/es\/el-nuevo-bulevar-dara-mas-prioridad-a-los-peatones\/#primaryimage"},"image":{"@id":"https:\/\/www.copealcoy.es\/es\/el-nuevo-bulevar-dara-mas-prioridad-a-los-peatones\/#primaryimage"},"thumbnailUrl":"https:\/\/www.copealcoy.es\/wp-content\/uploads\/2018\/02\/27858638_2298432826849555_1815177292647708482_n.jpg","datePublished":"2018-02-27T16:15:42+00:00","dateModified":"2018-02-27T16:20:33+00:00","author":{"@id":"https:\/\/www.copealcoy.es\/es\/#\/schema\/person\/e777c87fa024e57d40170af9df39882c"},"breadcrumb":{"@id":"https:\/\/www.copealcoy.es\/es\/el-nuevo-bulevar-dara-mas-prioridad-a-los-peatones\/#breadcrumb"},"inLanguage":"es","potentialAction":[{"@type":"ReadAction","target":["https:\/\/www.copealcoy.es\/es\/el-nuevo-bulevar-dara-mas-prioridad-a-los-peatones\/"]}]},{"@type":"ImageObject","inLanguage":"es","@id":"https:\/\/www.copealcoy.es\/es\/el-nuevo-bulevar-dara-mas-prioridad-a-los-peatones\/#primaryimage","url":"https:\/\/www.copealcoy.es\/wp-content\/uploads\/2018\/02\/27858638_2298432826849555_1815177292647708482_n.jpg","contentUrl":"https:\/\/www.copealcoy.es\/wp-content\/uploads\/2018\/02\/27858638_2298432826849555_1815177292647708482_n.jpg","width":845,"height":453},{"@type":"BreadcrumbList","@id":"https:\/\/www.copealcoy.es\/es\/el-nuevo-bulevar-dara-mas-prioridad-a-los-peatones\/#breadcrumb","itemListElement":[{"@type":"ListItem","position":1,"name":"Portada","item":"https:\/\/www.copealcoy.es\/es\/"},{"@type":"ListItem","position":2,"name":"El nuevo Bulevar dar\u00e1 m\u00e1s prioridad a los peatones"}]},{"@type":"WebSite","@id":"https:\/\/www.copealcoy.es\/es\/#website","url":"https:\/\/www.copealcoy.es\/es\/","name":"COPE Alcoy","description":"Emisora COPE de radio local con emisi\u00f3n online. Pont de Sant Jordi 8-10 03803 Alcoy","potentialAction":[{"@type":"SearchAction","target":{"@type":"EntryPoint","urlTemplate":"https:\/\/www.copealcoy.es\/es\/?s={search_term_string}"},"query-input":{"@type":"PropertyValueSpecification","valueRequired":true,"valueName":"search_term_string"}}],"inLanguage":"es"},{"@type":"Person","@id":"https:\/\/www.copealcoy.es\/es\/#\/schema\/person\/e777c87fa024e57d40170af9df39882c","name":"Cope Alcoy","image":{"@type":"ImageObject","inLanguage":"es","@id":"https:\/\/secure.gravatar.com\/avatar\/bb65d0283347e303893ba14f0692005417c1e0e690a325a4c5d8bb2b3943ee14?s=96&d=mm&r=g","url":"https:\/\/secure.gravatar.com\/avatar\/bb65d0283347e303893ba14f0692005417c1e0e690a325a4c5d8bb2b3943ee14?s=96&d=mm&r=g","contentUrl":"https:\/\/secure.gravatar.com\/avatar\/bb65d0283347e303893ba14f0692005417c1e0e690a325a4c5d8bb2b3943ee14?s=96&d=mm&r=g","caption":"Cope Alcoy"}}]}},"_links":{"self":[{"href":"https:\/\/www.copealcoy.es\/es\/wp-json\/wp\/v2\/posts\/39650","targetHints":{"allow":["GET"]}}],"collection":[{"href":"https:\/\/www.copealcoy.es\/es\/wp-json\/wp\/v2\/posts"}],"about":[{"href":"https:\/\/www.copealcoy.es\/es\/wp-json\/wp\/v2\/types\/post"}],"author":[{"embeddable":true,"href":"https:\/\/www.copealcoy.es\/es\/wp-json\/wp\/v2\/users\/1"}],"replies":[{"embeddable":true,"href":"https:\/\/www.copealcoy.es\/es\/wp-json\/wp\/v2\/comments?post=39650"}],"version-history":[{"count":0,"href":"https:\/\/www.copealcoy.es\/es\/wp-json\/wp\/v2\/posts\/39650\/revisions"}],"wp:featuredmedia":[{"embeddable":true,"href":"https:\/\/www.copealcoy.es\/es\/wp-json\/wp\/v2\/media\/39651"}],"wp:attachment":[{"href":"https:\/\/www.copealcoy.es\/es\/wp-json\/wp\/v2\/media?parent=39650"}],"wp:term":[{"taxonomy":"category","embeddable":true,"href":"https:\/\/www.copealcoy.es\/es\/wp-json\/wp\/v2\/categories?post=39650"},{"taxonomy":"post_tag","embeddable":true,"href":"https:\/\/www.copealcoy.es\/es\/wp-json\/wp\/v2\/tags?post=39650"}],"curies":[{"name":"wp","href":"https:\/\/api.w.org\/{rel}","templated":true}]}}