{"id":39624,"date":"2018-02-27T14:54:21","date_gmt":"2018-02-27T14:54:21","guid":{"rendered":"http:\/\/copealcoi.es\/new\/?p=39624"},"modified":"2018-02-27T14:58:12","modified_gmt":"2018-02-27T14:58:12","slug":"agres-ya-tiene-definido-su-plan-estrategico","status":"publish","type":"post","link":"https:\/\/www.copealcoy.es\/es\/agres-ya-tiene-definido-su-plan-estrategico\/","title":{"rendered":"Agres ya tiene definido su Plan Estrat\u00e9gico"},"content":{"rendered":"<p style=\"text-align: justify;\">Agres present\u00f3 el pasado viernes 23 de febrero <strong>su Plan Estrat\u00e9gico Participativo y Consensuado<\/strong> (PEPC), surgido de la participaci\u00f3n, a trav\u00e9s del <strong>proyecto<\/strong> <em>MouAgres<\/em>. La iniciativa <strong>marca la hoja de ruta a seguir<\/strong>, en cuanto a proyectos, actuaciones e intervenciones, de cara a <strong>definir el futuro<\/strong> m\u00e1s inmediato de la poblaci\u00f3n. Recordar que\u00a0<em>MouAgres<\/em> <strong>comenz\u00f3 en mayo de 2017<\/strong> con dos fases diferenciadas. La primera, que transcurri\u00f3 entre mayo a julio, y la segunda realizada de octubre de 2017 a enero de 2018. Un promedio de <strong>84 vecinos y vecinas de Agres<\/strong>,\u00a0m\u00e1s de un 15% de la poblaci\u00f3n censada, han protagonizado este proceso asistiendo a las diferentes sesiones <strong>un total de 182 participantes<\/strong>. De estos <strong>127<\/strong> estuvieron presentes durante la primera fase y <strong>55<\/strong> en la segunda.<\/p>\n<p style=\"text-align: justify;\">El alcalde de Agres, <strong>Josep Manel Franc\u00e9s<\/strong>, ha valorado la importancia del proyecto y destacaba en COPE ALCOY <strong>la participaci\u00f3n alcanzada con este proyecto<\/strong> &#8220;<em>en\u00a0cada reuni\u00f3n acud\u00eda m\u00e1s y m\u00e1s gente para participar y decir su opini\u00f3n. Todo el proceso ha puesto sobre la mesa claramente que las apuestas y decisiones pol\u00edticas que venimos impulsando desde el principio del mandato son lo que realmente el pueblo quiere y necesita<\/em>&#8220;, ha concluido.<\/p>\n","protected":false},"excerpt":{"rendered":"<p>Agres present\u00f3 el pasado viernes 23 de febrero su Plan Estrat\u00e9gico Participativo y Consensuado (PEPC), surgido de la participaci\u00f3n, a&#8230;<\/p>\n","protected":false},"author":1,"featured_media":8938,"comment_status":"open","ping_status":"open","sticky":false,"template":"","format":"standard","meta":{"footnotes":""},"categories":[98,75],"tags":[293,237,3744,1673,1370],"class_list":["post-39624","post","type-post","status-publish","format-standard","has-post-thumbnail","hentry","category-comarcas","category-noticias","tag-agres","tag-comtat","tag-josep-manel-frances","tag-plan-estrategico","tag-presentacion"],"yoast_head":"<!-- This site is optimized with the Yoast SEO plugin v27.3 - https:\/\/yoast.com\/product\/yoast-seo-wordpress\/ -->\n<title>Agres ya tiene definido su Plan Estrat\u00e9gico - COPE Alcoy<\/title>\n<meta name=\"robots\" content=\"index, follow, max-snippet:-1, max-image-preview:large, max-video-preview:-1\" \/>\n<link rel=\"canonical\" href=\"https:\/\/www.copealcoy.es\/es\/agres-ya-tiene-definido-su-plan-estrategico\/\" \/>\n<meta property=\"og:locale\" content=\"es_ES\" \/>\n<meta property=\"og:type\" content=\"article\" \/>\n<meta property=\"og:title\" content=\"Agres ya tiene definido su Plan Estrat\u00e9gico - COPE Alcoy\" \/>\n<meta property=\"og:description\" content=\"Agres present\u00f3 el pasado viernes 23 de febrero su Plan Estrat\u00e9gico Participativo y Consensuado (PEPC), surgido de la participaci\u00f3n, a...\" \/>\n<meta property=\"og:url\" content=\"https:\/\/www.copealcoy.es\/es\/agres-ya-tiene-definido-su-plan-estrategico\/\" \/>\n<meta property=\"og:site_name\" content=\"COPE Alcoy\" \/>\n<meta property=\"article:published_time\" content=\"2018-02-27T14:54:21+00:00\" \/>\n<meta property=\"article:modified_time\" content=\"2018-02-27T14:58:12+00:00\" \/>\n<meta property=\"og:image\" content=\"https:\/\/www.copealcoy.es\/wp-content\/uploads\/2014\/12\/image50.jpg\" \/>\n\t<meta property=\"og:image:width\" content=\"1668\" \/>\n\t<meta property=\"og:image:height\" content=\"1254\" \/>\n\t<meta property=\"og:image:type\" content=\"image\/jpeg\" \/>\n<meta name=\"author\" content=\"Cope Alcoy\" \/>\n<meta name=\"twitter:label1\" content=\"Escrito por\" \/>\n\t<meta name=\"twitter:data1\" content=\"Cope Alcoy\" \/>\n\t<meta name=\"twitter:label2\" content=\"Tiempo de lectura\" \/>\n\t<meta name=\"twitter:data2\" content=\"1 minuto\" \/>\n<script type=\"application\/ld+json\" class=\"yoast-schema-graph\">{\"@context\":\"https:\\\/\\\/schema.org\",\"@graph\":[{\"@type\":\"Article\",\"@id\":\"https:\\\/\\\/www.copealcoy.es\\\/es\\\/agres-ya-tiene-definido-su-plan-estrategico\\\/#article\",\"isPartOf\":{\"@id\":\"https:\\\/\\\/www.copealcoy.es\\\/es\\\/agres-ya-tiene-definido-su-plan-estrategico\\\/\"},\"author\":{\"name\":\"Cope Alcoy\",\"@id\":\"https:\\\/\\\/www.copealcoy.es\\\/es\\\/#\\\/schema\\\/person\\\/e777c87fa024e57d40170af9df39882c\"},\"headline\":\"Agres ya tiene definido su Plan Estrat\u00e9gico\",\"datePublished\":\"2018-02-27T14:54:21+00:00\",\"dateModified\":\"2018-02-27T14:58:12+00:00\",\"mainEntityOfPage\":{\"@id\":\"https:\\\/\\\/www.copealcoy.es\\\/es\\\/agres-ya-tiene-definido-su-plan-estrategico\\\/\"},\"wordCount\":214,\"commentCount\":0,\"image\":{\"@id\":\"https:\\\/\\\/www.copealcoy.es\\\/es\\\/agres-ya-tiene-definido-su-plan-estrategico\\\/#primaryimage\"},\"thumbnailUrl\":\"https:\\\/\\\/www.copealcoy.es\\\/wp-content\\\/uploads\\\/2014\\\/12\\\/image50.jpg\",\"keywords\":[\"Agres\",\"Comtat\",\"Josep Manel Franc\u00e9s\",\"Plan Estrat\u00e9gico\",\"presentaci\u00f3n\"],\"articleSection\":[\"Comarcas\",\"Noticias\"],\"inLanguage\":\"es\"},{\"@type\":\"WebPage\",\"@id\":\"https:\\\/\\\/www.copealcoy.es\\\/es\\\/agres-ya-tiene-definido-su-plan-estrategico\\\/\",\"url\":\"https:\\\/\\\/www.copealcoy.es\\\/es\\\/agres-ya-tiene-definido-su-plan-estrategico\\\/\",\"name\":\"Agres ya tiene definido su Plan Estrat\u00e9gico - COPE Alcoy\",\"isPartOf\":{\"@id\":\"https:\\\/\\\/www.copealcoy.es\\\/es\\\/#website\"},\"primaryImageOfPage\":{\"@id\":\"https:\\\/\\\/www.copealcoy.es\\\/es\\\/agres-ya-tiene-definido-su-plan-estrategico\\\/#primaryimage\"},\"image\":{\"@id\":\"https:\\\/\\\/www.copealcoy.es\\\/es\\\/agres-ya-tiene-definido-su-plan-estrategico\\\/#primaryimage\"},\"thumbnailUrl\":\"https:\\\/\\\/www.copealcoy.es\\\/wp-content\\\/uploads\\\/2014\\\/12\\\/image50.jpg\",\"datePublished\":\"2018-02-27T14:54:21+00:00\",\"dateModified\":\"2018-02-27T14:58:12+00:00\",\"author\":{\"@id\":\"https:\\\/\\\/www.copealcoy.es\\\/es\\\/#\\\/schema\\\/person\\\/e777c87fa024e57d40170af9df39882c\"},\"breadcrumb\":{\"@id\":\"https:\\\/\\\/www.copealcoy.es\\\/es\\\/agres-ya-tiene-definido-su-plan-estrategico\\\/#breadcrumb\"},\"inLanguage\":\"es\",\"potentialAction\":[{\"@type\":\"ReadAction\",\"target\":[\"https:\\\/\\\/www.copealcoy.es\\\/es\\\/agres-ya-tiene-definido-su-plan-estrategico\\\/\"]}]},{\"@type\":\"ImageObject\",\"inLanguage\":\"es\",\"@id\":\"https:\\\/\\\/www.copealcoy.es\\\/es\\\/agres-ya-tiene-definido-su-plan-estrategico\\\/#primaryimage\",\"url\":\"https:\\\/\\\/www.copealcoy.es\\\/wp-content\\\/uploads\\\/2014\\\/12\\\/image50.jpg\",\"contentUrl\":\"https:\\\/\\\/www.copealcoy.es\\\/wp-content\\\/uploads\\\/2014\\\/12\\\/image50.jpg\",\"width\":1437,\"height\":1080},{\"@type\":\"BreadcrumbList\",\"@id\":\"https:\\\/\\\/www.copealcoy.es\\\/es\\\/agres-ya-tiene-definido-su-plan-estrategico\\\/#breadcrumb\",\"itemListElement\":[{\"@type\":\"ListItem\",\"position\":1,\"name\":\"Portada\",\"item\":\"https:\\\/\\\/www.copealcoy.es\\\/es\\\/\"},{\"@type\":\"ListItem\",\"position\":2,\"name\":\"Agres ya tiene definido su Plan Estrat\u00e9gico\"}]},{\"@type\":\"WebSite\",\"@id\":\"https:\\\/\\\/www.copealcoy.es\\\/es\\\/#website\",\"url\":\"https:\\\/\\\/www.copealcoy.es\\\/es\\\/\",\"name\":\"COPE Alcoy\",\"description\":\"Emisora COPE de radio local con emisi\u00f3n online. Pont de Sant Jordi 8-10 03803 Alcoy\",\"potentialAction\":[{\"@type\":\"SearchAction\",\"target\":{\"@type\":\"EntryPoint\",\"urlTemplate\":\"https:\\\/\\\/www.copealcoy.es\\\/es\\\/?s={search_term_string}\"},\"query-input\":{\"@type\":\"PropertyValueSpecification\",\"valueRequired\":true,\"valueName\":\"search_term_string\"}}],\"inLanguage\":\"es\"},{\"@type\":\"Person\",\"@id\":\"https:\\\/\\\/www.copealcoy.es\\\/es\\\/#\\\/schema\\\/person\\\/e777c87fa024e57d40170af9df39882c\",\"name\":\"Cope Alcoy\",\"image\":{\"@type\":\"ImageObject\",\"inLanguage\":\"es\",\"@id\":\"https:\\\/\\\/secure.gravatar.com\\\/avatar\\\/bb65d0283347e303893ba14f0692005417c1e0e690a325a4c5d8bb2b3943ee14?s=96&d=mm&r=g\",\"url\":\"https:\\\/\\\/secure.gravatar.com\\\/avatar\\\/bb65d0283347e303893ba14f0692005417c1e0e690a325a4c5d8bb2b3943ee14?s=96&d=mm&r=g\",\"contentUrl\":\"https:\\\/\\\/secure.gravatar.com\\\/avatar\\\/bb65d0283347e303893ba14f0692005417c1e0e690a325a4c5d8bb2b3943ee14?s=96&d=mm&r=g\",\"caption\":\"Cope Alcoy\"}}]}<\/script>\n<!-- \/ Yoast SEO plugin. -->","yoast_head_json":{"title":"Agres ya tiene definido su Plan Estrat\u00e9gico - COPE Alcoy","robots":{"index":"index","follow":"follow","max-snippet":"max-snippet:-1","max-image-preview":"max-image-preview:large","max-video-preview":"max-video-preview:-1"},"canonical":"https:\/\/www.copealcoy.es\/es\/agres-ya-tiene-definido-su-plan-estrategico\/","og_locale":"es_ES","og_type":"article","og_title":"Agres ya tiene definido su Plan Estrat\u00e9gico - COPE Alcoy","og_description":"Agres present\u00f3 el pasado viernes 23 de febrero su Plan Estrat\u00e9gico Participativo y Consensuado (PEPC), surgido de la participaci\u00f3n, a...","og_url":"https:\/\/www.copealcoy.es\/es\/agres-ya-tiene-definido-su-plan-estrategico\/","og_site_name":"COPE Alcoy","article_published_time":"2018-02-27T14:54:21+00:00","article_modified_time":"2018-02-27T14:58:12+00:00","og_image":[{"width":1668,"height":1254,"url":"https:\/\/www.copealcoy.es\/wp-content\/uploads\/2014\/12\/image50.jpg","type":"image\/jpeg"}],"author":"Cope Alcoy","twitter_misc":{"Escrito por":"Cope Alcoy","Tiempo de lectura":"1 minuto"},"schema":{"@context":"https:\/\/schema.org","@graph":[{"@type":"Article","@id":"https:\/\/www.copealcoy.es\/es\/agres-ya-tiene-definido-su-plan-estrategico\/#article","isPartOf":{"@id":"https:\/\/www.copealcoy.es\/es\/agres-ya-tiene-definido-su-plan-estrategico\/"},"author":{"name":"Cope Alcoy","@id":"https:\/\/www.copealcoy.es\/es\/#\/schema\/person\/e777c87fa024e57d40170af9df39882c"},"headline":"Agres ya tiene definido su Plan Estrat\u00e9gico","datePublished":"2018-02-27T14:54:21+00:00","dateModified":"2018-02-27T14:58:12+00:00","mainEntityOfPage":{"@id":"https:\/\/www.copealcoy.es\/es\/agres-ya-tiene-definido-su-plan-estrategico\/"},"wordCount":214,"commentCount":0,"image":{"@id":"https:\/\/www.copealcoy.es\/es\/agres-ya-tiene-definido-su-plan-estrategico\/#primaryimage"},"thumbnailUrl":"https:\/\/www.copealcoy.es\/wp-content\/uploads\/2014\/12\/image50.jpg","keywords":["Agres","Comtat","Josep Manel Franc\u00e9s","Plan Estrat\u00e9gico","presentaci\u00f3n"],"articleSection":["Comarcas","Noticias"],"inLanguage":"es"},{"@type":"WebPage","@id":"https:\/\/www.copealcoy.es\/es\/agres-ya-tiene-definido-su-plan-estrategico\/","url":"https:\/\/www.copealcoy.es\/es\/agres-ya-tiene-definido-su-plan-estrategico\/","name":"Agres ya tiene definido su Plan Estrat\u00e9gico - COPE Alcoy","isPartOf":{"@id":"https:\/\/www.copealcoy.es\/es\/#website"},"primaryImageOfPage":{"@id":"https:\/\/www.copealcoy.es\/es\/agres-ya-tiene-definido-su-plan-estrategico\/#primaryimage"},"image":{"@id":"https:\/\/www.copealcoy.es\/es\/agres-ya-tiene-definido-su-plan-estrategico\/#primaryimage"},"thumbnailUrl":"https:\/\/www.copealcoy.es\/wp-content\/uploads\/2014\/12\/image50.jpg","datePublished":"2018-02-27T14:54:21+00:00","dateModified":"2018-02-27T14:58:12+00:00","author":{"@id":"https:\/\/www.copealcoy.es\/es\/#\/schema\/person\/e777c87fa024e57d40170af9df39882c"},"breadcrumb":{"@id":"https:\/\/www.copealcoy.es\/es\/agres-ya-tiene-definido-su-plan-estrategico\/#breadcrumb"},"inLanguage":"es","potentialAction":[{"@type":"ReadAction","target":["https:\/\/www.copealcoy.es\/es\/agres-ya-tiene-definido-su-plan-estrategico\/"]}]},{"@type":"ImageObject","inLanguage":"es","@id":"https:\/\/www.copealcoy.es\/es\/agres-ya-tiene-definido-su-plan-estrategico\/#primaryimage","url":"https:\/\/www.copealcoy.es\/wp-content\/uploads\/2014\/12\/image50.jpg","contentUrl":"https:\/\/www.copealcoy.es\/wp-content\/uploads\/2014\/12\/image50.jpg","width":1437,"height":1080},{"@type":"BreadcrumbList","@id":"https:\/\/www.copealcoy.es\/es\/agres-ya-tiene-definido-su-plan-estrategico\/#breadcrumb","itemListElement":[{"@type":"ListItem","position":1,"name":"Portada","item":"https:\/\/www.copealcoy.es\/es\/"},{"@type":"ListItem","position":2,"name":"Agres ya tiene definido su Plan Estrat\u00e9gico"}]},{"@type":"WebSite","@id":"https:\/\/www.copealcoy.es\/es\/#website","url":"https:\/\/www.copealcoy.es\/es\/","name":"COPE Alcoy","description":"Emisora COPE de radio local con emisi\u00f3n online. Pont de Sant Jordi 8-10 03803 Alcoy","potentialAction":[{"@type":"SearchAction","target":{"@type":"EntryPoint","urlTemplate":"https:\/\/www.copealcoy.es\/es\/?s={search_term_string}"},"query-input":{"@type":"PropertyValueSpecification","valueRequired":true,"valueName":"search_term_string"}}],"inLanguage":"es"},{"@type":"Person","@id":"https:\/\/www.copealcoy.es\/es\/#\/schema\/person\/e777c87fa024e57d40170af9df39882c","name":"Cope Alcoy","image":{"@type":"ImageObject","inLanguage":"es","@id":"https:\/\/secure.gravatar.com\/avatar\/bb65d0283347e303893ba14f0692005417c1e0e690a325a4c5d8bb2b3943ee14?s=96&d=mm&r=g","url":"https:\/\/secure.gravatar.com\/avatar\/bb65d0283347e303893ba14f0692005417c1e0e690a325a4c5d8bb2b3943ee14?s=96&d=mm&r=g","contentUrl":"https:\/\/secure.gravatar.com\/avatar\/bb65d0283347e303893ba14f0692005417c1e0e690a325a4c5d8bb2b3943ee14?s=96&d=mm&r=g","caption":"Cope Alcoy"}}]}},"_links":{"self":[{"href":"https:\/\/www.copealcoy.es\/es\/wp-json\/wp\/v2\/posts\/39624","targetHints":{"allow":["GET"]}}],"collection":[{"href":"https:\/\/www.copealcoy.es\/es\/wp-json\/wp\/v2\/posts"}],"about":[{"href":"https:\/\/www.copealcoy.es\/es\/wp-json\/wp\/v2\/types\/post"}],"author":[{"embeddable":true,"href":"https:\/\/www.copealcoy.es\/es\/wp-json\/wp\/v2\/users\/1"}],"replies":[{"embeddable":true,"href":"https:\/\/www.copealcoy.es\/es\/wp-json\/wp\/v2\/comments?post=39624"}],"version-history":[{"count":0,"href":"https:\/\/www.copealcoy.es\/es\/wp-json\/wp\/v2\/posts\/39624\/revisions"}],"wp:featuredmedia":[{"embeddable":true,"href":"https:\/\/www.copealcoy.es\/es\/wp-json\/wp\/v2\/media\/8938"}],"wp:attachment":[{"href":"https:\/\/www.copealcoy.es\/es\/wp-json\/wp\/v2\/media?parent=39624"}],"wp:term":[{"taxonomy":"category","embeddable":true,"href":"https:\/\/www.copealcoy.es\/es\/wp-json\/wp\/v2\/categories?post=39624"},{"taxonomy":"post_tag","embeddable":true,"href":"https:\/\/www.copealcoy.es\/es\/wp-json\/wp\/v2\/tags?post=39624"}],"curies":[{"name":"wp","href":"https:\/\/api.w.org\/{rel}","templated":true}]}}