{"id":39547,"date":"2018-02-23T17:35:06","date_gmt":"2018-02-23T17:35:06","guid":{"rendered":"http:\/\/copealcoi.es\/new\/?p=39547"},"modified":"2018-02-23T17:51:21","modified_gmt":"2018-02-23T17:51:21","slug":"el-ceei-relanza-su-actividad-en-el-primer-ano-de-nueva-gestion","status":"publish","type":"post","link":"https:\/\/www.copealcoy.es\/es\/el-ceei-relanza-su-actividad-en-el-primer-ano-de-nueva-gestion\/","title":{"rendered":"El CEEI relanza su actividad en el primer a\u00f1o de nueva gesti\u00f3n"},"content":{"rendered":"<p style=\"text-align: justify;\">El <strong>CEEI Alcoy-Valencia<\/strong> ha hecho un <strong>balance positivo<\/strong> del primer a\u00f1o de su nueva gesti\u00f3n. Durante 2017, seg\u00fan ha explicado su director <strong>Jes\u00fas Casanova<\/strong>, se han impulsado <strong>un total de 59 actividades en la comarca<\/strong> a las que asistieron <strong>1.369 personas<\/strong> al mismo tiempo que se ha amparado <strong>la creaci\u00f3n de 14 nuevos negocios<\/strong>. Adem\u00e1s se ha reforzado <strong>el control del gasto<\/strong> para reducir este en un 71% y para ello se ha llevado a cabo<strong> una renegociaci\u00f3n con los proveedores<\/strong> al mismo tiempo que <strong>se han integrado servicios<\/strong> en Alcoy procedentes del CEEI Valencia. Tambi\u00e9n la superficie de los despachos en las actuales instalaciones\u00a0<strong>se ampli\u00f3 en un 52%<\/strong> llegando a estar ocupados<strong> 14 de los 26 disponibles<\/strong>\u00a0para las nuevas empresas.<\/p>\n<p style=\"text-align: justify;\">El propio director del CEEI\u00a0 ha puesto sobre la mesa como<strong> principales retos conseguidos<\/strong> la colaboraci\u00f3n con todos los agentes de <strong>L\u2019Alcoi\u00e0, El Comtat, La Foia de Castalla y La Vall d\u2019Albaida <\/strong>mientras que ha avanzado que <strong>el principal objetivo para 2018<\/strong> es ampliar el radio de actuaci\u00f3n<strong> a La Safor\u00a0<\/strong>&#8220;<em>tras estos resultados las perspectivas para este nuevo a\u00f1o son potentes. A todo esto hay que sumarle tambi\u00e9n la atenci\u00f3n de 109 emprendedores a trav\u00e9s de la Agencia Impuls, la gran repercusi\u00f3n generada a trav\u00e9s de la web Emprenem Junts o el Evento Focus Pyme y Emprendimiento que cont\u00f3 en Alcoy con un seguimiento de 205 personas<\/em>&#8220;, asever\u00f3.<\/p>\n<p style=\"text-align: justify;\">Por su parte la Directora General del IVACE, <strong>Julia Company<\/strong>, avanz\u00f3 que desde su departamento <strong>se destinar\u00e1 un mill\u00f3n de euros para prestar apoyo a los emprendedores durante este a\u00f1o<\/strong> y remarc\u00f3 la buena situaci\u00f3n que ha alcanzado el CEEI tras superar la crisis que vivi\u00f3 en 2016 &#8220;<em>apostar por la continuidad de los servicios del CEEI fue una decisi\u00f3n muy acertada. Desde la Conselleria de Econom\u00eda se ha trabajado por reorientar la actividad de todos los CEEI de la Comunidad Valenciana y desde el IVACE, vamos a seguir trabajando para que todas las ayudas lleguen a las empresas de todos los puntos del territorio. Para ello crearemos la figura del Agente de Innovaci\u00f3n de Proximidad<\/em>&#8220;, coment\u00f3.<\/p>\n<p style=\"text-align: justify;\">Finalmente el Presidente de la Mancomunidad y concejal de Innovaci\u00f3n en Alcoy, <strong>Manolo Gomicia<\/strong>, aplaudi\u00f3 <strong>el esfuerzo realizado por el CEEI<\/strong> para conseguir este balance del 2017 y agradeci\u00f3 que la Conseller\u00eda de Econom\u00eda apostase hace dos a\u00f1os por su continuidad.<\/p>\n","protected":false},"excerpt":{"rendered":"<p>El CEEI Alcoy-Valencia ha hecho un balance positivo del primer a\u00f1o de su nueva gesti\u00f3n. Durante 2017, seg\u00fan ha explicado&#8230;<\/p>\n","protected":false},"author":1,"featured_media":39548,"comment_status":"open","ping_status":"open","sticky":false,"template":"","format":"standard","meta":{"footnotes":""},"categories":[97,75,125],"tags":[1494,430,5279,1503,1745],"class_list":["post-39547","post","type-post","status-publish","format-standard","has-post-thumbnail","hentry","category-alcoy","category-noticias","category-portada","tag-alcoy","tag-balance","tag-ccei","tag-ivace","tag-mancomunitat"],"yoast_head":"<!-- This site is optimized with the Yoast SEO plugin v27.3 - https:\/\/yoast.com\/product\/yoast-seo-wordpress\/ -->\n<title>El CEEI relanza su actividad en el primer a\u00f1o de nueva gesti\u00f3n - COPE Alcoy<\/title>\n<meta name=\"robots\" content=\"index, follow, max-snippet:-1, max-image-preview:large, max-video-preview:-1\" \/>\n<link rel=\"canonical\" href=\"https:\/\/www.copealcoy.es\/es\/el-ceei-relanza-su-actividad-en-el-primer-ano-de-nueva-gestion\/\" \/>\n<meta property=\"og:locale\" content=\"es_ES\" \/>\n<meta property=\"og:type\" content=\"article\" \/>\n<meta property=\"og:title\" content=\"El CEEI relanza su actividad en el primer a\u00f1o de nueva gesti\u00f3n - COPE Alcoy\" \/>\n<meta property=\"og:description\" content=\"El CEEI Alcoy-Valencia ha hecho un balance positivo del primer a\u00f1o de su nueva gesti\u00f3n. Durante 2017, seg\u00fan ha explicado...\" \/>\n<meta property=\"og:url\" content=\"https:\/\/www.copealcoy.es\/es\/el-ceei-relanza-su-actividad-en-el-primer-ano-de-nueva-gestion\/\" \/>\n<meta property=\"og:site_name\" content=\"COPE Alcoy\" \/>\n<meta property=\"article:published_time\" content=\"2018-02-23T17:35:06+00:00\" \/>\n<meta property=\"article:modified_time\" content=\"2018-02-23T17:51:21+00:00\" \/>\n<meta property=\"og:image\" content=\"https:\/\/www.copealcoy.es\/wp-content\/uploads\/2018\/02\/DWtjdWoXkAAcgDw-e1519407298536.jpg\" \/>\n\t<meta property=\"og:image:width\" content=\"1200\" \/>\n\t<meta property=\"og:image:height\" content=\"663\" \/>\n\t<meta property=\"og:image:type\" content=\"image\/jpeg\" \/>\n<meta name=\"author\" content=\"Cope Alcoy\" \/>\n<meta name=\"twitter:label1\" content=\"Escrito por\" \/>\n\t<meta name=\"twitter:data1\" content=\"Cope Alcoy\" \/>\n\t<meta name=\"twitter:label2\" content=\"Tiempo de lectura\" \/>\n\t<meta name=\"twitter:data2\" content=\"2 minutos\" \/>\n<script type=\"application\/ld+json\" class=\"yoast-schema-graph\">{\"@context\":\"https:\\\/\\\/schema.org\",\"@graph\":[{\"@type\":\"Article\",\"@id\":\"https:\\\/\\\/www.copealcoy.es\\\/es\\\/el-ceei-relanza-su-actividad-en-el-primer-ano-de-nueva-gestion\\\/#article\",\"isPartOf\":{\"@id\":\"https:\\\/\\\/www.copealcoy.es\\\/es\\\/el-ceei-relanza-su-actividad-en-el-primer-ano-de-nueva-gestion\\\/\"},\"author\":{\"name\":\"Cope Alcoy\",\"@id\":\"https:\\\/\\\/www.copealcoy.es\\\/es\\\/#\\\/schema\\\/person\\\/e777c87fa024e57d40170af9df39882c\"},\"headline\":\"El CEEI relanza su actividad en el primer a\u00f1o de nueva gesti\u00f3n\",\"datePublished\":\"2018-02-23T17:35:06+00:00\",\"dateModified\":\"2018-02-23T17:51:21+00:00\",\"mainEntityOfPage\":{\"@id\":\"https:\\\/\\\/www.copealcoy.es\\\/es\\\/el-ceei-relanza-su-actividad-en-el-primer-ano-de-nueva-gestion\\\/\"},\"wordCount\":419,\"commentCount\":0,\"image\":{\"@id\":\"https:\\\/\\\/www.copealcoy.es\\\/es\\\/el-ceei-relanza-su-actividad-en-el-primer-ano-de-nueva-gestion\\\/#primaryimage\"},\"thumbnailUrl\":\"https:\\\/\\\/www.copealcoy.es\\\/wp-content\\\/uploads\\\/2018\\\/02\\\/DWtjdWoXkAAcgDw-e1519407298536.jpg\",\"keywords\":[\"Alcoy\",\"Balance\",\"CCEI\",\"IVACE\",\"Mancomunitat\"],\"articleSection\":[\"Alcoy\",\"Noticias\",\"Portada\"],\"inLanguage\":\"es\"},{\"@type\":\"WebPage\",\"@id\":\"https:\\\/\\\/www.copealcoy.es\\\/es\\\/el-ceei-relanza-su-actividad-en-el-primer-ano-de-nueva-gestion\\\/\",\"url\":\"https:\\\/\\\/www.copealcoy.es\\\/es\\\/el-ceei-relanza-su-actividad-en-el-primer-ano-de-nueva-gestion\\\/\",\"name\":\"El CEEI relanza su actividad en el primer a\u00f1o de nueva gesti\u00f3n - COPE Alcoy\",\"isPartOf\":{\"@id\":\"https:\\\/\\\/www.copealcoy.es\\\/es\\\/#website\"},\"primaryImageOfPage\":{\"@id\":\"https:\\\/\\\/www.copealcoy.es\\\/es\\\/el-ceei-relanza-su-actividad-en-el-primer-ano-de-nueva-gestion\\\/#primaryimage\"},\"image\":{\"@id\":\"https:\\\/\\\/www.copealcoy.es\\\/es\\\/el-ceei-relanza-su-actividad-en-el-primer-ano-de-nueva-gestion\\\/#primaryimage\"},\"thumbnailUrl\":\"https:\\\/\\\/www.copealcoy.es\\\/wp-content\\\/uploads\\\/2018\\\/02\\\/DWtjdWoXkAAcgDw-e1519407298536.jpg\",\"datePublished\":\"2018-02-23T17:35:06+00:00\",\"dateModified\":\"2018-02-23T17:51:21+00:00\",\"author\":{\"@id\":\"https:\\\/\\\/www.copealcoy.es\\\/es\\\/#\\\/schema\\\/person\\\/e777c87fa024e57d40170af9df39882c\"},\"breadcrumb\":{\"@id\":\"https:\\\/\\\/www.copealcoy.es\\\/es\\\/el-ceei-relanza-su-actividad-en-el-primer-ano-de-nueva-gestion\\\/#breadcrumb\"},\"inLanguage\":\"es\",\"potentialAction\":[{\"@type\":\"ReadAction\",\"target\":[\"https:\\\/\\\/www.copealcoy.es\\\/es\\\/el-ceei-relanza-su-actividad-en-el-primer-ano-de-nueva-gestion\\\/\"]}]},{\"@type\":\"ImageObject\",\"inLanguage\":\"es\",\"@id\":\"https:\\\/\\\/www.copealcoy.es\\\/es\\\/el-ceei-relanza-su-actividad-en-el-primer-ano-de-nueva-gestion\\\/#primaryimage\",\"url\":\"https:\\\/\\\/www.copealcoy.es\\\/wp-content\\\/uploads\\\/2018\\\/02\\\/DWtjdWoXkAAcgDw-e1519407298536.jpg\",\"contentUrl\":\"https:\\\/\\\/www.copealcoy.es\\\/wp-content\\\/uploads\\\/2018\\\/02\\\/DWtjdWoXkAAcgDw-e1519407298536.jpg\",\"width\":1200,\"height\":663},{\"@type\":\"BreadcrumbList\",\"@id\":\"https:\\\/\\\/www.copealcoy.es\\\/es\\\/el-ceei-relanza-su-actividad-en-el-primer-ano-de-nueva-gestion\\\/#breadcrumb\",\"itemListElement\":[{\"@type\":\"ListItem\",\"position\":1,\"name\":\"Portada\",\"item\":\"https:\\\/\\\/www.copealcoy.es\\\/es\\\/\"},{\"@type\":\"ListItem\",\"position\":2,\"name\":\"El CEEI relanza su actividad en el primer a\u00f1o de nueva gesti\u00f3n\"}]},{\"@type\":\"WebSite\",\"@id\":\"https:\\\/\\\/www.copealcoy.es\\\/es\\\/#website\",\"url\":\"https:\\\/\\\/www.copealcoy.es\\\/es\\\/\",\"name\":\"COPE Alcoy\",\"description\":\"Emisora COPE de radio local con emisi\u00f3n online. Pont de Sant Jordi 8-10 03803 Alcoy\",\"potentialAction\":[{\"@type\":\"SearchAction\",\"target\":{\"@type\":\"EntryPoint\",\"urlTemplate\":\"https:\\\/\\\/www.copealcoy.es\\\/es\\\/?s={search_term_string}\"},\"query-input\":{\"@type\":\"PropertyValueSpecification\",\"valueRequired\":true,\"valueName\":\"search_term_string\"}}],\"inLanguage\":\"es\"},{\"@type\":\"Person\",\"@id\":\"https:\\\/\\\/www.copealcoy.es\\\/es\\\/#\\\/schema\\\/person\\\/e777c87fa024e57d40170af9df39882c\",\"name\":\"Cope Alcoy\",\"image\":{\"@type\":\"ImageObject\",\"inLanguage\":\"es\",\"@id\":\"https:\\\/\\\/secure.gravatar.com\\\/avatar\\\/bb65d0283347e303893ba14f0692005417c1e0e690a325a4c5d8bb2b3943ee14?s=96&d=mm&r=g\",\"url\":\"https:\\\/\\\/secure.gravatar.com\\\/avatar\\\/bb65d0283347e303893ba14f0692005417c1e0e690a325a4c5d8bb2b3943ee14?s=96&d=mm&r=g\",\"contentUrl\":\"https:\\\/\\\/secure.gravatar.com\\\/avatar\\\/bb65d0283347e303893ba14f0692005417c1e0e690a325a4c5d8bb2b3943ee14?s=96&d=mm&r=g\",\"caption\":\"Cope Alcoy\"}}]}<\/script>\n<!-- \/ Yoast SEO plugin. -->","yoast_head_json":{"title":"El CEEI relanza su actividad en el primer a\u00f1o de nueva gesti\u00f3n - COPE Alcoy","robots":{"index":"index","follow":"follow","max-snippet":"max-snippet:-1","max-image-preview":"max-image-preview:large","max-video-preview":"max-video-preview:-1"},"canonical":"https:\/\/www.copealcoy.es\/es\/el-ceei-relanza-su-actividad-en-el-primer-ano-de-nueva-gestion\/","og_locale":"es_ES","og_type":"article","og_title":"El CEEI relanza su actividad en el primer a\u00f1o de nueva gesti\u00f3n - COPE Alcoy","og_description":"El CEEI Alcoy-Valencia ha hecho un balance positivo del primer a\u00f1o de su nueva gesti\u00f3n. Durante 2017, seg\u00fan ha explicado...","og_url":"https:\/\/www.copealcoy.es\/es\/el-ceei-relanza-su-actividad-en-el-primer-ano-de-nueva-gestion\/","og_site_name":"COPE Alcoy","article_published_time":"2018-02-23T17:35:06+00:00","article_modified_time":"2018-02-23T17:51:21+00:00","og_image":[{"width":1200,"height":663,"url":"https:\/\/www.copealcoy.es\/wp-content\/uploads\/2018\/02\/DWtjdWoXkAAcgDw-e1519407298536.jpg","type":"image\/jpeg"}],"author":"Cope Alcoy","twitter_misc":{"Escrito por":"Cope Alcoy","Tiempo de lectura":"2 minutos"},"schema":{"@context":"https:\/\/schema.org","@graph":[{"@type":"Article","@id":"https:\/\/www.copealcoy.es\/es\/el-ceei-relanza-su-actividad-en-el-primer-ano-de-nueva-gestion\/#article","isPartOf":{"@id":"https:\/\/www.copealcoy.es\/es\/el-ceei-relanza-su-actividad-en-el-primer-ano-de-nueva-gestion\/"},"author":{"name":"Cope Alcoy","@id":"https:\/\/www.copealcoy.es\/es\/#\/schema\/person\/e777c87fa024e57d40170af9df39882c"},"headline":"El CEEI relanza su actividad en el primer a\u00f1o de nueva gesti\u00f3n","datePublished":"2018-02-23T17:35:06+00:00","dateModified":"2018-02-23T17:51:21+00:00","mainEntityOfPage":{"@id":"https:\/\/www.copealcoy.es\/es\/el-ceei-relanza-su-actividad-en-el-primer-ano-de-nueva-gestion\/"},"wordCount":419,"commentCount":0,"image":{"@id":"https:\/\/www.copealcoy.es\/es\/el-ceei-relanza-su-actividad-en-el-primer-ano-de-nueva-gestion\/#primaryimage"},"thumbnailUrl":"https:\/\/www.copealcoy.es\/wp-content\/uploads\/2018\/02\/DWtjdWoXkAAcgDw-e1519407298536.jpg","keywords":["Alcoy","Balance","CCEI","IVACE","Mancomunitat"],"articleSection":["Alcoy","Noticias","Portada"],"inLanguage":"es"},{"@type":"WebPage","@id":"https:\/\/www.copealcoy.es\/es\/el-ceei-relanza-su-actividad-en-el-primer-ano-de-nueva-gestion\/","url":"https:\/\/www.copealcoy.es\/es\/el-ceei-relanza-su-actividad-en-el-primer-ano-de-nueva-gestion\/","name":"El CEEI relanza su actividad en el primer a\u00f1o de nueva gesti\u00f3n - COPE Alcoy","isPartOf":{"@id":"https:\/\/www.copealcoy.es\/es\/#website"},"primaryImageOfPage":{"@id":"https:\/\/www.copealcoy.es\/es\/el-ceei-relanza-su-actividad-en-el-primer-ano-de-nueva-gestion\/#primaryimage"},"image":{"@id":"https:\/\/www.copealcoy.es\/es\/el-ceei-relanza-su-actividad-en-el-primer-ano-de-nueva-gestion\/#primaryimage"},"thumbnailUrl":"https:\/\/www.copealcoy.es\/wp-content\/uploads\/2018\/02\/DWtjdWoXkAAcgDw-e1519407298536.jpg","datePublished":"2018-02-23T17:35:06+00:00","dateModified":"2018-02-23T17:51:21+00:00","author":{"@id":"https:\/\/www.copealcoy.es\/es\/#\/schema\/person\/e777c87fa024e57d40170af9df39882c"},"breadcrumb":{"@id":"https:\/\/www.copealcoy.es\/es\/el-ceei-relanza-su-actividad-en-el-primer-ano-de-nueva-gestion\/#breadcrumb"},"inLanguage":"es","potentialAction":[{"@type":"ReadAction","target":["https:\/\/www.copealcoy.es\/es\/el-ceei-relanza-su-actividad-en-el-primer-ano-de-nueva-gestion\/"]}]},{"@type":"ImageObject","inLanguage":"es","@id":"https:\/\/www.copealcoy.es\/es\/el-ceei-relanza-su-actividad-en-el-primer-ano-de-nueva-gestion\/#primaryimage","url":"https:\/\/www.copealcoy.es\/wp-content\/uploads\/2018\/02\/DWtjdWoXkAAcgDw-e1519407298536.jpg","contentUrl":"https:\/\/www.copealcoy.es\/wp-content\/uploads\/2018\/02\/DWtjdWoXkAAcgDw-e1519407298536.jpg","width":1200,"height":663},{"@type":"BreadcrumbList","@id":"https:\/\/www.copealcoy.es\/es\/el-ceei-relanza-su-actividad-en-el-primer-ano-de-nueva-gestion\/#breadcrumb","itemListElement":[{"@type":"ListItem","position":1,"name":"Portada","item":"https:\/\/www.copealcoy.es\/es\/"},{"@type":"ListItem","position":2,"name":"El CEEI relanza su actividad en el primer a\u00f1o de nueva gesti\u00f3n"}]},{"@type":"WebSite","@id":"https:\/\/www.copealcoy.es\/es\/#website","url":"https:\/\/www.copealcoy.es\/es\/","name":"COPE Alcoy","description":"Emisora COPE de radio local con emisi\u00f3n online. Pont de Sant Jordi 8-10 03803 Alcoy","potentialAction":[{"@type":"SearchAction","target":{"@type":"EntryPoint","urlTemplate":"https:\/\/www.copealcoy.es\/es\/?s={search_term_string}"},"query-input":{"@type":"PropertyValueSpecification","valueRequired":true,"valueName":"search_term_string"}}],"inLanguage":"es"},{"@type":"Person","@id":"https:\/\/www.copealcoy.es\/es\/#\/schema\/person\/e777c87fa024e57d40170af9df39882c","name":"Cope Alcoy","image":{"@type":"ImageObject","inLanguage":"es","@id":"https:\/\/secure.gravatar.com\/avatar\/bb65d0283347e303893ba14f0692005417c1e0e690a325a4c5d8bb2b3943ee14?s=96&d=mm&r=g","url":"https:\/\/secure.gravatar.com\/avatar\/bb65d0283347e303893ba14f0692005417c1e0e690a325a4c5d8bb2b3943ee14?s=96&d=mm&r=g","contentUrl":"https:\/\/secure.gravatar.com\/avatar\/bb65d0283347e303893ba14f0692005417c1e0e690a325a4c5d8bb2b3943ee14?s=96&d=mm&r=g","caption":"Cope Alcoy"}}]}},"_links":{"self":[{"href":"https:\/\/www.copealcoy.es\/es\/wp-json\/wp\/v2\/posts\/39547","targetHints":{"allow":["GET"]}}],"collection":[{"href":"https:\/\/www.copealcoy.es\/es\/wp-json\/wp\/v2\/posts"}],"about":[{"href":"https:\/\/www.copealcoy.es\/es\/wp-json\/wp\/v2\/types\/post"}],"author":[{"embeddable":true,"href":"https:\/\/www.copealcoy.es\/es\/wp-json\/wp\/v2\/users\/1"}],"replies":[{"embeddable":true,"href":"https:\/\/www.copealcoy.es\/es\/wp-json\/wp\/v2\/comments?post=39547"}],"version-history":[{"count":0,"href":"https:\/\/www.copealcoy.es\/es\/wp-json\/wp\/v2\/posts\/39547\/revisions"}],"wp:featuredmedia":[{"embeddable":true,"href":"https:\/\/www.copealcoy.es\/es\/wp-json\/wp\/v2\/media\/39548"}],"wp:attachment":[{"href":"https:\/\/www.copealcoy.es\/es\/wp-json\/wp\/v2\/media?parent=39547"}],"wp:term":[{"taxonomy":"category","embeddable":true,"href":"https:\/\/www.copealcoy.es\/es\/wp-json\/wp\/v2\/categories?post=39547"},{"taxonomy":"post_tag","embeddable":true,"href":"https:\/\/www.copealcoy.es\/es\/wp-json\/wp\/v2\/tags?post=39547"}],"curies":[{"name":"wp","href":"https:\/\/api.w.org\/{rel}","templated":true}]}}