{"id":39530,"date":"2018-02-23T16:23:16","date_gmt":"2018-02-23T16:23:16","guid":{"rendered":"http:\/\/copealcoi.es\/new\/?p=39530"},"modified":"2018-02-23T16:26:26","modified_gmt":"2018-02-23T16:26:26","slug":"reunion-del-alcalde-de-beniarres-con-el-presidente-de-la-diputacion-de-alicante","status":"publish","type":"post","link":"https:\/\/www.copealcoy.es\/es\/reunion-del-alcalde-de-beniarres-con-el-presidente-de-la-diputacion-de-alicante\/","title":{"rendered":"Reuni\u00f3n del alcalde de Beniarr\u00e9s con el Presidente de la Diputaci\u00f3n de Alicante"},"content":{"rendered":"<p style=\"text-align: justify;\">El Presidente de la <strong>Diputaci\u00f3n Provincial de Alicante<\/strong>, <strong>C\u00e9sar S\u00e1nchez<\/strong>, ha mantenido una reuni\u00f3n con el alcalde de Beniarr\u00e9s, <strong>Francisco Sell\u00e9s<\/strong>. En el encuentro <strong>se han abordado cuestiones<\/strong> como las diferentes ayudas y subvenciones que la Instituci\u00f3n Provincial pone a disposici\u00f3n de los Ayuntamientos para la ejecuci\u00f3n de diferentes proyectos. Tambi\u00e9n se puso sobre la mesa <strong>la idea de trabajar en la mejora de la calidad de vida<\/strong> de los ciudadanos y atender sus propuestas.<\/p>\n<p style=\"text-align: justify;\">Recordar que Francisco Sell\u00e9s <strong>lleg\u00f3 a ser alcalde de Beniarr\u00e9s a principios del pasado verano<\/strong> tras renunciar al cargo el anterior primer edil, Lu\u00eds Tom\u00e1s.<\/p>\n<p>&nbsp;<\/p>\n","protected":false},"excerpt":{"rendered":"<p>El Presidente de la Diputaci\u00f3n Provincial de Alicante, C\u00e9sar S\u00e1nchez, ha mantenido una reuni\u00f3n con el alcalde de Beniarr\u00e9s, Francisco&#8230;<\/p>\n","protected":false},"author":1,"featured_media":39531,"comment_status":"open","ping_status":"open","sticky":false,"template":"","format":"standard","meta":{"footnotes":""},"categories":[98,75],"tags":[851,237,1263,1170,1074],"class_list":["post-39530","post","type-post","status-publish","format-standard","has-post-thumbnail","hentry","category-comarcas","category-noticias","tag-beniarres","tag-comtat","tag-diputacion-alicante","tag-presidente","tag-reunion"],"yoast_head":"<!-- This site is optimized with the Yoast SEO plugin v27.3 - https:\/\/yoast.com\/product\/yoast-seo-wordpress\/ -->\n<title>Reuni\u00f3n del alcalde de Beniarr\u00e9s con el Presidente de la Diputaci\u00f3n de Alicante - COPE Alcoy<\/title>\n<meta name=\"robots\" content=\"index, follow, max-snippet:-1, max-image-preview:large, max-video-preview:-1\" \/>\n<link rel=\"canonical\" href=\"https:\/\/www.copealcoy.es\/es\/reunion-del-alcalde-de-beniarres-con-el-presidente-de-la-diputacion-de-alicante\/\" \/>\n<meta property=\"og:locale\" content=\"es_ES\" \/>\n<meta property=\"og:type\" content=\"article\" \/>\n<meta property=\"og:title\" content=\"Reuni\u00f3n del alcalde de Beniarr\u00e9s con el Presidente de la Diputaci\u00f3n de Alicante - COPE Alcoy\" \/>\n<meta property=\"og:description\" content=\"El Presidente de la Diputaci\u00f3n Provincial de Alicante, C\u00e9sar S\u00e1nchez, ha mantenido una reuni\u00f3n con el alcalde de Beniarr\u00e9s, Francisco...\" \/>\n<meta property=\"og:url\" content=\"https:\/\/www.copealcoy.es\/es\/reunion-del-alcalde-de-beniarres-con-el-presidente-de-la-diputacion-de-alicante\/\" \/>\n<meta property=\"og:site_name\" content=\"COPE Alcoy\" \/>\n<meta property=\"article:published_time\" content=\"2018-02-23T16:23:16+00:00\" \/>\n<meta property=\"article:modified_time\" content=\"2018-02-23T16:26:26+00:00\" \/>\n<meta property=\"og:image\" content=\"https:\/\/www.copealcoy.es\/wp-content\/uploads\/2018\/02\/img_42347.jpg\" \/>\n\t<meta property=\"og:image:width\" content=\"670\" \/>\n\t<meta property=\"og:image:height\" content=\"377\" \/>\n\t<meta property=\"og:image:type\" content=\"image\/jpeg\" \/>\n<meta name=\"author\" content=\"Cope Alcoy\" \/>\n<meta name=\"twitter:label1\" content=\"Escrito por\" \/>\n\t<meta name=\"twitter:data1\" content=\"Cope Alcoy\" \/>\n\t<meta name=\"twitter:label2\" content=\"Tiempo de lectura\" \/>\n\t<meta name=\"twitter:data2\" content=\"1 minuto\" \/>\n<script type=\"application\/ld+json\" class=\"yoast-schema-graph\">{\"@context\":\"https:\\\/\\\/schema.org\",\"@graph\":[{\"@type\":\"Article\",\"@id\":\"https:\\\/\\\/www.copealcoy.es\\\/es\\\/reunion-del-alcalde-de-beniarres-con-el-presidente-de-la-diputacion-de-alicante\\\/#article\",\"isPartOf\":{\"@id\":\"https:\\\/\\\/www.copealcoy.es\\\/es\\\/reunion-del-alcalde-de-beniarres-con-el-presidente-de-la-diputacion-de-alicante\\\/\"},\"author\":{\"name\":\"Cope Alcoy\",\"@id\":\"https:\\\/\\\/www.copealcoy.es\\\/es\\\/#\\\/schema\\\/person\\\/e777c87fa024e57d40170af9df39882c\"},\"headline\":\"Reuni\u00f3n del alcalde de Beniarr\u00e9s con el Presidente de la Diputaci\u00f3n de Alicante\",\"datePublished\":\"2018-02-23T16:23:16+00:00\",\"dateModified\":\"2018-02-23T16:26:26+00:00\",\"mainEntityOfPage\":{\"@id\":\"https:\\\/\\\/www.copealcoy.es\\\/es\\\/reunion-del-alcalde-de-beniarres-con-el-presidente-de-la-diputacion-de-alicante\\\/\"},\"wordCount\":131,\"commentCount\":0,\"image\":{\"@id\":\"https:\\\/\\\/www.copealcoy.es\\\/es\\\/reunion-del-alcalde-de-beniarres-con-el-presidente-de-la-diputacion-de-alicante\\\/#primaryimage\"},\"thumbnailUrl\":\"https:\\\/\\\/www.copealcoy.es\\\/wp-content\\\/uploads\\\/2018\\\/02\\\/img_42347.jpg\",\"keywords\":[\"Beniarres\",\"Comtat\",\"diputaci\u00f3n alicante\",\"Presidente\",\"reuni\u00f3n\"],\"articleSection\":[\"Comarcas\",\"Noticias\"],\"inLanguage\":\"es\"},{\"@type\":\"WebPage\",\"@id\":\"https:\\\/\\\/www.copealcoy.es\\\/es\\\/reunion-del-alcalde-de-beniarres-con-el-presidente-de-la-diputacion-de-alicante\\\/\",\"url\":\"https:\\\/\\\/www.copealcoy.es\\\/es\\\/reunion-del-alcalde-de-beniarres-con-el-presidente-de-la-diputacion-de-alicante\\\/\",\"name\":\"Reuni\u00f3n del alcalde de Beniarr\u00e9s con el Presidente de la Diputaci\u00f3n de Alicante - COPE Alcoy\",\"isPartOf\":{\"@id\":\"https:\\\/\\\/www.copealcoy.es\\\/es\\\/#website\"},\"primaryImageOfPage\":{\"@id\":\"https:\\\/\\\/www.copealcoy.es\\\/es\\\/reunion-del-alcalde-de-beniarres-con-el-presidente-de-la-diputacion-de-alicante\\\/#primaryimage\"},\"image\":{\"@id\":\"https:\\\/\\\/www.copealcoy.es\\\/es\\\/reunion-del-alcalde-de-beniarres-con-el-presidente-de-la-diputacion-de-alicante\\\/#primaryimage\"},\"thumbnailUrl\":\"https:\\\/\\\/www.copealcoy.es\\\/wp-content\\\/uploads\\\/2018\\\/02\\\/img_42347.jpg\",\"datePublished\":\"2018-02-23T16:23:16+00:00\",\"dateModified\":\"2018-02-23T16:26:26+00:00\",\"author\":{\"@id\":\"https:\\\/\\\/www.copealcoy.es\\\/es\\\/#\\\/schema\\\/person\\\/e777c87fa024e57d40170af9df39882c\"},\"breadcrumb\":{\"@id\":\"https:\\\/\\\/www.copealcoy.es\\\/es\\\/reunion-del-alcalde-de-beniarres-con-el-presidente-de-la-diputacion-de-alicante\\\/#breadcrumb\"},\"inLanguage\":\"es\",\"potentialAction\":[{\"@type\":\"ReadAction\",\"target\":[\"https:\\\/\\\/www.copealcoy.es\\\/es\\\/reunion-del-alcalde-de-beniarres-con-el-presidente-de-la-diputacion-de-alicante\\\/\"]}]},{\"@type\":\"ImageObject\",\"inLanguage\":\"es\",\"@id\":\"https:\\\/\\\/www.copealcoy.es\\\/es\\\/reunion-del-alcalde-de-beniarres-con-el-presidente-de-la-diputacion-de-alicante\\\/#primaryimage\",\"url\":\"https:\\\/\\\/www.copealcoy.es\\\/wp-content\\\/uploads\\\/2018\\\/02\\\/img_42347.jpg\",\"contentUrl\":\"https:\\\/\\\/www.copealcoy.es\\\/wp-content\\\/uploads\\\/2018\\\/02\\\/img_42347.jpg\",\"width\":670,\"height\":377,\"caption\":\"Francisco Sell\u00e9s (alcalde de Beniarr\u00e9s) con C\u00e9sar S\u00e1nchez (Presidente de la Diputaci\u00f3n)\"},{\"@type\":\"BreadcrumbList\",\"@id\":\"https:\\\/\\\/www.copealcoy.es\\\/es\\\/reunion-del-alcalde-de-beniarres-con-el-presidente-de-la-diputacion-de-alicante\\\/#breadcrumb\",\"itemListElement\":[{\"@type\":\"ListItem\",\"position\":1,\"name\":\"Portada\",\"item\":\"https:\\\/\\\/www.copealcoy.es\\\/es\\\/\"},{\"@type\":\"ListItem\",\"position\":2,\"name\":\"Reuni\u00f3n del alcalde de Beniarr\u00e9s con el Presidente de la Diputaci\u00f3n de Alicante\"}]},{\"@type\":\"WebSite\",\"@id\":\"https:\\\/\\\/www.copealcoy.es\\\/es\\\/#website\",\"url\":\"https:\\\/\\\/www.copealcoy.es\\\/es\\\/\",\"name\":\"COPE Alcoy\",\"description\":\"Emisora COPE de radio local con emisi\u00f3n online. Pont de Sant Jordi 8-10 03803 Alcoy\",\"potentialAction\":[{\"@type\":\"SearchAction\",\"target\":{\"@type\":\"EntryPoint\",\"urlTemplate\":\"https:\\\/\\\/www.copealcoy.es\\\/es\\\/?s={search_term_string}\"},\"query-input\":{\"@type\":\"PropertyValueSpecification\",\"valueRequired\":true,\"valueName\":\"search_term_string\"}}],\"inLanguage\":\"es\"},{\"@type\":\"Person\",\"@id\":\"https:\\\/\\\/www.copealcoy.es\\\/es\\\/#\\\/schema\\\/person\\\/e777c87fa024e57d40170af9df39882c\",\"name\":\"Cope Alcoy\",\"image\":{\"@type\":\"ImageObject\",\"inLanguage\":\"es\",\"@id\":\"https:\\\/\\\/secure.gravatar.com\\\/avatar\\\/bb65d0283347e303893ba14f0692005417c1e0e690a325a4c5d8bb2b3943ee14?s=96&d=mm&r=g\",\"url\":\"https:\\\/\\\/secure.gravatar.com\\\/avatar\\\/bb65d0283347e303893ba14f0692005417c1e0e690a325a4c5d8bb2b3943ee14?s=96&d=mm&r=g\",\"contentUrl\":\"https:\\\/\\\/secure.gravatar.com\\\/avatar\\\/bb65d0283347e303893ba14f0692005417c1e0e690a325a4c5d8bb2b3943ee14?s=96&d=mm&r=g\",\"caption\":\"Cope Alcoy\"}}]}<\/script>\n<!-- \/ Yoast SEO plugin. -->","yoast_head_json":{"title":"Reuni\u00f3n del alcalde de Beniarr\u00e9s con el Presidente de la Diputaci\u00f3n de Alicante - COPE Alcoy","robots":{"index":"index","follow":"follow","max-snippet":"max-snippet:-1","max-image-preview":"max-image-preview:large","max-video-preview":"max-video-preview:-1"},"canonical":"https:\/\/www.copealcoy.es\/es\/reunion-del-alcalde-de-beniarres-con-el-presidente-de-la-diputacion-de-alicante\/","og_locale":"es_ES","og_type":"article","og_title":"Reuni\u00f3n del alcalde de Beniarr\u00e9s con el Presidente de la Diputaci\u00f3n de Alicante - COPE Alcoy","og_description":"El Presidente de la Diputaci\u00f3n Provincial de Alicante, C\u00e9sar S\u00e1nchez, ha mantenido una reuni\u00f3n con el alcalde de Beniarr\u00e9s, Francisco...","og_url":"https:\/\/www.copealcoy.es\/es\/reunion-del-alcalde-de-beniarres-con-el-presidente-de-la-diputacion-de-alicante\/","og_site_name":"COPE Alcoy","article_published_time":"2018-02-23T16:23:16+00:00","article_modified_time":"2018-02-23T16:26:26+00:00","og_image":[{"width":670,"height":377,"url":"https:\/\/www.copealcoy.es\/wp-content\/uploads\/2018\/02\/img_42347.jpg","type":"image\/jpeg"}],"author":"Cope Alcoy","twitter_misc":{"Escrito por":"Cope Alcoy","Tiempo de lectura":"1 minuto"},"schema":{"@context":"https:\/\/schema.org","@graph":[{"@type":"Article","@id":"https:\/\/www.copealcoy.es\/es\/reunion-del-alcalde-de-beniarres-con-el-presidente-de-la-diputacion-de-alicante\/#article","isPartOf":{"@id":"https:\/\/www.copealcoy.es\/es\/reunion-del-alcalde-de-beniarres-con-el-presidente-de-la-diputacion-de-alicante\/"},"author":{"name":"Cope Alcoy","@id":"https:\/\/www.copealcoy.es\/es\/#\/schema\/person\/e777c87fa024e57d40170af9df39882c"},"headline":"Reuni\u00f3n del alcalde de Beniarr\u00e9s con el Presidente de la Diputaci\u00f3n de Alicante","datePublished":"2018-02-23T16:23:16+00:00","dateModified":"2018-02-23T16:26:26+00:00","mainEntityOfPage":{"@id":"https:\/\/www.copealcoy.es\/es\/reunion-del-alcalde-de-beniarres-con-el-presidente-de-la-diputacion-de-alicante\/"},"wordCount":131,"commentCount":0,"image":{"@id":"https:\/\/www.copealcoy.es\/es\/reunion-del-alcalde-de-beniarres-con-el-presidente-de-la-diputacion-de-alicante\/#primaryimage"},"thumbnailUrl":"https:\/\/www.copealcoy.es\/wp-content\/uploads\/2018\/02\/img_42347.jpg","keywords":["Beniarres","Comtat","diputaci\u00f3n alicante","Presidente","reuni\u00f3n"],"articleSection":["Comarcas","Noticias"],"inLanguage":"es"},{"@type":"WebPage","@id":"https:\/\/www.copealcoy.es\/es\/reunion-del-alcalde-de-beniarres-con-el-presidente-de-la-diputacion-de-alicante\/","url":"https:\/\/www.copealcoy.es\/es\/reunion-del-alcalde-de-beniarres-con-el-presidente-de-la-diputacion-de-alicante\/","name":"Reuni\u00f3n del alcalde de Beniarr\u00e9s con el Presidente de la Diputaci\u00f3n de Alicante - COPE Alcoy","isPartOf":{"@id":"https:\/\/www.copealcoy.es\/es\/#website"},"primaryImageOfPage":{"@id":"https:\/\/www.copealcoy.es\/es\/reunion-del-alcalde-de-beniarres-con-el-presidente-de-la-diputacion-de-alicante\/#primaryimage"},"image":{"@id":"https:\/\/www.copealcoy.es\/es\/reunion-del-alcalde-de-beniarres-con-el-presidente-de-la-diputacion-de-alicante\/#primaryimage"},"thumbnailUrl":"https:\/\/www.copealcoy.es\/wp-content\/uploads\/2018\/02\/img_42347.jpg","datePublished":"2018-02-23T16:23:16+00:00","dateModified":"2018-02-23T16:26:26+00:00","author":{"@id":"https:\/\/www.copealcoy.es\/es\/#\/schema\/person\/e777c87fa024e57d40170af9df39882c"},"breadcrumb":{"@id":"https:\/\/www.copealcoy.es\/es\/reunion-del-alcalde-de-beniarres-con-el-presidente-de-la-diputacion-de-alicante\/#breadcrumb"},"inLanguage":"es","potentialAction":[{"@type":"ReadAction","target":["https:\/\/www.copealcoy.es\/es\/reunion-del-alcalde-de-beniarres-con-el-presidente-de-la-diputacion-de-alicante\/"]}]},{"@type":"ImageObject","inLanguage":"es","@id":"https:\/\/www.copealcoy.es\/es\/reunion-del-alcalde-de-beniarres-con-el-presidente-de-la-diputacion-de-alicante\/#primaryimage","url":"https:\/\/www.copealcoy.es\/wp-content\/uploads\/2018\/02\/img_42347.jpg","contentUrl":"https:\/\/www.copealcoy.es\/wp-content\/uploads\/2018\/02\/img_42347.jpg","width":670,"height":377,"caption":"Francisco Sell\u00e9s (alcalde de Beniarr\u00e9s) con C\u00e9sar S\u00e1nchez (Presidente de la Diputaci\u00f3n)"},{"@type":"BreadcrumbList","@id":"https:\/\/www.copealcoy.es\/es\/reunion-del-alcalde-de-beniarres-con-el-presidente-de-la-diputacion-de-alicante\/#breadcrumb","itemListElement":[{"@type":"ListItem","position":1,"name":"Portada","item":"https:\/\/www.copealcoy.es\/es\/"},{"@type":"ListItem","position":2,"name":"Reuni\u00f3n del alcalde de Beniarr\u00e9s con el Presidente de la Diputaci\u00f3n de Alicante"}]},{"@type":"WebSite","@id":"https:\/\/www.copealcoy.es\/es\/#website","url":"https:\/\/www.copealcoy.es\/es\/","name":"COPE Alcoy","description":"Emisora COPE de radio local con emisi\u00f3n online. Pont de Sant Jordi 8-10 03803 Alcoy","potentialAction":[{"@type":"SearchAction","target":{"@type":"EntryPoint","urlTemplate":"https:\/\/www.copealcoy.es\/es\/?s={search_term_string}"},"query-input":{"@type":"PropertyValueSpecification","valueRequired":true,"valueName":"search_term_string"}}],"inLanguage":"es"},{"@type":"Person","@id":"https:\/\/www.copealcoy.es\/es\/#\/schema\/person\/e777c87fa024e57d40170af9df39882c","name":"Cope Alcoy","image":{"@type":"ImageObject","inLanguage":"es","@id":"https:\/\/secure.gravatar.com\/avatar\/bb65d0283347e303893ba14f0692005417c1e0e690a325a4c5d8bb2b3943ee14?s=96&d=mm&r=g","url":"https:\/\/secure.gravatar.com\/avatar\/bb65d0283347e303893ba14f0692005417c1e0e690a325a4c5d8bb2b3943ee14?s=96&d=mm&r=g","contentUrl":"https:\/\/secure.gravatar.com\/avatar\/bb65d0283347e303893ba14f0692005417c1e0e690a325a4c5d8bb2b3943ee14?s=96&d=mm&r=g","caption":"Cope Alcoy"}}]}},"_links":{"self":[{"href":"https:\/\/www.copealcoy.es\/es\/wp-json\/wp\/v2\/posts\/39530","targetHints":{"allow":["GET"]}}],"collection":[{"href":"https:\/\/www.copealcoy.es\/es\/wp-json\/wp\/v2\/posts"}],"about":[{"href":"https:\/\/www.copealcoy.es\/es\/wp-json\/wp\/v2\/types\/post"}],"author":[{"embeddable":true,"href":"https:\/\/www.copealcoy.es\/es\/wp-json\/wp\/v2\/users\/1"}],"replies":[{"embeddable":true,"href":"https:\/\/www.copealcoy.es\/es\/wp-json\/wp\/v2\/comments?post=39530"}],"version-history":[{"count":0,"href":"https:\/\/www.copealcoy.es\/es\/wp-json\/wp\/v2\/posts\/39530\/revisions"}],"wp:featuredmedia":[{"embeddable":true,"href":"https:\/\/www.copealcoy.es\/es\/wp-json\/wp\/v2\/media\/39531"}],"wp:attachment":[{"href":"https:\/\/www.copealcoy.es\/es\/wp-json\/wp\/v2\/media?parent=39530"}],"wp:term":[{"taxonomy":"category","embeddable":true,"href":"https:\/\/www.copealcoy.es\/es\/wp-json\/wp\/v2\/categories?post=39530"},{"taxonomy":"post_tag","embeddable":true,"href":"https:\/\/www.copealcoy.es\/es\/wp-json\/wp\/v2\/tags?post=39530"}],"curies":[{"name":"wp","href":"https:\/\/api.w.org\/{rel}","templated":true}]}}