{"id":39515,"date":"2018-02-22T22:48:32","date_gmt":"2018-02-22T22:48:32","guid":{"rendered":"http:\/\/copealcoi.es\/new\/?p=39515"},"modified":"2018-02-23T13:46:06","modified_gmt":"2018-02-23T13:46:06","slug":"cocentaina-aprueba-un-presupuesto-de-103-millones-de-euros-para-2018","status":"publish","type":"post","link":"https:\/\/www.copealcoy.es\/es\/cocentaina-aprueba-un-presupuesto-de-103-millones-de-euros-para-2018\/","title":{"rendered":"Cocentaina aprueba un Presupuesto de 10\u00b43 millones de euros para 2018"},"content":{"rendered":"<p style=\"text-align: justify;\">El Pleno del Ayuntamiento de Cocentaina <strong>aprob\u00f3 ayer por la tarde<\/strong> los <strong>Presupuestos Municipales de este a\u00f1o 2018<\/strong>, unas cuentas que <strong>ascienden a los 10\u00b43 millones de euros<\/strong> y que salieron adelante con el voto favorable del <strong>Partido Socialista, Ciudadanos y Guanyar<\/strong>. Por su parte <strong>Col\u00b7lectiu 03820-Comprom\u00eds y Partido Popular<\/strong> votaron en contra.<\/p>\n<p style=\"text-align: justify;\">Durante la sesi\u00f3n plenaria el concejal de Hacienda, <strong>Marcos Castell\u00f3<\/strong>, record\u00f3 que los Presupuestos <strong>se incrementan un 2\u00b42%<\/strong> <strong>con respecto al a\u00f1o anterior<\/strong> al mismo tiempo que explic\u00f3 las principales l\u00edneas de los mismos. Estos, seg\u00fan detall\u00f3 el edil, se centran en la <strong>Promoci\u00f3n Econ\u00f3mica<\/strong>, la apuesta por las <strong>pol\u00edticas sociales<\/strong>, el<strong> turismo<\/strong> a trav\u00e9s de la contrataci\u00f3n del personal necesario para la apertura de los castillos de Cocentaina y Penella, la <strong>regeneraci\u00f3n del casco urbano<\/strong> o las inversiones para <strong>recuperar el patrimonio hist\u00f3rico<\/strong>. En este sentido hizo referencia a la partida de <strong>300.000 euros<\/strong> reservada para <strong>poner en valor\u00a0los refugios antia\u00e9reos de la Guerra Civil y el torre\u00f3n del Castillo<\/strong> junto a los\u00a0<strong>50.000 euros<\/strong> para <strong>la redacci\u00f3n del Plan Director del Palau Comtal<\/strong>. Castell\u00f3, en su intervenci\u00f3n, dijo que <strong>el Presupuesto de 2018 es realista<\/strong> &#8220;<em>est\u00e1 adaptado a la realidad actual. El Ayuntamiento goza de una buena situaci\u00f3n financiera y el nivel de endeudamiento se ha reducido por debajo del 10%&#8221;<\/em>, indic\u00f3.<\/p>\n<p style=\"text-align: justify;\">Desde <strong>Guanyar<\/strong> apuntaron que su voto para los Presupuestos era favorable porque <strong>el Equipo de Gobierno hab\u00eda incluido muchas de sus planteamientos<\/strong>\u00a0en la propuesta final &#8220;<em>ha habido voluntad negociadora a pesar de que el Gobierno Local no nos ha regalado nada. Nos hubiese gustado ver m\u00e1s propuestas incluidas pero el PSOE se ha comprometido a ejecutar muchas de nuestras iniciativas con el remanente de tesorer\u00eda<\/em>&#8220;, matiz\u00f3 el portavoz, <strong>Bernardo P\u00e9rez<\/strong>. Tambi\u00e9n desde <strong>Ciudadanos<\/strong> el portavoz, <strong>Jos\u00e9 Lu\u00eds Vicedo<\/strong>, defendi\u00f3 <strong>una mejor planificaci\u00f3n de cara al futuro<\/strong> &#8220;<em>vamos a estar vigilando para que se cumpla todo lo expuesto en los Presupuestos y defenderemos que haya prioridad a la hora de ejecutar las inversiones<\/em>&#8220;, dijo.<\/p>\n<p style=\"text-align: justify;\">En el Pleno<strong> Col\u00b7lectiu 03820-Comprom\u00eds<\/strong> justific\u00f3 <strong>su posici\u00f3n contraria hacia el Presupuesto<\/strong> destacando que en 2017, tras votar a favor, <strong>no fueron cumplidas la gran mayor\u00eda de sus propuestas<\/strong> por parte del Gobierno Municipal Socialista &#8220;<em>dimos un voto de confianza y nos sentimos enga\u00f1ados. No se han dado pasos para avanzar en la mejora de las calles de La Vila, conseguir una ubicaci\u00f3n accesible para el Juzgado de Paz, la elaboraci\u00f3n del Plan Director de las Murallas o la instalaci\u00f3n de puntos de recarga de veh\u00edculos el\u00e9ctricos. Tenemos argumentos m\u00e1s que suficientes para votar en contra<\/em>&#8220;, sentenci\u00f3 el portavoz, <strong>Xavi Anduix<\/strong>. De igual forma <strong>el Partido Popular<\/strong> manifest\u00f3 que echaba en falta <strong>mayor inversi\u00f3n<\/strong> para el turismo, la industria, el comercio local, la revitalizaci\u00f3n del Centro, la redacci\u00f3n del nuevo contrato de la basura y la ejecuci\u00f3n de infraestructuras como una Piscina Cubierta &#8220;<em>es un presupuesto continuista e irreal. El Gobierno Local juega con el remanente para despu\u00e9s hacer los proyectos con prisas<\/em>&#8220;, apostill\u00f3 <strong>Rafael Montava<\/strong>, portavoz de los populares contestanos.<\/p>\n<p style=\"text-align: justify;\">Indicar que antes del Pleno todos los ediles de la Corporaci\u00f3n Municipal <strong>aprobaron el Presupuesto de la emisora municipal<\/strong>, Radio Cocentaina, que asciende a los <strong>167.000 euros<\/strong> para este a\u00f1o 2018.<\/p>\n<p style=\"text-align: justify;\">\n","protected":false},"excerpt":{"rendered":"<p>El Pleno del Ayuntamiento de Cocentaina aprob\u00f3 ayer por la tarde los Presupuestos Municipales de este a\u00f1o 2018, unas cuentas&#8230;<\/p>\n","protected":false},"author":1,"featured_media":39516,"comment_status":"open","ping_status":"open","sticky":false,"template":"","format":"standard","meta":{"footnotes":""},"categories":[98,75],"tags":[132,237,235,1808,1572],"class_list":["post-39515","post","type-post","status-publish","format-standard","has-post-thumbnail","hentry","category-comarcas","category-noticias","tag-cocentaina","tag-comtat","tag-inversiones","tag-marcos-castello","tag-presupuestos-municipales"],"yoast_head":"<!-- This site is optimized with the Yoast SEO plugin v27.3 - https:\/\/yoast.com\/product\/yoast-seo-wordpress\/ -->\n<title>Cocentaina aprueba un Presupuesto de 10\u00b43 millones de euros para 2018 - COPE Alcoy<\/title>\n<meta name=\"robots\" content=\"index, follow, max-snippet:-1, max-image-preview:large, max-video-preview:-1\" \/>\n<link rel=\"canonical\" href=\"https:\/\/www.copealcoy.es\/es\/cocentaina-aprueba-un-presupuesto-de-103-millones-de-euros-para-2018\/\" \/>\n<meta property=\"og:locale\" content=\"es_ES\" \/>\n<meta property=\"og:type\" content=\"article\" \/>\n<meta property=\"og:title\" content=\"Cocentaina aprueba un Presupuesto de 10\u00b43 millones de euros para 2018 - COPE Alcoy\" \/>\n<meta property=\"og:description\" content=\"El Pleno del Ayuntamiento de Cocentaina aprob\u00f3 ayer por la tarde los Presupuestos Municipales de este a\u00f1o 2018, unas cuentas...\" \/>\n<meta property=\"og:url\" content=\"https:\/\/www.copealcoy.es\/es\/cocentaina-aprueba-un-presupuesto-de-103-millones-de-euros-para-2018\/\" \/>\n<meta property=\"og:site_name\" content=\"COPE Alcoy\" \/>\n<meta property=\"article:published_time\" content=\"2018-02-22T22:48:32+00:00\" \/>\n<meta property=\"article:modified_time\" content=\"2018-02-23T13:46:06+00:00\" \/>\n<meta property=\"og:image\" content=\"https:\/\/www.copealcoy.es\/wp-content\/uploads\/2018\/02\/28378896_1283218431821639_3025346649332246413_n.jpg\" \/>\n\t<meta property=\"og:image:width\" content=\"960\" \/>\n\t<meta property=\"og:image:height\" content=\"720\" \/>\n\t<meta property=\"og:image:type\" content=\"image\/jpeg\" \/>\n<meta name=\"author\" content=\"Cope Alcoy\" \/>\n<meta name=\"twitter:label1\" content=\"Escrito por\" \/>\n\t<meta name=\"twitter:data1\" content=\"Cope Alcoy\" \/>\n\t<meta name=\"twitter:label2\" content=\"Tiempo de lectura\" \/>\n\t<meta name=\"twitter:data2\" content=\"3 minutos\" \/>\n<script type=\"application\/ld+json\" class=\"yoast-schema-graph\">{\"@context\":\"https:\\\/\\\/schema.org\",\"@graph\":[{\"@type\":\"Article\",\"@id\":\"https:\\\/\\\/www.copealcoy.es\\\/es\\\/cocentaina-aprueba-un-presupuesto-de-103-millones-de-euros-para-2018\\\/#article\",\"isPartOf\":{\"@id\":\"https:\\\/\\\/www.copealcoy.es\\\/es\\\/cocentaina-aprueba-un-presupuesto-de-103-millones-de-euros-para-2018\\\/\"},\"author\":{\"name\":\"Cope Alcoy\",\"@id\":\"https:\\\/\\\/www.copealcoy.es\\\/es\\\/#\\\/schema\\\/person\\\/e777c87fa024e57d40170af9df39882c\"},\"headline\":\"Cocentaina aprueba un Presupuesto de 10\u00b43 millones de euros para 2018\",\"datePublished\":\"2018-02-22T22:48:32+00:00\",\"dateModified\":\"2018-02-23T13:46:06+00:00\",\"mainEntityOfPage\":{\"@id\":\"https:\\\/\\\/www.copealcoy.es\\\/es\\\/cocentaina-aprueba-un-presupuesto-de-103-millones-de-euros-para-2018\\\/\"},\"wordCount\":577,\"commentCount\":0,\"image\":{\"@id\":\"https:\\\/\\\/www.copealcoy.es\\\/es\\\/cocentaina-aprueba-un-presupuesto-de-103-millones-de-euros-para-2018\\\/#primaryimage\"},\"thumbnailUrl\":\"https:\\\/\\\/www.copealcoy.es\\\/wp-content\\\/uploads\\\/2018\\\/02\\\/28378896_1283218431821639_3025346649332246413_n.jpg\",\"keywords\":[\"Cocentaina\",\"Comtat\",\"Inversiones\",\"Marcos Castell\u00f3\",\"Presupuestos Municipales\"],\"articleSection\":[\"Comarcas\",\"Noticias\"],\"inLanguage\":\"es\"},{\"@type\":\"WebPage\",\"@id\":\"https:\\\/\\\/www.copealcoy.es\\\/es\\\/cocentaina-aprueba-un-presupuesto-de-103-millones-de-euros-para-2018\\\/\",\"url\":\"https:\\\/\\\/www.copealcoy.es\\\/es\\\/cocentaina-aprueba-un-presupuesto-de-103-millones-de-euros-para-2018\\\/\",\"name\":\"Cocentaina aprueba un Presupuesto de 10\u00b43 millones de euros para 2018 - COPE Alcoy\",\"isPartOf\":{\"@id\":\"https:\\\/\\\/www.copealcoy.es\\\/es\\\/#website\"},\"primaryImageOfPage\":{\"@id\":\"https:\\\/\\\/www.copealcoy.es\\\/es\\\/cocentaina-aprueba-un-presupuesto-de-103-millones-de-euros-para-2018\\\/#primaryimage\"},\"image\":{\"@id\":\"https:\\\/\\\/www.copealcoy.es\\\/es\\\/cocentaina-aprueba-un-presupuesto-de-103-millones-de-euros-para-2018\\\/#primaryimage\"},\"thumbnailUrl\":\"https:\\\/\\\/www.copealcoy.es\\\/wp-content\\\/uploads\\\/2018\\\/02\\\/28378896_1283218431821639_3025346649332246413_n.jpg\",\"datePublished\":\"2018-02-22T22:48:32+00:00\",\"dateModified\":\"2018-02-23T13:46:06+00:00\",\"author\":{\"@id\":\"https:\\\/\\\/www.copealcoy.es\\\/es\\\/#\\\/schema\\\/person\\\/e777c87fa024e57d40170af9df39882c\"},\"breadcrumb\":{\"@id\":\"https:\\\/\\\/www.copealcoy.es\\\/es\\\/cocentaina-aprueba-un-presupuesto-de-103-millones-de-euros-para-2018\\\/#breadcrumb\"},\"inLanguage\":\"es\",\"potentialAction\":[{\"@type\":\"ReadAction\",\"target\":[\"https:\\\/\\\/www.copealcoy.es\\\/es\\\/cocentaina-aprueba-un-presupuesto-de-103-millones-de-euros-para-2018\\\/\"]}]},{\"@type\":\"ImageObject\",\"inLanguage\":\"es\",\"@id\":\"https:\\\/\\\/www.copealcoy.es\\\/es\\\/cocentaina-aprueba-un-presupuesto-de-103-millones-de-euros-para-2018\\\/#primaryimage\",\"url\":\"https:\\\/\\\/www.copealcoy.es\\\/wp-content\\\/uploads\\\/2018\\\/02\\\/28378896_1283218431821639_3025346649332246413_n.jpg\",\"contentUrl\":\"https:\\\/\\\/www.copealcoy.es\\\/wp-content\\\/uploads\\\/2018\\\/02\\\/28378896_1283218431821639_3025346649332246413_n.jpg\",\"width\":960,\"height\":720,\"caption\":\"Imagen del Pleno celebrado ayer en Cocentaina \\\/ Foto: G. Pascual\"},{\"@type\":\"BreadcrumbList\",\"@id\":\"https:\\\/\\\/www.copealcoy.es\\\/es\\\/cocentaina-aprueba-un-presupuesto-de-103-millones-de-euros-para-2018\\\/#breadcrumb\",\"itemListElement\":[{\"@type\":\"ListItem\",\"position\":1,\"name\":\"Portada\",\"item\":\"https:\\\/\\\/www.copealcoy.es\\\/es\\\/\"},{\"@type\":\"ListItem\",\"position\":2,\"name\":\"Cocentaina aprueba un Presupuesto de 10\u00b43 millones de euros para 2018\"}]},{\"@type\":\"WebSite\",\"@id\":\"https:\\\/\\\/www.copealcoy.es\\\/es\\\/#website\",\"url\":\"https:\\\/\\\/www.copealcoy.es\\\/es\\\/\",\"name\":\"COPE Alcoy\",\"description\":\"Emisora COPE de radio local con emisi\u00f3n online. Pont de Sant Jordi 8-10 03803 Alcoy\",\"potentialAction\":[{\"@type\":\"SearchAction\",\"target\":{\"@type\":\"EntryPoint\",\"urlTemplate\":\"https:\\\/\\\/www.copealcoy.es\\\/es\\\/?s={search_term_string}\"},\"query-input\":{\"@type\":\"PropertyValueSpecification\",\"valueRequired\":true,\"valueName\":\"search_term_string\"}}],\"inLanguage\":\"es\"},{\"@type\":\"Person\",\"@id\":\"https:\\\/\\\/www.copealcoy.es\\\/es\\\/#\\\/schema\\\/person\\\/e777c87fa024e57d40170af9df39882c\",\"name\":\"Cope Alcoy\",\"image\":{\"@type\":\"ImageObject\",\"inLanguage\":\"es\",\"@id\":\"https:\\\/\\\/secure.gravatar.com\\\/avatar\\\/bb65d0283347e303893ba14f0692005417c1e0e690a325a4c5d8bb2b3943ee14?s=96&d=mm&r=g\",\"url\":\"https:\\\/\\\/secure.gravatar.com\\\/avatar\\\/bb65d0283347e303893ba14f0692005417c1e0e690a325a4c5d8bb2b3943ee14?s=96&d=mm&r=g\",\"contentUrl\":\"https:\\\/\\\/secure.gravatar.com\\\/avatar\\\/bb65d0283347e303893ba14f0692005417c1e0e690a325a4c5d8bb2b3943ee14?s=96&d=mm&r=g\",\"caption\":\"Cope Alcoy\"}}]}<\/script>\n<!-- \/ Yoast SEO plugin. -->","yoast_head_json":{"title":"Cocentaina aprueba un Presupuesto de 10\u00b43 millones de euros para 2018 - COPE Alcoy","robots":{"index":"index","follow":"follow","max-snippet":"max-snippet:-1","max-image-preview":"max-image-preview:large","max-video-preview":"max-video-preview:-1"},"canonical":"https:\/\/www.copealcoy.es\/es\/cocentaina-aprueba-un-presupuesto-de-103-millones-de-euros-para-2018\/","og_locale":"es_ES","og_type":"article","og_title":"Cocentaina aprueba un Presupuesto de 10\u00b43 millones de euros para 2018 - COPE Alcoy","og_description":"El Pleno del Ayuntamiento de Cocentaina aprob\u00f3 ayer por la tarde los Presupuestos Municipales de este a\u00f1o 2018, unas cuentas...","og_url":"https:\/\/www.copealcoy.es\/es\/cocentaina-aprueba-un-presupuesto-de-103-millones-de-euros-para-2018\/","og_site_name":"COPE Alcoy","article_published_time":"2018-02-22T22:48:32+00:00","article_modified_time":"2018-02-23T13:46:06+00:00","og_image":[{"width":960,"height":720,"url":"https:\/\/www.copealcoy.es\/wp-content\/uploads\/2018\/02\/28378896_1283218431821639_3025346649332246413_n.jpg","type":"image\/jpeg"}],"author":"Cope Alcoy","twitter_misc":{"Escrito por":"Cope Alcoy","Tiempo de lectura":"3 minutos"},"schema":{"@context":"https:\/\/schema.org","@graph":[{"@type":"Article","@id":"https:\/\/www.copealcoy.es\/es\/cocentaina-aprueba-un-presupuesto-de-103-millones-de-euros-para-2018\/#article","isPartOf":{"@id":"https:\/\/www.copealcoy.es\/es\/cocentaina-aprueba-un-presupuesto-de-103-millones-de-euros-para-2018\/"},"author":{"name":"Cope Alcoy","@id":"https:\/\/www.copealcoy.es\/es\/#\/schema\/person\/e777c87fa024e57d40170af9df39882c"},"headline":"Cocentaina aprueba un Presupuesto de 10\u00b43 millones de euros para 2018","datePublished":"2018-02-22T22:48:32+00:00","dateModified":"2018-02-23T13:46:06+00:00","mainEntityOfPage":{"@id":"https:\/\/www.copealcoy.es\/es\/cocentaina-aprueba-un-presupuesto-de-103-millones-de-euros-para-2018\/"},"wordCount":577,"commentCount":0,"image":{"@id":"https:\/\/www.copealcoy.es\/es\/cocentaina-aprueba-un-presupuesto-de-103-millones-de-euros-para-2018\/#primaryimage"},"thumbnailUrl":"https:\/\/www.copealcoy.es\/wp-content\/uploads\/2018\/02\/28378896_1283218431821639_3025346649332246413_n.jpg","keywords":["Cocentaina","Comtat","Inversiones","Marcos Castell\u00f3","Presupuestos Municipales"],"articleSection":["Comarcas","Noticias"],"inLanguage":"es"},{"@type":"WebPage","@id":"https:\/\/www.copealcoy.es\/es\/cocentaina-aprueba-un-presupuesto-de-103-millones-de-euros-para-2018\/","url":"https:\/\/www.copealcoy.es\/es\/cocentaina-aprueba-un-presupuesto-de-103-millones-de-euros-para-2018\/","name":"Cocentaina aprueba un Presupuesto de 10\u00b43 millones de euros para 2018 - COPE Alcoy","isPartOf":{"@id":"https:\/\/www.copealcoy.es\/es\/#website"},"primaryImageOfPage":{"@id":"https:\/\/www.copealcoy.es\/es\/cocentaina-aprueba-un-presupuesto-de-103-millones-de-euros-para-2018\/#primaryimage"},"image":{"@id":"https:\/\/www.copealcoy.es\/es\/cocentaina-aprueba-un-presupuesto-de-103-millones-de-euros-para-2018\/#primaryimage"},"thumbnailUrl":"https:\/\/www.copealcoy.es\/wp-content\/uploads\/2018\/02\/28378896_1283218431821639_3025346649332246413_n.jpg","datePublished":"2018-02-22T22:48:32+00:00","dateModified":"2018-02-23T13:46:06+00:00","author":{"@id":"https:\/\/www.copealcoy.es\/es\/#\/schema\/person\/e777c87fa024e57d40170af9df39882c"},"breadcrumb":{"@id":"https:\/\/www.copealcoy.es\/es\/cocentaina-aprueba-un-presupuesto-de-103-millones-de-euros-para-2018\/#breadcrumb"},"inLanguage":"es","potentialAction":[{"@type":"ReadAction","target":["https:\/\/www.copealcoy.es\/es\/cocentaina-aprueba-un-presupuesto-de-103-millones-de-euros-para-2018\/"]}]},{"@type":"ImageObject","inLanguage":"es","@id":"https:\/\/www.copealcoy.es\/es\/cocentaina-aprueba-un-presupuesto-de-103-millones-de-euros-para-2018\/#primaryimage","url":"https:\/\/www.copealcoy.es\/wp-content\/uploads\/2018\/02\/28378896_1283218431821639_3025346649332246413_n.jpg","contentUrl":"https:\/\/www.copealcoy.es\/wp-content\/uploads\/2018\/02\/28378896_1283218431821639_3025346649332246413_n.jpg","width":960,"height":720,"caption":"Imagen del Pleno celebrado ayer en Cocentaina \/ Foto: G. Pascual"},{"@type":"BreadcrumbList","@id":"https:\/\/www.copealcoy.es\/es\/cocentaina-aprueba-un-presupuesto-de-103-millones-de-euros-para-2018\/#breadcrumb","itemListElement":[{"@type":"ListItem","position":1,"name":"Portada","item":"https:\/\/www.copealcoy.es\/es\/"},{"@type":"ListItem","position":2,"name":"Cocentaina aprueba un Presupuesto de 10\u00b43 millones de euros para 2018"}]},{"@type":"WebSite","@id":"https:\/\/www.copealcoy.es\/es\/#website","url":"https:\/\/www.copealcoy.es\/es\/","name":"COPE Alcoy","description":"Emisora COPE de radio local con emisi\u00f3n online. Pont de Sant Jordi 8-10 03803 Alcoy","potentialAction":[{"@type":"SearchAction","target":{"@type":"EntryPoint","urlTemplate":"https:\/\/www.copealcoy.es\/es\/?s={search_term_string}"},"query-input":{"@type":"PropertyValueSpecification","valueRequired":true,"valueName":"search_term_string"}}],"inLanguage":"es"},{"@type":"Person","@id":"https:\/\/www.copealcoy.es\/es\/#\/schema\/person\/e777c87fa024e57d40170af9df39882c","name":"Cope Alcoy","image":{"@type":"ImageObject","inLanguage":"es","@id":"https:\/\/secure.gravatar.com\/avatar\/bb65d0283347e303893ba14f0692005417c1e0e690a325a4c5d8bb2b3943ee14?s=96&d=mm&r=g","url":"https:\/\/secure.gravatar.com\/avatar\/bb65d0283347e303893ba14f0692005417c1e0e690a325a4c5d8bb2b3943ee14?s=96&d=mm&r=g","contentUrl":"https:\/\/secure.gravatar.com\/avatar\/bb65d0283347e303893ba14f0692005417c1e0e690a325a4c5d8bb2b3943ee14?s=96&d=mm&r=g","caption":"Cope Alcoy"}}]}},"_links":{"self":[{"href":"https:\/\/www.copealcoy.es\/es\/wp-json\/wp\/v2\/posts\/39515","targetHints":{"allow":["GET"]}}],"collection":[{"href":"https:\/\/www.copealcoy.es\/es\/wp-json\/wp\/v2\/posts"}],"about":[{"href":"https:\/\/www.copealcoy.es\/es\/wp-json\/wp\/v2\/types\/post"}],"author":[{"embeddable":true,"href":"https:\/\/www.copealcoy.es\/es\/wp-json\/wp\/v2\/users\/1"}],"replies":[{"embeddable":true,"href":"https:\/\/www.copealcoy.es\/es\/wp-json\/wp\/v2\/comments?post=39515"}],"version-history":[{"count":0,"href":"https:\/\/www.copealcoy.es\/es\/wp-json\/wp\/v2\/posts\/39515\/revisions"}],"wp:featuredmedia":[{"embeddable":true,"href":"https:\/\/www.copealcoy.es\/es\/wp-json\/wp\/v2\/media\/39516"}],"wp:attachment":[{"href":"https:\/\/www.copealcoy.es\/es\/wp-json\/wp\/v2\/media?parent=39515"}],"wp:term":[{"taxonomy":"category","embeddable":true,"href":"https:\/\/www.copealcoy.es\/es\/wp-json\/wp\/v2\/categories?post=39515"},{"taxonomy":"post_tag","embeddable":true,"href":"https:\/\/www.copealcoy.es\/es\/wp-json\/wp\/v2\/tags?post=39515"}],"curies":[{"name":"wp","href":"https:\/\/api.w.org\/{rel}","templated":true}]}}