{"id":39446,"date":"2018-02-20T15:54:21","date_gmt":"2018-02-20T15:54:21","guid":{"rendered":"http:\/\/copealcoi.es\/new\/?p=39446"},"modified":"2018-02-20T15:57:29","modified_gmt":"2018-02-20T15:57:29","slug":"el-senado-aprueba-la-candidatura-de-la-cabalgata-de-alcoy-a-patrimonio-de-la-humanidad","status":"publish","type":"post","link":"https:\/\/www.copealcoy.es\/es\/el-senado-aprueba-la-candidatura-de-la-cabalgata-de-alcoy-a-patrimonio-de-la-humanidad\/","title":{"rendered":"El Senado aprueba la Candidatura de la Cabalgata de Alcoy a Patrimonio de la Humanidad"},"content":{"rendered":"<p style=\"text-align: justify;\">El <strong>Senado<\/strong> aprob\u00f3 ayer por <strong>unanimidad<\/strong> una moci\u00f3n en la que se insta al Gobierno Central a que <strong>inscriba la Cabalgata de los Reyes Magos de Alcoy<\/strong>\u00a0como candidata a la Lista Representativa del <strong>Patrimonio Cultural de la Humanidad<\/strong> de la UNESCO. Todos los grupos pol\u00edticos apoyaron en la comisi\u00f3n de Cultura esta\u00a0<strong>iniciativa presentada por el Partido Popular<\/strong> y defendida por el senador de esta formaci\u00f3n pol\u00edtica,\u00a0<strong>Agust\u00edn Almod\u00f3bar<\/strong>. El propio Almod\u00f3bar destac\u00f3 que\u00a0<strong>los beneficios que reporta la fiesta al sector tur\u00edstico valenciano<\/strong> y remarc\u00f3 que &#8220;<em>el apoyo del Gobierno facilitar\u00eda el proceso de la candidatura<\/em>&#8220;. Por su parte <strong>el PSOE i<\/strong>ndic\u00f3 que esta fiesta representa &#8220;<em>la implicaci\u00f3n e ilusi\u00f3n de los vecinos y la sociedad civil<\/em>&#8220;, seg\u00fan dijo la senadora socialista\u00a0<strong>Rosa Mar\u00eda Aldea<\/strong>. Tambi\u00e9n desde <strong>Podemos-En Com\u00fa Podem-Marea<\/strong>,\u00a0la senadora alcoyana <strong>Vicenta Jimemez<\/strong>\u00a0record\u00f3 algunos datos del Ayuntamiento de Alcoy sobre el impacto tur\u00edstico de la Fiesta de los Reyes Magos &#8220;<em>miles de personas siguieron las fiestas en 2016 desde los d\u00edas previos a la cabalgata hasta el mismo d\u00eda 5 de enero. Adem\u00e1s la Oficina de Informaci\u00f3n Tur\u00edstica\u00a0atendi\u00f3 a m\u00e1s de 3.000 visitantes desde el 1 de diciembre hasta el 8 de enero&#8221;<\/em>, concluy\u00f3.<\/p>\n<p style=\"text-align: justify;\">Recordar que la Cabalgata de los Reyes Magos de Alcoy<strong> tiene su origen en el a\u00f1o 1885<\/strong> y fue declarada en 2001 Fiesta de Inter\u00e9s Tur\u00edstico Nacional.<\/p>\n","protected":false},"excerpt":{"rendered":"<p>El Senado aprob\u00f3 ayer por unanimidad una moci\u00f3n en la que se insta al Gobierno Central a que inscriba la&#8230;<\/p>\n","protected":false},"author":1,"featured_media":27742,"comment_status":"open","ping_status":"open","sticky":false,"template":"","format":"standard","meta":{"footnotes":""},"categories":[97,75,79],"tags":[4861,5263,5264,2609],"class_list":["post-39446","post","type-post","status-publish","format-standard","has-post-thumbnail","hentry","category-alcoy","category-noticias","category-politicayeconomia","tag-cabalgata-alcoy","tag-candidatura","tag-patrimonio-de-la-humanidad","tag-senado"],"yoast_head":"<!-- This site is optimized with the Yoast SEO plugin v27.3 - https:\/\/yoast.com\/product\/yoast-seo-wordpress\/ -->\n<title>El Senado aprueba la Candidatura de la Cabalgata de Alcoy a Patrimonio de la Humanidad - COPE Alcoy<\/title>\n<meta name=\"robots\" content=\"index, follow, max-snippet:-1, max-image-preview:large, max-video-preview:-1\" \/>\n<link rel=\"canonical\" href=\"https:\/\/www.copealcoy.es\/es\/el-senado-aprueba-la-candidatura-de-la-cabalgata-de-alcoy-a-patrimonio-de-la-humanidad\/\" \/>\n<meta property=\"og:locale\" content=\"es_ES\" \/>\n<meta property=\"og:type\" content=\"article\" \/>\n<meta property=\"og:title\" content=\"El Senado aprueba la Candidatura de la Cabalgata de Alcoy a Patrimonio de la Humanidad - COPE Alcoy\" \/>\n<meta property=\"og:description\" content=\"El Senado aprob\u00f3 ayer por unanimidad una moci\u00f3n en la que se insta al Gobierno Central a que inscriba la...\" \/>\n<meta property=\"og:url\" content=\"https:\/\/www.copealcoy.es\/es\/el-senado-aprueba-la-candidatura-de-la-cabalgata-de-alcoy-a-patrimonio-de-la-humanidad\/\" \/>\n<meta property=\"og:site_name\" content=\"COPE Alcoy\" \/>\n<meta property=\"article:published_time\" content=\"2018-02-20T15:54:21+00:00\" \/>\n<meta property=\"article:modified_time\" content=\"2018-02-20T15:57:29+00:00\" \/>\n<meta property=\"og:image\" content=\"https:\/\/www.copealcoy.es\/wp-content\/uploads\/2017\/01\/PAU9583-e1483648552920-1024x560.jpg\" \/>\n\t<meta property=\"og:image:width\" content=\"1024\" \/>\n\t<meta property=\"og:image:height\" content=\"560\" \/>\n\t<meta property=\"og:image:type\" content=\"image\/jpeg\" \/>\n<meta name=\"author\" content=\"Cope Alcoy\" \/>\n<meta name=\"twitter:label1\" content=\"Escrito por\" \/>\n\t<meta name=\"twitter:data1\" content=\"Cope Alcoy\" \/>\n\t<meta name=\"twitter:label2\" content=\"Tiempo de lectura\" \/>\n\t<meta name=\"twitter:data2\" content=\"1 minuto\" \/>\n<script type=\"application\/ld+json\" class=\"yoast-schema-graph\">{\"@context\":\"https:\\\/\\\/schema.org\",\"@graph\":[{\"@type\":\"Article\",\"@id\":\"https:\\\/\\\/www.copealcoy.es\\\/es\\\/el-senado-aprueba-la-candidatura-de-la-cabalgata-de-alcoy-a-patrimonio-de-la-humanidad\\\/#article\",\"isPartOf\":{\"@id\":\"https:\\\/\\\/www.copealcoy.es\\\/es\\\/el-senado-aprueba-la-candidatura-de-la-cabalgata-de-alcoy-a-patrimonio-de-la-humanidad\\\/\"},\"author\":{\"name\":\"Cope Alcoy\",\"@id\":\"https:\\\/\\\/www.copealcoy.es\\\/es\\\/#\\\/schema\\\/person\\\/e777c87fa024e57d40170af9df39882c\"},\"headline\":\"El Senado aprueba la Candidatura de la Cabalgata de Alcoy a Patrimonio de la Humanidad\",\"datePublished\":\"2018-02-20T15:54:21+00:00\",\"dateModified\":\"2018-02-20T15:57:29+00:00\",\"mainEntityOfPage\":{\"@id\":\"https:\\\/\\\/www.copealcoy.es\\\/es\\\/el-senado-aprueba-la-candidatura-de-la-cabalgata-de-alcoy-a-patrimonio-de-la-humanidad\\\/\"},\"wordCount\":260,\"commentCount\":0,\"image\":{\"@id\":\"https:\\\/\\\/www.copealcoy.es\\\/es\\\/el-senado-aprueba-la-candidatura-de-la-cabalgata-de-alcoy-a-patrimonio-de-la-humanidad\\\/#primaryimage\"},\"thumbnailUrl\":\"https:\\\/\\\/www.copealcoy.es\\\/wp-content\\\/uploads\\\/2017\\\/01\\\/PAU9583-e1640908893719.jpg\",\"keywords\":[\"Cabalgata Alcoy\",\"Candidatura\",\"Patrimonio de la Humanidad\",\"Senado\"],\"articleSection\":[\"Alcoy\",\"Noticias\",\"Pol\u00edtica y Econom\u00eda\"],\"inLanguage\":\"es\"},{\"@type\":\"WebPage\",\"@id\":\"https:\\\/\\\/www.copealcoy.es\\\/es\\\/el-senado-aprueba-la-candidatura-de-la-cabalgata-de-alcoy-a-patrimonio-de-la-humanidad\\\/\",\"url\":\"https:\\\/\\\/www.copealcoy.es\\\/es\\\/el-senado-aprueba-la-candidatura-de-la-cabalgata-de-alcoy-a-patrimonio-de-la-humanidad\\\/\",\"name\":\"El Senado aprueba la Candidatura de la Cabalgata de Alcoy a Patrimonio de la Humanidad - COPE Alcoy\",\"isPartOf\":{\"@id\":\"https:\\\/\\\/www.copealcoy.es\\\/es\\\/#website\"},\"primaryImageOfPage\":{\"@id\":\"https:\\\/\\\/www.copealcoy.es\\\/es\\\/el-senado-aprueba-la-candidatura-de-la-cabalgata-de-alcoy-a-patrimonio-de-la-humanidad\\\/#primaryimage\"},\"image\":{\"@id\":\"https:\\\/\\\/www.copealcoy.es\\\/es\\\/el-senado-aprueba-la-candidatura-de-la-cabalgata-de-alcoy-a-patrimonio-de-la-humanidad\\\/#primaryimage\"},\"thumbnailUrl\":\"https:\\\/\\\/www.copealcoy.es\\\/wp-content\\\/uploads\\\/2017\\\/01\\\/PAU9583-e1640908893719.jpg\",\"datePublished\":\"2018-02-20T15:54:21+00:00\",\"dateModified\":\"2018-02-20T15:57:29+00:00\",\"author\":{\"@id\":\"https:\\\/\\\/www.copealcoy.es\\\/es\\\/#\\\/schema\\\/person\\\/e777c87fa024e57d40170af9df39882c\"},\"breadcrumb\":{\"@id\":\"https:\\\/\\\/www.copealcoy.es\\\/es\\\/el-senado-aprueba-la-candidatura-de-la-cabalgata-de-alcoy-a-patrimonio-de-la-humanidad\\\/#breadcrumb\"},\"inLanguage\":\"es\",\"potentialAction\":[{\"@type\":\"ReadAction\",\"target\":[\"https:\\\/\\\/www.copealcoy.es\\\/es\\\/el-senado-aprueba-la-candidatura-de-la-cabalgata-de-alcoy-a-patrimonio-de-la-humanidad\\\/\"]}]},{\"@type\":\"ImageObject\",\"inLanguage\":\"es\",\"@id\":\"https:\\\/\\\/www.copealcoy.es\\\/es\\\/el-senado-aprueba-la-candidatura-de-la-cabalgata-de-alcoy-a-patrimonio-de-la-humanidad\\\/#primaryimage\",\"url\":\"https:\\\/\\\/www.copealcoy.es\\\/wp-content\\\/uploads\\\/2017\\\/01\\\/PAU9583-e1640908893719.jpg\",\"contentUrl\":\"https:\\\/\\\/www.copealcoy.es\\\/wp-content\\\/uploads\\\/2017\\\/01\\\/PAU9583-e1640908893719.jpg\",\"width\":640,\"height\":350,\"caption\":\"La Adoraci\u00f3n siempre es un momento m\u00e1gico en la Cabalgata de Alcoy \\\/ Foto: PST Fotograf\u00eda (Pau Sanchis Tarraz\u00f3)\"},{\"@type\":\"BreadcrumbList\",\"@id\":\"https:\\\/\\\/www.copealcoy.es\\\/es\\\/el-senado-aprueba-la-candidatura-de-la-cabalgata-de-alcoy-a-patrimonio-de-la-humanidad\\\/#breadcrumb\",\"itemListElement\":[{\"@type\":\"ListItem\",\"position\":1,\"name\":\"Portada\",\"item\":\"https:\\\/\\\/www.copealcoy.es\\\/es\\\/\"},{\"@type\":\"ListItem\",\"position\":2,\"name\":\"El Senado aprueba la Candidatura de la Cabalgata de Alcoy a Patrimonio de la Humanidad\"}]},{\"@type\":\"WebSite\",\"@id\":\"https:\\\/\\\/www.copealcoy.es\\\/es\\\/#website\",\"url\":\"https:\\\/\\\/www.copealcoy.es\\\/es\\\/\",\"name\":\"COPE Alcoy\",\"description\":\"Emisora COPE de radio local con emisi\u00f3n online. Pont de Sant Jordi 8-10 03803 Alcoy\",\"potentialAction\":[{\"@type\":\"SearchAction\",\"target\":{\"@type\":\"EntryPoint\",\"urlTemplate\":\"https:\\\/\\\/www.copealcoy.es\\\/es\\\/?s={search_term_string}\"},\"query-input\":{\"@type\":\"PropertyValueSpecification\",\"valueRequired\":true,\"valueName\":\"search_term_string\"}}],\"inLanguage\":\"es\"},{\"@type\":\"Person\",\"@id\":\"https:\\\/\\\/www.copealcoy.es\\\/es\\\/#\\\/schema\\\/person\\\/e777c87fa024e57d40170af9df39882c\",\"name\":\"Cope Alcoy\",\"image\":{\"@type\":\"ImageObject\",\"inLanguage\":\"es\",\"@id\":\"https:\\\/\\\/secure.gravatar.com\\\/avatar\\\/bb65d0283347e303893ba14f0692005417c1e0e690a325a4c5d8bb2b3943ee14?s=96&d=mm&r=g\",\"url\":\"https:\\\/\\\/secure.gravatar.com\\\/avatar\\\/bb65d0283347e303893ba14f0692005417c1e0e690a325a4c5d8bb2b3943ee14?s=96&d=mm&r=g\",\"contentUrl\":\"https:\\\/\\\/secure.gravatar.com\\\/avatar\\\/bb65d0283347e303893ba14f0692005417c1e0e690a325a4c5d8bb2b3943ee14?s=96&d=mm&r=g\",\"caption\":\"Cope Alcoy\"}}]}<\/script>\n<!-- \/ Yoast SEO plugin. -->","yoast_head_json":{"title":"El Senado aprueba la Candidatura de la Cabalgata de Alcoy a Patrimonio de la Humanidad - COPE Alcoy","robots":{"index":"index","follow":"follow","max-snippet":"max-snippet:-1","max-image-preview":"max-image-preview:large","max-video-preview":"max-video-preview:-1"},"canonical":"https:\/\/www.copealcoy.es\/es\/el-senado-aprueba-la-candidatura-de-la-cabalgata-de-alcoy-a-patrimonio-de-la-humanidad\/","og_locale":"es_ES","og_type":"article","og_title":"El Senado aprueba la Candidatura de la Cabalgata de Alcoy a Patrimonio de la Humanidad - COPE Alcoy","og_description":"El Senado aprob\u00f3 ayer por unanimidad una moci\u00f3n en la que se insta al Gobierno Central a que inscriba la...","og_url":"https:\/\/www.copealcoy.es\/es\/el-senado-aprueba-la-candidatura-de-la-cabalgata-de-alcoy-a-patrimonio-de-la-humanidad\/","og_site_name":"COPE Alcoy","article_published_time":"2018-02-20T15:54:21+00:00","article_modified_time":"2018-02-20T15:57:29+00:00","og_image":[{"width":1024,"height":560,"url":"https:\/\/www.copealcoy.es\/wp-content\/uploads\/2017\/01\/PAU9583-e1483648552920-1024x560.jpg","type":"image\/jpeg"}],"author":"Cope Alcoy","twitter_misc":{"Escrito por":"Cope Alcoy","Tiempo de lectura":"1 minuto"},"schema":{"@context":"https:\/\/schema.org","@graph":[{"@type":"Article","@id":"https:\/\/www.copealcoy.es\/es\/el-senado-aprueba-la-candidatura-de-la-cabalgata-de-alcoy-a-patrimonio-de-la-humanidad\/#article","isPartOf":{"@id":"https:\/\/www.copealcoy.es\/es\/el-senado-aprueba-la-candidatura-de-la-cabalgata-de-alcoy-a-patrimonio-de-la-humanidad\/"},"author":{"name":"Cope Alcoy","@id":"https:\/\/www.copealcoy.es\/es\/#\/schema\/person\/e777c87fa024e57d40170af9df39882c"},"headline":"El Senado aprueba la Candidatura de la Cabalgata de Alcoy a Patrimonio de la Humanidad","datePublished":"2018-02-20T15:54:21+00:00","dateModified":"2018-02-20T15:57:29+00:00","mainEntityOfPage":{"@id":"https:\/\/www.copealcoy.es\/es\/el-senado-aprueba-la-candidatura-de-la-cabalgata-de-alcoy-a-patrimonio-de-la-humanidad\/"},"wordCount":260,"commentCount":0,"image":{"@id":"https:\/\/www.copealcoy.es\/es\/el-senado-aprueba-la-candidatura-de-la-cabalgata-de-alcoy-a-patrimonio-de-la-humanidad\/#primaryimage"},"thumbnailUrl":"https:\/\/www.copealcoy.es\/wp-content\/uploads\/2017\/01\/PAU9583-e1640908893719.jpg","keywords":["Cabalgata Alcoy","Candidatura","Patrimonio de la Humanidad","Senado"],"articleSection":["Alcoy","Noticias","Pol\u00edtica y Econom\u00eda"],"inLanguage":"es"},{"@type":"WebPage","@id":"https:\/\/www.copealcoy.es\/es\/el-senado-aprueba-la-candidatura-de-la-cabalgata-de-alcoy-a-patrimonio-de-la-humanidad\/","url":"https:\/\/www.copealcoy.es\/es\/el-senado-aprueba-la-candidatura-de-la-cabalgata-de-alcoy-a-patrimonio-de-la-humanidad\/","name":"El Senado aprueba la Candidatura de la Cabalgata de Alcoy a Patrimonio de la Humanidad - COPE Alcoy","isPartOf":{"@id":"https:\/\/www.copealcoy.es\/es\/#website"},"primaryImageOfPage":{"@id":"https:\/\/www.copealcoy.es\/es\/el-senado-aprueba-la-candidatura-de-la-cabalgata-de-alcoy-a-patrimonio-de-la-humanidad\/#primaryimage"},"image":{"@id":"https:\/\/www.copealcoy.es\/es\/el-senado-aprueba-la-candidatura-de-la-cabalgata-de-alcoy-a-patrimonio-de-la-humanidad\/#primaryimage"},"thumbnailUrl":"https:\/\/www.copealcoy.es\/wp-content\/uploads\/2017\/01\/PAU9583-e1640908893719.jpg","datePublished":"2018-02-20T15:54:21+00:00","dateModified":"2018-02-20T15:57:29+00:00","author":{"@id":"https:\/\/www.copealcoy.es\/es\/#\/schema\/person\/e777c87fa024e57d40170af9df39882c"},"breadcrumb":{"@id":"https:\/\/www.copealcoy.es\/es\/el-senado-aprueba-la-candidatura-de-la-cabalgata-de-alcoy-a-patrimonio-de-la-humanidad\/#breadcrumb"},"inLanguage":"es","potentialAction":[{"@type":"ReadAction","target":["https:\/\/www.copealcoy.es\/es\/el-senado-aprueba-la-candidatura-de-la-cabalgata-de-alcoy-a-patrimonio-de-la-humanidad\/"]}]},{"@type":"ImageObject","inLanguage":"es","@id":"https:\/\/www.copealcoy.es\/es\/el-senado-aprueba-la-candidatura-de-la-cabalgata-de-alcoy-a-patrimonio-de-la-humanidad\/#primaryimage","url":"https:\/\/www.copealcoy.es\/wp-content\/uploads\/2017\/01\/PAU9583-e1640908893719.jpg","contentUrl":"https:\/\/www.copealcoy.es\/wp-content\/uploads\/2017\/01\/PAU9583-e1640908893719.jpg","width":640,"height":350,"caption":"La Adoraci\u00f3n siempre es un momento m\u00e1gico en la Cabalgata de Alcoy \/ Foto: PST Fotograf\u00eda (Pau Sanchis Tarraz\u00f3)"},{"@type":"BreadcrumbList","@id":"https:\/\/www.copealcoy.es\/es\/el-senado-aprueba-la-candidatura-de-la-cabalgata-de-alcoy-a-patrimonio-de-la-humanidad\/#breadcrumb","itemListElement":[{"@type":"ListItem","position":1,"name":"Portada","item":"https:\/\/www.copealcoy.es\/es\/"},{"@type":"ListItem","position":2,"name":"El Senado aprueba la Candidatura de la Cabalgata de Alcoy a Patrimonio de la Humanidad"}]},{"@type":"WebSite","@id":"https:\/\/www.copealcoy.es\/es\/#website","url":"https:\/\/www.copealcoy.es\/es\/","name":"COPE Alcoy","description":"Emisora COPE de radio local con emisi\u00f3n online. Pont de Sant Jordi 8-10 03803 Alcoy","potentialAction":[{"@type":"SearchAction","target":{"@type":"EntryPoint","urlTemplate":"https:\/\/www.copealcoy.es\/es\/?s={search_term_string}"},"query-input":{"@type":"PropertyValueSpecification","valueRequired":true,"valueName":"search_term_string"}}],"inLanguage":"es"},{"@type":"Person","@id":"https:\/\/www.copealcoy.es\/es\/#\/schema\/person\/e777c87fa024e57d40170af9df39882c","name":"Cope Alcoy","image":{"@type":"ImageObject","inLanguage":"es","@id":"https:\/\/secure.gravatar.com\/avatar\/bb65d0283347e303893ba14f0692005417c1e0e690a325a4c5d8bb2b3943ee14?s=96&d=mm&r=g","url":"https:\/\/secure.gravatar.com\/avatar\/bb65d0283347e303893ba14f0692005417c1e0e690a325a4c5d8bb2b3943ee14?s=96&d=mm&r=g","contentUrl":"https:\/\/secure.gravatar.com\/avatar\/bb65d0283347e303893ba14f0692005417c1e0e690a325a4c5d8bb2b3943ee14?s=96&d=mm&r=g","caption":"Cope Alcoy"}}]}},"_links":{"self":[{"href":"https:\/\/www.copealcoy.es\/es\/wp-json\/wp\/v2\/posts\/39446","targetHints":{"allow":["GET"]}}],"collection":[{"href":"https:\/\/www.copealcoy.es\/es\/wp-json\/wp\/v2\/posts"}],"about":[{"href":"https:\/\/www.copealcoy.es\/es\/wp-json\/wp\/v2\/types\/post"}],"author":[{"embeddable":true,"href":"https:\/\/www.copealcoy.es\/es\/wp-json\/wp\/v2\/users\/1"}],"replies":[{"embeddable":true,"href":"https:\/\/www.copealcoy.es\/es\/wp-json\/wp\/v2\/comments?post=39446"}],"version-history":[{"count":0,"href":"https:\/\/www.copealcoy.es\/es\/wp-json\/wp\/v2\/posts\/39446\/revisions"}],"wp:featuredmedia":[{"embeddable":true,"href":"https:\/\/www.copealcoy.es\/es\/wp-json\/wp\/v2\/media\/27742"}],"wp:attachment":[{"href":"https:\/\/www.copealcoy.es\/es\/wp-json\/wp\/v2\/media?parent=39446"}],"wp:term":[{"taxonomy":"category","embeddable":true,"href":"https:\/\/www.copealcoy.es\/es\/wp-json\/wp\/v2\/categories?post=39446"},{"taxonomy":"post_tag","embeddable":true,"href":"https:\/\/www.copealcoy.es\/es\/wp-json\/wp\/v2\/tags?post=39446"}],"curies":[{"name":"wp","href":"https:\/\/api.w.org\/{rel}","templated":true}]}}