{"id":39423,"date":"2018-02-19T17:23:21","date_gmt":"2018-02-19T17:23:21","guid":{"rendered":"http:\/\/copealcoi.es\/new\/?p=39423"},"modified":"2018-02-19T17:23:21","modified_gmt":"2018-02-19T17:23:21","slug":"el-ies-serra-de-mariola-de-muro-vence-en-la-fase-local-de-la-liga-de-debate","status":"publish","type":"post","link":"https:\/\/www.copealcoy.es\/es\/el-ies-serra-de-mariola-de-muro-vence-en-la-fase-local-de-la-liga-de-debate\/","title":{"rendered":"El IES Serra de Mariola de Muro vence en la fase local de la Liga de Debate"},"content":{"rendered":"<p style=\"text-align: justify;\">El<strong> Instituto Serra de Mariola<\/strong>\u00a0de Muro se impuso en <strong>la fase local de la Liga de Debate de Secundaria y Bachillerato<\/strong> que organiza anualmente <strong>la \u2018Xarxa Vives\u2019 de Universidades<\/strong>, con la implicaci\u00f3n de las cinco universidades p\u00fablicas de la Comunidad Valenciana, y que este a\u00f1o<strong> ha abordado el tema<\/strong> &#8220;\u00bfEl humor tiene l\u00edmites?&#8221;.<\/p>\n<p style=\"text-align: justify;\">La<strong> semifinal de la competici\u00f3n<\/strong>, desarrollada en la Sede Universitaria y El Club Informaci\u00f3n de la capital alicantina, estuvo disputada por grupos del IES de Biar, el IES Enric Valor de Castalla, el IES Pare Vitoria de Alcoy y el IES Serra de Mariola de Muro. El equipo del <strong>grupo 1 del IES Serra de Mariola<\/strong> estuvo formado por <strong>Josep P\u00e9rez, Sergi Peligero, Aitana L\u00f3pez, Alba Moll y Javi Areste<\/strong>, con <strong>Loles Sanju\u00e1n de capitana-tutor<\/strong>a, y compiti\u00f3 por una plaza en la final de la Liga de Debate con el equipo del IES Enric Valor de Castalla.<\/p>\n<p style=\"text-align: justify;\">Finalmente fueron los de Muro <strong>los primeros que resultaron ganadores de esta singular competici\u00f3n escolar<\/strong>. Por otra parte el estudiante<strong> I\u00f1aki Peris<\/strong>, del IES Pare Vitoria de Alcoy, gan\u00f3 el premio al mejor orador. Indicar que el equipo ganador <strong>representar\u00e1 a la Universidad de Alicante<\/strong> en la fase final de la Liga de Debate de Secundaria y Bachillerato, que tendr\u00e1 lugar en la Universidad Miguel Hern\u00e1ndez de Elche entre el 11 y el 13 de abril.<\/p>\n","protected":false},"excerpt":{"rendered":"<p>El Instituto Serra de Mariola\u00a0de Muro se impuso en la fase local de la Liga de Debate de Secundaria y&#8230;<\/p>\n","protected":false},"author":1,"featured_media":39424,"comment_status":"open","ping_status":"open","sticky":false,"template":"","format":"standard","meta":{"footnotes":""},"categories":[98,75],"tags":[237,5260,5259,5261,135],"class_list":["post-39423","post","type-post","status-publish","format-standard","has-post-thumbnail","hentry","category-comarcas","category-noticias","tag-comtat","tag-fase-local","tag-ies-serra-mariola","tag-liga-de-debate","tag-muro"],"yoast_head":"<!-- This site is optimized with the Yoast SEO plugin v27.3 - https:\/\/yoast.com\/product\/yoast-seo-wordpress\/ -->\n<title>El IES Serra de Mariola de Muro vence en la fase local de la Liga de Debate - COPE Alcoy<\/title>\n<meta name=\"robots\" content=\"index, follow, max-snippet:-1, max-image-preview:large, max-video-preview:-1\" \/>\n<link rel=\"canonical\" href=\"https:\/\/www.copealcoy.es\/es\/el-ies-serra-de-mariola-de-muro-vence-en-la-fase-local-de-la-liga-de-debate\/\" \/>\n<meta property=\"og:locale\" content=\"es_ES\" \/>\n<meta property=\"og:type\" content=\"article\" \/>\n<meta property=\"og:title\" content=\"El IES Serra de Mariola de Muro vence en la fase local de la Liga de Debate - COPE Alcoy\" \/>\n<meta property=\"og:description\" content=\"El Instituto Serra de Mariola\u00a0de Muro se impuso en la fase local de la Liga de Debate de Secundaria y...\" \/>\n<meta property=\"og:url\" content=\"https:\/\/www.copealcoy.es\/es\/el-ies-serra-de-mariola-de-muro-vence-en-la-fase-local-de-la-liga-de-debate\/\" \/>\n<meta property=\"og:site_name\" content=\"COPE Alcoy\" \/>\n<meta property=\"article:published_time\" content=\"2018-02-19T17:23:21+00:00\" \/>\n<meta property=\"og:image\" content=\"https:\/\/www.copealcoy.es\/wp-content\/uploads\/2018\/02\/8-Participants-Lliga-debat-IES-Serra-de-Mariola.jpeg\" \/>\n\t<meta property=\"og:image:width\" content=\"600\" \/>\n\t<meta property=\"og:image:height\" content=\"450\" \/>\n\t<meta property=\"og:image:type\" content=\"image\/jpeg\" \/>\n<meta name=\"author\" content=\"Cope Alcoy\" \/>\n<meta name=\"twitter:label1\" content=\"Escrito por\" \/>\n\t<meta name=\"twitter:data1\" content=\"Cope Alcoy\" \/>\n\t<meta name=\"twitter:label2\" content=\"Tiempo de lectura\" \/>\n\t<meta name=\"twitter:data2\" content=\"1 minuto\" \/>\n<script type=\"application\/ld+json\" class=\"yoast-schema-graph\">{\"@context\":\"https:\\\/\\\/schema.org\",\"@graph\":[{\"@type\":\"Article\",\"@id\":\"https:\\\/\\\/www.copealcoy.es\\\/es\\\/el-ies-serra-de-mariola-de-muro-vence-en-la-fase-local-de-la-liga-de-debate\\\/#article\",\"isPartOf\":{\"@id\":\"https:\\\/\\\/www.copealcoy.es\\\/es\\\/el-ies-serra-de-mariola-de-muro-vence-en-la-fase-local-de-la-liga-de-debate\\\/\"},\"author\":{\"name\":\"Cope Alcoy\",\"@id\":\"https:\\\/\\\/www.copealcoy.es\\\/es\\\/#\\\/schema\\\/person\\\/e777c87fa024e57d40170af9df39882c\"},\"headline\":\"El IES Serra de Mariola de Muro vence en la fase local de la Liga de Debate\",\"datePublished\":\"2018-02-19T17:23:21+00:00\",\"mainEntityOfPage\":{\"@id\":\"https:\\\/\\\/www.copealcoy.es\\\/es\\\/el-ies-serra-de-mariola-de-muro-vence-en-la-fase-local-de-la-liga-de-debate\\\/\"},\"wordCount\":253,\"commentCount\":0,\"image\":{\"@id\":\"https:\\\/\\\/www.copealcoy.es\\\/es\\\/el-ies-serra-de-mariola-de-muro-vence-en-la-fase-local-de-la-liga-de-debate\\\/#primaryimage\"},\"thumbnailUrl\":\"https:\\\/\\\/www.copealcoy.es\\\/wp-content\\\/uploads\\\/2018\\\/02\\\/8-Participants-Lliga-debat-IES-Serra-de-Mariola.jpeg\",\"keywords\":[\"Comtat\",\"fase local\",\"IES Serra Mariola\",\"liga de debate\",\"Muro\"],\"articleSection\":[\"Comarcas\",\"Noticias\"],\"inLanguage\":\"es\"},{\"@type\":\"WebPage\",\"@id\":\"https:\\\/\\\/www.copealcoy.es\\\/es\\\/el-ies-serra-de-mariola-de-muro-vence-en-la-fase-local-de-la-liga-de-debate\\\/\",\"url\":\"https:\\\/\\\/www.copealcoy.es\\\/es\\\/el-ies-serra-de-mariola-de-muro-vence-en-la-fase-local-de-la-liga-de-debate\\\/\",\"name\":\"El IES Serra de Mariola de Muro vence en la fase local de la Liga de Debate - COPE Alcoy\",\"isPartOf\":{\"@id\":\"https:\\\/\\\/www.copealcoy.es\\\/es\\\/#website\"},\"primaryImageOfPage\":{\"@id\":\"https:\\\/\\\/www.copealcoy.es\\\/es\\\/el-ies-serra-de-mariola-de-muro-vence-en-la-fase-local-de-la-liga-de-debate\\\/#primaryimage\"},\"image\":{\"@id\":\"https:\\\/\\\/www.copealcoy.es\\\/es\\\/el-ies-serra-de-mariola-de-muro-vence-en-la-fase-local-de-la-liga-de-debate\\\/#primaryimage\"},\"thumbnailUrl\":\"https:\\\/\\\/www.copealcoy.es\\\/wp-content\\\/uploads\\\/2018\\\/02\\\/8-Participants-Lliga-debat-IES-Serra-de-Mariola.jpeg\",\"datePublished\":\"2018-02-19T17:23:21+00:00\",\"author\":{\"@id\":\"https:\\\/\\\/www.copealcoy.es\\\/es\\\/#\\\/schema\\\/person\\\/e777c87fa024e57d40170af9df39882c\"},\"breadcrumb\":{\"@id\":\"https:\\\/\\\/www.copealcoy.es\\\/es\\\/el-ies-serra-de-mariola-de-muro-vence-en-la-fase-local-de-la-liga-de-debate\\\/#breadcrumb\"},\"inLanguage\":\"es\",\"potentialAction\":[{\"@type\":\"ReadAction\",\"target\":[\"https:\\\/\\\/www.copealcoy.es\\\/es\\\/el-ies-serra-de-mariola-de-muro-vence-en-la-fase-local-de-la-liga-de-debate\\\/\"]}]},{\"@type\":\"ImageObject\",\"inLanguage\":\"es\",\"@id\":\"https:\\\/\\\/www.copealcoy.es\\\/es\\\/el-ies-serra-de-mariola-de-muro-vence-en-la-fase-local-de-la-liga-de-debate\\\/#primaryimage\",\"url\":\"https:\\\/\\\/www.copealcoy.es\\\/wp-content\\\/uploads\\\/2018\\\/02\\\/8-Participants-Lliga-debat-IES-Serra-de-Mariola.jpeg\",\"contentUrl\":\"https:\\\/\\\/www.copealcoy.es\\\/wp-content\\\/uploads\\\/2018\\\/02\\\/8-Participants-Lliga-debat-IES-Serra-de-Mariola.jpeg\",\"width\":600,\"height\":450},{\"@type\":\"BreadcrumbList\",\"@id\":\"https:\\\/\\\/www.copealcoy.es\\\/es\\\/el-ies-serra-de-mariola-de-muro-vence-en-la-fase-local-de-la-liga-de-debate\\\/#breadcrumb\",\"itemListElement\":[{\"@type\":\"ListItem\",\"position\":1,\"name\":\"Portada\",\"item\":\"https:\\\/\\\/www.copealcoy.es\\\/es\\\/\"},{\"@type\":\"ListItem\",\"position\":2,\"name\":\"El IES Serra de Mariola de Muro vence en la fase local de la Liga de Debate\"}]},{\"@type\":\"WebSite\",\"@id\":\"https:\\\/\\\/www.copealcoy.es\\\/es\\\/#website\",\"url\":\"https:\\\/\\\/www.copealcoy.es\\\/es\\\/\",\"name\":\"COPE Alcoy\",\"description\":\"Emisora COPE de radio local con emisi\u00f3n online. Pont de Sant Jordi 8-10 03803 Alcoy\",\"potentialAction\":[{\"@type\":\"SearchAction\",\"target\":{\"@type\":\"EntryPoint\",\"urlTemplate\":\"https:\\\/\\\/www.copealcoy.es\\\/es\\\/?s={search_term_string}\"},\"query-input\":{\"@type\":\"PropertyValueSpecification\",\"valueRequired\":true,\"valueName\":\"search_term_string\"}}],\"inLanguage\":\"es\"},{\"@type\":\"Person\",\"@id\":\"https:\\\/\\\/www.copealcoy.es\\\/es\\\/#\\\/schema\\\/person\\\/e777c87fa024e57d40170af9df39882c\",\"name\":\"Cope Alcoy\",\"image\":{\"@type\":\"ImageObject\",\"inLanguage\":\"es\",\"@id\":\"https:\\\/\\\/secure.gravatar.com\\\/avatar\\\/bb65d0283347e303893ba14f0692005417c1e0e690a325a4c5d8bb2b3943ee14?s=96&d=mm&r=g\",\"url\":\"https:\\\/\\\/secure.gravatar.com\\\/avatar\\\/bb65d0283347e303893ba14f0692005417c1e0e690a325a4c5d8bb2b3943ee14?s=96&d=mm&r=g\",\"contentUrl\":\"https:\\\/\\\/secure.gravatar.com\\\/avatar\\\/bb65d0283347e303893ba14f0692005417c1e0e690a325a4c5d8bb2b3943ee14?s=96&d=mm&r=g\",\"caption\":\"Cope Alcoy\"}}]}<\/script>\n<!-- \/ Yoast SEO plugin. -->","yoast_head_json":{"title":"El IES Serra de Mariola de Muro vence en la fase local de la Liga de Debate - COPE Alcoy","robots":{"index":"index","follow":"follow","max-snippet":"max-snippet:-1","max-image-preview":"max-image-preview:large","max-video-preview":"max-video-preview:-1"},"canonical":"https:\/\/www.copealcoy.es\/es\/el-ies-serra-de-mariola-de-muro-vence-en-la-fase-local-de-la-liga-de-debate\/","og_locale":"es_ES","og_type":"article","og_title":"El IES Serra de Mariola de Muro vence en la fase local de la Liga de Debate - COPE Alcoy","og_description":"El Instituto Serra de Mariola\u00a0de Muro se impuso en la fase local de la Liga de Debate de Secundaria y...","og_url":"https:\/\/www.copealcoy.es\/es\/el-ies-serra-de-mariola-de-muro-vence-en-la-fase-local-de-la-liga-de-debate\/","og_site_name":"COPE Alcoy","article_published_time":"2018-02-19T17:23:21+00:00","og_image":[{"width":600,"height":450,"url":"https:\/\/www.copealcoy.es\/wp-content\/uploads\/2018\/02\/8-Participants-Lliga-debat-IES-Serra-de-Mariola.jpeg","type":"image\/jpeg"}],"author":"Cope Alcoy","twitter_misc":{"Escrito por":"Cope Alcoy","Tiempo de lectura":"1 minuto"},"schema":{"@context":"https:\/\/schema.org","@graph":[{"@type":"Article","@id":"https:\/\/www.copealcoy.es\/es\/el-ies-serra-de-mariola-de-muro-vence-en-la-fase-local-de-la-liga-de-debate\/#article","isPartOf":{"@id":"https:\/\/www.copealcoy.es\/es\/el-ies-serra-de-mariola-de-muro-vence-en-la-fase-local-de-la-liga-de-debate\/"},"author":{"name":"Cope Alcoy","@id":"https:\/\/www.copealcoy.es\/es\/#\/schema\/person\/e777c87fa024e57d40170af9df39882c"},"headline":"El IES Serra de Mariola de Muro vence en la fase local de la Liga de Debate","datePublished":"2018-02-19T17:23:21+00:00","mainEntityOfPage":{"@id":"https:\/\/www.copealcoy.es\/es\/el-ies-serra-de-mariola-de-muro-vence-en-la-fase-local-de-la-liga-de-debate\/"},"wordCount":253,"commentCount":0,"image":{"@id":"https:\/\/www.copealcoy.es\/es\/el-ies-serra-de-mariola-de-muro-vence-en-la-fase-local-de-la-liga-de-debate\/#primaryimage"},"thumbnailUrl":"https:\/\/www.copealcoy.es\/wp-content\/uploads\/2018\/02\/8-Participants-Lliga-debat-IES-Serra-de-Mariola.jpeg","keywords":["Comtat","fase local","IES Serra Mariola","liga de debate","Muro"],"articleSection":["Comarcas","Noticias"],"inLanguage":"es"},{"@type":"WebPage","@id":"https:\/\/www.copealcoy.es\/es\/el-ies-serra-de-mariola-de-muro-vence-en-la-fase-local-de-la-liga-de-debate\/","url":"https:\/\/www.copealcoy.es\/es\/el-ies-serra-de-mariola-de-muro-vence-en-la-fase-local-de-la-liga-de-debate\/","name":"El IES Serra de Mariola de Muro vence en la fase local de la Liga de Debate - COPE Alcoy","isPartOf":{"@id":"https:\/\/www.copealcoy.es\/es\/#website"},"primaryImageOfPage":{"@id":"https:\/\/www.copealcoy.es\/es\/el-ies-serra-de-mariola-de-muro-vence-en-la-fase-local-de-la-liga-de-debate\/#primaryimage"},"image":{"@id":"https:\/\/www.copealcoy.es\/es\/el-ies-serra-de-mariola-de-muro-vence-en-la-fase-local-de-la-liga-de-debate\/#primaryimage"},"thumbnailUrl":"https:\/\/www.copealcoy.es\/wp-content\/uploads\/2018\/02\/8-Participants-Lliga-debat-IES-Serra-de-Mariola.jpeg","datePublished":"2018-02-19T17:23:21+00:00","author":{"@id":"https:\/\/www.copealcoy.es\/es\/#\/schema\/person\/e777c87fa024e57d40170af9df39882c"},"breadcrumb":{"@id":"https:\/\/www.copealcoy.es\/es\/el-ies-serra-de-mariola-de-muro-vence-en-la-fase-local-de-la-liga-de-debate\/#breadcrumb"},"inLanguage":"es","potentialAction":[{"@type":"ReadAction","target":["https:\/\/www.copealcoy.es\/es\/el-ies-serra-de-mariola-de-muro-vence-en-la-fase-local-de-la-liga-de-debate\/"]}]},{"@type":"ImageObject","inLanguage":"es","@id":"https:\/\/www.copealcoy.es\/es\/el-ies-serra-de-mariola-de-muro-vence-en-la-fase-local-de-la-liga-de-debate\/#primaryimage","url":"https:\/\/www.copealcoy.es\/wp-content\/uploads\/2018\/02\/8-Participants-Lliga-debat-IES-Serra-de-Mariola.jpeg","contentUrl":"https:\/\/www.copealcoy.es\/wp-content\/uploads\/2018\/02\/8-Participants-Lliga-debat-IES-Serra-de-Mariola.jpeg","width":600,"height":450},{"@type":"BreadcrumbList","@id":"https:\/\/www.copealcoy.es\/es\/el-ies-serra-de-mariola-de-muro-vence-en-la-fase-local-de-la-liga-de-debate\/#breadcrumb","itemListElement":[{"@type":"ListItem","position":1,"name":"Portada","item":"https:\/\/www.copealcoy.es\/es\/"},{"@type":"ListItem","position":2,"name":"El IES Serra de Mariola de Muro vence en la fase local de la Liga de Debate"}]},{"@type":"WebSite","@id":"https:\/\/www.copealcoy.es\/es\/#website","url":"https:\/\/www.copealcoy.es\/es\/","name":"COPE Alcoy","description":"Emisora COPE de radio local con emisi\u00f3n online. Pont de Sant Jordi 8-10 03803 Alcoy","potentialAction":[{"@type":"SearchAction","target":{"@type":"EntryPoint","urlTemplate":"https:\/\/www.copealcoy.es\/es\/?s={search_term_string}"},"query-input":{"@type":"PropertyValueSpecification","valueRequired":true,"valueName":"search_term_string"}}],"inLanguage":"es"},{"@type":"Person","@id":"https:\/\/www.copealcoy.es\/es\/#\/schema\/person\/e777c87fa024e57d40170af9df39882c","name":"Cope Alcoy","image":{"@type":"ImageObject","inLanguage":"es","@id":"https:\/\/secure.gravatar.com\/avatar\/bb65d0283347e303893ba14f0692005417c1e0e690a325a4c5d8bb2b3943ee14?s=96&d=mm&r=g","url":"https:\/\/secure.gravatar.com\/avatar\/bb65d0283347e303893ba14f0692005417c1e0e690a325a4c5d8bb2b3943ee14?s=96&d=mm&r=g","contentUrl":"https:\/\/secure.gravatar.com\/avatar\/bb65d0283347e303893ba14f0692005417c1e0e690a325a4c5d8bb2b3943ee14?s=96&d=mm&r=g","caption":"Cope Alcoy"}}]}},"_links":{"self":[{"href":"https:\/\/www.copealcoy.es\/es\/wp-json\/wp\/v2\/posts\/39423","targetHints":{"allow":["GET"]}}],"collection":[{"href":"https:\/\/www.copealcoy.es\/es\/wp-json\/wp\/v2\/posts"}],"about":[{"href":"https:\/\/www.copealcoy.es\/es\/wp-json\/wp\/v2\/types\/post"}],"author":[{"embeddable":true,"href":"https:\/\/www.copealcoy.es\/es\/wp-json\/wp\/v2\/users\/1"}],"replies":[{"embeddable":true,"href":"https:\/\/www.copealcoy.es\/es\/wp-json\/wp\/v2\/comments?post=39423"}],"version-history":[{"count":0,"href":"https:\/\/www.copealcoy.es\/es\/wp-json\/wp\/v2\/posts\/39423\/revisions"}],"wp:featuredmedia":[{"embeddable":true,"href":"https:\/\/www.copealcoy.es\/es\/wp-json\/wp\/v2\/media\/39424"}],"wp:attachment":[{"href":"https:\/\/www.copealcoy.es\/es\/wp-json\/wp\/v2\/media?parent=39423"}],"wp:term":[{"taxonomy":"category","embeddable":true,"href":"https:\/\/www.copealcoy.es\/es\/wp-json\/wp\/v2\/categories?post=39423"},{"taxonomy":"post_tag","embeddable":true,"href":"https:\/\/www.copealcoy.es\/es\/wp-json\/wp\/v2\/tags?post=39423"}],"curies":[{"name":"wp","href":"https:\/\/api.w.org\/{rel}","templated":true}]}}