{"id":39306,"date":"2018-02-15T17:04:32","date_gmt":"2018-02-15T17:04:32","guid":{"rendered":"http:\/\/copealcoi.es\/new\/?p=39306"},"modified":"2018-02-15T17:07:04","modified_gmt":"2018-02-15T17:07:04","slug":"ciudadanos-reclama-mejoras-en-las-pistas-de-cesped-del-polideportivo-municipal","status":"publish","type":"post","link":"https:\/\/www.copealcoy.es\/es\/ciudadanos-reclama-mejoras-en-las-pistas-de-cesped-del-polideportivo-municipal\/","title":{"rendered":"Ciudadanos reclama mejoras en las pistas de c\u00e9sped del Polideportivo Municipal"},"content":{"rendered":"<p style=\"text-align: justify;\">El grupo municipal de <strong>Ciudadanos<\/strong> en el Ayuntamiento de Alcoy <strong>ha expresado su preocupaci\u00f3n<\/strong> por <strong>la falta de mantenimiento<\/strong> en los campos de c\u00e9sped artificial del polideportivo Francisco Laporta. La formaci\u00f3n naranja, a trav\u00e9s de su concejal <strong>Jos\u00e9 Miguel Antol\u00ed<\/strong>, indican que no se trata solo de <strong>una cuesti\u00f3n de deficiencia est\u00e9tica<\/strong>, sino que conlleva tambi\u00e9n <strong>un riesgo importante para los usuarios<\/strong> &#8220;<em>la falta de mantenimiento est\u00e1 directamente relacionada con posibles graves lesiones para los deportistas, y eso no podemos permitirlo<\/em>&#8220;, ha aseverado.<\/p>\n<p style=\"text-align: justify;\">Desde Ciudadanos dejan claro que <strong>exigir\u00e1n al Gobierno Local<\/strong> que explique las acciones que se est\u00e1n llevando a cabo para el mantenimiento de los campos y exigir\u00e1n que se mejoren estas labores de cara al futuro.<\/p>\n","protected":false},"excerpt":{"rendered":"<p>El grupo municipal de Ciudadanos en el Ayuntamiento de Alcoy ha expresado su preocupaci\u00f3n por la falta de mantenimiento en&#8230;<\/p>\n","protected":false},"author":1,"featured_media":39307,"comment_status":"open","ping_status":"open","sticky":false,"template":"","format":"standard","meta":{"footnotes":""},"categories":[97,75,79],"tags":[1494,5238,349,164,5237,2355],"class_list":["post-39306","post","type-post","status-publish","format-standard","has-post-thumbnail","hentry","category-alcoy","category-noticias","category-politicayeconomia","tag-alcoy","tag-cesped","tag-ciudadanos","tag-mejoras","tag-pistas","tag-polideportivo-municipal"],"yoast_head":"<!-- This site is optimized with the Yoast SEO plugin v27.3 - https:\/\/yoast.com\/product\/yoast-seo-wordpress\/ -->\n<title>Ciudadanos reclama mejoras en las pistas de c\u00e9sped del Polideportivo Municipal - COPE Alcoy<\/title>\n<meta name=\"robots\" content=\"index, follow, max-snippet:-1, max-image-preview:large, max-video-preview:-1\" \/>\n<link rel=\"canonical\" href=\"https:\/\/www.copealcoy.es\/es\/ciudadanos-reclama-mejoras-en-las-pistas-de-cesped-del-polideportivo-municipal\/\" \/>\n<meta property=\"og:locale\" content=\"es_ES\" \/>\n<meta property=\"og:type\" content=\"article\" \/>\n<meta property=\"og:title\" content=\"Ciudadanos reclama mejoras en las pistas de c\u00e9sped del Polideportivo Municipal - COPE Alcoy\" \/>\n<meta property=\"og:description\" content=\"El grupo municipal de Ciudadanos en el Ayuntamiento de Alcoy ha expresado su preocupaci\u00f3n por la falta de mantenimiento en...\" \/>\n<meta property=\"og:url\" content=\"https:\/\/www.copealcoy.es\/es\/ciudadanos-reclama-mejoras-en-las-pistas-de-cesped-del-polideportivo-municipal\/\" \/>\n<meta property=\"og:site_name\" content=\"COPE Alcoy\" \/>\n<meta property=\"article:published_time\" content=\"2018-02-15T17:04:32+00:00\" \/>\n<meta property=\"article:modified_time\" content=\"2018-02-15T17:07:04+00:00\" \/>\n<meta property=\"og:image\" content=\"https:\/\/www.copealcoy.es\/wp-content\/uploads\/2018\/02\/atletisme_2.jpg\" \/>\n\t<meta property=\"og:image:width\" content=\"800\" \/>\n\t<meta property=\"og:image:height\" content=\"600\" \/>\n\t<meta property=\"og:image:type\" content=\"image\/jpeg\" \/>\n<meta name=\"author\" content=\"Cope Alcoy\" \/>\n<meta name=\"twitter:label1\" content=\"Escrito por\" \/>\n\t<meta name=\"twitter:data1\" content=\"Cope Alcoy\" \/>\n\t<meta name=\"twitter:label2\" content=\"Tiempo de lectura\" \/>\n\t<meta name=\"twitter:data2\" content=\"1 minuto\" \/>\n<script type=\"application\/ld+json\" class=\"yoast-schema-graph\">{\"@context\":\"https:\\\/\\\/schema.org\",\"@graph\":[{\"@type\":\"Article\",\"@id\":\"https:\\\/\\\/www.copealcoy.es\\\/es\\\/ciudadanos-reclama-mejoras-en-las-pistas-de-cesped-del-polideportivo-municipal\\\/#article\",\"isPartOf\":{\"@id\":\"https:\\\/\\\/www.copealcoy.es\\\/es\\\/ciudadanos-reclama-mejoras-en-las-pistas-de-cesped-del-polideportivo-municipal\\\/\"},\"author\":{\"name\":\"Cope Alcoy\",\"@id\":\"https:\\\/\\\/www.copealcoy.es\\\/es\\\/#\\\/schema\\\/person\\\/e777c87fa024e57d40170af9df39882c\"},\"headline\":\"Ciudadanos reclama mejoras en las pistas de c\u00e9sped del Polideportivo Municipal\",\"datePublished\":\"2018-02-15T17:04:32+00:00\",\"dateModified\":\"2018-02-15T17:07:04+00:00\",\"mainEntityOfPage\":{\"@id\":\"https:\\\/\\\/www.copealcoy.es\\\/es\\\/ciudadanos-reclama-mejoras-en-las-pistas-de-cesped-del-polideportivo-municipal\\\/\"},\"wordCount\":141,\"commentCount\":0,\"image\":{\"@id\":\"https:\\\/\\\/www.copealcoy.es\\\/es\\\/ciudadanos-reclama-mejoras-en-las-pistas-de-cesped-del-polideportivo-municipal\\\/#primaryimage\"},\"thumbnailUrl\":\"https:\\\/\\\/www.copealcoy.es\\\/wp-content\\\/uploads\\\/2018\\\/02\\\/atletisme_2.jpg\",\"keywords\":[\"Alcoy\",\"c\u00e9sped\",\"Ciudadanos\",\"Mejoras\",\"pistas\",\"Polideportivo Municipal\"],\"articleSection\":[\"Alcoy\",\"Noticias\",\"Pol\u00edtica y Econom\u00eda\"],\"inLanguage\":\"es\"},{\"@type\":\"WebPage\",\"@id\":\"https:\\\/\\\/www.copealcoy.es\\\/es\\\/ciudadanos-reclama-mejoras-en-las-pistas-de-cesped-del-polideportivo-municipal\\\/\",\"url\":\"https:\\\/\\\/www.copealcoy.es\\\/es\\\/ciudadanos-reclama-mejoras-en-las-pistas-de-cesped-del-polideportivo-municipal\\\/\",\"name\":\"Ciudadanos reclama mejoras en las pistas de c\u00e9sped del Polideportivo Municipal - COPE Alcoy\",\"isPartOf\":{\"@id\":\"https:\\\/\\\/www.copealcoy.es\\\/es\\\/#website\"},\"primaryImageOfPage\":{\"@id\":\"https:\\\/\\\/www.copealcoy.es\\\/es\\\/ciudadanos-reclama-mejoras-en-las-pistas-de-cesped-del-polideportivo-municipal\\\/#primaryimage\"},\"image\":{\"@id\":\"https:\\\/\\\/www.copealcoy.es\\\/es\\\/ciudadanos-reclama-mejoras-en-las-pistas-de-cesped-del-polideportivo-municipal\\\/#primaryimage\"},\"thumbnailUrl\":\"https:\\\/\\\/www.copealcoy.es\\\/wp-content\\\/uploads\\\/2018\\\/02\\\/atletisme_2.jpg\",\"datePublished\":\"2018-02-15T17:04:32+00:00\",\"dateModified\":\"2018-02-15T17:07:04+00:00\",\"author\":{\"@id\":\"https:\\\/\\\/www.copealcoy.es\\\/es\\\/#\\\/schema\\\/person\\\/e777c87fa024e57d40170af9df39882c\"},\"breadcrumb\":{\"@id\":\"https:\\\/\\\/www.copealcoy.es\\\/es\\\/ciudadanos-reclama-mejoras-en-las-pistas-de-cesped-del-polideportivo-municipal\\\/#breadcrumb\"},\"inLanguage\":\"es\",\"potentialAction\":[{\"@type\":\"ReadAction\",\"target\":[\"https:\\\/\\\/www.copealcoy.es\\\/es\\\/ciudadanos-reclama-mejoras-en-las-pistas-de-cesped-del-polideportivo-municipal\\\/\"]}]},{\"@type\":\"ImageObject\",\"inLanguage\":\"es\",\"@id\":\"https:\\\/\\\/www.copealcoy.es\\\/es\\\/ciudadanos-reclama-mejoras-en-las-pistas-de-cesped-del-polideportivo-municipal\\\/#primaryimage\",\"url\":\"https:\\\/\\\/www.copealcoy.es\\\/wp-content\\\/uploads\\\/2018\\\/02\\\/atletisme_2.jpg\",\"contentUrl\":\"https:\\\/\\\/www.copealcoy.es\\\/wp-content\\\/uploads\\\/2018\\\/02\\\/atletisme_2.jpg\",\"width\":800,\"height\":600},{\"@type\":\"BreadcrumbList\",\"@id\":\"https:\\\/\\\/www.copealcoy.es\\\/es\\\/ciudadanos-reclama-mejoras-en-las-pistas-de-cesped-del-polideportivo-municipal\\\/#breadcrumb\",\"itemListElement\":[{\"@type\":\"ListItem\",\"position\":1,\"name\":\"Portada\",\"item\":\"https:\\\/\\\/www.copealcoy.es\\\/es\\\/\"},{\"@type\":\"ListItem\",\"position\":2,\"name\":\"Ciudadanos reclama mejoras en las pistas de c\u00e9sped del Polideportivo Municipal\"}]},{\"@type\":\"WebSite\",\"@id\":\"https:\\\/\\\/www.copealcoy.es\\\/es\\\/#website\",\"url\":\"https:\\\/\\\/www.copealcoy.es\\\/es\\\/\",\"name\":\"COPE Alcoy\",\"description\":\"Emisora COPE de radio local con emisi\u00f3n online. Pont de Sant Jordi 8-10 03803 Alcoy\",\"potentialAction\":[{\"@type\":\"SearchAction\",\"target\":{\"@type\":\"EntryPoint\",\"urlTemplate\":\"https:\\\/\\\/www.copealcoy.es\\\/es\\\/?s={search_term_string}\"},\"query-input\":{\"@type\":\"PropertyValueSpecification\",\"valueRequired\":true,\"valueName\":\"search_term_string\"}}],\"inLanguage\":\"es\"},{\"@type\":\"Person\",\"@id\":\"https:\\\/\\\/www.copealcoy.es\\\/es\\\/#\\\/schema\\\/person\\\/e777c87fa024e57d40170af9df39882c\",\"name\":\"Cope Alcoy\",\"image\":{\"@type\":\"ImageObject\",\"inLanguage\":\"es\",\"@id\":\"https:\\\/\\\/secure.gravatar.com\\\/avatar\\\/bb65d0283347e303893ba14f0692005417c1e0e690a325a4c5d8bb2b3943ee14?s=96&d=mm&r=g\",\"url\":\"https:\\\/\\\/secure.gravatar.com\\\/avatar\\\/bb65d0283347e303893ba14f0692005417c1e0e690a325a4c5d8bb2b3943ee14?s=96&d=mm&r=g\",\"contentUrl\":\"https:\\\/\\\/secure.gravatar.com\\\/avatar\\\/bb65d0283347e303893ba14f0692005417c1e0e690a325a4c5d8bb2b3943ee14?s=96&d=mm&r=g\",\"caption\":\"Cope Alcoy\"}}]}<\/script>\n<!-- \/ Yoast SEO plugin. -->","yoast_head_json":{"title":"Ciudadanos reclama mejoras en las pistas de c\u00e9sped del Polideportivo Municipal - COPE Alcoy","robots":{"index":"index","follow":"follow","max-snippet":"max-snippet:-1","max-image-preview":"max-image-preview:large","max-video-preview":"max-video-preview:-1"},"canonical":"https:\/\/www.copealcoy.es\/es\/ciudadanos-reclama-mejoras-en-las-pistas-de-cesped-del-polideportivo-municipal\/","og_locale":"es_ES","og_type":"article","og_title":"Ciudadanos reclama mejoras en las pistas de c\u00e9sped del Polideportivo Municipal - COPE Alcoy","og_description":"El grupo municipal de Ciudadanos en el Ayuntamiento de Alcoy ha expresado su preocupaci\u00f3n por la falta de mantenimiento en...","og_url":"https:\/\/www.copealcoy.es\/es\/ciudadanos-reclama-mejoras-en-las-pistas-de-cesped-del-polideportivo-municipal\/","og_site_name":"COPE Alcoy","article_published_time":"2018-02-15T17:04:32+00:00","article_modified_time":"2018-02-15T17:07:04+00:00","og_image":[{"width":800,"height":600,"url":"https:\/\/www.copealcoy.es\/wp-content\/uploads\/2018\/02\/atletisme_2.jpg","type":"image\/jpeg"}],"author":"Cope Alcoy","twitter_misc":{"Escrito por":"Cope Alcoy","Tiempo de lectura":"1 minuto"},"schema":{"@context":"https:\/\/schema.org","@graph":[{"@type":"Article","@id":"https:\/\/www.copealcoy.es\/es\/ciudadanos-reclama-mejoras-en-las-pistas-de-cesped-del-polideportivo-municipal\/#article","isPartOf":{"@id":"https:\/\/www.copealcoy.es\/es\/ciudadanos-reclama-mejoras-en-las-pistas-de-cesped-del-polideportivo-municipal\/"},"author":{"name":"Cope Alcoy","@id":"https:\/\/www.copealcoy.es\/es\/#\/schema\/person\/e777c87fa024e57d40170af9df39882c"},"headline":"Ciudadanos reclama mejoras en las pistas de c\u00e9sped del Polideportivo Municipal","datePublished":"2018-02-15T17:04:32+00:00","dateModified":"2018-02-15T17:07:04+00:00","mainEntityOfPage":{"@id":"https:\/\/www.copealcoy.es\/es\/ciudadanos-reclama-mejoras-en-las-pistas-de-cesped-del-polideportivo-municipal\/"},"wordCount":141,"commentCount":0,"image":{"@id":"https:\/\/www.copealcoy.es\/es\/ciudadanos-reclama-mejoras-en-las-pistas-de-cesped-del-polideportivo-municipal\/#primaryimage"},"thumbnailUrl":"https:\/\/www.copealcoy.es\/wp-content\/uploads\/2018\/02\/atletisme_2.jpg","keywords":["Alcoy","c\u00e9sped","Ciudadanos","Mejoras","pistas","Polideportivo Municipal"],"articleSection":["Alcoy","Noticias","Pol\u00edtica y Econom\u00eda"],"inLanguage":"es"},{"@type":"WebPage","@id":"https:\/\/www.copealcoy.es\/es\/ciudadanos-reclama-mejoras-en-las-pistas-de-cesped-del-polideportivo-municipal\/","url":"https:\/\/www.copealcoy.es\/es\/ciudadanos-reclama-mejoras-en-las-pistas-de-cesped-del-polideportivo-municipal\/","name":"Ciudadanos reclama mejoras en las pistas de c\u00e9sped del Polideportivo Municipal - COPE Alcoy","isPartOf":{"@id":"https:\/\/www.copealcoy.es\/es\/#website"},"primaryImageOfPage":{"@id":"https:\/\/www.copealcoy.es\/es\/ciudadanos-reclama-mejoras-en-las-pistas-de-cesped-del-polideportivo-municipal\/#primaryimage"},"image":{"@id":"https:\/\/www.copealcoy.es\/es\/ciudadanos-reclama-mejoras-en-las-pistas-de-cesped-del-polideportivo-municipal\/#primaryimage"},"thumbnailUrl":"https:\/\/www.copealcoy.es\/wp-content\/uploads\/2018\/02\/atletisme_2.jpg","datePublished":"2018-02-15T17:04:32+00:00","dateModified":"2018-02-15T17:07:04+00:00","author":{"@id":"https:\/\/www.copealcoy.es\/es\/#\/schema\/person\/e777c87fa024e57d40170af9df39882c"},"breadcrumb":{"@id":"https:\/\/www.copealcoy.es\/es\/ciudadanos-reclama-mejoras-en-las-pistas-de-cesped-del-polideportivo-municipal\/#breadcrumb"},"inLanguage":"es","potentialAction":[{"@type":"ReadAction","target":["https:\/\/www.copealcoy.es\/es\/ciudadanos-reclama-mejoras-en-las-pistas-de-cesped-del-polideportivo-municipal\/"]}]},{"@type":"ImageObject","inLanguage":"es","@id":"https:\/\/www.copealcoy.es\/es\/ciudadanos-reclama-mejoras-en-las-pistas-de-cesped-del-polideportivo-municipal\/#primaryimage","url":"https:\/\/www.copealcoy.es\/wp-content\/uploads\/2018\/02\/atletisme_2.jpg","contentUrl":"https:\/\/www.copealcoy.es\/wp-content\/uploads\/2018\/02\/atletisme_2.jpg","width":800,"height":600},{"@type":"BreadcrumbList","@id":"https:\/\/www.copealcoy.es\/es\/ciudadanos-reclama-mejoras-en-las-pistas-de-cesped-del-polideportivo-municipal\/#breadcrumb","itemListElement":[{"@type":"ListItem","position":1,"name":"Portada","item":"https:\/\/www.copealcoy.es\/es\/"},{"@type":"ListItem","position":2,"name":"Ciudadanos reclama mejoras en las pistas de c\u00e9sped del Polideportivo Municipal"}]},{"@type":"WebSite","@id":"https:\/\/www.copealcoy.es\/es\/#website","url":"https:\/\/www.copealcoy.es\/es\/","name":"COPE Alcoy","description":"Emisora COPE de radio local con emisi\u00f3n online. Pont de Sant Jordi 8-10 03803 Alcoy","potentialAction":[{"@type":"SearchAction","target":{"@type":"EntryPoint","urlTemplate":"https:\/\/www.copealcoy.es\/es\/?s={search_term_string}"},"query-input":{"@type":"PropertyValueSpecification","valueRequired":true,"valueName":"search_term_string"}}],"inLanguage":"es"},{"@type":"Person","@id":"https:\/\/www.copealcoy.es\/es\/#\/schema\/person\/e777c87fa024e57d40170af9df39882c","name":"Cope Alcoy","image":{"@type":"ImageObject","inLanguage":"es","@id":"https:\/\/secure.gravatar.com\/avatar\/bb65d0283347e303893ba14f0692005417c1e0e690a325a4c5d8bb2b3943ee14?s=96&d=mm&r=g","url":"https:\/\/secure.gravatar.com\/avatar\/bb65d0283347e303893ba14f0692005417c1e0e690a325a4c5d8bb2b3943ee14?s=96&d=mm&r=g","contentUrl":"https:\/\/secure.gravatar.com\/avatar\/bb65d0283347e303893ba14f0692005417c1e0e690a325a4c5d8bb2b3943ee14?s=96&d=mm&r=g","caption":"Cope Alcoy"}}]}},"_links":{"self":[{"href":"https:\/\/www.copealcoy.es\/es\/wp-json\/wp\/v2\/posts\/39306","targetHints":{"allow":["GET"]}}],"collection":[{"href":"https:\/\/www.copealcoy.es\/es\/wp-json\/wp\/v2\/posts"}],"about":[{"href":"https:\/\/www.copealcoy.es\/es\/wp-json\/wp\/v2\/types\/post"}],"author":[{"embeddable":true,"href":"https:\/\/www.copealcoy.es\/es\/wp-json\/wp\/v2\/users\/1"}],"replies":[{"embeddable":true,"href":"https:\/\/www.copealcoy.es\/es\/wp-json\/wp\/v2\/comments?post=39306"}],"version-history":[{"count":0,"href":"https:\/\/www.copealcoy.es\/es\/wp-json\/wp\/v2\/posts\/39306\/revisions"}],"wp:featuredmedia":[{"embeddable":true,"href":"https:\/\/www.copealcoy.es\/es\/wp-json\/wp\/v2\/media\/39307"}],"wp:attachment":[{"href":"https:\/\/www.copealcoy.es\/es\/wp-json\/wp\/v2\/media?parent=39306"}],"wp:term":[{"taxonomy":"category","embeddable":true,"href":"https:\/\/www.copealcoy.es\/es\/wp-json\/wp\/v2\/categories?post=39306"},{"taxonomy":"post_tag","embeddable":true,"href":"https:\/\/www.copealcoy.es\/es\/wp-json\/wp\/v2\/tags?post=39306"}],"curies":[{"name":"wp","href":"https:\/\/api.w.org\/{rel}","templated":true}]}}