{"id":39227,"date":"2018-02-13T18:20:43","date_gmt":"2018-02-13T18:20:43","guid":{"rendered":"http:\/\/copealcoi.es\/new\/?p=39227"},"modified":"2018-02-13T18:22:34","modified_gmt":"2018-02-13T18:22:34","slug":"alcoy-lanza-activa_agora-fomentar-la-formacion-emprendedores","status":"publish","type":"post","link":"https:\/\/www.copealcoy.es\/es\/alcoy-lanza-activa_agora-fomentar-la-formacion-emprendedores\/","title":{"rendered":"Alcoy lanza Activa_\u00c1gora para fomentar la formaci\u00f3n de emprendedores"},"content":{"rendered":"<p style=\"text-align: justify;\">El <strong>Ayuntamiento de Alcoy y el CEEI Alcoy- Valencia<\/strong> lanzan conjuntamente <strong>el programa Activa_\u00c0gora<\/strong>, un <strong>programa gratuito<\/strong> de <strong>capacitaci\u00f3n para emprendedores<\/strong> que tendr\u00e1 lugar entre marzo y mayo. El proyecto <strong>busca orientar y tutelar a los emprendedores<\/strong> en el proceso de definici\u00f3n de su proyecto y el lanzamiento de su empresa. Adem\u00e1s <strong>incluye<\/strong> la realizaci\u00f3n de talleres formativos, tutor\u00edas grupales, tutor\u00edas individuales y una actividad final de presentaci\u00f3n de proyectos y networking.<\/p>\n<p style=\"text-align: justify;\">Jes\u00fas Casanova, <strong>director del CEEI Alcoy \u2013 Valencia<\/strong>, destaca que <strong>se pueden presentar hasta ocho proyectos<\/strong> y a\u00f1ade que el principal objetivo de esta iniciativa es <strong>dar visibilidad<\/strong> a los proyectos que participen en Activa_\u00c0gora &#8220;<em>se realizar\u00e1 una sesi\u00f3n final de presentaci\u00f3n de los proyectos y de networking a la que invitaremos a emprendedores y empresarios de reciente creaci\u00f3n, o cuyas empresas ya est\u00e9n consolidadas, a fin de transmitirles su experiencia<\/em>&#8220;, apunta. Tambi\u00e9n <strong>Manolo Gomicia<\/strong>, edil de Empresa en Alcoy, recuerda que este proyecto <strong>lo lanza el Ayuntamiento de Alcoy a trav\u00e9s del \u00c1gora Coworking<\/strong> &#8220;<em>se trata de una iniciativa en la que se busca movilizar no solo a los emprendedores de Alcoy, tambi\u00e9n de otras ciudades de la comarca<\/em>&#8220;, afirma.<\/p>\n<p style=\"text-align: justify;\">Indicar que los emprendedores interesados <strong>podr\u00e1n presentar sus propuestas hasta el pr\u00f3ximo 22 de febrero<\/strong>, d\u00eda en el que finaliza el plazo. Una comisi\u00f3n constituida al efecto <strong>valorar\u00e1 las candidaturas presentadas<\/strong> y <strong>seleccionar\u00e1 los 8 proyectos<\/strong> participantes.<\/p>\n","protected":false},"excerpt":{"rendered":"<p>El Ayuntamiento de Alcoy y el CEEI Alcoy- Valencia lanzan conjuntamente el programa Activa_\u00c0gora, un programa gratuito de capacitaci\u00f3n para&#8230;<\/p>\n","protected":false},"author":1,"featured_media":39228,"comment_status":"open","ping_status":"open","sticky":false,"template":"","format":"standard","meta":{"footnotes":""},"categories":[97,75,79],"tags":[5224,1494,585,510,4049,1871],"class_list":["post-39227","post","type-post","status-publish","format-standard","has-post-thumbnail","hentry","category-alcoy","category-noticias","category-politicayeconomia","tag-activa_agora","tag-alcoy","tag-emprendedores","tag-formacion","tag-jesus-casanova","tag-manolo-gomicia"],"yoast_head":"<!-- This site is optimized with the Yoast SEO plugin v27.3 - https:\/\/yoast.com\/product\/yoast-seo-wordpress\/ -->\n<title>Alcoy lanza Activa_\u00c1gora para fomentar la formaci\u00f3n de emprendedores - COPE Alcoy<\/title>\n<meta name=\"robots\" content=\"index, follow, max-snippet:-1, max-image-preview:large, max-video-preview:-1\" \/>\n<link rel=\"canonical\" href=\"https:\/\/www.copealcoy.es\/es\/alcoy-lanza-activa_agora-fomentar-la-formacion-emprendedores\/\" \/>\n<meta property=\"og:locale\" content=\"es_ES\" \/>\n<meta property=\"og:type\" content=\"article\" \/>\n<meta property=\"og:title\" content=\"Alcoy lanza Activa_\u00c1gora para fomentar la formaci\u00f3n de emprendedores - COPE Alcoy\" \/>\n<meta property=\"og:description\" content=\"El Ayuntamiento de Alcoy y el CEEI Alcoy- Valencia lanzan conjuntamente el programa Activa_\u00c0gora, un programa gratuito de capacitaci\u00f3n para...\" \/>\n<meta property=\"og:url\" content=\"https:\/\/www.copealcoy.es\/es\/alcoy-lanza-activa_agora-fomentar-la-formacion-emprendedores\/\" \/>\n<meta property=\"og:site_name\" content=\"COPE Alcoy\" \/>\n<meta property=\"article:published_time\" content=\"2018-02-13T18:20:43+00:00\" \/>\n<meta property=\"article:modified_time\" content=\"2018-02-13T18:22:34+00:00\" \/>\n<meta property=\"og:image\" content=\"https:\/\/www.copealcoy.es\/wp-content\/uploads\/2018\/02\/DVgfjnvW0AABEDC.jpg\" \/>\n\t<meta property=\"og:image:width\" content=\"1200\" \/>\n\t<meta property=\"og:image:height\" content=\"900\" \/>\n\t<meta property=\"og:image:type\" content=\"image\/jpeg\" \/>\n<meta name=\"author\" content=\"Cope Alcoy\" \/>\n<meta name=\"twitter:label1\" content=\"Escrito por\" \/>\n\t<meta name=\"twitter:data1\" content=\"Cope Alcoy\" \/>\n\t<meta name=\"twitter:label2\" content=\"Tiempo de lectura\" \/>\n\t<meta name=\"twitter:data2\" content=\"1 minuto\" \/>\n<script type=\"application\/ld+json\" class=\"yoast-schema-graph\">{\"@context\":\"https:\\\/\\\/schema.org\",\"@graph\":[{\"@type\":\"Article\",\"@id\":\"https:\\\/\\\/www.copealcoy.es\\\/es\\\/alcoy-lanza-activa_agora-fomentar-la-formacion-emprendedores\\\/#article\",\"isPartOf\":{\"@id\":\"https:\\\/\\\/www.copealcoy.es\\\/es\\\/alcoy-lanza-activa_agora-fomentar-la-formacion-emprendedores\\\/\"},\"author\":{\"name\":\"Cope Alcoy\",\"@id\":\"https:\\\/\\\/www.copealcoy.es\\\/es\\\/#\\\/schema\\\/person\\\/e777c87fa024e57d40170af9df39882c\"},\"headline\":\"Alcoy lanza Activa_\u00c1gora para fomentar la formaci\u00f3n de emprendedores\",\"datePublished\":\"2018-02-13T18:20:43+00:00\",\"dateModified\":\"2018-02-13T18:22:34+00:00\",\"mainEntityOfPage\":{\"@id\":\"https:\\\/\\\/www.copealcoy.es\\\/es\\\/alcoy-lanza-activa_agora-fomentar-la-formacion-emprendedores\\\/\"},\"wordCount\":260,\"commentCount\":0,\"image\":{\"@id\":\"https:\\\/\\\/www.copealcoy.es\\\/es\\\/alcoy-lanza-activa_agora-fomentar-la-formacion-emprendedores\\\/#primaryimage\"},\"thumbnailUrl\":\"https:\\\/\\\/www.copealcoy.es\\\/wp-content\\\/uploads\\\/2018\\\/02\\\/DVgfjnvW0AABEDC.jpg\",\"keywords\":[\"Activa_\u00c1gora\",\"Alcoy\",\"Emprendedores\",\"Formaci\u00f3n\",\"Jes\u00fas Casanova\",\"Manolo Gomicia\"],\"articleSection\":[\"Alcoy\",\"Noticias\",\"Pol\u00edtica y Econom\u00eda\"],\"inLanguage\":\"es\"},{\"@type\":\"WebPage\",\"@id\":\"https:\\\/\\\/www.copealcoy.es\\\/es\\\/alcoy-lanza-activa_agora-fomentar-la-formacion-emprendedores\\\/\",\"url\":\"https:\\\/\\\/www.copealcoy.es\\\/es\\\/alcoy-lanza-activa_agora-fomentar-la-formacion-emprendedores\\\/\",\"name\":\"Alcoy lanza Activa_\u00c1gora para fomentar la formaci\u00f3n de emprendedores - COPE Alcoy\",\"isPartOf\":{\"@id\":\"https:\\\/\\\/www.copealcoy.es\\\/es\\\/#website\"},\"primaryImageOfPage\":{\"@id\":\"https:\\\/\\\/www.copealcoy.es\\\/es\\\/alcoy-lanza-activa_agora-fomentar-la-formacion-emprendedores\\\/#primaryimage\"},\"image\":{\"@id\":\"https:\\\/\\\/www.copealcoy.es\\\/es\\\/alcoy-lanza-activa_agora-fomentar-la-formacion-emprendedores\\\/#primaryimage\"},\"thumbnailUrl\":\"https:\\\/\\\/www.copealcoy.es\\\/wp-content\\\/uploads\\\/2018\\\/02\\\/DVgfjnvW0AABEDC.jpg\",\"datePublished\":\"2018-02-13T18:20:43+00:00\",\"dateModified\":\"2018-02-13T18:22:34+00:00\",\"author\":{\"@id\":\"https:\\\/\\\/www.copealcoy.es\\\/es\\\/#\\\/schema\\\/person\\\/e777c87fa024e57d40170af9df39882c\"},\"breadcrumb\":{\"@id\":\"https:\\\/\\\/www.copealcoy.es\\\/es\\\/alcoy-lanza-activa_agora-fomentar-la-formacion-emprendedores\\\/#breadcrumb\"},\"inLanguage\":\"es\",\"potentialAction\":[{\"@type\":\"ReadAction\",\"target\":[\"https:\\\/\\\/www.copealcoy.es\\\/es\\\/alcoy-lanza-activa_agora-fomentar-la-formacion-emprendedores\\\/\"]}]},{\"@type\":\"ImageObject\",\"inLanguage\":\"es\",\"@id\":\"https:\\\/\\\/www.copealcoy.es\\\/es\\\/alcoy-lanza-activa_agora-fomentar-la-formacion-emprendedores\\\/#primaryimage\",\"url\":\"https:\\\/\\\/www.copealcoy.es\\\/wp-content\\\/uploads\\\/2018\\\/02\\\/DVgfjnvW0AABEDC.jpg\",\"contentUrl\":\"https:\\\/\\\/www.copealcoy.es\\\/wp-content\\\/uploads\\\/2018\\\/02\\\/DVgfjnvW0AABEDC.jpg\",\"width\":1200,\"height\":900},{\"@type\":\"BreadcrumbList\",\"@id\":\"https:\\\/\\\/www.copealcoy.es\\\/es\\\/alcoy-lanza-activa_agora-fomentar-la-formacion-emprendedores\\\/#breadcrumb\",\"itemListElement\":[{\"@type\":\"ListItem\",\"position\":1,\"name\":\"Portada\",\"item\":\"https:\\\/\\\/www.copealcoy.es\\\/es\\\/\"},{\"@type\":\"ListItem\",\"position\":2,\"name\":\"Alcoy lanza Activa_\u00c1gora para fomentar la formaci\u00f3n de emprendedores\"}]},{\"@type\":\"WebSite\",\"@id\":\"https:\\\/\\\/www.copealcoy.es\\\/es\\\/#website\",\"url\":\"https:\\\/\\\/www.copealcoy.es\\\/es\\\/\",\"name\":\"COPE Alcoy\",\"description\":\"Emisora COPE de radio local con emisi\u00f3n online. Pont de Sant Jordi 8-10 03803 Alcoy\",\"potentialAction\":[{\"@type\":\"SearchAction\",\"target\":{\"@type\":\"EntryPoint\",\"urlTemplate\":\"https:\\\/\\\/www.copealcoy.es\\\/es\\\/?s={search_term_string}\"},\"query-input\":{\"@type\":\"PropertyValueSpecification\",\"valueRequired\":true,\"valueName\":\"search_term_string\"}}],\"inLanguage\":\"es\"},{\"@type\":\"Person\",\"@id\":\"https:\\\/\\\/www.copealcoy.es\\\/es\\\/#\\\/schema\\\/person\\\/e777c87fa024e57d40170af9df39882c\",\"name\":\"Cope Alcoy\",\"image\":{\"@type\":\"ImageObject\",\"inLanguage\":\"es\",\"@id\":\"https:\\\/\\\/secure.gravatar.com\\\/avatar\\\/bb65d0283347e303893ba14f0692005417c1e0e690a325a4c5d8bb2b3943ee14?s=96&d=mm&r=g\",\"url\":\"https:\\\/\\\/secure.gravatar.com\\\/avatar\\\/bb65d0283347e303893ba14f0692005417c1e0e690a325a4c5d8bb2b3943ee14?s=96&d=mm&r=g\",\"contentUrl\":\"https:\\\/\\\/secure.gravatar.com\\\/avatar\\\/bb65d0283347e303893ba14f0692005417c1e0e690a325a4c5d8bb2b3943ee14?s=96&d=mm&r=g\",\"caption\":\"Cope Alcoy\"}}]}<\/script>\n<!-- \/ Yoast SEO plugin. -->","yoast_head_json":{"title":"Alcoy lanza Activa_\u00c1gora para fomentar la formaci\u00f3n de emprendedores - COPE Alcoy","robots":{"index":"index","follow":"follow","max-snippet":"max-snippet:-1","max-image-preview":"max-image-preview:large","max-video-preview":"max-video-preview:-1"},"canonical":"https:\/\/www.copealcoy.es\/es\/alcoy-lanza-activa_agora-fomentar-la-formacion-emprendedores\/","og_locale":"es_ES","og_type":"article","og_title":"Alcoy lanza Activa_\u00c1gora para fomentar la formaci\u00f3n de emprendedores - COPE Alcoy","og_description":"El Ayuntamiento de Alcoy y el CEEI Alcoy- Valencia lanzan conjuntamente el programa Activa_\u00c0gora, un programa gratuito de capacitaci\u00f3n para...","og_url":"https:\/\/www.copealcoy.es\/es\/alcoy-lanza-activa_agora-fomentar-la-formacion-emprendedores\/","og_site_name":"COPE Alcoy","article_published_time":"2018-02-13T18:20:43+00:00","article_modified_time":"2018-02-13T18:22:34+00:00","og_image":[{"width":1200,"height":900,"url":"https:\/\/www.copealcoy.es\/wp-content\/uploads\/2018\/02\/DVgfjnvW0AABEDC.jpg","type":"image\/jpeg"}],"author":"Cope Alcoy","twitter_misc":{"Escrito por":"Cope Alcoy","Tiempo de lectura":"1 minuto"},"schema":{"@context":"https:\/\/schema.org","@graph":[{"@type":"Article","@id":"https:\/\/www.copealcoy.es\/es\/alcoy-lanza-activa_agora-fomentar-la-formacion-emprendedores\/#article","isPartOf":{"@id":"https:\/\/www.copealcoy.es\/es\/alcoy-lanza-activa_agora-fomentar-la-formacion-emprendedores\/"},"author":{"name":"Cope Alcoy","@id":"https:\/\/www.copealcoy.es\/es\/#\/schema\/person\/e777c87fa024e57d40170af9df39882c"},"headline":"Alcoy lanza Activa_\u00c1gora para fomentar la formaci\u00f3n de emprendedores","datePublished":"2018-02-13T18:20:43+00:00","dateModified":"2018-02-13T18:22:34+00:00","mainEntityOfPage":{"@id":"https:\/\/www.copealcoy.es\/es\/alcoy-lanza-activa_agora-fomentar-la-formacion-emprendedores\/"},"wordCount":260,"commentCount":0,"image":{"@id":"https:\/\/www.copealcoy.es\/es\/alcoy-lanza-activa_agora-fomentar-la-formacion-emprendedores\/#primaryimage"},"thumbnailUrl":"https:\/\/www.copealcoy.es\/wp-content\/uploads\/2018\/02\/DVgfjnvW0AABEDC.jpg","keywords":["Activa_\u00c1gora","Alcoy","Emprendedores","Formaci\u00f3n","Jes\u00fas Casanova","Manolo Gomicia"],"articleSection":["Alcoy","Noticias","Pol\u00edtica y Econom\u00eda"],"inLanguage":"es"},{"@type":"WebPage","@id":"https:\/\/www.copealcoy.es\/es\/alcoy-lanza-activa_agora-fomentar-la-formacion-emprendedores\/","url":"https:\/\/www.copealcoy.es\/es\/alcoy-lanza-activa_agora-fomentar-la-formacion-emprendedores\/","name":"Alcoy lanza Activa_\u00c1gora para fomentar la formaci\u00f3n de emprendedores - COPE Alcoy","isPartOf":{"@id":"https:\/\/www.copealcoy.es\/es\/#website"},"primaryImageOfPage":{"@id":"https:\/\/www.copealcoy.es\/es\/alcoy-lanza-activa_agora-fomentar-la-formacion-emprendedores\/#primaryimage"},"image":{"@id":"https:\/\/www.copealcoy.es\/es\/alcoy-lanza-activa_agora-fomentar-la-formacion-emprendedores\/#primaryimage"},"thumbnailUrl":"https:\/\/www.copealcoy.es\/wp-content\/uploads\/2018\/02\/DVgfjnvW0AABEDC.jpg","datePublished":"2018-02-13T18:20:43+00:00","dateModified":"2018-02-13T18:22:34+00:00","author":{"@id":"https:\/\/www.copealcoy.es\/es\/#\/schema\/person\/e777c87fa024e57d40170af9df39882c"},"breadcrumb":{"@id":"https:\/\/www.copealcoy.es\/es\/alcoy-lanza-activa_agora-fomentar-la-formacion-emprendedores\/#breadcrumb"},"inLanguage":"es","potentialAction":[{"@type":"ReadAction","target":["https:\/\/www.copealcoy.es\/es\/alcoy-lanza-activa_agora-fomentar-la-formacion-emprendedores\/"]}]},{"@type":"ImageObject","inLanguage":"es","@id":"https:\/\/www.copealcoy.es\/es\/alcoy-lanza-activa_agora-fomentar-la-formacion-emprendedores\/#primaryimage","url":"https:\/\/www.copealcoy.es\/wp-content\/uploads\/2018\/02\/DVgfjnvW0AABEDC.jpg","contentUrl":"https:\/\/www.copealcoy.es\/wp-content\/uploads\/2018\/02\/DVgfjnvW0AABEDC.jpg","width":1200,"height":900},{"@type":"BreadcrumbList","@id":"https:\/\/www.copealcoy.es\/es\/alcoy-lanza-activa_agora-fomentar-la-formacion-emprendedores\/#breadcrumb","itemListElement":[{"@type":"ListItem","position":1,"name":"Portada","item":"https:\/\/www.copealcoy.es\/es\/"},{"@type":"ListItem","position":2,"name":"Alcoy lanza Activa_\u00c1gora para fomentar la formaci\u00f3n de emprendedores"}]},{"@type":"WebSite","@id":"https:\/\/www.copealcoy.es\/es\/#website","url":"https:\/\/www.copealcoy.es\/es\/","name":"COPE Alcoy","description":"Emisora COPE de radio local con emisi\u00f3n online. Pont de Sant Jordi 8-10 03803 Alcoy","potentialAction":[{"@type":"SearchAction","target":{"@type":"EntryPoint","urlTemplate":"https:\/\/www.copealcoy.es\/es\/?s={search_term_string}"},"query-input":{"@type":"PropertyValueSpecification","valueRequired":true,"valueName":"search_term_string"}}],"inLanguage":"es"},{"@type":"Person","@id":"https:\/\/www.copealcoy.es\/es\/#\/schema\/person\/e777c87fa024e57d40170af9df39882c","name":"Cope Alcoy","image":{"@type":"ImageObject","inLanguage":"es","@id":"https:\/\/secure.gravatar.com\/avatar\/bb65d0283347e303893ba14f0692005417c1e0e690a325a4c5d8bb2b3943ee14?s=96&d=mm&r=g","url":"https:\/\/secure.gravatar.com\/avatar\/bb65d0283347e303893ba14f0692005417c1e0e690a325a4c5d8bb2b3943ee14?s=96&d=mm&r=g","contentUrl":"https:\/\/secure.gravatar.com\/avatar\/bb65d0283347e303893ba14f0692005417c1e0e690a325a4c5d8bb2b3943ee14?s=96&d=mm&r=g","caption":"Cope Alcoy"}}]}},"_links":{"self":[{"href":"https:\/\/www.copealcoy.es\/es\/wp-json\/wp\/v2\/posts\/39227","targetHints":{"allow":["GET"]}}],"collection":[{"href":"https:\/\/www.copealcoy.es\/es\/wp-json\/wp\/v2\/posts"}],"about":[{"href":"https:\/\/www.copealcoy.es\/es\/wp-json\/wp\/v2\/types\/post"}],"author":[{"embeddable":true,"href":"https:\/\/www.copealcoy.es\/es\/wp-json\/wp\/v2\/users\/1"}],"replies":[{"embeddable":true,"href":"https:\/\/www.copealcoy.es\/es\/wp-json\/wp\/v2\/comments?post=39227"}],"version-history":[{"count":0,"href":"https:\/\/www.copealcoy.es\/es\/wp-json\/wp\/v2\/posts\/39227\/revisions"}],"wp:featuredmedia":[{"embeddable":true,"href":"https:\/\/www.copealcoy.es\/es\/wp-json\/wp\/v2\/media\/39228"}],"wp:attachment":[{"href":"https:\/\/www.copealcoy.es\/es\/wp-json\/wp\/v2\/media?parent=39227"}],"wp:term":[{"taxonomy":"category","embeddable":true,"href":"https:\/\/www.copealcoy.es\/es\/wp-json\/wp\/v2\/categories?post=39227"},{"taxonomy":"post_tag","embeddable":true,"href":"https:\/\/www.copealcoy.es\/es\/wp-json\/wp\/v2\/tags?post=39227"}],"curies":[{"name":"wp","href":"https:\/\/api.w.org\/{rel}","templated":true}]}}