{"id":39223,"date":"2018-02-13T15:30:04","date_gmt":"2018-02-13T15:30:04","guid":{"rendered":"http:\/\/copealcoi.es\/new\/?p=39223"},"modified":"2018-02-13T15:34:05","modified_gmt":"2018-02-13T15:34:05","slug":"alcoy-modificara-el-pgou-para-desarrollar-rodes-y-la-nueva-sede-de-aitex","status":"publish","type":"post","link":"https:\/\/www.copealcoy.es\/es\/alcoy-modificara-el-pgou-para-desarrollar-rodes-y-la-nueva-sede-de-aitex\/","title":{"rendered":"Alcoy modificar\u00e1 el PGOU para desarrollar Rodes y la nueva sede de AITEX"},"content":{"rendered":"<p style=\"text-align: justify;\">El <strong>Gobierno Municipal del PSOE<\/strong> llevar\u00e1 al pleno de este mes de febrero <strong>las modificaciones puntuales del Plan General de Ordenaci\u00f3n Urbana (PGOU)<\/strong> \u00a0para poder iniciar <strong>los proyectos<\/strong> del\u00a0Parque Tecnol\u00f3gico y Cultural de la Manzana de Rodes y la nueva sede de AITEX.<\/p>\n<p style=\"text-align: justify;\">Desde el Consistorio destacan que <strong>las evaluaciones ambientales y territoriales estrat\u00e9gicas ya han sido aprobadas<\/strong> por parte del Consell, con todos los informes necesarios, y ahora se llevar\u00e1 al Pleno <strong>la aprobaci\u00f3n de la modificaci\u00f3n puntual del PGOU<\/strong>. Si la propuesta <strong>sale adelante<\/strong>, y despu\u00e9s del <strong>periodo de exposici\u00f3n p\u00fablica de 45 d\u00edas<\/strong>, se podr\u00e1 iniciar <strong>la redacci\u00f3n de los dos proyectos<\/strong> y <strong>empezar las obras<\/strong>. Las modificaciones que se proponen son dos. En el caso de la <strong>Manzana de Rodes<\/strong>, el PGOU actual de 1989 calificaba este espacio como educativo y con el cambio <strong>pasar\u00e1 a ser suelo dotacional multifuncional<\/strong>. Por su parte para <strong>la nueva sede de AITEX<\/strong>, que se ubicar\u00e1 en el barrio de Batoy en una parcela de 12.000 m\u00b2, se realizar\u00e1 una modificaci\u00f3n con el fin de que <strong>el suelo pase de ser\u00a0residencial a terciario<\/strong>. Esto\u00a0permitir\u00e1 que el Instituto Tecnol\u00f3gico del Textil <strong>pueda contar con una instalaciones de 18.000 m\u00b2 perfectamente adaptadas a sus necesidades<\/strong>.<\/p>\n<p style=\"text-align: justify;\">El alcalde de Alcoy, <strong>Antonio Franc\u00e9s<\/strong>, resalta la importancia de que Alcoy <strong>cuente con estas dos nuevas infraestructuras<\/strong> &#8220;<em>la ciudad seguir\u00e1 siendo la capital de investigaci\u00f3n y desarrollo del sector textil mundial gracias a AITEX, con unas instalaciones que se adaptan perfectamente a las necesidades presentes y futuras de este instituto referente, Adem\u00e1s la recuperaci\u00f3n de la antigua &#8216;Fundici\u00f3n Rodes Hermanos&#8217;, edificio emblem\u00e1tico del patrimonio industrial alcoyano, supondr\u00e1 recuperar un vac\u00edo urbano degradado de 6000 m\u00b2 en el coraz\u00f3n de Santa Rosa, para crear un espacio de referencia para el desarrollo econ\u00f3mico no s\u00f3lo de Alcoy sino de la provincia de Alicante que, tambi\u00e9n nos permitir\u00e1 incrementar las dotaciones culturales<\/em> &#8220;, asegura.<\/p>\n<p style=\"text-align: justify;\">Las obras, que comenzar\u00e1n cuando finalice el anteriormente mencionado plazo de exposici\u00f3n p\u00fablica de la modificaci\u00f3n del PGOU, se centrar\u00e1n en<strong> la construcci\u00f3n del nuevo edificio de AITEX<\/strong> en los terrenos que ocupar\u00e1 la nueva sede mientras que en el caso de <strong>Rodes<\/strong> consistir\u00e1n en <strong>la consolidaci\u00f3n de la fachada y el interior<\/strong>; unas actuaciones estas \u00faltimas financiadas por la <strong>Diputaci\u00f3n de Alicante<\/strong>.<\/p>\n<p>&nbsp;<\/p>\n","protected":false},"excerpt":{"rendered":"<p>El Gobierno Municipal del PSOE llevar\u00e1 al pleno de este mes de febrero las modificaciones puntuales del Plan General de&#8230;<\/p>\n","protected":false},"author":1,"featured_media":23182,"comment_status":"open","ping_status":"open","sticky":false,"template":"","format":"standard","meta":{"footnotes":""},"categories":[97,75,125],"tags":[771,1494,1793,5222,5223,275,803],"class_list":["post-39223","post","type-post","status-publish","format-standard","has-post-thumbnail","hentry","category-alcoy","category-noticias","category-portada","tag-aitex","tag-alcoy","tag-antonio-frances","tag-moficacion","tag-nueva-sede","tag-pgou","tag-rodes"],"yoast_head":"<!-- This site is optimized with the Yoast SEO plugin v27.3 - https:\/\/yoast.com\/product\/yoast-seo-wordpress\/ -->\n<title>Alcoy modificar\u00e1 el PGOU para desarrollar Rodes y la nueva sede de AITEX - COPE Alcoy<\/title>\n<meta name=\"robots\" content=\"index, follow, max-snippet:-1, max-image-preview:large, max-video-preview:-1\" \/>\n<link rel=\"canonical\" href=\"https:\/\/www.copealcoy.es\/es\/alcoy-modificara-el-pgou-para-desarrollar-rodes-y-la-nueva-sede-de-aitex\/\" \/>\n<meta property=\"og:locale\" content=\"es_ES\" \/>\n<meta property=\"og:type\" content=\"article\" \/>\n<meta property=\"og:title\" content=\"Alcoy modificar\u00e1 el PGOU para desarrollar Rodes y la nueva sede de AITEX - COPE Alcoy\" \/>\n<meta property=\"og:description\" content=\"El Gobierno Municipal del PSOE llevar\u00e1 al pleno de este mes de febrero las modificaciones puntuales del Plan General de...\" \/>\n<meta property=\"og:url\" content=\"https:\/\/www.copealcoy.es\/es\/alcoy-modificara-el-pgou-para-desarrollar-rodes-y-la-nueva-sede-de-aitex\/\" \/>\n<meta property=\"og:site_name\" content=\"COPE Alcoy\" \/>\n<meta property=\"article:published_time\" content=\"2018-02-13T15:30:04+00:00\" \/>\n<meta property=\"article:modified_time\" content=\"2018-02-13T15:34:05+00:00\" \/>\n<meta property=\"og:image\" content=\"https:\/\/www.copealcoy.es\/wp-content\/uploads\/2016\/06\/ea94dc685df49050120a9929af835ef6.jpg\" \/>\n\t<meta property=\"og:image:width\" content=\"640\" \/>\n\t<meta property=\"og:image:height\" content=\"357\" \/>\n\t<meta property=\"og:image:type\" content=\"image\/jpeg\" \/>\n<meta name=\"author\" content=\"Cope Alcoy\" \/>\n<meta name=\"twitter:label1\" content=\"Escrito por\" \/>\n\t<meta name=\"twitter:data1\" content=\"Cope Alcoy\" \/>\n\t<meta name=\"twitter:label2\" content=\"Tiempo de lectura\" \/>\n\t<meta name=\"twitter:data2\" content=\"2 minutos\" \/>\n<script type=\"application\/ld+json\" class=\"yoast-schema-graph\">{\"@context\":\"https:\\\/\\\/schema.org\",\"@graph\":[{\"@type\":\"Article\",\"@id\":\"https:\\\/\\\/www.copealcoy.es\\\/es\\\/alcoy-modificara-el-pgou-para-desarrollar-rodes-y-la-nueva-sede-de-aitex\\\/#article\",\"isPartOf\":{\"@id\":\"https:\\\/\\\/www.copealcoy.es\\\/es\\\/alcoy-modificara-el-pgou-para-desarrollar-rodes-y-la-nueva-sede-de-aitex\\\/\"},\"author\":{\"name\":\"Cope Alcoy\",\"@id\":\"https:\\\/\\\/www.copealcoy.es\\\/es\\\/#\\\/schema\\\/person\\\/e777c87fa024e57d40170af9df39882c\"},\"headline\":\"Alcoy modificar\u00e1 el PGOU para desarrollar Rodes y la nueva sede de AITEX\",\"datePublished\":\"2018-02-13T15:30:04+00:00\",\"dateModified\":\"2018-02-13T15:34:05+00:00\",\"mainEntityOfPage\":{\"@id\":\"https:\\\/\\\/www.copealcoy.es\\\/es\\\/alcoy-modificara-el-pgou-para-desarrollar-rodes-y-la-nueva-sede-de-aitex\\\/\"},\"wordCount\":421,\"commentCount\":0,\"image\":{\"@id\":\"https:\\\/\\\/www.copealcoy.es\\\/es\\\/alcoy-modificara-el-pgou-para-desarrollar-rodes-y-la-nueva-sede-de-aitex\\\/#primaryimage\"},\"thumbnailUrl\":\"https:\\\/\\\/www.copealcoy.es\\\/wp-content\\\/uploads\\\/2016\\\/06\\\/ea94dc685df49050120a9929af835ef6.jpg\",\"keywords\":[\"Aitex\",\"Alcoy\",\"Antonio Franc\u00e9s\",\"moficaci\u00f3n\",\"nueva sede\",\"PGOU\",\"Rodes\"],\"articleSection\":[\"Alcoy\",\"Noticias\",\"Portada\"],\"inLanguage\":\"es\"},{\"@type\":\"WebPage\",\"@id\":\"https:\\\/\\\/www.copealcoy.es\\\/es\\\/alcoy-modificara-el-pgou-para-desarrollar-rodes-y-la-nueva-sede-de-aitex\\\/\",\"url\":\"https:\\\/\\\/www.copealcoy.es\\\/es\\\/alcoy-modificara-el-pgou-para-desarrollar-rodes-y-la-nueva-sede-de-aitex\\\/\",\"name\":\"Alcoy modificar\u00e1 el PGOU para desarrollar Rodes y la nueva sede de AITEX - COPE Alcoy\",\"isPartOf\":{\"@id\":\"https:\\\/\\\/www.copealcoy.es\\\/es\\\/#website\"},\"primaryImageOfPage\":{\"@id\":\"https:\\\/\\\/www.copealcoy.es\\\/es\\\/alcoy-modificara-el-pgou-para-desarrollar-rodes-y-la-nueva-sede-de-aitex\\\/#primaryimage\"},\"image\":{\"@id\":\"https:\\\/\\\/www.copealcoy.es\\\/es\\\/alcoy-modificara-el-pgou-para-desarrollar-rodes-y-la-nueva-sede-de-aitex\\\/#primaryimage\"},\"thumbnailUrl\":\"https:\\\/\\\/www.copealcoy.es\\\/wp-content\\\/uploads\\\/2016\\\/06\\\/ea94dc685df49050120a9929af835ef6.jpg\",\"datePublished\":\"2018-02-13T15:30:04+00:00\",\"dateModified\":\"2018-02-13T15:34:05+00:00\",\"author\":{\"@id\":\"https:\\\/\\\/www.copealcoy.es\\\/es\\\/#\\\/schema\\\/person\\\/e777c87fa024e57d40170af9df39882c\"},\"breadcrumb\":{\"@id\":\"https:\\\/\\\/www.copealcoy.es\\\/es\\\/alcoy-modificara-el-pgou-para-desarrollar-rodes-y-la-nueva-sede-de-aitex\\\/#breadcrumb\"},\"inLanguage\":\"es\",\"potentialAction\":[{\"@type\":\"ReadAction\",\"target\":[\"https:\\\/\\\/www.copealcoy.es\\\/es\\\/alcoy-modificara-el-pgou-para-desarrollar-rodes-y-la-nueva-sede-de-aitex\\\/\"]}]},{\"@type\":\"ImageObject\",\"inLanguage\":\"es\",\"@id\":\"https:\\\/\\\/www.copealcoy.es\\\/es\\\/alcoy-modificara-el-pgou-para-desarrollar-rodes-y-la-nueva-sede-de-aitex\\\/#primaryimage\",\"url\":\"https:\\\/\\\/www.copealcoy.es\\\/wp-content\\\/uploads\\\/2016\\\/06\\\/ea94dc685df49050120a9929af835ef6.jpg\",\"contentUrl\":\"https:\\\/\\\/www.copealcoy.es\\\/wp-content\\\/uploads\\\/2016\\\/06\\\/ea94dc685df49050120a9929af835ef6.jpg\",\"width\":640,\"height\":357,\"caption\":\"Detalle de la maqueta del proyecto de Rodes \\\/Foto: Ayuntamiento de Alcoy\"},{\"@type\":\"BreadcrumbList\",\"@id\":\"https:\\\/\\\/www.copealcoy.es\\\/es\\\/alcoy-modificara-el-pgou-para-desarrollar-rodes-y-la-nueva-sede-de-aitex\\\/#breadcrumb\",\"itemListElement\":[{\"@type\":\"ListItem\",\"position\":1,\"name\":\"Portada\",\"item\":\"https:\\\/\\\/www.copealcoy.es\\\/es\\\/\"},{\"@type\":\"ListItem\",\"position\":2,\"name\":\"Alcoy modificar\u00e1 el PGOU para desarrollar Rodes y la nueva sede de AITEX\"}]},{\"@type\":\"WebSite\",\"@id\":\"https:\\\/\\\/www.copealcoy.es\\\/es\\\/#website\",\"url\":\"https:\\\/\\\/www.copealcoy.es\\\/es\\\/\",\"name\":\"COPE Alcoy\",\"description\":\"Emisora COPE de radio local con emisi\u00f3n online. Pont de Sant Jordi 8-10 03803 Alcoy\",\"potentialAction\":[{\"@type\":\"SearchAction\",\"target\":{\"@type\":\"EntryPoint\",\"urlTemplate\":\"https:\\\/\\\/www.copealcoy.es\\\/es\\\/?s={search_term_string}\"},\"query-input\":{\"@type\":\"PropertyValueSpecification\",\"valueRequired\":true,\"valueName\":\"search_term_string\"}}],\"inLanguage\":\"es\"},{\"@type\":\"Person\",\"@id\":\"https:\\\/\\\/www.copealcoy.es\\\/es\\\/#\\\/schema\\\/person\\\/e777c87fa024e57d40170af9df39882c\",\"name\":\"Cope Alcoy\",\"image\":{\"@type\":\"ImageObject\",\"inLanguage\":\"es\",\"@id\":\"https:\\\/\\\/secure.gravatar.com\\\/avatar\\\/bb65d0283347e303893ba14f0692005417c1e0e690a325a4c5d8bb2b3943ee14?s=96&d=mm&r=g\",\"url\":\"https:\\\/\\\/secure.gravatar.com\\\/avatar\\\/bb65d0283347e303893ba14f0692005417c1e0e690a325a4c5d8bb2b3943ee14?s=96&d=mm&r=g\",\"contentUrl\":\"https:\\\/\\\/secure.gravatar.com\\\/avatar\\\/bb65d0283347e303893ba14f0692005417c1e0e690a325a4c5d8bb2b3943ee14?s=96&d=mm&r=g\",\"caption\":\"Cope Alcoy\"}}]}<\/script>\n<!-- \/ Yoast SEO plugin. -->","yoast_head_json":{"title":"Alcoy modificar\u00e1 el PGOU para desarrollar Rodes y la nueva sede de AITEX - COPE Alcoy","robots":{"index":"index","follow":"follow","max-snippet":"max-snippet:-1","max-image-preview":"max-image-preview:large","max-video-preview":"max-video-preview:-1"},"canonical":"https:\/\/www.copealcoy.es\/es\/alcoy-modificara-el-pgou-para-desarrollar-rodes-y-la-nueva-sede-de-aitex\/","og_locale":"es_ES","og_type":"article","og_title":"Alcoy modificar\u00e1 el PGOU para desarrollar Rodes y la nueva sede de AITEX - COPE Alcoy","og_description":"El Gobierno Municipal del PSOE llevar\u00e1 al pleno de este mes de febrero las modificaciones puntuales del Plan General de...","og_url":"https:\/\/www.copealcoy.es\/es\/alcoy-modificara-el-pgou-para-desarrollar-rodes-y-la-nueva-sede-de-aitex\/","og_site_name":"COPE Alcoy","article_published_time":"2018-02-13T15:30:04+00:00","article_modified_time":"2018-02-13T15:34:05+00:00","og_image":[{"width":640,"height":357,"url":"https:\/\/www.copealcoy.es\/wp-content\/uploads\/2016\/06\/ea94dc685df49050120a9929af835ef6.jpg","type":"image\/jpeg"}],"author":"Cope Alcoy","twitter_misc":{"Escrito por":"Cope Alcoy","Tiempo de lectura":"2 minutos"},"schema":{"@context":"https:\/\/schema.org","@graph":[{"@type":"Article","@id":"https:\/\/www.copealcoy.es\/es\/alcoy-modificara-el-pgou-para-desarrollar-rodes-y-la-nueva-sede-de-aitex\/#article","isPartOf":{"@id":"https:\/\/www.copealcoy.es\/es\/alcoy-modificara-el-pgou-para-desarrollar-rodes-y-la-nueva-sede-de-aitex\/"},"author":{"name":"Cope Alcoy","@id":"https:\/\/www.copealcoy.es\/es\/#\/schema\/person\/e777c87fa024e57d40170af9df39882c"},"headline":"Alcoy modificar\u00e1 el PGOU para desarrollar Rodes y la nueva sede de AITEX","datePublished":"2018-02-13T15:30:04+00:00","dateModified":"2018-02-13T15:34:05+00:00","mainEntityOfPage":{"@id":"https:\/\/www.copealcoy.es\/es\/alcoy-modificara-el-pgou-para-desarrollar-rodes-y-la-nueva-sede-de-aitex\/"},"wordCount":421,"commentCount":0,"image":{"@id":"https:\/\/www.copealcoy.es\/es\/alcoy-modificara-el-pgou-para-desarrollar-rodes-y-la-nueva-sede-de-aitex\/#primaryimage"},"thumbnailUrl":"https:\/\/www.copealcoy.es\/wp-content\/uploads\/2016\/06\/ea94dc685df49050120a9929af835ef6.jpg","keywords":["Aitex","Alcoy","Antonio Franc\u00e9s","moficaci\u00f3n","nueva sede","PGOU","Rodes"],"articleSection":["Alcoy","Noticias","Portada"],"inLanguage":"es"},{"@type":"WebPage","@id":"https:\/\/www.copealcoy.es\/es\/alcoy-modificara-el-pgou-para-desarrollar-rodes-y-la-nueva-sede-de-aitex\/","url":"https:\/\/www.copealcoy.es\/es\/alcoy-modificara-el-pgou-para-desarrollar-rodes-y-la-nueva-sede-de-aitex\/","name":"Alcoy modificar\u00e1 el PGOU para desarrollar Rodes y la nueva sede de AITEX - COPE Alcoy","isPartOf":{"@id":"https:\/\/www.copealcoy.es\/es\/#website"},"primaryImageOfPage":{"@id":"https:\/\/www.copealcoy.es\/es\/alcoy-modificara-el-pgou-para-desarrollar-rodes-y-la-nueva-sede-de-aitex\/#primaryimage"},"image":{"@id":"https:\/\/www.copealcoy.es\/es\/alcoy-modificara-el-pgou-para-desarrollar-rodes-y-la-nueva-sede-de-aitex\/#primaryimage"},"thumbnailUrl":"https:\/\/www.copealcoy.es\/wp-content\/uploads\/2016\/06\/ea94dc685df49050120a9929af835ef6.jpg","datePublished":"2018-02-13T15:30:04+00:00","dateModified":"2018-02-13T15:34:05+00:00","author":{"@id":"https:\/\/www.copealcoy.es\/es\/#\/schema\/person\/e777c87fa024e57d40170af9df39882c"},"breadcrumb":{"@id":"https:\/\/www.copealcoy.es\/es\/alcoy-modificara-el-pgou-para-desarrollar-rodes-y-la-nueva-sede-de-aitex\/#breadcrumb"},"inLanguage":"es","potentialAction":[{"@type":"ReadAction","target":["https:\/\/www.copealcoy.es\/es\/alcoy-modificara-el-pgou-para-desarrollar-rodes-y-la-nueva-sede-de-aitex\/"]}]},{"@type":"ImageObject","inLanguage":"es","@id":"https:\/\/www.copealcoy.es\/es\/alcoy-modificara-el-pgou-para-desarrollar-rodes-y-la-nueva-sede-de-aitex\/#primaryimage","url":"https:\/\/www.copealcoy.es\/wp-content\/uploads\/2016\/06\/ea94dc685df49050120a9929af835ef6.jpg","contentUrl":"https:\/\/www.copealcoy.es\/wp-content\/uploads\/2016\/06\/ea94dc685df49050120a9929af835ef6.jpg","width":640,"height":357,"caption":"Detalle de la maqueta del proyecto de Rodes \/Foto: Ayuntamiento de Alcoy"},{"@type":"BreadcrumbList","@id":"https:\/\/www.copealcoy.es\/es\/alcoy-modificara-el-pgou-para-desarrollar-rodes-y-la-nueva-sede-de-aitex\/#breadcrumb","itemListElement":[{"@type":"ListItem","position":1,"name":"Portada","item":"https:\/\/www.copealcoy.es\/es\/"},{"@type":"ListItem","position":2,"name":"Alcoy modificar\u00e1 el PGOU para desarrollar Rodes y la nueva sede de AITEX"}]},{"@type":"WebSite","@id":"https:\/\/www.copealcoy.es\/es\/#website","url":"https:\/\/www.copealcoy.es\/es\/","name":"COPE Alcoy","description":"Emisora COPE de radio local con emisi\u00f3n online. Pont de Sant Jordi 8-10 03803 Alcoy","potentialAction":[{"@type":"SearchAction","target":{"@type":"EntryPoint","urlTemplate":"https:\/\/www.copealcoy.es\/es\/?s={search_term_string}"},"query-input":{"@type":"PropertyValueSpecification","valueRequired":true,"valueName":"search_term_string"}}],"inLanguage":"es"},{"@type":"Person","@id":"https:\/\/www.copealcoy.es\/es\/#\/schema\/person\/e777c87fa024e57d40170af9df39882c","name":"Cope Alcoy","image":{"@type":"ImageObject","inLanguage":"es","@id":"https:\/\/secure.gravatar.com\/avatar\/bb65d0283347e303893ba14f0692005417c1e0e690a325a4c5d8bb2b3943ee14?s=96&d=mm&r=g","url":"https:\/\/secure.gravatar.com\/avatar\/bb65d0283347e303893ba14f0692005417c1e0e690a325a4c5d8bb2b3943ee14?s=96&d=mm&r=g","contentUrl":"https:\/\/secure.gravatar.com\/avatar\/bb65d0283347e303893ba14f0692005417c1e0e690a325a4c5d8bb2b3943ee14?s=96&d=mm&r=g","caption":"Cope Alcoy"}}]}},"_links":{"self":[{"href":"https:\/\/www.copealcoy.es\/es\/wp-json\/wp\/v2\/posts\/39223","targetHints":{"allow":["GET"]}}],"collection":[{"href":"https:\/\/www.copealcoy.es\/es\/wp-json\/wp\/v2\/posts"}],"about":[{"href":"https:\/\/www.copealcoy.es\/es\/wp-json\/wp\/v2\/types\/post"}],"author":[{"embeddable":true,"href":"https:\/\/www.copealcoy.es\/es\/wp-json\/wp\/v2\/users\/1"}],"replies":[{"embeddable":true,"href":"https:\/\/www.copealcoy.es\/es\/wp-json\/wp\/v2\/comments?post=39223"}],"version-history":[{"count":0,"href":"https:\/\/www.copealcoy.es\/es\/wp-json\/wp\/v2\/posts\/39223\/revisions"}],"wp:featuredmedia":[{"embeddable":true,"href":"https:\/\/www.copealcoy.es\/es\/wp-json\/wp\/v2\/media\/23182"}],"wp:attachment":[{"href":"https:\/\/www.copealcoy.es\/es\/wp-json\/wp\/v2\/media?parent=39223"}],"wp:term":[{"taxonomy":"category","embeddable":true,"href":"https:\/\/www.copealcoy.es\/es\/wp-json\/wp\/v2\/categories?post=39223"},{"taxonomy":"post_tag","embeddable":true,"href":"https:\/\/www.copealcoy.es\/es\/wp-json\/wp\/v2\/tags?post=39223"}],"curies":[{"name":"wp","href":"https:\/\/api.w.org\/{rel}","templated":true}]}}