{"id":39218,"date":"2018-02-13T15:14:29","date_gmt":"2018-02-13T15:14:29","guid":{"rendered":"http:\/\/copealcoi.es\/new\/?p=39218"},"modified":"2018-02-13T15:18:51","modified_gmt":"2018-02-13T15:18:51","slug":"el-pp-pone-sobre-la-mesa-condiciones-para-garantizar-la-mejora-del-centro-de-alcoy","status":"publish","type":"post","link":"https:\/\/www.copealcoy.es\/es\/el-pp-pone-sobre-la-mesa-condiciones-para-garantizar-la-mejora-del-centro-de-alcoy\/","title":{"rendered":"El PP pone sobre la mesa condiciones para garantizar la mejora del Centro de Alcoy"},"content":{"rendered":"<p style=\"text-align: justify;\">El <strong>Partido Popular de Alcoy<\/strong> aplaude la <strong>aprobaci\u00f3n del pacto<\/strong> para <strong>rehabilitar el Centro<\/strong> de la ciudad pero pone sobre la mesa, como <strong>condici\u00f3n<\/strong>, que <strong>el Ayuntamiento se comprometa a dedicar como m\u00ednimo 300.000 euros al a\u00f1o<\/strong> para desarrollar los diferentes proyectos previstos en esta estrategia.<\/p>\n<p style=\"text-align: justify;\">Los populares plantean que estos <strong>sean totalmente ejecutables<\/strong>\u00a0 para que esa cantidad <strong>se invierta de forma real y efectiva<\/strong>, y que <strong>sea la Mesa del Centro la que marque las prioridades<\/strong> sobre lo que ejecutar en cada anualidad &#8220;<em>hemos firmado el Pacto por la recuperaci\u00f3n del Centro Hist\u00f3rico porque creemos en la recuperaci\u00f3n de la zona, pero queremos que las medidas propuestas se cumplan y sirvan para alcanzar los objetivos establecidos<\/em>&#8220;, destaca la edil del PP, <strong>Amalia Pay\u00e0<\/strong>. La concejala indica que <strong>su partido colaborar\u00e1 con la Mesa del Centro<\/strong> para desarrollar todas las iniciativas necesarias de cara a recuperar la barriada y <strong>recuerda algunas de las propuestas lanzadas por el Partido Popular<\/strong> para este fin &#8220;<em>desde el PP hemos realizado propuestas para el centro como: la polic\u00eda de barrio y refuerzo de horas extra, el plan contra la ocupaci\u00f3n ilegal de viviendas,\u00a0propuestas de zonas de aparcamiento o medidas para minimizar el impacto visual negativo de algunas zonas. Pero la efectividad de los socialistas ha sido nula<\/em>&#8220;, afirma.<\/p>\n<p style=\"text-align: justify;\">Por \u00faltimo desde el PP instan a que <strong>se convoque una reuni\u00f3n especial para definir la planificaci\u00f3n anual<\/strong> de todos los proyectos a ejecutar y dejan claro que\u00a0<strong>vigilar\u00e1n de manera meticulosa<\/strong>, el estricto cumplimiento del pacto para la revitalizaci\u00f3n del Centro por parte del Gobierno Municipal socialista.<\/p>\n","protected":false},"excerpt":{"rendered":"<p>El Partido Popular de Alcoy aplaude la aprobaci\u00f3n del pacto para rehabilitar el Centro de la ciudad pero pone sobre&#8230;<\/p>\n","protected":false},"author":1,"featured_media":19818,"comment_status":"open","ping_status":"open","sticky":false,"template":"","format":"standard","meta":{"footnotes":""},"categories":[97,75,79],"tags":[1494,3212,295,5220,5221,448],"class_list":["post-39218","post","type-post","status-publish","format-standard","has-post-thumbnail","hentry","category-alcoy","category-noticias","category-politicayeconomia","tag-alcoy","tag-amalia-paya","tag-centro","tag-condiciones","tag-mejorar","tag-partido-popular"],"yoast_head":"<!-- This site is optimized with the Yoast SEO plugin v27.3 - https:\/\/yoast.com\/product\/yoast-seo-wordpress\/ -->\n<title>El PP pone sobre la mesa condiciones para garantizar la mejora del Centro de Alcoy - COPE Alcoy<\/title>\n<meta name=\"robots\" content=\"index, follow, max-snippet:-1, max-image-preview:large, max-video-preview:-1\" \/>\n<link rel=\"canonical\" href=\"https:\/\/www.copealcoy.es\/es\/el-pp-pone-sobre-la-mesa-condiciones-para-garantizar-la-mejora-del-centro-de-alcoy\/\" \/>\n<meta property=\"og:locale\" content=\"es_ES\" \/>\n<meta property=\"og:type\" content=\"article\" \/>\n<meta property=\"og:title\" content=\"El PP pone sobre la mesa condiciones para garantizar la mejora del Centro de Alcoy - COPE Alcoy\" \/>\n<meta property=\"og:description\" content=\"El Partido Popular de Alcoy aplaude la aprobaci\u00f3n del pacto para rehabilitar el Centro de la ciudad pero pone sobre...\" \/>\n<meta property=\"og:url\" content=\"https:\/\/www.copealcoy.es\/es\/el-pp-pone-sobre-la-mesa-condiciones-para-garantizar-la-mejora-del-centro-de-alcoy\/\" \/>\n<meta property=\"og:site_name\" content=\"COPE Alcoy\" \/>\n<meta property=\"article:published_time\" content=\"2018-02-13T15:14:29+00:00\" \/>\n<meta property=\"article:modified_time\" content=\"2018-02-13T15:18:51+00:00\" \/>\n<meta property=\"og:image\" content=\"https:\/\/www.copealcoy.es\/wp-content\/uploads\/2016\/03\/12570829_10208754505960684_1937777417_n.jpg\" \/>\n\t<meta property=\"og:image:width\" content=\"960\" \/>\n\t<meta property=\"og:image:height\" content=\"719\" \/>\n\t<meta property=\"og:image:type\" content=\"image\/jpeg\" \/>\n<meta name=\"author\" content=\"Cope Alcoy\" \/>\n<meta name=\"twitter:label1\" content=\"Escrito por\" \/>\n\t<meta name=\"twitter:data1\" content=\"Cope Alcoy\" \/>\n\t<meta name=\"twitter:label2\" content=\"Tiempo de lectura\" \/>\n\t<meta name=\"twitter:data2\" content=\"1 minuto\" \/>\n<script type=\"application\/ld+json\" class=\"yoast-schema-graph\">{\"@context\":\"https:\\\/\\\/schema.org\",\"@graph\":[{\"@type\":\"Article\",\"@id\":\"https:\\\/\\\/www.copealcoy.es\\\/es\\\/el-pp-pone-sobre-la-mesa-condiciones-para-garantizar-la-mejora-del-centro-de-alcoy\\\/#article\",\"isPartOf\":{\"@id\":\"https:\\\/\\\/www.copealcoy.es\\\/es\\\/el-pp-pone-sobre-la-mesa-condiciones-para-garantizar-la-mejora-del-centro-de-alcoy\\\/\"},\"author\":{\"name\":\"Cope Alcoy\",\"@id\":\"https:\\\/\\\/www.copealcoy.es\\\/es\\\/#\\\/schema\\\/person\\\/e777c87fa024e57d40170af9df39882c\"},\"headline\":\"El PP pone sobre la mesa condiciones para garantizar la mejora del Centro de Alcoy\",\"datePublished\":\"2018-02-13T15:14:29+00:00\",\"dateModified\":\"2018-02-13T15:18:51+00:00\",\"mainEntityOfPage\":{\"@id\":\"https:\\\/\\\/www.copealcoy.es\\\/es\\\/el-pp-pone-sobre-la-mesa-condiciones-para-garantizar-la-mejora-del-centro-de-alcoy\\\/\"},\"wordCount\":290,\"commentCount\":0,\"image\":{\"@id\":\"https:\\\/\\\/www.copealcoy.es\\\/es\\\/el-pp-pone-sobre-la-mesa-condiciones-para-garantizar-la-mejora-del-centro-de-alcoy\\\/#primaryimage\"},\"thumbnailUrl\":\"https:\\\/\\\/www.copealcoy.es\\\/wp-content\\\/uploads\\\/2016\\\/03\\\/12570829_10208754505960684_1937777417_n.jpg\",\"keywords\":[\"Alcoy\",\"Amalia Pay\u00e0\",\"Centro\",\"condiciones\",\"mejorar\",\"Partido Popular\"],\"articleSection\":[\"Alcoy\",\"Noticias\",\"Pol\u00edtica y Econom\u00eda\"],\"inLanguage\":\"es\"},{\"@type\":\"WebPage\",\"@id\":\"https:\\\/\\\/www.copealcoy.es\\\/es\\\/el-pp-pone-sobre-la-mesa-condiciones-para-garantizar-la-mejora-del-centro-de-alcoy\\\/\",\"url\":\"https:\\\/\\\/www.copealcoy.es\\\/es\\\/el-pp-pone-sobre-la-mesa-condiciones-para-garantizar-la-mejora-del-centro-de-alcoy\\\/\",\"name\":\"El PP pone sobre la mesa condiciones para garantizar la mejora del Centro de Alcoy - COPE Alcoy\",\"isPartOf\":{\"@id\":\"https:\\\/\\\/www.copealcoy.es\\\/es\\\/#website\"},\"primaryImageOfPage\":{\"@id\":\"https:\\\/\\\/www.copealcoy.es\\\/es\\\/el-pp-pone-sobre-la-mesa-condiciones-para-garantizar-la-mejora-del-centro-de-alcoy\\\/#primaryimage\"},\"image\":{\"@id\":\"https:\\\/\\\/www.copealcoy.es\\\/es\\\/el-pp-pone-sobre-la-mesa-condiciones-para-garantizar-la-mejora-del-centro-de-alcoy\\\/#primaryimage\"},\"thumbnailUrl\":\"https:\\\/\\\/www.copealcoy.es\\\/wp-content\\\/uploads\\\/2016\\\/03\\\/12570829_10208754505960684_1937777417_n.jpg\",\"datePublished\":\"2018-02-13T15:14:29+00:00\",\"dateModified\":\"2018-02-13T15:18:51+00:00\",\"author\":{\"@id\":\"https:\\\/\\\/www.copealcoy.es\\\/es\\\/#\\\/schema\\\/person\\\/e777c87fa024e57d40170af9df39882c\"},\"breadcrumb\":{\"@id\":\"https:\\\/\\\/www.copealcoy.es\\\/es\\\/el-pp-pone-sobre-la-mesa-condiciones-para-garantizar-la-mejora-del-centro-de-alcoy\\\/#breadcrumb\"},\"inLanguage\":\"es\",\"potentialAction\":[{\"@type\":\"ReadAction\",\"target\":[\"https:\\\/\\\/www.copealcoy.es\\\/es\\\/el-pp-pone-sobre-la-mesa-condiciones-para-garantizar-la-mejora-del-centro-de-alcoy\\\/\"]}]},{\"@type\":\"ImageObject\",\"inLanguage\":\"es\",\"@id\":\"https:\\\/\\\/www.copealcoy.es\\\/es\\\/el-pp-pone-sobre-la-mesa-condiciones-para-garantizar-la-mejora-del-centro-de-alcoy\\\/#primaryimage\",\"url\":\"https:\\\/\\\/www.copealcoy.es\\\/wp-content\\\/uploads\\\/2016\\\/03\\\/12570829_10208754505960684_1937777417_n.jpg\",\"contentUrl\":\"https:\\\/\\\/www.copealcoy.es\\\/wp-content\\\/uploads\\\/2016\\\/03\\\/12570829_10208754505960684_1937777417_n.jpg\",\"width\":960,\"height\":719,\"caption\":\"Calle San Francisco en el Centro de Alcoy \\\/ Foto: G. Pascual\"},{\"@type\":\"BreadcrumbList\",\"@id\":\"https:\\\/\\\/www.copealcoy.es\\\/es\\\/el-pp-pone-sobre-la-mesa-condiciones-para-garantizar-la-mejora-del-centro-de-alcoy\\\/#breadcrumb\",\"itemListElement\":[{\"@type\":\"ListItem\",\"position\":1,\"name\":\"Portada\",\"item\":\"https:\\\/\\\/www.copealcoy.es\\\/es\\\/\"},{\"@type\":\"ListItem\",\"position\":2,\"name\":\"El PP pone sobre la mesa condiciones para garantizar la mejora del Centro de Alcoy\"}]},{\"@type\":\"WebSite\",\"@id\":\"https:\\\/\\\/www.copealcoy.es\\\/es\\\/#website\",\"url\":\"https:\\\/\\\/www.copealcoy.es\\\/es\\\/\",\"name\":\"COPE Alcoy\",\"description\":\"Emisora COPE de radio local con emisi\u00f3n online. Pont de Sant Jordi 8-10 03803 Alcoy\",\"potentialAction\":[{\"@type\":\"SearchAction\",\"target\":{\"@type\":\"EntryPoint\",\"urlTemplate\":\"https:\\\/\\\/www.copealcoy.es\\\/es\\\/?s={search_term_string}\"},\"query-input\":{\"@type\":\"PropertyValueSpecification\",\"valueRequired\":true,\"valueName\":\"search_term_string\"}}],\"inLanguage\":\"es\"},{\"@type\":\"Person\",\"@id\":\"https:\\\/\\\/www.copealcoy.es\\\/es\\\/#\\\/schema\\\/person\\\/e777c87fa024e57d40170af9df39882c\",\"name\":\"Cope Alcoy\",\"image\":{\"@type\":\"ImageObject\",\"inLanguage\":\"es\",\"@id\":\"https:\\\/\\\/secure.gravatar.com\\\/avatar\\\/bb65d0283347e303893ba14f0692005417c1e0e690a325a4c5d8bb2b3943ee14?s=96&d=mm&r=g\",\"url\":\"https:\\\/\\\/secure.gravatar.com\\\/avatar\\\/bb65d0283347e303893ba14f0692005417c1e0e690a325a4c5d8bb2b3943ee14?s=96&d=mm&r=g\",\"contentUrl\":\"https:\\\/\\\/secure.gravatar.com\\\/avatar\\\/bb65d0283347e303893ba14f0692005417c1e0e690a325a4c5d8bb2b3943ee14?s=96&d=mm&r=g\",\"caption\":\"Cope Alcoy\"}}]}<\/script>\n<!-- \/ Yoast SEO plugin. -->","yoast_head_json":{"title":"El PP pone sobre la mesa condiciones para garantizar la mejora del Centro de Alcoy - COPE Alcoy","robots":{"index":"index","follow":"follow","max-snippet":"max-snippet:-1","max-image-preview":"max-image-preview:large","max-video-preview":"max-video-preview:-1"},"canonical":"https:\/\/www.copealcoy.es\/es\/el-pp-pone-sobre-la-mesa-condiciones-para-garantizar-la-mejora-del-centro-de-alcoy\/","og_locale":"es_ES","og_type":"article","og_title":"El PP pone sobre la mesa condiciones para garantizar la mejora del Centro de Alcoy - COPE Alcoy","og_description":"El Partido Popular de Alcoy aplaude la aprobaci\u00f3n del pacto para rehabilitar el Centro de la ciudad pero pone sobre...","og_url":"https:\/\/www.copealcoy.es\/es\/el-pp-pone-sobre-la-mesa-condiciones-para-garantizar-la-mejora-del-centro-de-alcoy\/","og_site_name":"COPE Alcoy","article_published_time":"2018-02-13T15:14:29+00:00","article_modified_time":"2018-02-13T15:18:51+00:00","og_image":[{"width":960,"height":719,"url":"https:\/\/www.copealcoy.es\/wp-content\/uploads\/2016\/03\/12570829_10208754505960684_1937777417_n.jpg","type":"image\/jpeg"}],"author":"Cope Alcoy","twitter_misc":{"Escrito por":"Cope Alcoy","Tiempo de lectura":"1 minuto"},"schema":{"@context":"https:\/\/schema.org","@graph":[{"@type":"Article","@id":"https:\/\/www.copealcoy.es\/es\/el-pp-pone-sobre-la-mesa-condiciones-para-garantizar-la-mejora-del-centro-de-alcoy\/#article","isPartOf":{"@id":"https:\/\/www.copealcoy.es\/es\/el-pp-pone-sobre-la-mesa-condiciones-para-garantizar-la-mejora-del-centro-de-alcoy\/"},"author":{"name":"Cope Alcoy","@id":"https:\/\/www.copealcoy.es\/es\/#\/schema\/person\/e777c87fa024e57d40170af9df39882c"},"headline":"El PP pone sobre la mesa condiciones para garantizar la mejora del Centro de Alcoy","datePublished":"2018-02-13T15:14:29+00:00","dateModified":"2018-02-13T15:18:51+00:00","mainEntityOfPage":{"@id":"https:\/\/www.copealcoy.es\/es\/el-pp-pone-sobre-la-mesa-condiciones-para-garantizar-la-mejora-del-centro-de-alcoy\/"},"wordCount":290,"commentCount":0,"image":{"@id":"https:\/\/www.copealcoy.es\/es\/el-pp-pone-sobre-la-mesa-condiciones-para-garantizar-la-mejora-del-centro-de-alcoy\/#primaryimage"},"thumbnailUrl":"https:\/\/www.copealcoy.es\/wp-content\/uploads\/2016\/03\/12570829_10208754505960684_1937777417_n.jpg","keywords":["Alcoy","Amalia Pay\u00e0","Centro","condiciones","mejorar","Partido Popular"],"articleSection":["Alcoy","Noticias","Pol\u00edtica y Econom\u00eda"],"inLanguage":"es"},{"@type":"WebPage","@id":"https:\/\/www.copealcoy.es\/es\/el-pp-pone-sobre-la-mesa-condiciones-para-garantizar-la-mejora-del-centro-de-alcoy\/","url":"https:\/\/www.copealcoy.es\/es\/el-pp-pone-sobre-la-mesa-condiciones-para-garantizar-la-mejora-del-centro-de-alcoy\/","name":"El PP pone sobre la mesa condiciones para garantizar la mejora del Centro de Alcoy - COPE Alcoy","isPartOf":{"@id":"https:\/\/www.copealcoy.es\/es\/#website"},"primaryImageOfPage":{"@id":"https:\/\/www.copealcoy.es\/es\/el-pp-pone-sobre-la-mesa-condiciones-para-garantizar-la-mejora-del-centro-de-alcoy\/#primaryimage"},"image":{"@id":"https:\/\/www.copealcoy.es\/es\/el-pp-pone-sobre-la-mesa-condiciones-para-garantizar-la-mejora-del-centro-de-alcoy\/#primaryimage"},"thumbnailUrl":"https:\/\/www.copealcoy.es\/wp-content\/uploads\/2016\/03\/12570829_10208754505960684_1937777417_n.jpg","datePublished":"2018-02-13T15:14:29+00:00","dateModified":"2018-02-13T15:18:51+00:00","author":{"@id":"https:\/\/www.copealcoy.es\/es\/#\/schema\/person\/e777c87fa024e57d40170af9df39882c"},"breadcrumb":{"@id":"https:\/\/www.copealcoy.es\/es\/el-pp-pone-sobre-la-mesa-condiciones-para-garantizar-la-mejora-del-centro-de-alcoy\/#breadcrumb"},"inLanguage":"es","potentialAction":[{"@type":"ReadAction","target":["https:\/\/www.copealcoy.es\/es\/el-pp-pone-sobre-la-mesa-condiciones-para-garantizar-la-mejora-del-centro-de-alcoy\/"]}]},{"@type":"ImageObject","inLanguage":"es","@id":"https:\/\/www.copealcoy.es\/es\/el-pp-pone-sobre-la-mesa-condiciones-para-garantizar-la-mejora-del-centro-de-alcoy\/#primaryimage","url":"https:\/\/www.copealcoy.es\/wp-content\/uploads\/2016\/03\/12570829_10208754505960684_1937777417_n.jpg","contentUrl":"https:\/\/www.copealcoy.es\/wp-content\/uploads\/2016\/03\/12570829_10208754505960684_1937777417_n.jpg","width":960,"height":719,"caption":"Calle San Francisco en el Centro de Alcoy \/ Foto: G. Pascual"},{"@type":"BreadcrumbList","@id":"https:\/\/www.copealcoy.es\/es\/el-pp-pone-sobre-la-mesa-condiciones-para-garantizar-la-mejora-del-centro-de-alcoy\/#breadcrumb","itemListElement":[{"@type":"ListItem","position":1,"name":"Portada","item":"https:\/\/www.copealcoy.es\/es\/"},{"@type":"ListItem","position":2,"name":"El PP pone sobre la mesa condiciones para garantizar la mejora del Centro de Alcoy"}]},{"@type":"WebSite","@id":"https:\/\/www.copealcoy.es\/es\/#website","url":"https:\/\/www.copealcoy.es\/es\/","name":"COPE Alcoy","description":"Emisora COPE de radio local con emisi\u00f3n online. Pont de Sant Jordi 8-10 03803 Alcoy","potentialAction":[{"@type":"SearchAction","target":{"@type":"EntryPoint","urlTemplate":"https:\/\/www.copealcoy.es\/es\/?s={search_term_string}"},"query-input":{"@type":"PropertyValueSpecification","valueRequired":true,"valueName":"search_term_string"}}],"inLanguage":"es"},{"@type":"Person","@id":"https:\/\/www.copealcoy.es\/es\/#\/schema\/person\/e777c87fa024e57d40170af9df39882c","name":"Cope Alcoy","image":{"@type":"ImageObject","inLanguage":"es","@id":"https:\/\/secure.gravatar.com\/avatar\/bb65d0283347e303893ba14f0692005417c1e0e690a325a4c5d8bb2b3943ee14?s=96&d=mm&r=g","url":"https:\/\/secure.gravatar.com\/avatar\/bb65d0283347e303893ba14f0692005417c1e0e690a325a4c5d8bb2b3943ee14?s=96&d=mm&r=g","contentUrl":"https:\/\/secure.gravatar.com\/avatar\/bb65d0283347e303893ba14f0692005417c1e0e690a325a4c5d8bb2b3943ee14?s=96&d=mm&r=g","caption":"Cope Alcoy"}}]}},"_links":{"self":[{"href":"https:\/\/www.copealcoy.es\/es\/wp-json\/wp\/v2\/posts\/39218","targetHints":{"allow":["GET"]}}],"collection":[{"href":"https:\/\/www.copealcoy.es\/es\/wp-json\/wp\/v2\/posts"}],"about":[{"href":"https:\/\/www.copealcoy.es\/es\/wp-json\/wp\/v2\/types\/post"}],"author":[{"embeddable":true,"href":"https:\/\/www.copealcoy.es\/es\/wp-json\/wp\/v2\/users\/1"}],"replies":[{"embeddable":true,"href":"https:\/\/www.copealcoy.es\/es\/wp-json\/wp\/v2\/comments?post=39218"}],"version-history":[{"count":0,"href":"https:\/\/www.copealcoy.es\/es\/wp-json\/wp\/v2\/posts\/39218\/revisions"}],"wp:featuredmedia":[{"embeddable":true,"href":"https:\/\/www.copealcoy.es\/es\/wp-json\/wp\/v2\/media\/19818"}],"wp:attachment":[{"href":"https:\/\/www.copealcoy.es\/es\/wp-json\/wp\/v2\/media?parent=39218"}],"wp:term":[{"taxonomy":"category","embeddable":true,"href":"https:\/\/www.copealcoy.es\/es\/wp-json\/wp\/v2\/categories?post=39218"},{"taxonomy":"post_tag","embeddable":true,"href":"https:\/\/www.copealcoy.es\/es\/wp-json\/wp\/v2\/tags?post=39218"}],"curies":[{"name":"wp","href":"https:\/\/api.w.org\/{rel}","templated":true}]}}