{"id":39143,"date":"2018-02-10T13:51:32","date_gmt":"2018-02-10T13:51:32","guid":{"rendered":"http:\/\/copealcoi.es\/new\/?p=39143"},"modified":"2018-02-10T13:58:04","modified_gmt":"2018-02-10T13:58:04","slug":"los-servicios-de-emergencia-se-dan-a-conocer-en-alcoy","status":"publish","type":"post","link":"https:\/\/www.copealcoy.es\/es\/los-servicios-de-emergencia-se-dan-a-conocer-en-alcoy\/","title":{"rendered":"Los Servicios de Emergencia se dan a conocer en Alcoy"},"content":{"rendered":"<p style=\"text-align: justify;\">Alcoy siendo escenario este s\u00e1bado de\u00a0<strong>la edici\u00f3n n\u00famero 17 de las Jornadas Auton\u00f3micas de Emergencias<\/strong> con numerosas actividades que se est\u00e1n llevando a cabo desde primera hora de la ma\u00f1ana <strong>en la Avenida de Andaluc\u00eda<\/strong> as\u00ed como en las calles adyacentes.<\/p>\n<p style=\"text-align: justify;\">Numerosas personas <strong>han pasado por el barrio de la Zona Norte<\/strong> para conocer de cerca <strong>c\u00f3mo trabajan los diferentes servicios de emergencias de la Comunidad Valenciana<\/strong> al mismo tiempo que han obtenido informaci\u00f3n sobre la labor que desempe\u00f1an a diario. Adem\u00e1s <strong>se han expuesto veh\u00edculos<\/strong>, que han podido ser visitados por dentro, e incluso se han realizado \u00a0<strong>exhibiciones<\/strong> a cargo de los perros que participan en grupos de rescate. Estas jornadas han contado con <strong>la participaci\u00f3n de cuerpos y fuerzas de seguridad<\/strong> como la Polic\u00eda Local de Alcoy, la Polic\u00eda Nacional, la Auton\u00f3mica, la Militar y la Guardia Civil. Tambi\u00e9n se han dado cita los Bomberos, la Unidad Militar de Emergencias, la Cruz Roja, Protecci\u00f3n Civil o ACIF y <strong>se han mostrado<\/strong> los interiores de las ambulancias de Servicio Vital B\u00e1sico.<\/p>\n<p style=\"text-align: justify;\">El Presidente de la Generalitat, <strong>Ximo Puig<\/strong>, ha acudido tambi\u00e9n a Alcoy esta ma\u00f1ana y ha podido <strong>intercambiar impresiones<\/strong> con todos los representantes de los efectivos y entidades presentes en esta particular Feria de la Seguridad y las Emergencias. Adem\u00e1s el Jefe del Consell <strong>ha agradecido la implicaci\u00f3n del Ayuntamiento<\/strong> en la organizaci\u00f3n de este evento y ha hecho referencia a <strong>la suma de esfuerzos que hacen todos los profesionales y colectivos<\/strong> &#8220;<em>para conseguir que tengamos un pa\u00eds seguro. Desde la Generalitat vamos a seguir trabajando para avanzar y mejorar la respuesta a las emergencias con el fin de minimizar al m\u00e1ximo cualquier posible situaci\u00f3n que pueda darse<\/em>&#8220;, coment\u00f3 Puig. De igual forma el alcalde, <strong>Antonio Franc\u00e9s<\/strong>, ha calificado de <strong>\u00e9xito<\/strong> el desarrollo de estas jornadas &#8220;<em>han pasado miles de personas de Alcoy y nuestras comarcas por aqu\u00ed para conocer de cerca poner en valor los recursos que tenemos y agradecer a los profesionales que trabajan cada d\u00eda el esfuerzo para hacer que nuestra Comunidad Valenciana es m\u00e1s segura y garantizar que ante cualquier emergencia hay una respuesta r\u00e1pida y eficaz<\/em>&#8220;, detall\u00f3.<\/p>\n<p style=\"text-align: justify;\">Recordar que la jornada de hoy <strong>estuvo precedida de numerosas iniciativas dirigidas a los escolares<\/strong> que tuvieron lugar ayer viernes y entre las que destac\u00f3 <a href=\"https:\/\/www.copealcoy.es\/los-escolares-de-alcoy-conocen-los-servicios-de-emergencias-y-seguridad\/\"><span style=\"color: #0000ff;\"><strong>un simulacro de incendio<\/strong> <\/span><\/a>en el edificio de la Plaza Al -Azraq que ocupaban antes los juzgados.<\/p>\n<p>&nbsp;<\/p>\n<p>&nbsp;<\/p>\n<p>&nbsp;<\/p>\n<p style=\"text-align: justify;\">\n","protected":false},"excerpt":{"rendered":"<p>Alcoy siendo escenario este s\u00e1bado de\u00a0la edici\u00f3n n\u00famero 17 de las Jornadas Auton\u00f3micas de Emergencias con numerosas actividades que se&#8230;<\/p>\n","protected":false},"author":1,"featured_media":39144,"comment_status":"open","ping_status":"open","sticky":false,"template":"","format":"standard","meta":{"footnotes":""},"categories":[97,75,125],"tags":[1494,1120,5218,681,1728,2283],"class_list":["post-39143","post","type-post","status-publish","format-standard","has-post-thumbnail","hentry","category-alcoy","category-noticias","category-portada","tag-alcoy","tag-feria","tag-servicios-de-eemergencia","tag-toni-frances","tag-ximo-puig","tag-zona-norte"],"yoast_head":"<!-- This site is optimized with the Yoast SEO plugin v27.3 - https:\/\/yoast.com\/product\/yoast-seo-wordpress\/ -->\n<title>Los Servicios de Emergencia se dan a conocer en Alcoy - COPE Alcoy<\/title>\n<meta name=\"robots\" content=\"index, follow, max-snippet:-1, max-image-preview:large, max-video-preview:-1\" \/>\n<link rel=\"canonical\" href=\"https:\/\/www.copealcoy.es\/es\/los-servicios-de-emergencia-se-dan-a-conocer-en-alcoy\/\" \/>\n<meta property=\"og:locale\" content=\"es_ES\" \/>\n<meta property=\"og:type\" content=\"article\" \/>\n<meta property=\"og:title\" content=\"Los Servicios de Emergencia se dan a conocer en Alcoy - COPE Alcoy\" \/>\n<meta property=\"og:description\" content=\"Alcoy siendo escenario este s\u00e1bado de\u00a0la edici\u00f3n n\u00famero 17 de las Jornadas Auton\u00f3micas de Emergencias con numerosas actividades que se...\" \/>\n<meta property=\"og:url\" content=\"https:\/\/www.copealcoy.es\/es\/los-servicios-de-emergencia-se-dan-a-conocer-en-alcoy\/\" \/>\n<meta property=\"og:site_name\" content=\"COPE Alcoy\" \/>\n<meta property=\"article:published_time\" content=\"2018-02-10T13:51:32+00:00\" \/>\n<meta property=\"article:modified_time\" content=\"2018-02-10T13:58:04+00:00\" \/>\n<meta property=\"og:image\" content=\"https:\/\/www.copealcoy.es\/wp-content\/uploads\/2018\/02\/27657107_1274095746067241_291120324328789004_n-e1518269376567.jpg\" \/>\n\t<meta property=\"og:image:width\" content=\"960\" \/>\n\t<meta property=\"og:image:height\" content=\"564\" \/>\n\t<meta property=\"og:image:type\" content=\"image\/jpeg\" \/>\n<meta name=\"author\" content=\"Cope Alcoy\" \/>\n<meta name=\"twitter:label1\" content=\"Escrito por\" \/>\n\t<meta name=\"twitter:data1\" content=\"Cope Alcoy\" \/>\n\t<meta name=\"twitter:label2\" content=\"Tiempo de lectura\" \/>\n\t<meta name=\"twitter:data2\" content=\"2 minutos\" \/>\n<script type=\"application\/ld+json\" class=\"yoast-schema-graph\">{\"@context\":\"https:\\\/\\\/schema.org\",\"@graph\":[{\"@type\":\"Article\",\"@id\":\"https:\\\/\\\/www.copealcoy.es\\\/es\\\/los-servicios-de-emergencia-se-dan-a-conocer-en-alcoy\\\/#article\",\"isPartOf\":{\"@id\":\"https:\\\/\\\/www.copealcoy.es\\\/es\\\/los-servicios-de-emergencia-se-dan-a-conocer-en-alcoy\\\/\"},\"author\":{\"name\":\"Cope Alcoy\",\"@id\":\"https:\\\/\\\/www.copealcoy.es\\\/es\\\/#\\\/schema\\\/person\\\/e777c87fa024e57d40170af9df39882c\"},\"headline\":\"Los Servicios de Emergencia se dan a conocer en Alcoy\",\"datePublished\":\"2018-02-10T13:51:32+00:00\",\"dateModified\":\"2018-02-10T13:58:04+00:00\",\"mainEntityOfPage\":{\"@id\":\"https:\\\/\\\/www.copealcoy.es\\\/es\\\/los-servicios-de-emergencia-se-dan-a-conocer-en-alcoy\\\/\"},\"wordCount\":440,\"commentCount\":0,\"image\":{\"@id\":\"https:\\\/\\\/www.copealcoy.es\\\/es\\\/los-servicios-de-emergencia-se-dan-a-conocer-en-alcoy\\\/#primaryimage\"},\"thumbnailUrl\":\"https:\\\/\\\/www.copealcoy.es\\\/wp-content\\\/uploads\\\/2018\\\/02\\\/27657107_1274095746067241_291120324328789004_n-e1518269376567.jpg\",\"keywords\":[\"Alcoy\",\"Feria\",\"Servicios de Eemergencia\",\"Toni Franc\u00e9s\",\"Ximo Puig\",\"Zona Norte\"],\"articleSection\":[\"Alcoy\",\"Noticias\",\"Portada\"],\"inLanguage\":\"es\"},{\"@type\":\"WebPage\",\"@id\":\"https:\\\/\\\/www.copealcoy.es\\\/es\\\/los-servicios-de-emergencia-se-dan-a-conocer-en-alcoy\\\/\",\"url\":\"https:\\\/\\\/www.copealcoy.es\\\/es\\\/los-servicios-de-emergencia-se-dan-a-conocer-en-alcoy\\\/\",\"name\":\"Los Servicios de Emergencia se dan a conocer en Alcoy - COPE Alcoy\",\"isPartOf\":{\"@id\":\"https:\\\/\\\/www.copealcoy.es\\\/es\\\/#website\"},\"primaryImageOfPage\":{\"@id\":\"https:\\\/\\\/www.copealcoy.es\\\/es\\\/los-servicios-de-emergencia-se-dan-a-conocer-en-alcoy\\\/#primaryimage\"},\"image\":{\"@id\":\"https:\\\/\\\/www.copealcoy.es\\\/es\\\/los-servicios-de-emergencia-se-dan-a-conocer-en-alcoy\\\/#primaryimage\"},\"thumbnailUrl\":\"https:\\\/\\\/www.copealcoy.es\\\/wp-content\\\/uploads\\\/2018\\\/02\\\/27657107_1274095746067241_291120324328789004_n-e1518269376567.jpg\",\"datePublished\":\"2018-02-10T13:51:32+00:00\",\"dateModified\":\"2018-02-10T13:58:04+00:00\",\"author\":{\"@id\":\"https:\\\/\\\/www.copealcoy.es\\\/es\\\/#\\\/schema\\\/person\\\/e777c87fa024e57d40170af9df39882c\"},\"breadcrumb\":{\"@id\":\"https:\\\/\\\/www.copealcoy.es\\\/es\\\/los-servicios-de-emergencia-se-dan-a-conocer-en-alcoy\\\/#breadcrumb\"},\"inLanguage\":\"es\",\"potentialAction\":[{\"@type\":\"ReadAction\",\"target\":[\"https:\\\/\\\/www.copealcoy.es\\\/es\\\/los-servicios-de-emergencia-se-dan-a-conocer-en-alcoy\\\/\"]}]},{\"@type\":\"ImageObject\",\"inLanguage\":\"es\",\"@id\":\"https:\\\/\\\/www.copealcoy.es\\\/es\\\/los-servicios-de-emergencia-se-dan-a-conocer-en-alcoy\\\/#primaryimage\",\"url\":\"https:\\\/\\\/www.copealcoy.es\\\/wp-content\\\/uploads\\\/2018\\\/02\\\/27657107_1274095746067241_291120324328789004_n-e1518269376567.jpg\",\"contentUrl\":\"https:\\\/\\\/www.copealcoy.es\\\/wp-content\\\/uploads\\\/2018\\\/02\\\/27657107_1274095746067241_291120324328789004_n-e1518269376567.jpg\",\"width\":960,\"height\":564,\"caption\":\"Ximo Puig, junto al alcalde, intercambiando impresiones con todos los efectivos presentes en las Jornadas\"},{\"@type\":\"BreadcrumbList\",\"@id\":\"https:\\\/\\\/www.copealcoy.es\\\/es\\\/los-servicios-de-emergencia-se-dan-a-conocer-en-alcoy\\\/#breadcrumb\",\"itemListElement\":[{\"@type\":\"ListItem\",\"position\":1,\"name\":\"Portada\",\"item\":\"https:\\\/\\\/www.copealcoy.es\\\/es\\\/\"},{\"@type\":\"ListItem\",\"position\":2,\"name\":\"Los Servicios de Emergencia se dan a conocer en Alcoy\"}]},{\"@type\":\"WebSite\",\"@id\":\"https:\\\/\\\/www.copealcoy.es\\\/es\\\/#website\",\"url\":\"https:\\\/\\\/www.copealcoy.es\\\/es\\\/\",\"name\":\"COPE Alcoy\",\"description\":\"Emisora COPE de radio local con emisi\u00f3n online. Pont de Sant Jordi 8-10 03803 Alcoy\",\"potentialAction\":[{\"@type\":\"SearchAction\",\"target\":{\"@type\":\"EntryPoint\",\"urlTemplate\":\"https:\\\/\\\/www.copealcoy.es\\\/es\\\/?s={search_term_string}\"},\"query-input\":{\"@type\":\"PropertyValueSpecification\",\"valueRequired\":true,\"valueName\":\"search_term_string\"}}],\"inLanguage\":\"es\"},{\"@type\":\"Person\",\"@id\":\"https:\\\/\\\/www.copealcoy.es\\\/es\\\/#\\\/schema\\\/person\\\/e777c87fa024e57d40170af9df39882c\",\"name\":\"Cope Alcoy\",\"image\":{\"@type\":\"ImageObject\",\"inLanguage\":\"es\",\"@id\":\"https:\\\/\\\/secure.gravatar.com\\\/avatar\\\/bb65d0283347e303893ba14f0692005417c1e0e690a325a4c5d8bb2b3943ee14?s=96&d=mm&r=g\",\"url\":\"https:\\\/\\\/secure.gravatar.com\\\/avatar\\\/bb65d0283347e303893ba14f0692005417c1e0e690a325a4c5d8bb2b3943ee14?s=96&d=mm&r=g\",\"contentUrl\":\"https:\\\/\\\/secure.gravatar.com\\\/avatar\\\/bb65d0283347e303893ba14f0692005417c1e0e690a325a4c5d8bb2b3943ee14?s=96&d=mm&r=g\",\"caption\":\"Cope Alcoy\"}}]}<\/script>\n<!-- \/ Yoast SEO plugin. -->","yoast_head_json":{"title":"Los Servicios de Emergencia se dan a conocer en Alcoy - COPE Alcoy","robots":{"index":"index","follow":"follow","max-snippet":"max-snippet:-1","max-image-preview":"max-image-preview:large","max-video-preview":"max-video-preview:-1"},"canonical":"https:\/\/www.copealcoy.es\/es\/los-servicios-de-emergencia-se-dan-a-conocer-en-alcoy\/","og_locale":"es_ES","og_type":"article","og_title":"Los Servicios de Emergencia se dan a conocer en Alcoy - COPE Alcoy","og_description":"Alcoy siendo escenario este s\u00e1bado de\u00a0la edici\u00f3n n\u00famero 17 de las Jornadas Auton\u00f3micas de Emergencias con numerosas actividades que se...","og_url":"https:\/\/www.copealcoy.es\/es\/los-servicios-de-emergencia-se-dan-a-conocer-en-alcoy\/","og_site_name":"COPE Alcoy","article_published_time":"2018-02-10T13:51:32+00:00","article_modified_time":"2018-02-10T13:58:04+00:00","og_image":[{"width":960,"height":564,"url":"https:\/\/www.copealcoy.es\/wp-content\/uploads\/2018\/02\/27657107_1274095746067241_291120324328789004_n-e1518269376567.jpg","type":"image\/jpeg"}],"author":"Cope Alcoy","twitter_misc":{"Escrito por":"Cope Alcoy","Tiempo de lectura":"2 minutos"},"schema":{"@context":"https:\/\/schema.org","@graph":[{"@type":"Article","@id":"https:\/\/www.copealcoy.es\/es\/los-servicios-de-emergencia-se-dan-a-conocer-en-alcoy\/#article","isPartOf":{"@id":"https:\/\/www.copealcoy.es\/es\/los-servicios-de-emergencia-se-dan-a-conocer-en-alcoy\/"},"author":{"name":"Cope Alcoy","@id":"https:\/\/www.copealcoy.es\/es\/#\/schema\/person\/e777c87fa024e57d40170af9df39882c"},"headline":"Los Servicios de Emergencia se dan a conocer en Alcoy","datePublished":"2018-02-10T13:51:32+00:00","dateModified":"2018-02-10T13:58:04+00:00","mainEntityOfPage":{"@id":"https:\/\/www.copealcoy.es\/es\/los-servicios-de-emergencia-se-dan-a-conocer-en-alcoy\/"},"wordCount":440,"commentCount":0,"image":{"@id":"https:\/\/www.copealcoy.es\/es\/los-servicios-de-emergencia-se-dan-a-conocer-en-alcoy\/#primaryimage"},"thumbnailUrl":"https:\/\/www.copealcoy.es\/wp-content\/uploads\/2018\/02\/27657107_1274095746067241_291120324328789004_n-e1518269376567.jpg","keywords":["Alcoy","Feria","Servicios de Eemergencia","Toni Franc\u00e9s","Ximo Puig","Zona Norte"],"articleSection":["Alcoy","Noticias","Portada"],"inLanguage":"es"},{"@type":"WebPage","@id":"https:\/\/www.copealcoy.es\/es\/los-servicios-de-emergencia-se-dan-a-conocer-en-alcoy\/","url":"https:\/\/www.copealcoy.es\/es\/los-servicios-de-emergencia-se-dan-a-conocer-en-alcoy\/","name":"Los Servicios de Emergencia se dan a conocer en Alcoy - COPE Alcoy","isPartOf":{"@id":"https:\/\/www.copealcoy.es\/es\/#website"},"primaryImageOfPage":{"@id":"https:\/\/www.copealcoy.es\/es\/los-servicios-de-emergencia-se-dan-a-conocer-en-alcoy\/#primaryimage"},"image":{"@id":"https:\/\/www.copealcoy.es\/es\/los-servicios-de-emergencia-se-dan-a-conocer-en-alcoy\/#primaryimage"},"thumbnailUrl":"https:\/\/www.copealcoy.es\/wp-content\/uploads\/2018\/02\/27657107_1274095746067241_291120324328789004_n-e1518269376567.jpg","datePublished":"2018-02-10T13:51:32+00:00","dateModified":"2018-02-10T13:58:04+00:00","author":{"@id":"https:\/\/www.copealcoy.es\/es\/#\/schema\/person\/e777c87fa024e57d40170af9df39882c"},"breadcrumb":{"@id":"https:\/\/www.copealcoy.es\/es\/los-servicios-de-emergencia-se-dan-a-conocer-en-alcoy\/#breadcrumb"},"inLanguage":"es","potentialAction":[{"@type":"ReadAction","target":["https:\/\/www.copealcoy.es\/es\/los-servicios-de-emergencia-se-dan-a-conocer-en-alcoy\/"]}]},{"@type":"ImageObject","inLanguage":"es","@id":"https:\/\/www.copealcoy.es\/es\/los-servicios-de-emergencia-se-dan-a-conocer-en-alcoy\/#primaryimage","url":"https:\/\/www.copealcoy.es\/wp-content\/uploads\/2018\/02\/27657107_1274095746067241_291120324328789004_n-e1518269376567.jpg","contentUrl":"https:\/\/www.copealcoy.es\/wp-content\/uploads\/2018\/02\/27657107_1274095746067241_291120324328789004_n-e1518269376567.jpg","width":960,"height":564,"caption":"Ximo Puig, junto al alcalde, intercambiando impresiones con todos los efectivos presentes en las Jornadas"},{"@type":"BreadcrumbList","@id":"https:\/\/www.copealcoy.es\/es\/los-servicios-de-emergencia-se-dan-a-conocer-en-alcoy\/#breadcrumb","itemListElement":[{"@type":"ListItem","position":1,"name":"Portada","item":"https:\/\/www.copealcoy.es\/es\/"},{"@type":"ListItem","position":2,"name":"Los Servicios de Emergencia se dan a conocer en Alcoy"}]},{"@type":"WebSite","@id":"https:\/\/www.copealcoy.es\/es\/#website","url":"https:\/\/www.copealcoy.es\/es\/","name":"COPE Alcoy","description":"Emisora COPE de radio local con emisi\u00f3n online. Pont de Sant Jordi 8-10 03803 Alcoy","potentialAction":[{"@type":"SearchAction","target":{"@type":"EntryPoint","urlTemplate":"https:\/\/www.copealcoy.es\/es\/?s={search_term_string}"},"query-input":{"@type":"PropertyValueSpecification","valueRequired":true,"valueName":"search_term_string"}}],"inLanguage":"es"},{"@type":"Person","@id":"https:\/\/www.copealcoy.es\/es\/#\/schema\/person\/e777c87fa024e57d40170af9df39882c","name":"Cope Alcoy","image":{"@type":"ImageObject","inLanguage":"es","@id":"https:\/\/secure.gravatar.com\/avatar\/bb65d0283347e303893ba14f0692005417c1e0e690a325a4c5d8bb2b3943ee14?s=96&d=mm&r=g","url":"https:\/\/secure.gravatar.com\/avatar\/bb65d0283347e303893ba14f0692005417c1e0e690a325a4c5d8bb2b3943ee14?s=96&d=mm&r=g","contentUrl":"https:\/\/secure.gravatar.com\/avatar\/bb65d0283347e303893ba14f0692005417c1e0e690a325a4c5d8bb2b3943ee14?s=96&d=mm&r=g","caption":"Cope Alcoy"}}]}},"_links":{"self":[{"href":"https:\/\/www.copealcoy.es\/es\/wp-json\/wp\/v2\/posts\/39143","targetHints":{"allow":["GET"]}}],"collection":[{"href":"https:\/\/www.copealcoy.es\/es\/wp-json\/wp\/v2\/posts"}],"about":[{"href":"https:\/\/www.copealcoy.es\/es\/wp-json\/wp\/v2\/types\/post"}],"author":[{"embeddable":true,"href":"https:\/\/www.copealcoy.es\/es\/wp-json\/wp\/v2\/users\/1"}],"replies":[{"embeddable":true,"href":"https:\/\/www.copealcoy.es\/es\/wp-json\/wp\/v2\/comments?post=39143"}],"version-history":[{"count":0,"href":"https:\/\/www.copealcoy.es\/es\/wp-json\/wp\/v2\/posts\/39143\/revisions"}],"wp:featuredmedia":[{"embeddable":true,"href":"https:\/\/www.copealcoy.es\/es\/wp-json\/wp\/v2\/media\/39144"}],"wp:attachment":[{"href":"https:\/\/www.copealcoy.es\/es\/wp-json\/wp\/v2\/media?parent=39143"}],"wp:term":[{"taxonomy":"category","embeddable":true,"href":"https:\/\/www.copealcoy.es\/es\/wp-json\/wp\/v2\/categories?post=39143"},{"taxonomy":"post_tag","embeddable":true,"href":"https:\/\/www.copealcoy.es\/es\/wp-json\/wp\/v2\/tags?post=39143"}],"curies":[{"name":"wp","href":"https:\/\/api.w.org\/{rel}","templated":true}]}}