{"id":39075,"date":"2018-02-08T15:31:58","date_gmt":"2018-02-08T15:31:58","guid":{"rendered":"http:\/\/copealcoi.es\/new\/?p=39075"},"modified":"2018-02-08T15:39:42","modified_gmt":"2018-02-08T15:39:42","slug":"el-ayuntamiento-de-cocentaina-renueva-su-portal-web","status":"publish","type":"post","link":"https:\/\/www.copealcoy.es\/es\/el-ayuntamiento-de-cocentaina-renueva-su-portal-web\/","title":{"rendered":"El Ayuntamiento de Cocentaina renueva su portal web"},"content":{"rendered":"<p style=\"text-align: justify;\">El <strong><span style=\"color: #0000ff;\"><a style=\"color: #0000ff;\" href=\"https:\/\/www.cocentaina.es\">Ayuntamiento de Cocentaina<\/a> <\/span><\/strong>lanz\u00f3 ayer <strong>su nueva p\u00e1gina web<\/strong>, una herramienta digital que cuenta con<strong> una imagen<\/strong> totalmente renovada.<\/p>\n<p style=\"text-align: justify;\">Este nuevo portal<strong> ofrece un dise\u00f1o m\u00e1s actual\u00a0<\/strong>que hace m\u00e1s intuitiva <strong>la b\u00fasqueda de contenidos<\/strong> al mismo tiempo que destaca por tener <strong>una estructura\u00a0m\u00e1s clara y ordenada<\/strong>. Tambi\u00e9n se ha trabajado para que el buscador que aparece en la portada <strong>sea potente y tenga capacidad<\/strong> con el fin de facilitar al usuario lo que se busca. Adem\u00e1s la web <strong>est\u00e1 adaptada<\/strong> a los m\u00f3viles. La p\u00e1gina tambi\u00e9n<strong> est\u00e1 vinculada a otros portales<\/strong> como el de Turismo, Participaci\u00f3n Ciudadana, Fira o las webs donde se ofrece contenidos sobre Cocentaina como la de transparencia, que depende del Gobierno Central, o la sede electr\u00f3nica que permite a la ciudadan\u00eda hacer tr\u00e1mites telem\u00e1ticos.<\/p>\n<p style=\"text-align: justify;\">El concejal de de Nuevas Tecnolog\u00edas, <strong>Antonio Hern\u00e1ndez<\/strong>, ha asegurado en COPE ALCOY que este proyecto <strong>suple una necesidad<\/strong> que ven\u00eda ya acusando la p\u00e1gina web del Ayuntamiento &#8220;<em>hac\u00eda falta modernizar la web de Cocentaina y hacerla m\u00e1s manejable para todos. Ha sido un trabajo coordinado con alcald\u00eda al que le hemos dedicado 5 meses y que ahora da sus frutos. Esperamos que a la gente le resulte c\u00f3moda y, sobre todo, de utilidad, al mismo tiempo que esperamos que le guste el dise\u00f1o claro y sencillo que hemos impreso en ella<\/em>&#8220;, ha asegurado.<\/p>\n","protected":false},"excerpt":{"rendered":"<p>El Ayuntamiento de Cocentaina lanz\u00f3 ayer su nueva p\u00e1gina web, una herramienta digital que cuenta con una imagen totalmente renovada&#8230;.<\/p>\n","protected":false},"author":1,"featured_media":39078,"comment_status":"open","ping_status":"open","sticky":false,"template":"","format":"standard","meta":{"footnotes":""},"categories":[98,75],"tags":[229,132,237,1833,4831],"class_list":["post-39075","post","type-post","status-publish","format-standard","has-post-thumbnail","hentry","category-comarcas","category-noticias","tag-ayuntamiento","tag-cocentaina","tag-comtat","tag-pagina-web","tag-portal"],"yoast_head":"<!-- This site is optimized with the Yoast SEO plugin v27.3 - https:\/\/yoast.com\/product\/yoast-seo-wordpress\/ -->\n<title>El Ayuntamiento de Cocentaina renueva su portal web - COPE Alcoy<\/title>\n<meta name=\"robots\" content=\"index, follow, max-snippet:-1, max-image-preview:large, max-video-preview:-1\" \/>\n<link rel=\"canonical\" href=\"https:\/\/www.copealcoy.es\/es\/el-ayuntamiento-de-cocentaina-renueva-su-portal-web\/\" \/>\n<meta property=\"og:locale\" content=\"es_ES\" \/>\n<meta property=\"og:type\" content=\"article\" \/>\n<meta property=\"og:title\" content=\"El Ayuntamiento de Cocentaina renueva su portal web - COPE Alcoy\" \/>\n<meta property=\"og:description\" content=\"El Ayuntamiento de Cocentaina lanz\u00f3 ayer su nueva p\u00e1gina web, una herramienta digital que cuenta con una imagen totalmente renovada....\" \/>\n<meta property=\"og:url\" content=\"https:\/\/www.copealcoy.es\/es\/el-ayuntamiento-de-cocentaina-renueva-su-portal-web\/\" \/>\n<meta property=\"og:site_name\" content=\"COPE Alcoy\" \/>\n<meta property=\"article:published_time\" content=\"2018-02-08T15:31:58+00:00\" \/>\n<meta property=\"article:modified_time\" content=\"2018-02-08T15:39:42+00:00\" \/>\n<meta property=\"og:image\" content=\"https:\/\/www.copealcoy.es\/wp-content\/uploads\/2018\/02\/Web-Cocentaina.jpg\" \/>\n\t<meta property=\"og:image:width\" content=\"660\" \/>\n\t<meta property=\"og:image:height\" content=\"330\" \/>\n\t<meta property=\"og:image:type\" content=\"image\/jpeg\" \/>\n<meta name=\"author\" content=\"Cope Alcoy\" \/>\n<meta name=\"twitter:label1\" content=\"Escrito por\" \/>\n\t<meta name=\"twitter:data1\" content=\"Cope Alcoy\" \/>\n\t<meta name=\"twitter:label2\" content=\"Tiempo de lectura\" \/>\n\t<meta name=\"twitter:data2\" content=\"1 minuto\" \/>\n<script type=\"application\/ld+json\" class=\"yoast-schema-graph\">{\"@context\":\"https:\\\/\\\/schema.org\",\"@graph\":[{\"@type\":\"Article\",\"@id\":\"https:\\\/\\\/www.copealcoy.es\\\/es\\\/el-ayuntamiento-de-cocentaina-renueva-su-portal-web\\\/#article\",\"isPartOf\":{\"@id\":\"https:\\\/\\\/www.copealcoy.es\\\/es\\\/el-ayuntamiento-de-cocentaina-renueva-su-portal-web\\\/\"},\"author\":{\"name\":\"Cope Alcoy\",\"@id\":\"https:\\\/\\\/www.copealcoy.es\\\/es\\\/#\\\/schema\\\/person\\\/e777c87fa024e57d40170af9df39882c\"},\"headline\":\"El Ayuntamiento de Cocentaina renueva su portal web\",\"datePublished\":\"2018-02-08T15:31:58+00:00\",\"dateModified\":\"2018-02-08T15:39:42+00:00\",\"mainEntityOfPage\":{\"@id\":\"https:\\\/\\\/www.copealcoy.es\\\/es\\\/el-ayuntamiento-de-cocentaina-renueva-su-portal-web\\\/\"},\"wordCount\":257,\"commentCount\":0,\"image\":{\"@id\":\"https:\\\/\\\/www.copealcoy.es\\\/es\\\/el-ayuntamiento-de-cocentaina-renueva-su-portal-web\\\/#primaryimage\"},\"thumbnailUrl\":\"https:\\\/\\\/www.copealcoy.es\\\/wp-content\\\/uploads\\\/2018\\\/02\\\/Web-Cocentaina.jpg\",\"keywords\":[\"Ayuntamiento\",\"Cocentaina\",\"Comtat\",\"P\u00e1gina Web\",\"portal\"],\"articleSection\":[\"Comarcas\",\"Noticias\"],\"inLanguage\":\"es\"},{\"@type\":\"WebPage\",\"@id\":\"https:\\\/\\\/www.copealcoy.es\\\/es\\\/el-ayuntamiento-de-cocentaina-renueva-su-portal-web\\\/\",\"url\":\"https:\\\/\\\/www.copealcoy.es\\\/es\\\/el-ayuntamiento-de-cocentaina-renueva-su-portal-web\\\/\",\"name\":\"El Ayuntamiento de Cocentaina renueva su portal web - COPE Alcoy\",\"isPartOf\":{\"@id\":\"https:\\\/\\\/www.copealcoy.es\\\/es\\\/#website\"},\"primaryImageOfPage\":{\"@id\":\"https:\\\/\\\/www.copealcoy.es\\\/es\\\/el-ayuntamiento-de-cocentaina-renueva-su-portal-web\\\/#primaryimage\"},\"image\":{\"@id\":\"https:\\\/\\\/www.copealcoy.es\\\/es\\\/el-ayuntamiento-de-cocentaina-renueva-su-portal-web\\\/#primaryimage\"},\"thumbnailUrl\":\"https:\\\/\\\/www.copealcoy.es\\\/wp-content\\\/uploads\\\/2018\\\/02\\\/Web-Cocentaina.jpg\",\"datePublished\":\"2018-02-08T15:31:58+00:00\",\"dateModified\":\"2018-02-08T15:39:42+00:00\",\"author\":{\"@id\":\"https:\\\/\\\/www.copealcoy.es\\\/es\\\/#\\\/schema\\\/person\\\/e777c87fa024e57d40170af9df39882c\"},\"breadcrumb\":{\"@id\":\"https:\\\/\\\/www.copealcoy.es\\\/es\\\/el-ayuntamiento-de-cocentaina-renueva-su-portal-web\\\/#breadcrumb\"},\"inLanguage\":\"es\",\"potentialAction\":[{\"@type\":\"ReadAction\",\"target\":[\"https:\\\/\\\/www.copealcoy.es\\\/es\\\/el-ayuntamiento-de-cocentaina-renueva-su-portal-web\\\/\"]}]},{\"@type\":\"ImageObject\",\"inLanguage\":\"es\",\"@id\":\"https:\\\/\\\/www.copealcoy.es\\\/es\\\/el-ayuntamiento-de-cocentaina-renueva-su-portal-web\\\/#primaryimage\",\"url\":\"https:\\\/\\\/www.copealcoy.es\\\/wp-content\\\/uploads\\\/2018\\\/02\\\/Web-Cocentaina.jpg\",\"contentUrl\":\"https:\\\/\\\/www.copealcoy.es\\\/wp-content\\\/uploads\\\/2018\\\/02\\\/Web-Cocentaina.jpg\",\"width\":660,\"height\":330,\"caption\":\"Detalle de la nueva web del Ayuntamiento \\\/ Foto: Ajuntament de Cocentaina\"},{\"@type\":\"BreadcrumbList\",\"@id\":\"https:\\\/\\\/www.copealcoy.es\\\/es\\\/el-ayuntamiento-de-cocentaina-renueva-su-portal-web\\\/#breadcrumb\",\"itemListElement\":[{\"@type\":\"ListItem\",\"position\":1,\"name\":\"Portada\",\"item\":\"https:\\\/\\\/www.copealcoy.es\\\/es\\\/\"},{\"@type\":\"ListItem\",\"position\":2,\"name\":\"El Ayuntamiento de Cocentaina renueva su portal web\"}]},{\"@type\":\"WebSite\",\"@id\":\"https:\\\/\\\/www.copealcoy.es\\\/es\\\/#website\",\"url\":\"https:\\\/\\\/www.copealcoy.es\\\/es\\\/\",\"name\":\"COPE Alcoy\",\"description\":\"Emisora COPE de radio local con emisi\u00f3n online. Pont de Sant Jordi 8-10 03803 Alcoy\",\"potentialAction\":[{\"@type\":\"SearchAction\",\"target\":{\"@type\":\"EntryPoint\",\"urlTemplate\":\"https:\\\/\\\/www.copealcoy.es\\\/es\\\/?s={search_term_string}\"},\"query-input\":{\"@type\":\"PropertyValueSpecification\",\"valueRequired\":true,\"valueName\":\"search_term_string\"}}],\"inLanguage\":\"es\"},{\"@type\":\"Person\",\"@id\":\"https:\\\/\\\/www.copealcoy.es\\\/es\\\/#\\\/schema\\\/person\\\/e777c87fa024e57d40170af9df39882c\",\"name\":\"Cope Alcoy\",\"image\":{\"@type\":\"ImageObject\",\"inLanguage\":\"es\",\"@id\":\"https:\\\/\\\/secure.gravatar.com\\\/avatar\\\/bb65d0283347e303893ba14f0692005417c1e0e690a325a4c5d8bb2b3943ee14?s=96&d=mm&r=g\",\"url\":\"https:\\\/\\\/secure.gravatar.com\\\/avatar\\\/bb65d0283347e303893ba14f0692005417c1e0e690a325a4c5d8bb2b3943ee14?s=96&d=mm&r=g\",\"contentUrl\":\"https:\\\/\\\/secure.gravatar.com\\\/avatar\\\/bb65d0283347e303893ba14f0692005417c1e0e690a325a4c5d8bb2b3943ee14?s=96&d=mm&r=g\",\"caption\":\"Cope Alcoy\"}}]}<\/script>\n<!-- \/ Yoast SEO plugin. -->","yoast_head_json":{"title":"El Ayuntamiento de Cocentaina renueva su portal web - COPE Alcoy","robots":{"index":"index","follow":"follow","max-snippet":"max-snippet:-1","max-image-preview":"max-image-preview:large","max-video-preview":"max-video-preview:-1"},"canonical":"https:\/\/www.copealcoy.es\/es\/el-ayuntamiento-de-cocentaina-renueva-su-portal-web\/","og_locale":"es_ES","og_type":"article","og_title":"El Ayuntamiento de Cocentaina renueva su portal web - COPE Alcoy","og_description":"El Ayuntamiento de Cocentaina lanz\u00f3 ayer su nueva p\u00e1gina web, una herramienta digital que cuenta con una imagen totalmente renovada....","og_url":"https:\/\/www.copealcoy.es\/es\/el-ayuntamiento-de-cocentaina-renueva-su-portal-web\/","og_site_name":"COPE Alcoy","article_published_time":"2018-02-08T15:31:58+00:00","article_modified_time":"2018-02-08T15:39:42+00:00","og_image":[{"width":660,"height":330,"url":"https:\/\/www.copealcoy.es\/wp-content\/uploads\/2018\/02\/Web-Cocentaina.jpg","type":"image\/jpeg"}],"author":"Cope Alcoy","twitter_misc":{"Escrito por":"Cope Alcoy","Tiempo de lectura":"1 minuto"},"schema":{"@context":"https:\/\/schema.org","@graph":[{"@type":"Article","@id":"https:\/\/www.copealcoy.es\/es\/el-ayuntamiento-de-cocentaina-renueva-su-portal-web\/#article","isPartOf":{"@id":"https:\/\/www.copealcoy.es\/es\/el-ayuntamiento-de-cocentaina-renueva-su-portal-web\/"},"author":{"name":"Cope Alcoy","@id":"https:\/\/www.copealcoy.es\/es\/#\/schema\/person\/e777c87fa024e57d40170af9df39882c"},"headline":"El Ayuntamiento de Cocentaina renueva su portal web","datePublished":"2018-02-08T15:31:58+00:00","dateModified":"2018-02-08T15:39:42+00:00","mainEntityOfPage":{"@id":"https:\/\/www.copealcoy.es\/es\/el-ayuntamiento-de-cocentaina-renueva-su-portal-web\/"},"wordCount":257,"commentCount":0,"image":{"@id":"https:\/\/www.copealcoy.es\/es\/el-ayuntamiento-de-cocentaina-renueva-su-portal-web\/#primaryimage"},"thumbnailUrl":"https:\/\/www.copealcoy.es\/wp-content\/uploads\/2018\/02\/Web-Cocentaina.jpg","keywords":["Ayuntamiento","Cocentaina","Comtat","P\u00e1gina Web","portal"],"articleSection":["Comarcas","Noticias"],"inLanguage":"es"},{"@type":"WebPage","@id":"https:\/\/www.copealcoy.es\/es\/el-ayuntamiento-de-cocentaina-renueva-su-portal-web\/","url":"https:\/\/www.copealcoy.es\/es\/el-ayuntamiento-de-cocentaina-renueva-su-portal-web\/","name":"El Ayuntamiento de Cocentaina renueva su portal web - COPE Alcoy","isPartOf":{"@id":"https:\/\/www.copealcoy.es\/es\/#website"},"primaryImageOfPage":{"@id":"https:\/\/www.copealcoy.es\/es\/el-ayuntamiento-de-cocentaina-renueva-su-portal-web\/#primaryimage"},"image":{"@id":"https:\/\/www.copealcoy.es\/es\/el-ayuntamiento-de-cocentaina-renueva-su-portal-web\/#primaryimage"},"thumbnailUrl":"https:\/\/www.copealcoy.es\/wp-content\/uploads\/2018\/02\/Web-Cocentaina.jpg","datePublished":"2018-02-08T15:31:58+00:00","dateModified":"2018-02-08T15:39:42+00:00","author":{"@id":"https:\/\/www.copealcoy.es\/es\/#\/schema\/person\/e777c87fa024e57d40170af9df39882c"},"breadcrumb":{"@id":"https:\/\/www.copealcoy.es\/es\/el-ayuntamiento-de-cocentaina-renueva-su-portal-web\/#breadcrumb"},"inLanguage":"es","potentialAction":[{"@type":"ReadAction","target":["https:\/\/www.copealcoy.es\/es\/el-ayuntamiento-de-cocentaina-renueva-su-portal-web\/"]}]},{"@type":"ImageObject","inLanguage":"es","@id":"https:\/\/www.copealcoy.es\/es\/el-ayuntamiento-de-cocentaina-renueva-su-portal-web\/#primaryimage","url":"https:\/\/www.copealcoy.es\/wp-content\/uploads\/2018\/02\/Web-Cocentaina.jpg","contentUrl":"https:\/\/www.copealcoy.es\/wp-content\/uploads\/2018\/02\/Web-Cocentaina.jpg","width":660,"height":330,"caption":"Detalle de la nueva web del Ayuntamiento \/ Foto: Ajuntament de Cocentaina"},{"@type":"BreadcrumbList","@id":"https:\/\/www.copealcoy.es\/es\/el-ayuntamiento-de-cocentaina-renueva-su-portal-web\/#breadcrumb","itemListElement":[{"@type":"ListItem","position":1,"name":"Portada","item":"https:\/\/www.copealcoy.es\/es\/"},{"@type":"ListItem","position":2,"name":"El Ayuntamiento de Cocentaina renueva su portal web"}]},{"@type":"WebSite","@id":"https:\/\/www.copealcoy.es\/es\/#website","url":"https:\/\/www.copealcoy.es\/es\/","name":"COPE Alcoy","description":"Emisora COPE de radio local con emisi\u00f3n online. Pont de Sant Jordi 8-10 03803 Alcoy","potentialAction":[{"@type":"SearchAction","target":{"@type":"EntryPoint","urlTemplate":"https:\/\/www.copealcoy.es\/es\/?s={search_term_string}"},"query-input":{"@type":"PropertyValueSpecification","valueRequired":true,"valueName":"search_term_string"}}],"inLanguage":"es"},{"@type":"Person","@id":"https:\/\/www.copealcoy.es\/es\/#\/schema\/person\/e777c87fa024e57d40170af9df39882c","name":"Cope Alcoy","image":{"@type":"ImageObject","inLanguage":"es","@id":"https:\/\/secure.gravatar.com\/avatar\/bb65d0283347e303893ba14f0692005417c1e0e690a325a4c5d8bb2b3943ee14?s=96&d=mm&r=g","url":"https:\/\/secure.gravatar.com\/avatar\/bb65d0283347e303893ba14f0692005417c1e0e690a325a4c5d8bb2b3943ee14?s=96&d=mm&r=g","contentUrl":"https:\/\/secure.gravatar.com\/avatar\/bb65d0283347e303893ba14f0692005417c1e0e690a325a4c5d8bb2b3943ee14?s=96&d=mm&r=g","caption":"Cope Alcoy"}}]}},"_links":{"self":[{"href":"https:\/\/www.copealcoy.es\/es\/wp-json\/wp\/v2\/posts\/39075","targetHints":{"allow":["GET"]}}],"collection":[{"href":"https:\/\/www.copealcoy.es\/es\/wp-json\/wp\/v2\/posts"}],"about":[{"href":"https:\/\/www.copealcoy.es\/es\/wp-json\/wp\/v2\/types\/post"}],"author":[{"embeddable":true,"href":"https:\/\/www.copealcoy.es\/es\/wp-json\/wp\/v2\/users\/1"}],"replies":[{"embeddable":true,"href":"https:\/\/www.copealcoy.es\/es\/wp-json\/wp\/v2\/comments?post=39075"}],"version-history":[{"count":0,"href":"https:\/\/www.copealcoy.es\/es\/wp-json\/wp\/v2\/posts\/39075\/revisions"}],"wp:featuredmedia":[{"embeddable":true,"href":"https:\/\/www.copealcoy.es\/es\/wp-json\/wp\/v2\/media\/39078"}],"wp:attachment":[{"href":"https:\/\/www.copealcoy.es\/es\/wp-json\/wp\/v2\/media?parent=39075"}],"wp:term":[{"taxonomy":"category","embeddable":true,"href":"https:\/\/www.copealcoy.es\/es\/wp-json\/wp\/v2\/categories?post=39075"},{"taxonomy":"post_tag","embeddable":true,"href":"https:\/\/www.copealcoy.es\/es\/wp-json\/wp\/v2\/tags?post=39075"}],"curies":[{"name":"wp","href":"https:\/\/api.w.org\/{rel}","templated":true}]}}