{"id":39043,"date":"2018-02-07T15:46:17","date_gmt":"2018-02-07T15:46:17","guid":{"rendered":"http:\/\/copealcoi.es\/new\/?p=39043"},"modified":"2018-02-07T15:48:56","modified_gmt":"2018-02-07T15:48:56","slug":"el-consejo-escolar-del-bosco-respalda-la-construccion-de-un-nuevo-colegio","status":"publish","type":"post","link":"https:\/\/www.copealcoy.es\/es\/el-consejo-escolar-del-bosco-respalda-la-construccion-de-un-nuevo-colegio\/","title":{"rendered":"El Consejo Escolar del Bosco respalda la construcci\u00f3n de un nuevo colegio"},"content":{"rendered":"<p style=\"text-align: justify;\">El <strong>Consejo Escolar del Colegio San Juan Bosco de Cocentaina<\/strong> ha respaldado por unanimidad <strong>la propuesta<\/strong> de demoler\u00a0el actual edificio y construir uno nuevo. Esta medida, como ya les venimos contando en COPE ALCOY, <strong>se adopta despu\u00e9s<\/strong> de que el municipio se haya adherido <strong>al Plan \u2018Edificant\u2019 del Consell<\/strong> con el fin de\u00a0hacer efectiva la unificaci\u00f3n de los dos colegios y <strong>tras detectarse por los t\u00e9cnicos de Educaci\u00f3n<\/strong> numerosas deficiencias en el proyecto que en 2011 aprob\u00f3 CIEGSA para tal fin <strong>con el Partido Popular<\/strong> gobernando la Generalitat Valenciana.\u00a0Recordar que <strong>los t\u00e9cnicos de la Conseller\u00eda de Educaci\u00f3n<\/strong>, tras comprobar estas mencionadas deficiencias, recomendaron a la Villa Condal<strong> la demolici\u00f3n\u00a0del edificio as\u00ed la construcci\u00f3n de un nuevo centro educativo<\/strong>, un hecho que ha generado gran malestar en la propia Comunidad Educativa del Bosco y en el Ayuntamiento de Cocentaina.<\/p>\n<p style=\"text-align: justify;\">La alcaldesa y concejala de Educaci\u00f3n, <strong>Mireia Estepa<\/strong>, ha mostrado su total respaldo y el del Ayuntamiento a <strong>la decisi\u00f3n adoptada por el Consejo Escolar del Bosco<\/strong> &#8220;<em>los t\u00e9cnicos municipales ya se encuentran trabajando en la memoria valorada del nuevo Bosco para que por parte del ayuntamiento de Cocentaina todo sea lo m\u00e1s r\u00e1pido posible, a Consejer\u00eda le exigiremos que act\u00fae con esta misma rapidez porque no podemos permitir que 29 a\u00f1os de reivindicaciones quedan en un caj\u00f3n<\/em>&#8220;, ha asegurado.<\/p>\n","protected":false},"excerpt":{"rendered":"<p>El Consejo Escolar del Colegio San Juan Bosco de Cocentaina ha respaldado por unanimidad la propuesta de demoler\u00a0el actual edificio&#8230;<\/p>\n","protected":false},"author":1,"featured_media":11074,"comment_status":"open","ping_status":"open","sticky":false,"template":"","format":"standard","meta":{"footnotes":""},"categories":[98,75],"tags":[795,132,5207,4362,4998],"class_list":["post-39043","post","type-post","status-publish","format-standard","has-post-thumbnail","hentry","category-comarcas","category-noticias","tag-bosco","tag-cocentaina","tag-consejo-escolar","tag-construccion","tag-nuevo-colegio"],"yoast_head":"<!-- This site is optimized with the Yoast SEO plugin v27.3 - https:\/\/yoast.com\/product\/yoast-seo-wordpress\/ -->\n<title>El Consejo Escolar del Bosco respalda la construcci\u00f3n de un nuevo colegio - COPE Alcoy<\/title>\n<meta name=\"robots\" content=\"index, follow, max-snippet:-1, max-image-preview:large, max-video-preview:-1\" \/>\n<link rel=\"canonical\" href=\"https:\/\/www.copealcoy.es\/es\/el-consejo-escolar-del-bosco-respalda-la-construccion-de-un-nuevo-colegio\/\" \/>\n<meta property=\"og:locale\" content=\"es_ES\" \/>\n<meta property=\"og:type\" content=\"article\" \/>\n<meta property=\"og:title\" content=\"El Consejo Escolar del Bosco respalda la construcci\u00f3n de un nuevo colegio - COPE Alcoy\" \/>\n<meta property=\"og:description\" content=\"El Consejo Escolar del Colegio San Juan Bosco de Cocentaina ha respaldado por unanimidad la propuesta de demoler\u00a0el actual edificio...\" \/>\n<meta property=\"og:url\" content=\"https:\/\/www.copealcoy.es\/es\/el-consejo-escolar-del-bosco-respalda-la-construccion-de-un-nuevo-colegio\/\" \/>\n<meta property=\"og:site_name\" content=\"COPE Alcoy\" \/>\n<meta property=\"article:published_time\" content=\"2018-02-07T15:46:17+00:00\" \/>\n<meta property=\"article:modified_time\" content=\"2018-02-07T15:48:56+00:00\" \/>\n<meta property=\"og:image\" content=\"https:\/\/www.copealcoy.es\/wp-content\/uploads\/2015\/03\/image16.jpg\" \/>\n\t<meta property=\"og:image:width\" content=\"900\" \/>\n\t<meta property=\"og:image:height\" content=\"599\" \/>\n\t<meta property=\"og:image:type\" content=\"image\/jpeg\" \/>\n<meta name=\"author\" content=\"Cope Alcoy\" \/>\n<meta name=\"twitter:label1\" content=\"Escrito por\" \/>\n\t<meta name=\"twitter:data1\" content=\"Cope Alcoy\" \/>\n\t<meta name=\"twitter:label2\" content=\"Tiempo de lectura\" \/>\n\t<meta name=\"twitter:data2\" content=\"1 minuto\" \/>\n<script type=\"application\/ld+json\" class=\"yoast-schema-graph\">{\"@context\":\"https:\\\/\\\/schema.org\",\"@graph\":[{\"@type\":\"Article\",\"@id\":\"https:\\\/\\\/www.copealcoy.es\\\/es\\\/el-consejo-escolar-del-bosco-respalda-la-construccion-de-un-nuevo-colegio\\\/#article\",\"isPartOf\":{\"@id\":\"https:\\\/\\\/www.copealcoy.es\\\/es\\\/el-consejo-escolar-del-bosco-respalda-la-construccion-de-un-nuevo-colegio\\\/\"},\"author\":{\"name\":\"Cope Alcoy\",\"@id\":\"https:\\\/\\\/www.copealcoy.es\\\/es\\\/#\\\/schema\\\/person\\\/e777c87fa024e57d40170af9df39882c\"},\"headline\":\"El Consejo Escolar del Bosco respalda la construcci\u00f3n de un nuevo colegio\",\"datePublished\":\"2018-02-07T15:46:17+00:00\",\"dateModified\":\"2018-02-07T15:48:56+00:00\",\"mainEntityOfPage\":{\"@id\":\"https:\\\/\\\/www.copealcoy.es\\\/es\\\/el-consejo-escolar-del-bosco-respalda-la-construccion-de-un-nuevo-colegio\\\/\"},\"wordCount\":251,\"commentCount\":0,\"image\":{\"@id\":\"https:\\\/\\\/www.copealcoy.es\\\/es\\\/el-consejo-escolar-del-bosco-respalda-la-construccion-de-un-nuevo-colegio\\\/#primaryimage\"},\"thumbnailUrl\":\"https:\\\/\\\/www.copealcoy.es\\\/wp-content\\\/uploads\\\/2015\\\/03\\\/image16.jpg\",\"keywords\":[\"Bosco\",\"Cocentaina\",\"Consejo Escolar\",\"construcci\u00f3n\",\"nuevo colegio\"],\"articleSection\":[\"Comarcas\",\"Noticias\"],\"inLanguage\":\"es\"},{\"@type\":\"WebPage\",\"@id\":\"https:\\\/\\\/www.copealcoy.es\\\/es\\\/el-consejo-escolar-del-bosco-respalda-la-construccion-de-un-nuevo-colegio\\\/\",\"url\":\"https:\\\/\\\/www.copealcoy.es\\\/es\\\/el-consejo-escolar-del-bosco-respalda-la-construccion-de-un-nuevo-colegio\\\/\",\"name\":\"El Consejo Escolar del Bosco respalda la construcci\u00f3n de un nuevo colegio - COPE Alcoy\",\"isPartOf\":{\"@id\":\"https:\\\/\\\/www.copealcoy.es\\\/es\\\/#website\"},\"primaryImageOfPage\":{\"@id\":\"https:\\\/\\\/www.copealcoy.es\\\/es\\\/el-consejo-escolar-del-bosco-respalda-la-construccion-de-un-nuevo-colegio\\\/#primaryimage\"},\"image\":{\"@id\":\"https:\\\/\\\/www.copealcoy.es\\\/es\\\/el-consejo-escolar-del-bosco-respalda-la-construccion-de-un-nuevo-colegio\\\/#primaryimage\"},\"thumbnailUrl\":\"https:\\\/\\\/www.copealcoy.es\\\/wp-content\\\/uploads\\\/2015\\\/03\\\/image16.jpg\",\"datePublished\":\"2018-02-07T15:46:17+00:00\",\"dateModified\":\"2018-02-07T15:48:56+00:00\",\"author\":{\"@id\":\"https:\\\/\\\/www.copealcoy.es\\\/es\\\/#\\\/schema\\\/person\\\/e777c87fa024e57d40170af9df39882c\"},\"breadcrumb\":{\"@id\":\"https:\\\/\\\/www.copealcoy.es\\\/es\\\/el-consejo-escolar-del-bosco-respalda-la-construccion-de-un-nuevo-colegio\\\/#breadcrumb\"},\"inLanguage\":\"es\",\"potentialAction\":[{\"@type\":\"ReadAction\",\"target\":[\"https:\\\/\\\/www.copealcoy.es\\\/es\\\/el-consejo-escolar-del-bosco-respalda-la-construccion-de-un-nuevo-colegio\\\/\"]}]},{\"@type\":\"ImageObject\",\"inLanguage\":\"es\",\"@id\":\"https:\\\/\\\/www.copealcoy.es\\\/es\\\/el-consejo-escolar-del-bosco-respalda-la-construccion-de-un-nuevo-colegio\\\/#primaryimage\",\"url\":\"https:\\\/\\\/www.copealcoy.es\\\/wp-content\\\/uploads\\\/2015\\\/03\\\/image16.jpg\",\"contentUrl\":\"https:\\\/\\\/www.copealcoy.es\\\/wp-content\\\/uploads\\\/2015\\\/03\\\/image16.jpg\",\"width\":900,\"height\":599},{\"@type\":\"BreadcrumbList\",\"@id\":\"https:\\\/\\\/www.copealcoy.es\\\/es\\\/el-consejo-escolar-del-bosco-respalda-la-construccion-de-un-nuevo-colegio\\\/#breadcrumb\",\"itemListElement\":[{\"@type\":\"ListItem\",\"position\":1,\"name\":\"Portada\",\"item\":\"https:\\\/\\\/www.copealcoy.es\\\/es\\\/\"},{\"@type\":\"ListItem\",\"position\":2,\"name\":\"El Consejo Escolar del Bosco respalda la construcci\u00f3n de un nuevo colegio\"}]},{\"@type\":\"WebSite\",\"@id\":\"https:\\\/\\\/www.copealcoy.es\\\/es\\\/#website\",\"url\":\"https:\\\/\\\/www.copealcoy.es\\\/es\\\/\",\"name\":\"COPE Alcoy\",\"description\":\"Emisora COPE de radio local con emisi\u00f3n online. Pont de Sant Jordi 8-10 03803 Alcoy\",\"potentialAction\":[{\"@type\":\"SearchAction\",\"target\":{\"@type\":\"EntryPoint\",\"urlTemplate\":\"https:\\\/\\\/www.copealcoy.es\\\/es\\\/?s={search_term_string}\"},\"query-input\":{\"@type\":\"PropertyValueSpecification\",\"valueRequired\":true,\"valueName\":\"search_term_string\"}}],\"inLanguage\":\"es\"},{\"@type\":\"Person\",\"@id\":\"https:\\\/\\\/www.copealcoy.es\\\/es\\\/#\\\/schema\\\/person\\\/e777c87fa024e57d40170af9df39882c\",\"name\":\"Cope Alcoy\",\"image\":{\"@type\":\"ImageObject\",\"inLanguage\":\"es\",\"@id\":\"https:\\\/\\\/secure.gravatar.com\\\/avatar\\\/bb65d0283347e303893ba14f0692005417c1e0e690a325a4c5d8bb2b3943ee14?s=96&d=mm&r=g\",\"url\":\"https:\\\/\\\/secure.gravatar.com\\\/avatar\\\/bb65d0283347e303893ba14f0692005417c1e0e690a325a4c5d8bb2b3943ee14?s=96&d=mm&r=g\",\"contentUrl\":\"https:\\\/\\\/secure.gravatar.com\\\/avatar\\\/bb65d0283347e303893ba14f0692005417c1e0e690a325a4c5d8bb2b3943ee14?s=96&d=mm&r=g\",\"caption\":\"Cope Alcoy\"}}]}<\/script>\n<!-- \/ Yoast SEO plugin. -->","yoast_head_json":{"title":"El Consejo Escolar del Bosco respalda la construcci\u00f3n de un nuevo colegio - COPE Alcoy","robots":{"index":"index","follow":"follow","max-snippet":"max-snippet:-1","max-image-preview":"max-image-preview:large","max-video-preview":"max-video-preview:-1"},"canonical":"https:\/\/www.copealcoy.es\/es\/el-consejo-escolar-del-bosco-respalda-la-construccion-de-un-nuevo-colegio\/","og_locale":"es_ES","og_type":"article","og_title":"El Consejo Escolar del Bosco respalda la construcci\u00f3n de un nuevo colegio - COPE Alcoy","og_description":"El Consejo Escolar del Colegio San Juan Bosco de Cocentaina ha respaldado por unanimidad la propuesta de demoler\u00a0el actual edificio...","og_url":"https:\/\/www.copealcoy.es\/es\/el-consejo-escolar-del-bosco-respalda-la-construccion-de-un-nuevo-colegio\/","og_site_name":"COPE Alcoy","article_published_time":"2018-02-07T15:46:17+00:00","article_modified_time":"2018-02-07T15:48:56+00:00","og_image":[{"width":900,"height":599,"url":"https:\/\/www.copealcoy.es\/wp-content\/uploads\/2015\/03\/image16.jpg","type":"image\/jpeg"}],"author":"Cope Alcoy","twitter_misc":{"Escrito por":"Cope Alcoy","Tiempo de lectura":"1 minuto"},"schema":{"@context":"https:\/\/schema.org","@graph":[{"@type":"Article","@id":"https:\/\/www.copealcoy.es\/es\/el-consejo-escolar-del-bosco-respalda-la-construccion-de-un-nuevo-colegio\/#article","isPartOf":{"@id":"https:\/\/www.copealcoy.es\/es\/el-consejo-escolar-del-bosco-respalda-la-construccion-de-un-nuevo-colegio\/"},"author":{"name":"Cope Alcoy","@id":"https:\/\/www.copealcoy.es\/es\/#\/schema\/person\/e777c87fa024e57d40170af9df39882c"},"headline":"El Consejo Escolar del Bosco respalda la construcci\u00f3n de un nuevo colegio","datePublished":"2018-02-07T15:46:17+00:00","dateModified":"2018-02-07T15:48:56+00:00","mainEntityOfPage":{"@id":"https:\/\/www.copealcoy.es\/es\/el-consejo-escolar-del-bosco-respalda-la-construccion-de-un-nuevo-colegio\/"},"wordCount":251,"commentCount":0,"image":{"@id":"https:\/\/www.copealcoy.es\/es\/el-consejo-escolar-del-bosco-respalda-la-construccion-de-un-nuevo-colegio\/#primaryimage"},"thumbnailUrl":"https:\/\/www.copealcoy.es\/wp-content\/uploads\/2015\/03\/image16.jpg","keywords":["Bosco","Cocentaina","Consejo Escolar","construcci\u00f3n","nuevo colegio"],"articleSection":["Comarcas","Noticias"],"inLanguage":"es"},{"@type":"WebPage","@id":"https:\/\/www.copealcoy.es\/es\/el-consejo-escolar-del-bosco-respalda-la-construccion-de-un-nuevo-colegio\/","url":"https:\/\/www.copealcoy.es\/es\/el-consejo-escolar-del-bosco-respalda-la-construccion-de-un-nuevo-colegio\/","name":"El Consejo Escolar del Bosco respalda la construcci\u00f3n de un nuevo colegio - COPE Alcoy","isPartOf":{"@id":"https:\/\/www.copealcoy.es\/es\/#website"},"primaryImageOfPage":{"@id":"https:\/\/www.copealcoy.es\/es\/el-consejo-escolar-del-bosco-respalda-la-construccion-de-un-nuevo-colegio\/#primaryimage"},"image":{"@id":"https:\/\/www.copealcoy.es\/es\/el-consejo-escolar-del-bosco-respalda-la-construccion-de-un-nuevo-colegio\/#primaryimage"},"thumbnailUrl":"https:\/\/www.copealcoy.es\/wp-content\/uploads\/2015\/03\/image16.jpg","datePublished":"2018-02-07T15:46:17+00:00","dateModified":"2018-02-07T15:48:56+00:00","author":{"@id":"https:\/\/www.copealcoy.es\/es\/#\/schema\/person\/e777c87fa024e57d40170af9df39882c"},"breadcrumb":{"@id":"https:\/\/www.copealcoy.es\/es\/el-consejo-escolar-del-bosco-respalda-la-construccion-de-un-nuevo-colegio\/#breadcrumb"},"inLanguage":"es","potentialAction":[{"@type":"ReadAction","target":["https:\/\/www.copealcoy.es\/es\/el-consejo-escolar-del-bosco-respalda-la-construccion-de-un-nuevo-colegio\/"]}]},{"@type":"ImageObject","inLanguage":"es","@id":"https:\/\/www.copealcoy.es\/es\/el-consejo-escolar-del-bosco-respalda-la-construccion-de-un-nuevo-colegio\/#primaryimage","url":"https:\/\/www.copealcoy.es\/wp-content\/uploads\/2015\/03\/image16.jpg","contentUrl":"https:\/\/www.copealcoy.es\/wp-content\/uploads\/2015\/03\/image16.jpg","width":900,"height":599},{"@type":"BreadcrumbList","@id":"https:\/\/www.copealcoy.es\/es\/el-consejo-escolar-del-bosco-respalda-la-construccion-de-un-nuevo-colegio\/#breadcrumb","itemListElement":[{"@type":"ListItem","position":1,"name":"Portada","item":"https:\/\/www.copealcoy.es\/es\/"},{"@type":"ListItem","position":2,"name":"El Consejo Escolar del Bosco respalda la construcci\u00f3n de un nuevo colegio"}]},{"@type":"WebSite","@id":"https:\/\/www.copealcoy.es\/es\/#website","url":"https:\/\/www.copealcoy.es\/es\/","name":"COPE Alcoy","description":"Emisora COPE de radio local con emisi\u00f3n online. Pont de Sant Jordi 8-10 03803 Alcoy","potentialAction":[{"@type":"SearchAction","target":{"@type":"EntryPoint","urlTemplate":"https:\/\/www.copealcoy.es\/es\/?s={search_term_string}"},"query-input":{"@type":"PropertyValueSpecification","valueRequired":true,"valueName":"search_term_string"}}],"inLanguage":"es"},{"@type":"Person","@id":"https:\/\/www.copealcoy.es\/es\/#\/schema\/person\/e777c87fa024e57d40170af9df39882c","name":"Cope Alcoy","image":{"@type":"ImageObject","inLanguage":"es","@id":"https:\/\/secure.gravatar.com\/avatar\/bb65d0283347e303893ba14f0692005417c1e0e690a325a4c5d8bb2b3943ee14?s=96&d=mm&r=g","url":"https:\/\/secure.gravatar.com\/avatar\/bb65d0283347e303893ba14f0692005417c1e0e690a325a4c5d8bb2b3943ee14?s=96&d=mm&r=g","contentUrl":"https:\/\/secure.gravatar.com\/avatar\/bb65d0283347e303893ba14f0692005417c1e0e690a325a4c5d8bb2b3943ee14?s=96&d=mm&r=g","caption":"Cope Alcoy"}}]}},"_links":{"self":[{"href":"https:\/\/www.copealcoy.es\/es\/wp-json\/wp\/v2\/posts\/39043","targetHints":{"allow":["GET"]}}],"collection":[{"href":"https:\/\/www.copealcoy.es\/es\/wp-json\/wp\/v2\/posts"}],"about":[{"href":"https:\/\/www.copealcoy.es\/es\/wp-json\/wp\/v2\/types\/post"}],"author":[{"embeddable":true,"href":"https:\/\/www.copealcoy.es\/es\/wp-json\/wp\/v2\/users\/1"}],"replies":[{"embeddable":true,"href":"https:\/\/www.copealcoy.es\/es\/wp-json\/wp\/v2\/comments?post=39043"}],"version-history":[{"count":0,"href":"https:\/\/www.copealcoy.es\/es\/wp-json\/wp\/v2\/posts\/39043\/revisions"}],"wp:featuredmedia":[{"embeddable":true,"href":"https:\/\/www.copealcoy.es\/es\/wp-json\/wp\/v2\/media\/11074"}],"wp:attachment":[{"href":"https:\/\/www.copealcoy.es\/es\/wp-json\/wp\/v2\/media?parent=39043"}],"wp:term":[{"taxonomy":"category","embeddable":true,"href":"https:\/\/www.copealcoy.es\/es\/wp-json\/wp\/v2\/categories?post=39043"},{"taxonomy":"post_tag","embeddable":true,"href":"https:\/\/www.copealcoy.es\/es\/wp-json\/wp\/v2\/tags?post=39043"}],"curies":[{"name":"wp","href":"https:\/\/api.w.org\/{rel}","templated":true}]}}