{"id":39008,"date":"2018-02-06T15:54:52","date_gmt":"2018-02-06T15:54:52","guid":{"rendered":"http:\/\/copealcoi.es\/new\/?p=39008"},"modified":"2018-02-06T15:58:59","modified_gmt":"2018-02-06T15:58:59","slug":"aprobados-los-presupuestos-municipales-de-banyeres-de-mariola","status":"publish","type":"post","link":"https:\/\/www.copealcoy.es\/es\/aprobados-los-presupuestos-municipales-de-banyeres-de-mariola\/","title":{"rendered":"Aprobados los Presupuestos Municipales de Banyeres de Mariola"},"content":{"rendered":"<p style=\"text-align: justify;\">Banyeres de Mariola ha aprobado ya sus <strong>Presupuestos Municipales<\/strong> para este a\u00f1o 2018, unas cuentas que ascienden a <strong>los 7\u00b45 millones de euros<\/strong> y que salieron adelante en el Pleno del jueves con <strong>los votos favorables de Comprom\u00eds y del PSOE<\/strong> mientras que Ciudadanos y el Partido Popular votaron en contra.<\/p>\n<p style=\"text-align: justify;\">El presupuesto de Banyeres <strong>reserva tambi\u00e9n 1\u00b45 millones de euros para realizar inversiones<\/strong> entre las que destaca el proyecto de<strong> construcci\u00f3n de un muro de contenci\u00f3n<\/strong> en la calle Biar y otro en la Avinguda 25 d\u00b4abril con una cuant\u00eda de 174.000 euros. Adem\u00e1s se contemplan 140.000 euros <strong>para acondicionar las instalaciones deportivas<\/strong>,\u00a0106.000 euros <strong>para adecuar parque y jardines<\/strong> y una partida de 33.000 euros\u00a0<strong>para retirar la antigua instalaci\u00f3n de la calefacci\u00f3n del mercado municipal<\/strong> tras la instalaci\u00f3n de una nueva. De igual est\u00e1 previsto destinar 60.000 euros\u00a0<strong>para cambiar la puerta de acceso al Teatro Principal<\/strong>, una intervenci\u00f3n que se complementar\u00e1 en\u00a0sustituir los focos y solucionar un problema de humedades. Por \u00faltimo se han previsto 10.000 euros para <strong>la adquisici\u00f3n de un veh\u00edculo<\/strong> para el departamento de Servicios Sociales.<\/p>\n<div class=\"page\" title=\"Page 20\">\n<div class=\"layoutArea\" style=\"text-align: justify;\">\n<div class=\"column\">\n<p style=\"text-align: justify;\">El alcalde de Banyeres, <strong>Josep Sempere<\/strong>, ha calificado <strong>las cuentas de 2018<\/strong> como &#8220;<em>una\u00a0gu\u00eda de ruta y una declaraci\u00f3n de intenciones. Se han planteado desde el Gobierno Municipal en funci\u00f3n de c\u00f3mo hab\u00eda evolucionado el anterior ejercicio, tomando como base datos del todo reales. Estamos ante un presupuesto que apuesta por el est\u00edmulo a la econom\u00eda local y el mantenimiento de los servicios, todo ello bajo un estricto control presupuestario y con especial atenci\u00f3n a la educaci\u00f3n, la cultura, el deporte y la atenci\u00f3n ben\u00e9fica y asistencial<\/em>&#8220;, remarc\u00f3.<\/p>\n<\/div>\n<\/div>\n<p style=\"text-align: justify;\">Recordar que dentro de la inversiones previstas en el Presupuesto<strong> se prev\u00e9 tambi\u00e9n el asfaltado y la creaci\u00f3n de una zona de aparcamiento en la calle \u00c1ngel Torr\u00f3<\/strong> as\u00ed como la remodelaci\u00f3n de la escalinata de la iglesia.<\/p>\n<\/div>\n","protected":false},"excerpt":{"rendered":"<p>Banyeres de Mariola ha aprobado ya sus Presupuestos Municipales para este a\u00f1o 2018, unas cuentas que ascienden a los 7\u00b45&#8230;<\/p>\n","protected":false},"author":1,"featured_media":9113,"comment_status":"open","ping_status":"open","sticky":false,"template":"","format":"standard","meta":{"footnotes":""},"categories":[98,75],"tags":[482,425,237,3233,316],"class_list":["post-39008","post","type-post","status-publish","format-standard","has-post-thumbnail","hentry","category-comarcas","category-noticias","tag-alcoia","tag-banyeres","tag-comtat","tag-josep-sempere","tag-presupuestos"],"yoast_head":"<!-- This site is optimized with the Yoast SEO plugin v27.3 - https:\/\/yoast.com\/product\/yoast-seo-wordpress\/ -->\n<title>Aprobados los Presupuestos Municipales de Banyeres de Mariola - COPE Alcoy<\/title>\n<meta name=\"robots\" content=\"index, follow, max-snippet:-1, max-image-preview:large, max-video-preview:-1\" \/>\n<link rel=\"canonical\" href=\"https:\/\/www.copealcoy.es\/es\/aprobados-los-presupuestos-municipales-de-banyeres-de-mariola\/\" \/>\n<meta property=\"og:locale\" content=\"es_ES\" \/>\n<meta property=\"og:type\" content=\"article\" \/>\n<meta property=\"og:title\" content=\"Aprobados los Presupuestos Municipales de Banyeres de Mariola - COPE Alcoy\" \/>\n<meta property=\"og:description\" content=\"Banyeres de Mariola ha aprobado ya sus Presupuestos Municipales para este a\u00f1o 2018, unas cuentas que ascienden a los 7\u00b45...\" \/>\n<meta property=\"og:url\" content=\"https:\/\/www.copealcoy.es\/es\/aprobados-los-presupuestos-municipales-de-banyeres-de-mariola\/\" \/>\n<meta property=\"og:site_name\" content=\"COPE Alcoy\" \/>\n<meta property=\"article:published_time\" content=\"2018-02-06T15:54:52+00:00\" \/>\n<meta property=\"article:modified_time\" content=\"2018-02-06T15:58:59+00:00\" \/>\n<meta property=\"og:image\" content=\"https:\/\/www.copealcoy.es\/wp-content\/uploads\/2014\/12\/image99.jpg\" \/>\n\t<meta property=\"og:image:width\" content=\"567\" \/>\n\t<meta property=\"og:image:height\" content=\"426\" \/>\n\t<meta property=\"og:image:type\" content=\"image\/jpeg\" \/>\n<meta name=\"author\" content=\"Cope Alcoy\" \/>\n<meta name=\"twitter:label1\" content=\"Escrito por\" \/>\n\t<meta name=\"twitter:data1\" content=\"Cope Alcoy\" \/>\n\t<meta name=\"twitter:label2\" content=\"Tiempo de lectura\" \/>\n\t<meta name=\"twitter:data2\" content=\"2 minutos\" \/>\n<script type=\"application\/ld+json\" class=\"yoast-schema-graph\">{\"@context\":\"https:\\\/\\\/schema.org\",\"@graph\":[{\"@type\":\"Article\",\"@id\":\"https:\\\/\\\/www.copealcoy.es\\\/es\\\/aprobados-los-presupuestos-municipales-de-banyeres-de-mariola\\\/#article\",\"isPartOf\":{\"@id\":\"https:\\\/\\\/www.copealcoy.es\\\/es\\\/aprobados-los-presupuestos-municipales-de-banyeres-de-mariola\\\/\"},\"author\":{\"name\":\"Cope Alcoy\",\"@id\":\"https:\\\/\\\/www.copealcoy.es\\\/es\\\/#\\\/schema\\\/person\\\/e777c87fa024e57d40170af9df39882c\"},\"headline\":\"Aprobados los Presupuestos Municipales de Banyeres de Mariola\",\"datePublished\":\"2018-02-06T15:54:52+00:00\",\"dateModified\":\"2018-02-06T15:58:59+00:00\",\"mainEntityOfPage\":{\"@id\":\"https:\\\/\\\/www.copealcoy.es\\\/es\\\/aprobados-los-presupuestos-municipales-de-banyeres-de-mariola\\\/\"},\"wordCount\":336,\"commentCount\":0,\"image\":{\"@id\":\"https:\\\/\\\/www.copealcoy.es\\\/es\\\/aprobados-los-presupuestos-municipales-de-banyeres-de-mariola\\\/#primaryimage\"},\"thumbnailUrl\":\"https:\\\/\\\/www.copealcoy.es\\\/wp-content\\\/uploads\\\/2014\\\/12\\\/image99.jpg\",\"keywords\":[\"Alcoi\u00e0\",\"Banyeres\",\"Comtat\",\"Josep Sempere\",\"Presupuestos\"],\"articleSection\":[\"Comarcas\",\"Noticias\"],\"inLanguage\":\"es\"},{\"@type\":\"WebPage\",\"@id\":\"https:\\\/\\\/www.copealcoy.es\\\/es\\\/aprobados-los-presupuestos-municipales-de-banyeres-de-mariola\\\/\",\"url\":\"https:\\\/\\\/www.copealcoy.es\\\/es\\\/aprobados-los-presupuestos-municipales-de-banyeres-de-mariola\\\/\",\"name\":\"Aprobados los Presupuestos Municipales de Banyeres de Mariola - COPE Alcoy\",\"isPartOf\":{\"@id\":\"https:\\\/\\\/www.copealcoy.es\\\/es\\\/#website\"},\"primaryImageOfPage\":{\"@id\":\"https:\\\/\\\/www.copealcoy.es\\\/es\\\/aprobados-los-presupuestos-municipales-de-banyeres-de-mariola\\\/#primaryimage\"},\"image\":{\"@id\":\"https:\\\/\\\/www.copealcoy.es\\\/es\\\/aprobados-los-presupuestos-municipales-de-banyeres-de-mariola\\\/#primaryimage\"},\"thumbnailUrl\":\"https:\\\/\\\/www.copealcoy.es\\\/wp-content\\\/uploads\\\/2014\\\/12\\\/image99.jpg\",\"datePublished\":\"2018-02-06T15:54:52+00:00\",\"dateModified\":\"2018-02-06T15:58:59+00:00\",\"author\":{\"@id\":\"https:\\\/\\\/www.copealcoy.es\\\/es\\\/#\\\/schema\\\/person\\\/e777c87fa024e57d40170af9df39882c\"},\"breadcrumb\":{\"@id\":\"https:\\\/\\\/www.copealcoy.es\\\/es\\\/aprobados-los-presupuestos-municipales-de-banyeres-de-mariola\\\/#breadcrumb\"},\"inLanguage\":\"es\",\"potentialAction\":[{\"@type\":\"ReadAction\",\"target\":[\"https:\\\/\\\/www.copealcoy.es\\\/es\\\/aprobados-los-presupuestos-municipales-de-banyeres-de-mariola\\\/\"]}]},{\"@type\":\"ImageObject\",\"inLanguage\":\"es\",\"@id\":\"https:\\\/\\\/www.copealcoy.es\\\/es\\\/aprobados-los-presupuestos-municipales-de-banyeres-de-mariola\\\/#primaryimage\",\"url\":\"https:\\\/\\\/www.copealcoy.es\\\/wp-content\\\/uploads\\\/2014\\\/12\\\/image99.jpg\",\"contentUrl\":\"https:\\\/\\\/www.copealcoy.es\\\/wp-content\\\/uploads\\\/2014\\\/12\\\/image99.jpg\",\"width\":567,\"height\":426},{\"@type\":\"BreadcrumbList\",\"@id\":\"https:\\\/\\\/www.copealcoy.es\\\/es\\\/aprobados-los-presupuestos-municipales-de-banyeres-de-mariola\\\/#breadcrumb\",\"itemListElement\":[{\"@type\":\"ListItem\",\"position\":1,\"name\":\"Portada\",\"item\":\"https:\\\/\\\/www.copealcoy.es\\\/es\\\/\"},{\"@type\":\"ListItem\",\"position\":2,\"name\":\"Aprobados los Presupuestos Municipales de Banyeres de Mariola\"}]},{\"@type\":\"WebSite\",\"@id\":\"https:\\\/\\\/www.copealcoy.es\\\/es\\\/#website\",\"url\":\"https:\\\/\\\/www.copealcoy.es\\\/es\\\/\",\"name\":\"COPE Alcoy\",\"description\":\"Emisora COPE de radio local con emisi\u00f3n online. Pont de Sant Jordi 8-10 03803 Alcoy\",\"potentialAction\":[{\"@type\":\"SearchAction\",\"target\":{\"@type\":\"EntryPoint\",\"urlTemplate\":\"https:\\\/\\\/www.copealcoy.es\\\/es\\\/?s={search_term_string}\"},\"query-input\":{\"@type\":\"PropertyValueSpecification\",\"valueRequired\":true,\"valueName\":\"search_term_string\"}}],\"inLanguage\":\"es\"},{\"@type\":\"Person\",\"@id\":\"https:\\\/\\\/www.copealcoy.es\\\/es\\\/#\\\/schema\\\/person\\\/e777c87fa024e57d40170af9df39882c\",\"name\":\"Cope Alcoy\",\"image\":{\"@type\":\"ImageObject\",\"inLanguage\":\"es\",\"@id\":\"https:\\\/\\\/secure.gravatar.com\\\/avatar\\\/bb65d0283347e303893ba14f0692005417c1e0e690a325a4c5d8bb2b3943ee14?s=96&d=mm&r=g\",\"url\":\"https:\\\/\\\/secure.gravatar.com\\\/avatar\\\/bb65d0283347e303893ba14f0692005417c1e0e690a325a4c5d8bb2b3943ee14?s=96&d=mm&r=g\",\"contentUrl\":\"https:\\\/\\\/secure.gravatar.com\\\/avatar\\\/bb65d0283347e303893ba14f0692005417c1e0e690a325a4c5d8bb2b3943ee14?s=96&d=mm&r=g\",\"caption\":\"Cope Alcoy\"}}]}<\/script>\n<!-- \/ Yoast SEO plugin. -->","yoast_head_json":{"title":"Aprobados los Presupuestos Municipales de Banyeres de Mariola - COPE Alcoy","robots":{"index":"index","follow":"follow","max-snippet":"max-snippet:-1","max-image-preview":"max-image-preview:large","max-video-preview":"max-video-preview:-1"},"canonical":"https:\/\/www.copealcoy.es\/es\/aprobados-los-presupuestos-municipales-de-banyeres-de-mariola\/","og_locale":"es_ES","og_type":"article","og_title":"Aprobados los Presupuestos Municipales de Banyeres de Mariola - COPE Alcoy","og_description":"Banyeres de Mariola ha aprobado ya sus Presupuestos Municipales para este a\u00f1o 2018, unas cuentas que ascienden a los 7\u00b45...","og_url":"https:\/\/www.copealcoy.es\/es\/aprobados-los-presupuestos-municipales-de-banyeres-de-mariola\/","og_site_name":"COPE Alcoy","article_published_time":"2018-02-06T15:54:52+00:00","article_modified_time":"2018-02-06T15:58:59+00:00","og_image":[{"width":567,"height":426,"url":"https:\/\/www.copealcoy.es\/wp-content\/uploads\/2014\/12\/image99.jpg","type":"image\/jpeg"}],"author":"Cope Alcoy","twitter_misc":{"Escrito por":"Cope Alcoy","Tiempo de lectura":"2 minutos"},"schema":{"@context":"https:\/\/schema.org","@graph":[{"@type":"Article","@id":"https:\/\/www.copealcoy.es\/es\/aprobados-los-presupuestos-municipales-de-banyeres-de-mariola\/#article","isPartOf":{"@id":"https:\/\/www.copealcoy.es\/es\/aprobados-los-presupuestos-municipales-de-banyeres-de-mariola\/"},"author":{"name":"Cope Alcoy","@id":"https:\/\/www.copealcoy.es\/es\/#\/schema\/person\/e777c87fa024e57d40170af9df39882c"},"headline":"Aprobados los Presupuestos Municipales de Banyeres de Mariola","datePublished":"2018-02-06T15:54:52+00:00","dateModified":"2018-02-06T15:58:59+00:00","mainEntityOfPage":{"@id":"https:\/\/www.copealcoy.es\/es\/aprobados-los-presupuestos-municipales-de-banyeres-de-mariola\/"},"wordCount":336,"commentCount":0,"image":{"@id":"https:\/\/www.copealcoy.es\/es\/aprobados-los-presupuestos-municipales-de-banyeres-de-mariola\/#primaryimage"},"thumbnailUrl":"https:\/\/www.copealcoy.es\/wp-content\/uploads\/2014\/12\/image99.jpg","keywords":["Alcoi\u00e0","Banyeres","Comtat","Josep Sempere","Presupuestos"],"articleSection":["Comarcas","Noticias"],"inLanguage":"es"},{"@type":"WebPage","@id":"https:\/\/www.copealcoy.es\/es\/aprobados-los-presupuestos-municipales-de-banyeres-de-mariola\/","url":"https:\/\/www.copealcoy.es\/es\/aprobados-los-presupuestos-municipales-de-banyeres-de-mariola\/","name":"Aprobados los Presupuestos Municipales de Banyeres de Mariola - COPE Alcoy","isPartOf":{"@id":"https:\/\/www.copealcoy.es\/es\/#website"},"primaryImageOfPage":{"@id":"https:\/\/www.copealcoy.es\/es\/aprobados-los-presupuestos-municipales-de-banyeres-de-mariola\/#primaryimage"},"image":{"@id":"https:\/\/www.copealcoy.es\/es\/aprobados-los-presupuestos-municipales-de-banyeres-de-mariola\/#primaryimage"},"thumbnailUrl":"https:\/\/www.copealcoy.es\/wp-content\/uploads\/2014\/12\/image99.jpg","datePublished":"2018-02-06T15:54:52+00:00","dateModified":"2018-02-06T15:58:59+00:00","author":{"@id":"https:\/\/www.copealcoy.es\/es\/#\/schema\/person\/e777c87fa024e57d40170af9df39882c"},"breadcrumb":{"@id":"https:\/\/www.copealcoy.es\/es\/aprobados-los-presupuestos-municipales-de-banyeres-de-mariola\/#breadcrumb"},"inLanguage":"es","potentialAction":[{"@type":"ReadAction","target":["https:\/\/www.copealcoy.es\/es\/aprobados-los-presupuestos-municipales-de-banyeres-de-mariola\/"]}]},{"@type":"ImageObject","inLanguage":"es","@id":"https:\/\/www.copealcoy.es\/es\/aprobados-los-presupuestos-municipales-de-banyeres-de-mariola\/#primaryimage","url":"https:\/\/www.copealcoy.es\/wp-content\/uploads\/2014\/12\/image99.jpg","contentUrl":"https:\/\/www.copealcoy.es\/wp-content\/uploads\/2014\/12\/image99.jpg","width":567,"height":426},{"@type":"BreadcrumbList","@id":"https:\/\/www.copealcoy.es\/es\/aprobados-los-presupuestos-municipales-de-banyeres-de-mariola\/#breadcrumb","itemListElement":[{"@type":"ListItem","position":1,"name":"Portada","item":"https:\/\/www.copealcoy.es\/es\/"},{"@type":"ListItem","position":2,"name":"Aprobados los Presupuestos Municipales de Banyeres de Mariola"}]},{"@type":"WebSite","@id":"https:\/\/www.copealcoy.es\/es\/#website","url":"https:\/\/www.copealcoy.es\/es\/","name":"COPE Alcoy","description":"Emisora COPE de radio local con emisi\u00f3n online. Pont de Sant Jordi 8-10 03803 Alcoy","potentialAction":[{"@type":"SearchAction","target":{"@type":"EntryPoint","urlTemplate":"https:\/\/www.copealcoy.es\/es\/?s={search_term_string}"},"query-input":{"@type":"PropertyValueSpecification","valueRequired":true,"valueName":"search_term_string"}}],"inLanguage":"es"},{"@type":"Person","@id":"https:\/\/www.copealcoy.es\/es\/#\/schema\/person\/e777c87fa024e57d40170af9df39882c","name":"Cope Alcoy","image":{"@type":"ImageObject","inLanguage":"es","@id":"https:\/\/secure.gravatar.com\/avatar\/bb65d0283347e303893ba14f0692005417c1e0e690a325a4c5d8bb2b3943ee14?s=96&d=mm&r=g","url":"https:\/\/secure.gravatar.com\/avatar\/bb65d0283347e303893ba14f0692005417c1e0e690a325a4c5d8bb2b3943ee14?s=96&d=mm&r=g","contentUrl":"https:\/\/secure.gravatar.com\/avatar\/bb65d0283347e303893ba14f0692005417c1e0e690a325a4c5d8bb2b3943ee14?s=96&d=mm&r=g","caption":"Cope Alcoy"}}]}},"_links":{"self":[{"href":"https:\/\/www.copealcoy.es\/es\/wp-json\/wp\/v2\/posts\/39008","targetHints":{"allow":["GET"]}}],"collection":[{"href":"https:\/\/www.copealcoy.es\/es\/wp-json\/wp\/v2\/posts"}],"about":[{"href":"https:\/\/www.copealcoy.es\/es\/wp-json\/wp\/v2\/types\/post"}],"author":[{"embeddable":true,"href":"https:\/\/www.copealcoy.es\/es\/wp-json\/wp\/v2\/users\/1"}],"replies":[{"embeddable":true,"href":"https:\/\/www.copealcoy.es\/es\/wp-json\/wp\/v2\/comments?post=39008"}],"version-history":[{"count":0,"href":"https:\/\/www.copealcoy.es\/es\/wp-json\/wp\/v2\/posts\/39008\/revisions"}],"wp:featuredmedia":[{"embeddable":true,"href":"https:\/\/www.copealcoy.es\/es\/wp-json\/wp\/v2\/media\/9113"}],"wp:attachment":[{"href":"https:\/\/www.copealcoy.es\/es\/wp-json\/wp\/v2\/media?parent=39008"}],"wp:term":[{"taxonomy":"category","embeddable":true,"href":"https:\/\/www.copealcoy.es\/es\/wp-json\/wp\/v2\/categories?post=39008"},{"taxonomy":"post_tag","embeddable":true,"href":"https:\/\/www.copealcoy.es\/es\/wp-json\/wp\/v2\/tags?post=39008"}],"curies":[{"name":"wp","href":"https:\/\/api.w.org\/{rel}","templated":true}]}}