{"id":38878,"date":"2018-02-02T16:25:25","date_gmt":"2018-02-02T16:25:25","guid":{"rendered":"http:\/\/copealcoi.es\/new\/?p=38878"},"modified":"2018-02-02T16:25:52","modified_gmt":"2018-02-02T16:25:52","slug":"el-pp-pedira-que-se-agilicen-los-plazos-para-iniciar-la-revitalizacion-del-centro","status":"publish","type":"post","link":"https:\/\/www.copealcoy.es\/es\/el-pp-pedira-que-se-agilicen-los-plazos-para-iniciar-la-revitalizacion-del-centro\/","title":{"rendered":"El PP pedir\u00e1 que se agilicen los plazos para iniciar la revitalizaci\u00f3n del Centro"},"content":{"rendered":"<p style=\"text-align: justify;\">El Partido Popular de Alcoy exigir\u00e1 en el pr\u00f3ximo pleno municipal que el Gobierno Local defina un cronograma en el que se contemple la puesta en marcha de las diferentes mejoras que en su d\u00eda se comprometi\u00f3 a realizar en el Centro de la ciudad.<\/p>\n<p style=\"text-align: justify;\">Los populares alcoyanos recuerdan que algunas de sus propuestas para revitalizar el Centro fueron aceptadas por el Gobierno Municipal y destacan, por ejemplo, el refuerzo de la Polic\u00eda Local, el procedimiento para evitar la ocupaci\u00f3n ilegal de viviendas, el proyecto para minimizar el impacto visual de locales vac\u00edos mediante el montaje y decoraci\u00f3n de escaparates o\u00a0el estudio y valoraci\u00f3n de diferentes zonas para el acondicionamiento de aparcamientos del Centro. En el caso de esta \u00faltima los populares insisten en que ser\u00eda un importante revulsivo para la zona &#8220;con el presupuesto de 2018 se ha perdido una oportunidad para invertir en el centro, de hecho en lo que respecta al Plan de Acci\u00f3n Comercial, solo aparecen 50.000\u20ac para invertir en toda la ciudad&#8221;, afirma.<\/p>\n<p style=\"text-align: justify;\">Por \u00faltimo desde el PP explican que en los presupuestos para 2018 se han presupuestado 300.000\u20ac para el Centro, de los cuales 200.000\u20ac est\u00e1n en el aire, debido a que dependen del EDUSI &#8220;es inconcebible que el Alcalde nos apruebe las propuestas pero nunca lleguen. Desde el PP vamos a exigir un plazo para cada una de las actuaciones que se han aprobado&#8221;, concluye.<\/p>\n<p style=\"text-align: justify;\">\n","protected":false},"excerpt":{"rendered":"<p>El Partido Popular de Alcoy exigir\u00e1 en el pr\u00f3ximo pleno municipal que el Gobierno Local defina un cronograma en el&#8230;<\/p>\n","protected":false},"author":1,"featured_media":12275,"comment_status":"open","ping_status":"open","sticky":false,"template":"","format":"standard","meta":{"footnotes":""},"categories":[97,75,79],"tags":[1494,3212,295,448,4267,1939],"class_list":["post-38878","post","type-post","status-publish","format-standard","has-post-thumbnail","hentry","category-alcoy","category-noticias","category-politicayeconomia","tag-alcoy","tag-amalia-paya","tag-centro","tag-partido-popular","tag-plazos","tag-revitalizacion"],"yoast_head":"<!-- This site is optimized with the Yoast SEO plugin v27.3 - https:\/\/yoast.com\/product\/yoast-seo-wordpress\/ -->\n<title>El PP pedir\u00e1 que se agilicen los plazos para iniciar la revitalizaci\u00f3n del Centro - COPE Alcoy<\/title>\n<meta name=\"robots\" content=\"index, follow, max-snippet:-1, max-image-preview:large, max-video-preview:-1\" \/>\n<link rel=\"canonical\" href=\"https:\/\/www.copealcoy.es\/es\/el-pp-pedira-que-se-agilicen-los-plazos-para-iniciar-la-revitalizacion-del-centro\/\" \/>\n<meta property=\"og:locale\" content=\"es_ES\" \/>\n<meta property=\"og:type\" content=\"article\" \/>\n<meta property=\"og:title\" content=\"El PP pedir\u00e1 que se agilicen los plazos para iniciar la revitalizaci\u00f3n del Centro - COPE Alcoy\" \/>\n<meta property=\"og:description\" content=\"El Partido Popular de Alcoy exigir\u00e1 en el pr\u00f3ximo pleno municipal que el Gobierno Local defina un cronograma en el...\" \/>\n<meta property=\"og:url\" content=\"https:\/\/www.copealcoy.es\/es\/el-pp-pedira-que-se-agilicen-los-plazos-para-iniciar-la-revitalizacion-del-centro\/\" \/>\n<meta property=\"og:site_name\" content=\"COPE Alcoy\" \/>\n<meta property=\"article:published_time\" content=\"2018-02-02T16:25:25+00:00\" \/>\n<meta property=\"article:modified_time\" content=\"2018-02-02T16:25:52+00:00\" \/>\n<meta property=\"og:image\" content=\"https:\/\/www.copealcoy.es\/wp-content\/uploads\/2015\/04\/image9-660x330.jpg\" \/>\n\t<meta property=\"og:image:width\" content=\"660\" \/>\n\t<meta property=\"og:image:height\" content=\"330\" \/>\n\t<meta property=\"og:image:type\" content=\"image\/jpeg\" \/>\n<meta name=\"author\" content=\"Cope Alcoy\" \/>\n<meta name=\"twitter:label1\" content=\"Escrito por\" \/>\n\t<meta name=\"twitter:data1\" content=\"Cope Alcoy\" \/>\n\t<meta name=\"twitter:label2\" content=\"Tiempo de lectura\" \/>\n\t<meta name=\"twitter:data2\" content=\"1 minuto\" \/>\n<script type=\"application\/ld+json\" class=\"yoast-schema-graph\">{\"@context\":\"https:\\\/\\\/schema.org\",\"@graph\":[{\"@type\":\"Article\",\"@id\":\"https:\\\/\\\/www.copealcoy.es\\\/es\\\/el-pp-pedira-que-se-agilicen-los-plazos-para-iniciar-la-revitalizacion-del-centro\\\/#article\",\"isPartOf\":{\"@id\":\"https:\\\/\\\/www.copealcoy.es\\\/es\\\/el-pp-pedira-que-se-agilicen-los-plazos-para-iniciar-la-revitalizacion-del-centro\\\/\"},\"author\":{\"name\":\"Cope Alcoy\",\"@id\":\"https:\\\/\\\/www.copealcoy.es\\\/es\\\/#\\\/schema\\\/person\\\/e777c87fa024e57d40170af9df39882c\"},\"headline\":\"El PP pedir\u00e1 que se agilicen los plazos para iniciar la revitalizaci\u00f3n del Centro\",\"datePublished\":\"2018-02-02T16:25:25+00:00\",\"dateModified\":\"2018-02-02T16:25:52+00:00\",\"mainEntityOfPage\":{\"@id\":\"https:\\\/\\\/www.copealcoy.es\\\/es\\\/el-pp-pedira-que-se-agilicen-los-plazos-para-iniciar-la-revitalizacion-del-centro\\\/\"},\"wordCount\":253,\"commentCount\":0,\"image\":{\"@id\":\"https:\\\/\\\/www.copealcoy.es\\\/es\\\/el-pp-pedira-que-se-agilicen-los-plazos-para-iniciar-la-revitalizacion-del-centro\\\/#primaryimage\"},\"thumbnailUrl\":\"https:\\\/\\\/www.copealcoy.es\\\/wp-content\\\/uploads\\\/2015\\\/04\\\/image9-660x330.jpg\",\"keywords\":[\"Alcoy\",\"Amalia Pay\u00e0\",\"Centro\",\"Partido Popular\",\"plazos\",\"Revitalizaci\u00f3n\"],\"articleSection\":[\"Alcoy\",\"Noticias\",\"Pol\u00edtica y Econom\u00eda\"],\"inLanguage\":\"es\"},{\"@type\":\"WebPage\",\"@id\":\"https:\\\/\\\/www.copealcoy.es\\\/es\\\/el-pp-pedira-que-se-agilicen-los-plazos-para-iniciar-la-revitalizacion-del-centro\\\/\",\"url\":\"https:\\\/\\\/www.copealcoy.es\\\/es\\\/el-pp-pedira-que-se-agilicen-los-plazos-para-iniciar-la-revitalizacion-del-centro\\\/\",\"name\":\"El PP pedir\u00e1 que se agilicen los plazos para iniciar la revitalizaci\u00f3n del Centro - COPE Alcoy\",\"isPartOf\":{\"@id\":\"https:\\\/\\\/www.copealcoy.es\\\/es\\\/#website\"},\"primaryImageOfPage\":{\"@id\":\"https:\\\/\\\/www.copealcoy.es\\\/es\\\/el-pp-pedira-que-se-agilicen-los-plazos-para-iniciar-la-revitalizacion-del-centro\\\/#primaryimage\"},\"image\":{\"@id\":\"https:\\\/\\\/www.copealcoy.es\\\/es\\\/el-pp-pedira-que-se-agilicen-los-plazos-para-iniciar-la-revitalizacion-del-centro\\\/#primaryimage\"},\"thumbnailUrl\":\"https:\\\/\\\/www.copealcoy.es\\\/wp-content\\\/uploads\\\/2015\\\/04\\\/image9-660x330.jpg\",\"datePublished\":\"2018-02-02T16:25:25+00:00\",\"dateModified\":\"2018-02-02T16:25:52+00:00\",\"author\":{\"@id\":\"https:\\\/\\\/www.copealcoy.es\\\/es\\\/#\\\/schema\\\/person\\\/e777c87fa024e57d40170af9df39882c\"},\"breadcrumb\":{\"@id\":\"https:\\\/\\\/www.copealcoy.es\\\/es\\\/el-pp-pedira-que-se-agilicen-los-plazos-para-iniciar-la-revitalizacion-del-centro\\\/#breadcrumb\"},\"inLanguage\":\"es\",\"potentialAction\":[{\"@type\":\"ReadAction\",\"target\":[\"https:\\\/\\\/www.copealcoy.es\\\/es\\\/el-pp-pedira-que-se-agilicen-los-plazos-para-iniciar-la-revitalizacion-del-centro\\\/\"]}]},{\"@type\":\"ImageObject\",\"inLanguage\":\"es\",\"@id\":\"https:\\\/\\\/www.copealcoy.es\\\/es\\\/el-pp-pedira-que-se-agilicen-los-plazos-para-iniciar-la-revitalizacion-del-centro\\\/#primaryimage\",\"url\":\"https:\\\/\\\/www.copealcoy.es\\\/wp-content\\\/uploads\\\/2015\\\/04\\\/image9-660x330.jpg\",\"contentUrl\":\"https:\\\/\\\/www.copealcoy.es\\\/wp-content\\\/uploads\\\/2015\\\/04\\\/image9-660x330.jpg\",\"width\":660,\"height\":330},{\"@type\":\"BreadcrumbList\",\"@id\":\"https:\\\/\\\/www.copealcoy.es\\\/es\\\/el-pp-pedira-que-se-agilicen-los-plazos-para-iniciar-la-revitalizacion-del-centro\\\/#breadcrumb\",\"itemListElement\":[{\"@type\":\"ListItem\",\"position\":1,\"name\":\"Portada\",\"item\":\"https:\\\/\\\/www.copealcoy.es\\\/es\\\/\"},{\"@type\":\"ListItem\",\"position\":2,\"name\":\"El PP pedir\u00e1 que se agilicen los plazos para iniciar la revitalizaci\u00f3n del Centro\"}]},{\"@type\":\"WebSite\",\"@id\":\"https:\\\/\\\/www.copealcoy.es\\\/es\\\/#website\",\"url\":\"https:\\\/\\\/www.copealcoy.es\\\/es\\\/\",\"name\":\"COPE Alcoy\",\"description\":\"Emisora COPE de radio local con emisi\u00f3n online. Pont de Sant Jordi 8-10 03803 Alcoy\",\"potentialAction\":[{\"@type\":\"SearchAction\",\"target\":{\"@type\":\"EntryPoint\",\"urlTemplate\":\"https:\\\/\\\/www.copealcoy.es\\\/es\\\/?s={search_term_string}\"},\"query-input\":{\"@type\":\"PropertyValueSpecification\",\"valueRequired\":true,\"valueName\":\"search_term_string\"}}],\"inLanguage\":\"es\"},{\"@type\":\"Person\",\"@id\":\"https:\\\/\\\/www.copealcoy.es\\\/es\\\/#\\\/schema\\\/person\\\/e777c87fa024e57d40170af9df39882c\",\"name\":\"Cope Alcoy\",\"image\":{\"@type\":\"ImageObject\",\"inLanguage\":\"es\",\"@id\":\"https:\\\/\\\/secure.gravatar.com\\\/avatar\\\/bb65d0283347e303893ba14f0692005417c1e0e690a325a4c5d8bb2b3943ee14?s=96&d=mm&r=g\",\"url\":\"https:\\\/\\\/secure.gravatar.com\\\/avatar\\\/bb65d0283347e303893ba14f0692005417c1e0e690a325a4c5d8bb2b3943ee14?s=96&d=mm&r=g\",\"contentUrl\":\"https:\\\/\\\/secure.gravatar.com\\\/avatar\\\/bb65d0283347e303893ba14f0692005417c1e0e690a325a4c5d8bb2b3943ee14?s=96&d=mm&r=g\",\"caption\":\"Cope Alcoy\"}}]}<\/script>\n<!-- \/ Yoast SEO plugin. -->","yoast_head_json":{"title":"El PP pedir\u00e1 que se agilicen los plazos para iniciar la revitalizaci\u00f3n del Centro - COPE Alcoy","robots":{"index":"index","follow":"follow","max-snippet":"max-snippet:-1","max-image-preview":"max-image-preview:large","max-video-preview":"max-video-preview:-1"},"canonical":"https:\/\/www.copealcoy.es\/es\/el-pp-pedira-que-se-agilicen-los-plazos-para-iniciar-la-revitalizacion-del-centro\/","og_locale":"es_ES","og_type":"article","og_title":"El PP pedir\u00e1 que se agilicen los plazos para iniciar la revitalizaci\u00f3n del Centro - COPE Alcoy","og_description":"El Partido Popular de Alcoy exigir\u00e1 en el pr\u00f3ximo pleno municipal que el Gobierno Local defina un cronograma en el...","og_url":"https:\/\/www.copealcoy.es\/es\/el-pp-pedira-que-se-agilicen-los-plazos-para-iniciar-la-revitalizacion-del-centro\/","og_site_name":"COPE Alcoy","article_published_time":"2018-02-02T16:25:25+00:00","article_modified_time":"2018-02-02T16:25:52+00:00","og_image":[{"width":660,"height":330,"url":"https:\/\/www.copealcoy.es\/wp-content\/uploads\/2015\/04\/image9-660x330.jpg","type":"image\/jpeg"}],"author":"Cope Alcoy","twitter_misc":{"Escrito por":"Cope Alcoy","Tiempo de lectura":"1 minuto"},"schema":{"@context":"https:\/\/schema.org","@graph":[{"@type":"Article","@id":"https:\/\/www.copealcoy.es\/es\/el-pp-pedira-que-se-agilicen-los-plazos-para-iniciar-la-revitalizacion-del-centro\/#article","isPartOf":{"@id":"https:\/\/www.copealcoy.es\/es\/el-pp-pedira-que-se-agilicen-los-plazos-para-iniciar-la-revitalizacion-del-centro\/"},"author":{"name":"Cope Alcoy","@id":"https:\/\/www.copealcoy.es\/es\/#\/schema\/person\/e777c87fa024e57d40170af9df39882c"},"headline":"El PP pedir\u00e1 que se agilicen los plazos para iniciar la revitalizaci\u00f3n del Centro","datePublished":"2018-02-02T16:25:25+00:00","dateModified":"2018-02-02T16:25:52+00:00","mainEntityOfPage":{"@id":"https:\/\/www.copealcoy.es\/es\/el-pp-pedira-que-se-agilicen-los-plazos-para-iniciar-la-revitalizacion-del-centro\/"},"wordCount":253,"commentCount":0,"image":{"@id":"https:\/\/www.copealcoy.es\/es\/el-pp-pedira-que-se-agilicen-los-plazos-para-iniciar-la-revitalizacion-del-centro\/#primaryimage"},"thumbnailUrl":"https:\/\/www.copealcoy.es\/wp-content\/uploads\/2015\/04\/image9-660x330.jpg","keywords":["Alcoy","Amalia Pay\u00e0","Centro","Partido Popular","plazos","Revitalizaci\u00f3n"],"articleSection":["Alcoy","Noticias","Pol\u00edtica y Econom\u00eda"],"inLanguage":"es"},{"@type":"WebPage","@id":"https:\/\/www.copealcoy.es\/es\/el-pp-pedira-que-se-agilicen-los-plazos-para-iniciar-la-revitalizacion-del-centro\/","url":"https:\/\/www.copealcoy.es\/es\/el-pp-pedira-que-se-agilicen-los-plazos-para-iniciar-la-revitalizacion-del-centro\/","name":"El PP pedir\u00e1 que se agilicen los plazos para iniciar la revitalizaci\u00f3n del Centro - COPE Alcoy","isPartOf":{"@id":"https:\/\/www.copealcoy.es\/es\/#website"},"primaryImageOfPage":{"@id":"https:\/\/www.copealcoy.es\/es\/el-pp-pedira-que-se-agilicen-los-plazos-para-iniciar-la-revitalizacion-del-centro\/#primaryimage"},"image":{"@id":"https:\/\/www.copealcoy.es\/es\/el-pp-pedira-que-se-agilicen-los-plazos-para-iniciar-la-revitalizacion-del-centro\/#primaryimage"},"thumbnailUrl":"https:\/\/www.copealcoy.es\/wp-content\/uploads\/2015\/04\/image9-660x330.jpg","datePublished":"2018-02-02T16:25:25+00:00","dateModified":"2018-02-02T16:25:52+00:00","author":{"@id":"https:\/\/www.copealcoy.es\/es\/#\/schema\/person\/e777c87fa024e57d40170af9df39882c"},"breadcrumb":{"@id":"https:\/\/www.copealcoy.es\/es\/el-pp-pedira-que-se-agilicen-los-plazos-para-iniciar-la-revitalizacion-del-centro\/#breadcrumb"},"inLanguage":"es","potentialAction":[{"@type":"ReadAction","target":["https:\/\/www.copealcoy.es\/es\/el-pp-pedira-que-se-agilicen-los-plazos-para-iniciar-la-revitalizacion-del-centro\/"]}]},{"@type":"ImageObject","inLanguage":"es","@id":"https:\/\/www.copealcoy.es\/es\/el-pp-pedira-que-se-agilicen-los-plazos-para-iniciar-la-revitalizacion-del-centro\/#primaryimage","url":"https:\/\/www.copealcoy.es\/wp-content\/uploads\/2015\/04\/image9-660x330.jpg","contentUrl":"https:\/\/www.copealcoy.es\/wp-content\/uploads\/2015\/04\/image9-660x330.jpg","width":660,"height":330},{"@type":"BreadcrumbList","@id":"https:\/\/www.copealcoy.es\/es\/el-pp-pedira-que-se-agilicen-los-plazos-para-iniciar-la-revitalizacion-del-centro\/#breadcrumb","itemListElement":[{"@type":"ListItem","position":1,"name":"Portada","item":"https:\/\/www.copealcoy.es\/es\/"},{"@type":"ListItem","position":2,"name":"El PP pedir\u00e1 que se agilicen los plazos para iniciar la revitalizaci\u00f3n del Centro"}]},{"@type":"WebSite","@id":"https:\/\/www.copealcoy.es\/es\/#website","url":"https:\/\/www.copealcoy.es\/es\/","name":"COPE Alcoy","description":"Emisora COPE de radio local con emisi\u00f3n online. Pont de Sant Jordi 8-10 03803 Alcoy","potentialAction":[{"@type":"SearchAction","target":{"@type":"EntryPoint","urlTemplate":"https:\/\/www.copealcoy.es\/es\/?s={search_term_string}"},"query-input":{"@type":"PropertyValueSpecification","valueRequired":true,"valueName":"search_term_string"}}],"inLanguage":"es"},{"@type":"Person","@id":"https:\/\/www.copealcoy.es\/es\/#\/schema\/person\/e777c87fa024e57d40170af9df39882c","name":"Cope Alcoy","image":{"@type":"ImageObject","inLanguage":"es","@id":"https:\/\/secure.gravatar.com\/avatar\/bb65d0283347e303893ba14f0692005417c1e0e690a325a4c5d8bb2b3943ee14?s=96&d=mm&r=g","url":"https:\/\/secure.gravatar.com\/avatar\/bb65d0283347e303893ba14f0692005417c1e0e690a325a4c5d8bb2b3943ee14?s=96&d=mm&r=g","contentUrl":"https:\/\/secure.gravatar.com\/avatar\/bb65d0283347e303893ba14f0692005417c1e0e690a325a4c5d8bb2b3943ee14?s=96&d=mm&r=g","caption":"Cope Alcoy"}}]}},"_links":{"self":[{"href":"https:\/\/www.copealcoy.es\/es\/wp-json\/wp\/v2\/posts\/38878","targetHints":{"allow":["GET"]}}],"collection":[{"href":"https:\/\/www.copealcoy.es\/es\/wp-json\/wp\/v2\/posts"}],"about":[{"href":"https:\/\/www.copealcoy.es\/es\/wp-json\/wp\/v2\/types\/post"}],"author":[{"embeddable":true,"href":"https:\/\/www.copealcoy.es\/es\/wp-json\/wp\/v2\/users\/1"}],"replies":[{"embeddable":true,"href":"https:\/\/www.copealcoy.es\/es\/wp-json\/wp\/v2\/comments?post=38878"}],"version-history":[{"count":0,"href":"https:\/\/www.copealcoy.es\/es\/wp-json\/wp\/v2\/posts\/38878\/revisions"}],"wp:featuredmedia":[{"embeddable":true,"href":"https:\/\/www.copealcoy.es\/es\/wp-json\/wp\/v2\/media\/12275"}],"wp:attachment":[{"href":"https:\/\/www.copealcoy.es\/es\/wp-json\/wp\/v2\/media?parent=38878"}],"wp:term":[{"taxonomy":"category","embeddable":true,"href":"https:\/\/www.copealcoy.es\/es\/wp-json\/wp\/v2\/categories?post=38878"},{"taxonomy":"post_tag","embeddable":true,"href":"https:\/\/www.copealcoy.es\/es\/wp-json\/wp\/v2\/tags?post=38878"}],"curies":[{"name":"wp","href":"https:\/\/api.w.org\/{rel}","templated":true}]}}