{"id":38842,"date":"2018-02-01T17:48:08","date_gmt":"2018-02-01T17:48:08","guid":{"rendered":"http:\/\/copealcoi.es\/new\/?p=38842"},"modified":"2018-02-01T18:01:09","modified_gmt":"2018-02-01T18:01:09","slug":"alcoy-mostrara-el-funcionamiento-de-los-servicios-de-emergencia","status":"publish","type":"post","link":"https:\/\/www.copealcoy.es\/es\/alcoy-mostrara-el-funcionamiento-de-los-servicios-de-emergencia\/","title":{"rendered":"Alcoy mostrar\u00e1 el funcionamiento de los servicios de emergencia"},"content":{"rendered":"<p style=\"text-align: justify;\">Alcoy acoger\u00e1 <strong>el pr\u00f3ximo 10 de febrero<\/strong> la edici\u00f3n n\u00famero diecisiete de <strong>las jornadas de puertas abiertas de seguridad y emergencia<\/strong> que organiza la &#8216;Ag\u00e8ncia Valenciana de Seguretat i Resposta a Emerg\u00e8ncies&#8217; en colaboraci\u00f3n, en esta ocasi\u00f3n, con el Ayuntamiento de la ciudad.<\/p>\n<p style=\"text-align: justify;\">Durante este d\u00eda, a partir de las diez y media de la ma\u00f1ana, <strong>se podr\u00e1 conocer c\u00f3mo trabajan los diferentes efectivos<\/strong> y c\u00f3mo <strong>funcionan tambi\u00e9n servicios como los veh\u00edculos de emergencias o los grupos de rescates<\/strong> con sus perros. Est\u00e1 prevista la participaci\u00f3n de <strong>unas 400 personas y se expondr\u00e1n 125 veh\u00edculos<\/strong> &#8220;<em>la idea es que los ni\u00f1os puedan subirse a los coches o ver en primera personas las diferentes exhibiciones. Esta actividad recorre cada a\u00f1o una ciudad de la Comunidad Valenciana y en esta ocasi\u00f3n hemos hecho parada en Alcoy porque est\u00e1 muy preparada para hacer frente a emergencias<\/em>&#8220;, ha afirmado <strong>Jos\u00e9 Mar\u00eda \u00c1ngel<\/strong>, Director General de Emergencias de la Generalitat.<\/p>\n<p style=\"text-align: justify;\">Esta jornada <strong>ir\u00e1 precedida de\u00a0varias actividades para los escolares de Alcoy y de nuestras comarcas<\/strong>, que se llevar\u00e1n a cabo el viernes 9 de febrero en la Plaza Al &#8211; Azraq y el entorno de las Aulas Verdes, e <strong>incluir\u00e1 un simulacro de incendio<\/strong> en el edificio que ocupaban antes los Juzgados &#8220;<em>el Ayuntamiento ha hecho esta propuesta y ha sido aceptada para complementar las jornadas<\/em>&#8220;, coment\u00f3 el alcalde, Antonio Franc\u00e9s.<\/p>\n<p style=\"text-align: justify;\">Indicar que en la presentaci\u00f3n de las citadas jornadas el\u00a0Director General de Emergencias de la Generalitat,\u00a0Jos\u00e9 Mar\u00eda \u00c1ngel, inform\u00f3 que <strong>el 112 recibe m\u00e1s de 8.000 llamadas diarias y atienden en 5 idiomas<\/strong>: valenciano, castellano, ingl\u00e9s, franc\u00e9s y alem\u00e1n.<\/p>\n<p><iframe loading=\"lazy\" title=\"RP - XVII jornada de portes obertes sobre emerg\u00e8ncies i seguretat p\u00fablica (01\/02\/2918)\" width=\"1200\" height=\"675\" src=\"https:\/\/www.youtube.com\/embed\/H7bCWT8Zv40?feature=oembed\" frameborder=\"0\" allow=\"accelerometer; autoplay; encrypted-media; gyroscope; picture-in-picture\" allowfullscreen><\/iframe><\/p>\n","protected":false},"excerpt":{"rendered":"<p>Alcoy acoger\u00e1 el pr\u00f3ximo 10 de febrero la edici\u00f3n n\u00famero diecisiete de las jornadas de puertas abiertas de seguridad y&#8230;<\/p>\n","protected":false},"author":1,"featured_media":38843,"comment_status":"open","ping_status":"open","sticky":false,"template":"","format":"standard","meta":{"footnotes":""},"categories":[97,75,125],"tags":[1494,1793,1350,5185,5187,5186,367,1489],"class_list":["post-38842","post","type-post","status-publish","format-standard","has-post-thumbnail","hentry","category-alcoy","category-noticias","category-portada","tag-alcoy","tag-antonio-frances","tag-emergencias","tag-funcionamiento","tag-jorge-suarez","tag-jose-maria-angel","tag-seguridad","tag-servicios"],"yoast_head":"<!-- This site is optimized with the Yoast SEO plugin v27.3 - https:\/\/yoast.com\/product\/yoast-seo-wordpress\/ -->\n<title>Alcoy mostrar\u00e1 el funcionamiento de los servicios de emergencia - COPE Alcoy<\/title>\n<meta name=\"robots\" content=\"index, follow, max-snippet:-1, max-image-preview:large, max-video-preview:-1\" \/>\n<link rel=\"canonical\" href=\"https:\/\/www.copealcoy.es\/es\/alcoy-mostrara-el-funcionamiento-de-los-servicios-de-emergencia\/\" \/>\n<meta property=\"og:locale\" content=\"es_ES\" \/>\n<meta property=\"og:type\" content=\"article\" \/>\n<meta property=\"og:title\" content=\"Alcoy mostrar\u00e1 el funcionamiento de los servicios de emergencia - COPE Alcoy\" \/>\n<meta property=\"og:description\" content=\"Alcoy acoger\u00e1 el pr\u00f3ximo 10 de febrero la edici\u00f3n n\u00famero diecisiete de las jornadas de puertas abiertas de seguridad y...\" \/>\n<meta property=\"og:url\" content=\"https:\/\/www.copealcoy.es\/es\/alcoy-mostrara-el-funcionamiento-de-los-servicios-de-emergencia\/\" \/>\n<meta property=\"og:site_name\" content=\"COPE Alcoy\" \/>\n<meta property=\"article:published_time\" content=\"2018-02-01T17:48:08+00:00\" \/>\n<meta property=\"article:modified_time\" content=\"2018-02-01T18:01:09+00:00\" \/>\n<meta property=\"og:image\" content=\"https:\/\/www.copealcoy.es\/wp-content\/uploads\/2018\/02\/emergencies-3-e1517507371280.jpg\" \/>\n\t<meta property=\"og:image:width\" content=\"4272\" \/>\n\t<meta property=\"og:image:height\" content=\"2250\" \/>\n\t<meta property=\"og:image:type\" content=\"image\/jpeg\" \/>\n<meta name=\"author\" content=\"Cope Alcoy\" \/>\n<meta name=\"twitter:label1\" content=\"Escrito por\" \/>\n\t<meta name=\"twitter:data1\" content=\"Cope Alcoy\" \/>\n\t<meta name=\"twitter:label2\" content=\"Tiempo de lectura\" \/>\n\t<meta name=\"twitter:data2\" content=\"1 minuto\" \/>\n<script type=\"application\/ld+json\" class=\"yoast-schema-graph\">{\"@context\":\"https:\\\/\\\/schema.org\",\"@graph\":[{\"@type\":\"Article\",\"@id\":\"https:\\\/\\\/www.copealcoy.es\\\/es\\\/alcoy-mostrara-el-funcionamiento-de-los-servicios-de-emergencia\\\/#article\",\"isPartOf\":{\"@id\":\"https:\\\/\\\/www.copealcoy.es\\\/es\\\/alcoy-mostrara-el-funcionamiento-de-los-servicios-de-emergencia\\\/\"},\"author\":{\"name\":\"Cope Alcoy\",\"@id\":\"https:\\\/\\\/www.copealcoy.es\\\/es\\\/#\\\/schema\\\/person\\\/e777c87fa024e57d40170af9df39882c\"},\"headline\":\"Alcoy mostrar\u00e1 el funcionamiento de los servicios de emergencia\",\"datePublished\":\"2018-02-01T17:48:08+00:00\",\"dateModified\":\"2018-02-01T18:01:09+00:00\",\"mainEntityOfPage\":{\"@id\":\"https:\\\/\\\/www.copealcoy.es\\\/es\\\/alcoy-mostrara-el-funcionamiento-de-los-servicios-de-emergencia\\\/\"},\"wordCount\":307,\"commentCount\":0,\"image\":{\"@id\":\"https:\\\/\\\/www.copealcoy.es\\\/es\\\/alcoy-mostrara-el-funcionamiento-de-los-servicios-de-emergencia\\\/#primaryimage\"},\"thumbnailUrl\":\"https:\\\/\\\/www.copealcoy.es\\\/wp-content\\\/uploads\\\/2018\\\/02\\\/emergencies-3-e1517507371280.jpg\",\"keywords\":[\"Alcoy\",\"Antonio Franc\u00e9s\",\"emergencias\",\"funcionamiento\",\"Jorge Su\u00e1rez\",\"Jos\u00e9 Mar\u00eda \u00c1ngel\",\"Seguridad\",\"Servicios\"],\"articleSection\":[\"Alcoy\",\"Noticias\",\"Portada\"],\"inLanguage\":\"es\"},{\"@type\":\"WebPage\",\"@id\":\"https:\\\/\\\/www.copealcoy.es\\\/es\\\/alcoy-mostrara-el-funcionamiento-de-los-servicios-de-emergencia\\\/\",\"url\":\"https:\\\/\\\/www.copealcoy.es\\\/es\\\/alcoy-mostrara-el-funcionamiento-de-los-servicios-de-emergencia\\\/\",\"name\":\"Alcoy mostrar\u00e1 el funcionamiento de los servicios de emergencia - COPE Alcoy\",\"isPartOf\":{\"@id\":\"https:\\\/\\\/www.copealcoy.es\\\/es\\\/#website\"},\"primaryImageOfPage\":{\"@id\":\"https:\\\/\\\/www.copealcoy.es\\\/es\\\/alcoy-mostrara-el-funcionamiento-de-los-servicios-de-emergencia\\\/#primaryimage\"},\"image\":{\"@id\":\"https:\\\/\\\/www.copealcoy.es\\\/es\\\/alcoy-mostrara-el-funcionamiento-de-los-servicios-de-emergencia\\\/#primaryimage\"},\"thumbnailUrl\":\"https:\\\/\\\/www.copealcoy.es\\\/wp-content\\\/uploads\\\/2018\\\/02\\\/emergencies-3-e1517507371280.jpg\",\"datePublished\":\"2018-02-01T17:48:08+00:00\",\"dateModified\":\"2018-02-01T18:01:09+00:00\",\"author\":{\"@id\":\"https:\\\/\\\/www.copealcoy.es\\\/es\\\/#\\\/schema\\\/person\\\/e777c87fa024e57d40170af9df39882c\"},\"breadcrumb\":{\"@id\":\"https:\\\/\\\/www.copealcoy.es\\\/es\\\/alcoy-mostrara-el-funcionamiento-de-los-servicios-de-emergencia\\\/#breadcrumb\"},\"inLanguage\":\"es\",\"potentialAction\":[{\"@type\":\"ReadAction\",\"target\":[\"https:\\\/\\\/www.copealcoy.es\\\/es\\\/alcoy-mostrara-el-funcionamiento-de-los-servicios-de-emergencia\\\/\"]}]},{\"@type\":\"ImageObject\",\"inLanguage\":\"es\",\"@id\":\"https:\\\/\\\/www.copealcoy.es\\\/es\\\/alcoy-mostrara-el-funcionamiento-de-los-servicios-de-emergencia\\\/#primaryimage\",\"url\":\"https:\\\/\\\/www.copealcoy.es\\\/wp-content\\\/uploads\\\/2018\\\/02\\\/emergencies-3-e1517507371280.jpg\",\"contentUrl\":\"https:\\\/\\\/www.copealcoy.es\\\/wp-content\\\/uploads\\\/2018\\\/02\\\/emergencies-3-e1517507371280.jpg\",\"width\":4272,\"height\":2250},{\"@type\":\"BreadcrumbList\",\"@id\":\"https:\\\/\\\/www.copealcoy.es\\\/es\\\/alcoy-mostrara-el-funcionamiento-de-los-servicios-de-emergencia\\\/#breadcrumb\",\"itemListElement\":[{\"@type\":\"ListItem\",\"position\":1,\"name\":\"Portada\",\"item\":\"https:\\\/\\\/www.copealcoy.es\\\/es\\\/\"},{\"@type\":\"ListItem\",\"position\":2,\"name\":\"Alcoy mostrar\u00e1 el funcionamiento de los servicios de emergencia\"}]},{\"@type\":\"WebSite\",\"@id\":\"https:\\\/\\\/www.copealcoy.es\\\/es\\\/#website\",\"url\":\"https:\\\/\\\/www.copealcoy.es\\\/es\\\/\",\"name\":\"COPE Alcoy\",\"description\":\"Emisora COPE de radio local con emisi\u00f3n online. Pont de Sant Jordi 8-10 03803 Alcoy\",\"potentialAction\":[{\"@type\":\"SearchAction\",\"target\":{\"@type\":\"EntryPoint\",\"urlTemplate\":\"https:\\\/\\\/www.copealcoy.es\\\/es\\\/?s={search_term_string}\"},\"query-input\":{\"@type\":\"PropertyValueSpecification\",\"valueRequired\":true,\"valueName\":\"search_term_string\"}}],\"inLanguage\":\"es\"},{\"@type\":\"Person\",\"@id\":\"https:\\\/\\\/www.copealcoy.es\\\/es\\\/#\\\/schema\\\/person\\\/e777c87fa024e57d40170af9df39882c\",\"name\":\"Cope Alcoy\",\"image\":{\"@type\":\"ImageObject\",\"inLanguage\":\"es\",\"@id\":\"https:\\\/\\\/secure.gravatar.com\\\/avatar\\\/bb65d0283347e303893ba14f0692005417c1e0e690a325a4c5d8bb2b3943ee14?s=96&d=mm&r=g\",\"url\":\"https:\\\/\\\/secure.gravatar.com\\\/avatar\\\/bb65d0283347e303893ba14f0692005417c1e0e690a325a4c5d8bb2b3943ee14?s=96&d=mm&r=g\",\"contentUrl\":\"https:\\\/\\\/secure.gravatar.com\\\/avatar\\\/bb65d0283347e303893ba14f0692005417c1e0e690a325a4c5d8bb2b3943ee14?s=96&d=mm&r=g\",\"caption\":\"Cope Alcoy\"}}]}<\/script>\n<!-- \/ Yoast SEO plugin. -->","yoast_head_json":{"title":"Alcoy mostrar\u00e1 el funcionamiento de los servicios de emergencia - COPE Alcoy","robots":{"index":"index","follow":"follow","max-snippet":"max-snippet:-1","max-image-preview":"max-image-preview:large","max-video-preview":"max-video-preview:-1"},"canonical":"https:\/\/www.copealcoy.es\/es\/alcoy-mostrara-el-funcionamiento-de-los-servicios-de-emergencia\/","og_locale":"es_ES","og_type":"article","og_title":"Alcoy mostrar\u00e1 el funcionamiento de los servicios de emergencia - COPE Alcoy","og_description":"Alcoy acoger\u00e1 el pr\u00f3ximo 10 de febrero la edici\u00f3n n\u00famero diecisiete de las jornadas de puertas abiertas de seguridad y...","og_url":"https:\/\/www.copealcoy.es\/es\/alcoy-mostrara-el-funcionamiento-de-los-servicios-de-emergencia\/","og_site_name":"COPE Alcoy","article_published_time":"2018-02-01T17:48:08+00:00","article_modified_time":"2018-02-01T18:01:09+00:00","og_image":[{"width":4272,"height":2250,"url":"https:\/\/www.copealcoy.es\/wp-content\/uploads\/2018\/02\/emergencies-3-e1517507371280.jpg","type":"image\/jpeg"}],"author":"Cope Alcoy","twitter_misc":{"Escrito por":"Cope Alcoy","Tiempo de lectura":"1 minuto"},"schema":{"@context":"https:\/\/schema.org","@graph":[{"@type":"Article","@id":"https:\/\/www.copealcoy.es\/es\/alcoy-mostrara-el-funcionamiento-de-los-servicios-de-emergencia\/#article","isPartOf":{"@id":"https:\/\/www.copealcoy.es\/es\/alcoy-mostrara-el-funcionamiento-de-los-servicios-de-emergencia\/"},"author":{"name":"Cope Alcoy","@id":"https:\/\/www.copealcoy.es\/es\/#\/schema\/person\/e777c87fa024e57d40170af9df39882c"},"headline":"Alcoy mostrar\u00e1 el funcionamiento de los servicios de emergencia","datePublished":"2018-02-01T17:48:08+00:00","dateModified":"2018-02-01T18:01:09+00:00","mainEntityOfPage":{"@id":"https:\/\/www.copealcoy.es\/es\/alcoy-mostrara-el-funcionamiento-de-los-servicios-de-emergencia\/"},"wordCount":307,"commentCount":0,"image":{"@id":"https:\/\/www.copealcoy.es\/es\/alcoy-mostrara-el-funcionamiento-de-los-servicios-de-emergencia\/#primaryimage"},"thumbnailUrl":"https:\/\/www.copealcoy.es\/wp-content\/uploads\/2018\/02\/emergencies-3-e1517507371280.jpg","keywords":["Alcoy","Antonio Franc\u00e9s","emergencias","funcionamiento","Jorge Su\u00e1rez","Jos\u00e9 Mar\u00eda \u00c1ngel","Seguridad","Servicios"],"articleSection":["Alcoy","Noticias","Portada"],"inLanguage":"es"},{"@type":"WebPage","@id":"https:\/\/www.copealcoy.es\/es\/alcoy-mostrara-el-funcionamiento-de-los-servicios-de-emergencia\/","url":"https:\/\/www.copealcoy.es\/es\/alcoy-mostrara-el-funcionamiento-de-los-servicios-de-emergencia\/","name":"Alcoy mostrar\u00e1 el funcionamiento de los servicios de emergencia - COPE Alcoy","isPartOf":{"@id":"https:\/\/www.copealcoy.es\/es\/#website"},"primaryImageOfPage":{"@id":"https:\/\/www.copealcoy.es\/es\/alcoy-mostrara-el-funcionamiento-de-los-servicios-de-emergencia\/#primaryimage"},"image":{"@id":"https:\/\/www.copealcoy.es\/es\/alcoy-mostrara-el-funcionamiento-de-los-servicios-de-emergencia\/#primaryimage"},"thumbnailUrl":"https:\/\/www.copealcoy.es\/wp-content\/uploads\/2018\/02\/emergencies-3-e1517507371280.jpg","datePublished":"2018-02-01T17:48:08+00:00","dateModified":"2018-02-01T18:01:09+00:00","author":{"@id":"https:\/\/www.copealcoy.es\/es\/#\/schema\/person\/e777c87fa024e57d40170af9df39882c"},"breadcrumb":{"@id":"https:\/\/www.copealcoy.es\/es\/alcoy-mostrara-el-funcionamiento-de-los-servicios-de-emergencia\/#breadcrumb"},"inLanguage":"es","potentialAction":[{"@type":"ReadAction","target":["https:\/\/www.copealcoy.es\/es\/alcoy-mostrara-el-funcionamiento-de-los-servicios-de-emergencia\/"]}]},{"@type":"ImageObject","inLanguage":"es","@id":"https:\/\/www.copealcoy.es\/es\/alcoy-mostrara-el-funcionamiento-de-los-servicios-de-emergencia\/#primaryimage","url":"https:\/\/www.copealcoy.es\/wp-content\/uploads\/2018\/02\/emergencies-3-e1517507371280.jpg","contentUrl":"https:\/\/www.copealcoy.es\/wp-content\/uploads\/2018\/02\/emergencies-3-e1517507371280.jpg","width":4272,"height":2250},{"@type":"BreadcrumbList","@id":"https:\/\/www.copealcoy.es\/es\/alcoy-mostrara-el-funcionamiento-de-los-servicios-de-emergencia\/#breadcrumb","itemListElement":[{"@type":"ListItem","position":1,"name":"Portada","item":"https:\/\/www.copealcoy.es\/es\/"},{"@type":"ListItem","position":2,"name":"Alcoy mostrar\u00e1 el funcionamiento de los servicios de emergencia"}]},{"@type":"WebSite","@id":"https:\/\/www.copealcoy.es\/es\/#website","url":"https:\/\/www.copealcoy.es\/es\/","name":"COPE Alcoy","description":"Emisora COPE de radio local con emisi\u00f3n online. Pont de Sant Jordi 8-10 03803 Alcoy","potentialAction":[{"@type":"SearchAction","target":{"@type":"EntryPoint","urlTemplate":"https:\/\/www.copealcoy.es\/es\/?s={search_term_string}"},"query-input":{"@type":"PropertyValueSpecification","valueRequired":true,"valueName":"search_term_string"}}],"inLanguage":"es"},{"@type":"Person","@id":"https:\/\/www.copealcoy.es\/es\/#\/schema\/person\/e777c87fa024e57d40170af9df39882c","name":"Cope Alcoy","image":{"@type":"ImageObject","inLanguage":"es","@id":"https:\/\/secure.gravatar.com\/avatar\/bb65d0283347e303893ba14f0692005417c1e0e690a325a4c5d8bb2b3943ee14?s=96&d=mm&r=g","url":"https:\/\/secure.gravatar.com\/avatar\/bb65d0283347e303893ba14f0692005417c1e0e690a325a4c5d8bb2b3943ee14?s=96&d=mm&r=g","contentUrl":"https:\/\/secure.gravatar.com\/avatar\/bb65d0283347e303893ba14f0692005417c1e0e690a325a4c5d8bb2b3943ee14?s=96&d=mm&r=g","caption":"Cope Alcoy"}}]}},"_links":{"self":[{"href":"https:\/\/www.copealcoy.es\/es\/wp-json\/wp\/v2\/posts\/38842","targetHints":{"allow":["GET"]}}],"collection":[{"href":"https:\/\/www.copealcoy.es\/es\/wp-json\/wp\/v2\/posts"}],"about":[{"href":"https:\/\/www.copealcoy.es\/es\/wp-json\/wp\/v2\/types\/post"}],"author":[{"embeddable":true,"href":"https:\/\/www.copealcoy.es\/es\/wp-json\/wp\/v2\/users\/1"}],"replies":[{"embeddable":true,"href":"https:\/\/www.copealcoy.es\/es\/wp-json\/wp\/v2\/comments?post=38842"}],"version-history":[{"count":0,"href":"https:\/\/www.copealcoy.es\/es\/wp-json\/wp\/v2\/posts\/38842\/revisions"}],"wp:featuredmedia":[{"embeddable":true,"href":"https:\/\/www.copealcoy.es\/es\/wp-json\/wp\/v2\/media\/38843"}],"wp:attachment":[{"href":"https:\/\/www.copealcoy.es\/es\/wp-json\/wp\/v2\/media?parent=38842"}],"wp:term":[{"taxonomy":"category","embeddable":true,"href":"https:\/\/www.copealcoy.es\/es\/wp-json\/wp\/v2\/categories?post=38842"},{"taxonomy":"post_tag","embeddable":true,"href":"https:\/\/www.copealcoy.es\/es\/wp-json\/wp\/v2\/tags?post=38842"}],"curies":[{"name":"wp","href":"https:\/\/api.w.org\/{rel}","templated":true}]}}