{"id":38786,"date":"2018-01-31T16:52:31","date_gmt":"2018-01-31T16:52:31","guid":{"rendered":"http:\/\/copealcoi.es\/new\/?p=38786"},"modified":"2018-01-31T16:56:58","modified_gmt":"2018-01-31T16:56:58","slug":"el-pp-denuncia-que-no-hay-avances-en-el-proyecto-de-la-comisaria-del-centro","status":"publish","type":"post","link":"https:\/\/www.copealcoy.es\/es\/el-pp-denuncia-que-no-hay-avances-en-el-proyecto-de-la-comisaria-del-centro\/","title":{"rendered":"El PP denuncia que no hay avances en el proyecto de la Comisar\u00eda del Centro"},"content":{"rendered":"<p style=\"text-align: justify;\">El <strong>Partido Popular de Alcoy<\/strong> ha recordado que el traslado de <strong>una parte de las dependencias<\/strong> de la <strong>Comisar\u00eda de la Polic\u00eda Nacional<\/strong> a la <strong>Placeta les Xiques<\/strong>, en pleno Centro de la ciudad, sigue paralizado. Los populares recuerdan que a principios del\u00a0mes de diciembre <strong>ya denunciaron esta situaci\u00f3n<\/strong> y explican que en ese momento el Gobierno Local socialista<strong> anunci\u00f3 que las obras empezar\u00edan en dos semanas<\/strong> estando todav\u00eda pendientes a d\u00eda de hoy &#8220;<em>cada vez que se le pregunta al Alcalde o al concejal de seguridad sobre el inicio de la sobras, dicen dos semanas. Nosotros apoyamos que la Polic\u00eda Nacional vaya al centro, pero es evidente que los socialistas van a salto de mata y con esta manera de gestionar, estamos seguros de que aparecer\u00e1n problemas. Cabe recordar que hace dos a\u00f1os trasladaron el Centro de Deportes al Matadero porque la apertura de la nueva comisar\u00eda era inminente, al final todo mentira<\/em>&#8220;, afirma <strong>Rafa Mir\u00f3<\/strong>, portavoz del PP.<\/p>\n<p style=\"text-align: justify;\">Por \u00faltimo el PP afirma <strong>desconocer si\u00a0el Gobierno Local del PSOE ha enviado ya la documentaci\u00f3n que lleva requiriendo el Ministerio<\/strong> desde febrero de 2015\u00a0referida a<strong> las notas simples registrales y referencias catastrales de los locales<\/strong> donde se pretende ubicar la nueva comisar\u00eda &#8220;<em>desconocemos si a d\u00eda de hoy, el gobierno socialista ya ha enviado la documentaci\u00f3n que lleva requiriendo desde febrero de 2015 para gestionar el expediente de cesi\u00f3n de los locales. Desde luego, lo que podr\u00eda haber hecho el gobierno de Toni Franc\u00e9s es ir realizando la adecuaci\u00f3n de los locales, pero es evidente que pasa el tiempo y no se hace nada<\/em>&#8220;, resalta Mir\u00f3.<\/p>\n<p>Finalmente desde el PP destacan que en 2015 <strong>se traslad\u00f3 el Centre d\u00b4Esports a las instalaciones del Complejo Deportivo Eduardo Latorre<\/strong> ante, dice, lo que iba a ser una apertura inminente de la Comisar\u00eda.<\/p>\n<p>&nbsp;<\/p>\n","protected":false},"excerpt":{"rendered":"<p>El Partido Popular de Alcoy ha recordado que el traslado de una parte de las dependencias de la Comisar\u00eda de&#8230;<\/p>\n","protected":false},"author":1,"featured_media":38787,"comment_status":"open","ping_status":"open","sticky":false,"template":"","format":"standard","meta":{"footnotes":""},"categories":[97,75,79],"tags":[1494,5178,295,4996,448,452,563],"class_list":["post-38786","post","type-post","status-publish","format-standard","has-post-thumbnail","hentry","category-alcoy","category-noticias","category-politicayeconomia","tag-alcoy","tag-avances","tag-centro","tag-comisaria","tag-partido-popular","tag-proyectos","tag-rafa-miro"],"yoast_head":"<!-- This site is optimized with the Yoast SEO plugin v27.3 - https:\/\/yoast.com\/product\/yoast-seo-wordpress\/ -->\n<title>El PP denuncia que no hay avances en el proyecto de la Comisar\u00eda del Centro - COPE Alcoy<\/title>\n<meta name=\"robots\" content=\"index, follow, max-snippet:-1, max-image-preview:large, max-video-preview:-1\" \/>\n<link rel=\"canonical\" href=\"https:\/\/www.copealcoy.es\/es\/el-pp-denuncia-que-no-hay-avances-en-el-proyecto-de-la-comisaria-del-centro\/\" \/>\n<meta property=\"og:locale\" content=\"es_ES\" \/>\n<meta property=\"og:type\" content=\"article\" \/>\n<meta property=\"og:title\" content=\"El PP denuncia que no hay avances en el proyecto de la Comisar\u00eda del Centro - COPE Alcoy\" \/>\n<meta property=\"og:description\" content=\"El Partido Popular de Alcoy ha recordado que el traslado de una parte de las dependencias de la Comisar\u00eda de...\" \/>\n<meta property=\"og:url\" content=\"https:\/\/www.copealcoy.es\/es\/el-pp-denuncia-que-no-hay-avances-en-el-proyecto-de-la-comisaria-del-centro\/\" \/>\n<meta property=\"og:site_name\" content=\"COPE Alcoy\" \/>\n<meta property=\"article:published_time\" content=\"2018-01-31T16:52:31+00:00\" \/>\n<meta property=\"article:modified_time\" content=\"2018-01-31T16:56:58+00:00\" \/>\n<meta property=\"og:image\" content=\"https:\/\/www.copealcoy.es\/wp-content\/uploads\/2018\/01\/locales_comisaria_centro.jpg\" \/>\n\t<meta property=\"og:image:width\" content=\"4160\" \/>\n\t<meta property=\"og:image:height\" content=\"3120\" \/>\n\t<meta property=\"og:image:type\" content=\"image\/jpeg\" \/>\n<meta name=\"author\" content=\"Cope Alcoy\" \/>\n<meta name=\"twitter:label1\" content=\"Escrito por\" \/>\n\t<meta name=\"twitter:data1\" content=\"Cope Alcoy\" \/>\n\t<meta name=\"twitter:label2\" content=\"Tiempo de lectura\" \/>\n\t<meta name=\"twitter:data2\" content=\"2 minutos\" \/>\n<script type=\"application\/ld+json\" class=\"yoast-schema-graph\">{\"@context\":\"https:\\\/\\\/schema.org\",\"@graph\":[{\"@type\":\"Article\",\"@id\":\"https:\\\/\\\/www.copealcoy.es\\\/es\\\/el-pp-denuncia-que-no-hay-avances-en-el-proyecto-de-la-comisaria-del-centro\\\/#article\",\"isPartOf\":{\"@id\":\"https:\\\/\\\/www.copealcoy.es\\\/es\\\/el-pp-denuncia-que-no-hay-avances-en-el-proyecto-de-la-comisaria-del-centro\\\/\"},\"author\":{\"name\":\"Cope Alcoy\",\"@id\":\"https:\\\/\\\/www.copealcoy.es\\\/es\\\/#\\\/schema\\\/person\\\/e777c87fa024e57d40170af9df39882c\"},\"headline\":\"El PP denuncia que no hay avances en el proyecto de la Comisar\u00eda del Centro\",\"datePublished\":\"2018-01-31T16:52:31+00:00\",\"dateModified\":\"2018-01-31T16:56:58+00:00\",\"mainEntityOfPage\":{\"@id\":\"https:\\\/\\\/www.copealcoy.es\\\/es\\\/el-pp-denuncia-que-no-hay-avances-en-el-proyecto-de-la-comisaria-del-centro\\\/\"},\"wordCount\":338,\"commentCount\":0,\"image\":{\"@id\":\"https:\\\/\\\/www.copealcoy.es\\\/es\\\/el-pp-denuncia-que-no-hay-avances-en-el-proyecto-de-la-comisaria-del-centro\\\/#primaryimage\"},\"thumbnailUrl\":\"https:\\\/\\\/www.copealcoy.es\\\/wp-content\\\/uploads\\\/2018\\\/01\\\/locales_comisaria_centro.jpg\",\"keywords\":[\"Alcoy\",\"avances\",\"Centro\",\"Comisar\u00eda\",\"Partido Popular\",\"Proyectos\",\"Rafa Mir\u00f3\"],\"articleSection\":[\"Alcoy\",\"Noticias\",\"Pol\u00edtica y Econom\u00eda\"],\"inLanguage\":\"es\"},{\"@type\":\"WebPage\",\"@id\":\"https:\\\/\\\/www.copealcoy.es\\\/es\\\/el-pp-denuncia-que-no-hay-avances-en-el-proyecto-de-la-comisaria-del-centro\\\/\",\"url\":\"https:\\\/\\\/www.copealcoy.es\\\/es\\\/el-pp-denuncia-que-no-hay-avances-en-el-proyecto-de-la-comisaria-del-centro\\\/\",\"name\":\"El PP denuncia que no hay avances en el proyecto de la Comisar\u00eda del Centro - COPE Alcoy\",\"isPartOf\":{\"@id\":\"https:\\\/\\\/www.copealcoy.es\\\/es\\\/#website\"},\"primaryImageOfPage\":{\"@id\":\"https:\\\/\\\/www.copealcoy.es\\\/es\\\/el-pp-denuncia-que-no-hay-avances-en-el-proyecto-de-la-comisaria-del-centro\\\/#primaryimage\"},\"image\":{\"@id\":\"https:\\\/\\\/www.copealcoy.es\\\/es\\\/el-pp-denuncia-que-no-hay-avances-en-el-proyecto-de-la-comisaria-del-centro\\\/#primaryimage\"},\"thumbnailUrl\":\"https:\\\/\\\/www.copealcoy.es\\\/wp-content\\\/uploads\\\/2018\\\/01\\\/locales_comisaria_centro.jpg\",\"datePublished\":\"2018-01-31T16:52:31+00:00\",\"dateModified\":\"2018-01-31T16:56:58+00:00\",\"author\":{\"@id\":\"https:\\\/\\\/www.copealcoy.es\\\/es\\\/#\\\/schema\\\/person\\\/e777c87fa024e57d40170af9df39882c\"},\"breadcrumb\":{\"@id\":\"https:\\\/\\\/www.copealcoy.es\\\/es\\\/el-pp-denuncia-que-no-hay-avances-en-el-proyecto-de-la-comisaria-del-centro\\\/#breadcrumb\"},\"inLanguage\":\"es\",\"potentialAction\":[{\"@type\":\"ReadAction\",\"target\":[\"https:\\\/\\\/www.copealcoy.es\\\/es\\\/el-pp-denuncia-que-no-hay-avances-en-el-proyecto-de-la-comisaria-del-centro\\\/\"]}]},{\"@type\":\"ImageObject\",\"inLanguage\":\"es\",\"@id\":\"https:\\\/\\\/www.copealcoy.es\\\/es\\\/el-pp-denuncia-que-no-hay-avances-en-el-proyecto-de-la-comisaria-del-centro\\\/#primaryimage\",\"url\":\"https:\\\/\\\/www.copealcoy.es\\\/wp-content\\\/uploads\\\/2018\\\/01\\\/locales_comisaria_centro.jpg\",\"contentUrl\":\"https:\\\/\\\/www.copealcoy.es\\\/wp-content\\\/uploads\\\/2018\\\/01\\\/locales_comisaria_centro.jpg\",\"width\":4160,\"height\":3120},{\"@type\":\"BreadcrumbList\",\"@id\":\"https:\\\/\\\/www.copealcoy.es\\\/es\\\/el-pp-denuncia-que-no-hay-avances-en-el-proyecto-de-la-comisaria-del-centro\\\/#breadcrumb\",\"itemListElement\":[{\"@type\":\"ListItem\",\"position\":1,\"name\":\"Portada\",\"item\":\"https:\\\/\\\/www.copealcoy.es\\\/es\\\/\"},{\"@type\":\"ListItem\",\"position\":2,\"name\":\"El PP denuncia que no hay avances en el proyecto de la Comisar\u00eda del Centro\"}]},{\"@type\":\"WebSite\",\"@id\":\"https:\\\/\\\/www.copealcoy.es\\\/es\\\/#website\",\"url\":\"https:\\\/\\\/www.copealcoy.es\\\/es\\\/\",\"name\":\"COPE Alcoy\",\"description\":\"Emisora COPE de radio local con emisi\u00f3n online. Pont de Sant Jordi 8-10 03803 Alcoy\",\"potentialAction\":[{\"@type\":\"SearchAction\",\"target\":{\"@type\":\"EntryPoint\",\"urlTemplate\":\"https:\\\/\\\/www.copealcoy.es\\\/es\\\/?s={search_term_string}\"},\"query-input\":{\"@type\":\"PropertyValueSpecification\",\"valueRequired\":true,\"valueName\":\"search_term_string\"}}],\"inLanguage\":\"es\"},{\"@type\":\"Person\",\"@id\":\"https:\\\/\\\/www.copealcoy.es\\\/es\\\/#\\\/schema\\\/person\\\/e777c87fa024e57d40170af9df39882c\",\"name\":\"Cope Alcoy\",\"image\":{\"@type\":\"ImageObject\",\"inLanguage\":\"es\",\"@id\":\"https:\\\/\\\/secure.gravatar.com\\\/avatar\\\/bb65d0283347e303893ba14f0692005417c1e0e690a325a4c5d8bb2b3943ee14?s=96&d=mm&r=g\",\"url\":\"https:\\\/\\\/secure.gravatar.com\\\/avatar\\\/bb65d0283347e303893ba14f0692005417c1e0e690a325a4c5d8bb2b3943ee14?s=96&d=mm&r=g\",\"contentUrl\":\"https:\\\/\\\/secure.gravatar.com\\\/avatar\\\/bb65d0283347e303893ba14f0692005417c1e0e690a325a4c5d8bb2b3943ee14?s=96&d=mm&r=g\",\"caption\":\"Cope Alcoy\"}}]}<\/script>\n<!-- \/ Yoast SEO plugin. -->","yoast_head_json":{"title":"El PP denuncia que no hay avances en el proyecto de la Comisar\u00eda del Centro - COPE Alcoy","robots":{"index":"index","follow":"follow","max-snippet":"max-snippet:-1","max-image-preview":"max-image-preview:large","max-video-preview":"max-video-preview:-1"},"canonical":"https:\/\/www.copealcoy.es\/es\/el-pp-denuncia-que-no-hay-avances-en-el-proyecto-de-la-comisaria-del-centro\/","og_locale":"es_ES","og_type":"article","og_title":"El PP denuncia que no hay avances en el proyecto de la Comisar\u00eda del Centro - COPE Alcoy","og_description":"El Partido Popular de Alcoy ha recordado que el traslado de una parte de las dependencias de la Comisar\u00eda de...","og_url":"https:\/\/www.copealcoy.es\/es\/el-pp-denuncia-que-no-hay-avances-en-el-proyecto-de-la-comisaria-del-centro\/","og_site_name":"COPE Alcoy","article_published_time":"2018-01-31T16:52:31+00:00","article_modified_time":"2018-01-31T16:56:58+00:00","og_image":[{"width":4160,"height":3120,"url":"https:\/\/www.copealcoy.es\/wp-content\/uploads\/2018\/01\/locales_comisaria_centro.jpg","type":"image\/jpeg"}],"author":"Cope Alcoy","twitter_misc":{"Escrito por":"Cope Alcoy","Tiempo de lectura":"2 minutos"},"schema":{"@context":"https:\/\/schema.org","@graph":[{"@type":"Article","@id":"https:\/\/www.copealcoy.es\/es\/el-pp-denuncia-que-no-hay-avances-en-el-proyecto-de-la-comisaria-del-centro\/#article","isPartOf":{"@id":"https:\/\/www.copealcoy.es\/es\/el-pp-denuncia-que-no-hay-avances-en-el-proyecto-de-la-comisaria-del-centro\/"},"author":{"name":"Cope Alcoy","@id":"https:\/\/www.copealcoy.es\/es\/#\/schema\/person\/e777c87fa024e57d40170af9df39882c"},"headline":"El PP denuncia que no hay avances en el proyecto de la Comisar\u00eda del Centro","datePublished":"2018-01-31T16:52:31+00:00","dateModified":"2018-01-31T16:56:58+00:00","mainEntityOfPage":{"@id":"https:\/\/www.copealcoy.es\/es\/el-pp-denuncia-que-no-hay-avances-en-el-proyecto-de-la-comisaria-del-centro\/"},"wordCount":338,"commentCount":0,"image":{"@id":"https:\/\/www.copealcoy.es\/es\/el-pp-denuncia-que-no-hay-avances-en-el-proyecto-de-la-comisaria-del-centro\/#primaryimage"},"thumbnailUrl":"https:\/\/www.copealcoy.es\/wp-content\/uploads\/2018\/01\/locales_comisaria_centro.jpg","keywords":["Alcoy","avances","Centro","Comisar\u00eda","Partido Popular","Proyectos","Rafa Mir\u00f3"],"articleSection":["Alcoy","Noticias","Pol\u00edtica y Econom\u00eda"],"inLanguage":"es"},{"@type":"WebPage","@id":"https:\/\/www.copealcoy.es\/es\/el-pp-denuncia-que-no-hay-avances-en-el-proyecto-de-la-comisaria-del-centro\/","url":"https:\/\/www.copealcoy.es\/es\/el-pp-denuncia-que-no-hay-avances-en-el-proyecto-de-la-comisaria-del-centro\/","name":"El PP denuncia que no hay avances en el proyecto de la Comisar\u00eda del Centro - COPE Alcoy","isPartOf":{"@id":"https:\/\/www.copealcoy.es\/es\/#website"},"primaryImageOfPage":{"@id":"https:\/\/www.copealcoy.es\/es\/el-pp-denuncia-que-no-hay-avances-en-el-proyecto-de-la-comisaria-del-centro\/#primaryimage"},"image":{"@id":"https:\/\/www.copealcoy.es\/es\/el-pp-denuncia-que-no-hay-avances-en-el-proyecto-de-la-comisaria-del-centro\/#primaryimage"},"thumbnailUrl":"https:\/\/www.copealcoy.es\/wp-content\/uploads\/2018\/01\/locales_comisaria_centro.jpg","datePublished":"2018-01-31T16:52:31+00:00","dateModified":"2018-01-31T16:56:58+00:00","author":{"@id":"https:\/\/www.copealcoy.es\/es\/#\/schema\/person\/e777c87fa024e57d40170af9df39882c"},"breadcrumb":{"@id":"https:\/\/www.copealcoy.es\/es\/el-pp-denuncia-que-no-hay-avances-en-el-proyecto-de-la-comisaria-del-centro\/#breadcrumb"},"inLanguage":"es","potentialAction":[{"@type":"ReadAction","target":["https:\/\/www.copealcoy.es\/es\/el-pp-denuncia-que-no-hay-avances-en-el-proyecto-de-la-comisaria-del-centro\/"]}]},{"@type":"ImageObject","inLanguage":"es","@id":"https:\/\/www.copealcoy.es\/es\/el-pp-denuncia-que-no-hay-avances-en-el-proyecto-de-la-comisaria-del-centro\/#primaryimage","url":"https:\/\/www.copealcoy.es\/wp-content\/uploads\/2018\/01\/locales_comisaria_centro.jpg","contentUrl":"https:\/\/www.copealcoy.es\/wp-content\/uploads\/2018\/01\/locales_comisaria_centro.jpg","width":4160,"height":3120},{"@type":"BreadcrumbList","@id":"https:\/\/www.copealcoy.es\/es\/el-pp-denuncia-que-no-hay-avances-en-el-proyecto-de-la-comisaria-del-centro\/#breadcrumb","itemListElement":[{"@type":"ListItem","position":1,"name":"Portada","item":"https:\/\/www.copealcoy.es\/es\/"},{"@type":"ListItem","position":2,"name":"El PP denuncia que no hay avances en el proyecto de la Comisar\u00eda del Centro"}]},{"@type":"WebSite","@id":"https:\/\/www.copealcoy.es\/es\/#website","url":"https:\/\/www.copealcoy.es\/es\/","name":"COPE Alcoy","description":"Emisora COPE de radio local con emisi\u00f3n online. Pont de Sant Jordi 8-10 03803 Alcoy","potentialAction":[{"@type":"SearchAction","target":{"@type":"EntryPoint","urlTemplate":"https:\/\/www.copealcoy.es\/es\/?s={search_term_string}"},"query-input":{"@type":"PropertyValueSpecification","valueRequired":true,"valueName":"search_term_string"}}],"inLanguage":"es"},{"@type":"Person","@id":"https:\/\/www.copealcoy.es\/es\/#\/schema\/person\/e777c87fa024e57d40170af9df39882c","name":"Cope Alcoy","image":{"@type":"ImageObject","inLanguage":"es","@id":"https:\/\/secure.gravatar.com\/avatar\/bb65d0283347e303893ba14f0692005417c1e0e690a325a4c5d8bb2b3943ee14?s=96&d=mm&r=g","url":"https:\/\/secure.gravatar.com\/avatar\/bb65d0283347e303893ba14f0692005417c1e0e690a325a4c5d8bb2b3943ee14?s=96&d=mm&r=g","contentUrl":"https:\/\/secure.gravatar.com\/avatar\/bb65d0283347e303893ba14f0692005417c1e0e690a325a4c5d8bb2b3943ee14?s=96&d=mm&r=g","caption":"Cope Alcoy"}}]}},"_links":{"self":[{"href":"https:\/\/www.copealcoy.es\/es\/wp-json\/wp\/v2\/posts\/38786","targetHints":{"allow":["GET"]}}],"collection":[{"href":"https:\/\/www.copealcoy.es\/es\/wp-json\/wp\/v2\/posts"}],"about":[{"href":"https:\/\/www.copealcoy.es\/es\/wp-json\/wp\/v2\/types\/post"}],"author":[{"embeddable":true,"href":"https:\/\/www.copealcoy.es\/es\/wp-json\/wp\/v2\/users\/1"}],"replies":[{"embeddable":true,"href":"https:\/\/www.copealcoy.es\/es\/wp-json\/wp\/v2\/comments?post=38786"}],"version-history":[{"count":0,"href":"https:\/\/www.copealcoy.es\/es\/wp-json\/wp\/v2\/posts\/38786\/revisions"}],"wp:featuredmedia":[{"embeddable":true,"href":"https:\/\/www.copealcoy.es\/es\/wp-json\/wp\/v2\/media\/38787"}],"wp:attachment":[{"href":"https:\/\/www.copealcoy.es\/es\/wp-json\/wp\/v2\/media?parent=38786"}],"wp:term":[{"taxonomy":"category","embeddable":true,"href":"https:\/\/www.copealcoy.es\/es\/wp-json\/wp\/v2\/categories?post=38786"},{"taxonomy":"post_tag","embeddable":true,"href":"https:\/\/www.copealcoy.es\/es\/wp-json\/wp\/v2\/tags?post=38786"}],"curies":[{"name":"wp","href":"https:\/\/api.w.org\/{rel}","templated":true}]}}