{"id":38778,"date":"2018-01-31T16:21:38","date_gmt":"2018-01-31T16:21:38","guid":{"rendered":"http:\/\/copealcoi.es\/new\/?p=38778"},"modified":"2018-01-31T16:23:59","modified_gmt":"2018-01-31T16:23:59","slug":"la-asociacion-alicante-interior-renueva-parcialmente-su-junta-directiva","status":"publish","type":"post","link":"https:\/\/www.copealcoy.es\/es\/la-asociacion-alicante-interior-renueva-parcialmente-su-junta-directiva\/","title":{"rendered":"La Asociaci\u00f3n Alicante Interior renueva parcialmente su Junta Directiva"},"content":{"rendered":"<p style=\"text-align: justify;\">La <strong>Asociaci\u00f3n de Turismo Alicante Interior<\/strong> ha renovado <strong>parte de su Junta Directiva<\/strong> y ha presentado algunas novedades para el 2018. Ha sido durante el transcurso de <strong>su Asamblea Ordinaria<\/strong>, celebrada en las instalaciones del Hostal Savoy, y en la que tambi\u00e9n<strong> se han presentado algunas novedades<\/strong> para este a\u00f1o como\u00a0la creaci\u00f3n de una nueva p\u00e1gina web, de una App y del cat\u00e1logo del&#8217; Club de Producto Alicante Interior. Tambi\u00e9n <strong>se han evaluado aspectos<\/strong> como el apoyo econ\u00f3mico de la Diputaci\u00f3n de Alicante y las cuentas del ejercicio 2017 al mismo tiempo que <strong>se han presentado los datos de una auditor\u00eda externa<\/strong> que confirman que las Redes Sociales de la Asociaci\u00f3n son el canal de comunicaci\u00f3n m\u00e1s importante de la Comunitat Valenciana y con mayor impacto.<\/p>\n<p style=\"text-align: justify;\"><span style=\"text-align: justify;\">En la nueva Junta Directiva\u00a0<\/span><strong style=\"text-align: justify;\">Jordi Vilaplana<\/strong><span style=\"text-align: justify;\">\u00a0<strong>y\u00a0<\/strong><\/span><strong style=\"text-align: justify;\">Roger Giner\u00a0<\/strong><span style=\"text-align: justify;\">dejan sus cargos y los sustituyen <strong>Luis Miguel Verd\u00fa y Sergio Manzanaro<\/strong>. La <strong>configuraci\u00f3n final<\/strong> de la misma queda as\u00ed: Jordi Linares (Presidente), Indira Amaya (Vicepresidenta primera), Ram\u00f3n Reche (Vicepresidente segundo), Mari Carmen Monllor (Mari Carmen Monllor), Lu\u00eds Miguel Verd\u00fa (Secretario) y\u00a0<\/span><span style=\"text-align: justify;\">\u00a0Sergio Manzanero junto a \u00a0Pepe Alcaraz (vocales).\u00a0<\/span><\/p>\n","protected":false},"excerpt":{"rendered":"<p>La Asociaci\u00f3n de Turismo Alicante Interior ha renovado parte de su Junta Directiva y ha presentado algunas novedades para el&#8230;<\/p>\n","protected":false},"author":1,"featured_media":14420,"comment_status":"open","ping_status":"open","sticky":false,"template":"","format":"standard","meta":{"footnotes":""},"categories":[97,75,79],"tags":[3474,3475,1837,337,514],"class_list":["post-38778","post","type-post","status-publish","format-standard","has-post-thumbnail","hentry","category-alcoy","category-noticias","category-politicayeconomia","tag-alicante-interior","tag-jordi-llinares","tag-junta-directiva","tag-renovacion","tag-turismo"],"yoast_head":"<!-- This site is optimized with the Yoast SEO plugin v27.3 - https:\/\/yoast.com\/product\/yoast-seo-wordpress\/ -->\n<title>La Asociaci\u00f3n Alicante Interior renueva parcialmente su Junta Directiva - COPE Alcoy<\/title>\n<meta name=\"robots\" content=\"index, follow, max-snippet:-1, max-image-preview:large, max-video-preview:-1\" \/>\n<link rel=\"canonical\" href=\"https:\/\/www.copealcoy.es\/es\/la-asociacion-alicante-interior-renueva-parcialmente-su-junta-directiva\/\" \/>\n<meta property=\"og:locale\" content=\"es_ES\" \/>\n<meta property=\"og:type\" content=\"article\" \/>\n<meta property=\"og:title\" content=\"La Asociaci\u00f3n Alicante Interior renueva parcialmente su Junta Directiva - COPE Alcoy\" \/>\n<meta property=\"og:description\" content=\"La Asociaci\u00f3n de Turismo Alicante Interior ha renovado parte de su Junta Directiva y ha presentado algunas novedades para el...\" \/>\n<meta property=\"og:url\" content=\"https:\/\/www.copealcoy.es\/es\/la-asociacion-alicante-interior-renueva-parcialmente-su-junta-directiva\/\" \/>\n<meta property=\"og:site_name\" content=\"COPE Alcoy\" \/>\n<meta property=\"article:published_time\" content=\"2018-01-31T16:21:38+00:00\" \/>\n<meta property=\"article:modified_time\" content=\"2018-01-31T16:23:59+00:00\" \/>\n<meta property=\"og:image\" content=\"https:\/\/www.copealcoy.es\/wp-content\/uploads\/2015\/07\/llinares.jpg\" \/>\n\t<meta property=\"og:image:width\" content=\"400\" \/>\n\t<meta property=\"og:image:height\" content=\"280\" \/>\n\t<meta property=\"og:image:type\" content=\"image\/jpeg\" \/>\n<meta name=\"author\" content=\"Cope Alcoy\" \/>\n<meta name=\"twitter:label1\" content=\"Escrito por\" \/>\n\t<meta name=\"twitter:data1\" content=\"Cope Alcoy\" \/>\n\t<meta name=\"twitter:label2\" content=\"Tiempo de lectura\" \/>\n\t<meta name=\"twitter:data2\" content=\"1 minuto\" \/>\n<script type=\"application\/ld+json\" class=\"yoast-schema-graph\">{\"@context\":\"https:\\\/\\\/schema.org\",\"@graph\":[{\"@type\":\"Article\",\"@id\":\"https:\\\/\\\/www.copealcoy.es\\\/es\\\/la-asociacion-alicante-interior-renueva-parcialmente-su-junta-directiva\\\/#article\",\"isPartOf\":{\"@id\":\"https:\\\/\\\/www.copealcoy.es\\\/es\\\/la-asociacion-alicante-interior-renueva-parcialmente-su-junta-directiva\\\/\"},\"author\":{\"name\":\"Cope Alcoy\",\"@id\":\"https:\\\/\\\/www.copealcoy.es\\\/es\\\/#\\\/schema\\\/person\\\/e777c87fa024e57d40170af9df39882c\"},\"headline\":\"La Asociaci\u00f3n Alicante Interior renueva parcialmente su Junta Directiva\",\"datePublished\":\"2018-01-31T16:21:38+00:00\",\"dateModified\":\"2018-01-31T16:23:59+00:00\",\"mainEntityOfPage\":{\"@id\":\"https:\\\/\\\/www.copealcoy.es\\\/es\\\/la-asociacion-alicante-interior-renueva-parcialmente-su-junta-directiva\\\/\"},\"wordCount\":210,\"commentCount\":0,\"image\":{\"@id\":\"https:\\\/\\\/www.copealcoy.es\\\/es\\\/la-asociacion-alicante-interior-renueva-parcialmente-su-junta-directiva\\\/#primaryimage\"},\"thumbnailUrl\":\"https:\\\/\\\/www.copealcoy.es\\\/wp-content\\\/uploads\\\/2015\\\/07\\\/llinares.jpg\",\"keywords\":[\"Alicante Interior\",\"Jordi Llinares\",\"Junta Directiva\",\"Renovaci\u00f3n\",\"Turismo\"],\"articleSection\":[\"Alcoy\",\"Noticias\",\"Pol\u00edtica y Econom\u00eda\"],\"inLanguage\":\"es\"},{\"@type\":\"WebPage\",\"@id\":\"https:\\\/\\\/www.copealcoy.es\\\/es\\\/la-asociacion-alicante-interior-renueva-parcialmente-su-junta-directiva\\\/\",\"url\":\"https:\\\/\\\/www.copealcoy.es\\\/es\\\/la-asociacion-alicante-interior-renueva-parcialmente-su-junta-directiva\\\/\",\"name\":\"La Asociaci\u00f3n Alicante Interior renueva parcialmente su Junta Directiva - COPE Alcoy\",\"isPartOf\":{\"@id\":\"https:\\\/\\\/www.copealcoy.es\\\/es\\\/#website\"},\"primaryImageOfPage\":{\"@id\":\"https:\\\/\\\/www.copealcoy.es\\\/es\\\/la-asociacion-alicante-interior-renueva-parcialmente-su-junta-directiva\\\/#primaryimage\"},\"image\":{\"@id\":\"https:\\\/\\\/www.copealcoy.es\\\/es\\\/la-asociacion-alicante-interior-renueva-parcialmente-su-junta-directiva\\\/#primaryimage\"},\"thumbnailUrl\":\"https:\\\/\\\/www.copealcoy.es\\\/wp-content\\\/uploads\\\/2015\\\/07\\\/llinares.jpg\",\"datePublished\":\"2018-01-31T16:21:38+00:00\",\"dateModified\":\"2018-01-31T16:23:59+00:00\",\"author\":{\"@id\":\"https:\\\/\\\/www.copealcoy.es\\\/es\\\/#\\\/schema\\\/person\\\/e777c87fa024e57d40170af9df39882c\"},\"breadcrumb\":{\"@id\":\"https:\\\/\\\/www.copealcoy.es\\\/es\\\/la-asociacion-alicante-interior-renueva-parcialmente-su-junta-directiva\\\/#breadcrumb\"},\"inLanguage\":\"es\",\"potentialAction\":[{\"@type\":\"ReadAction\",\"target\":[\"https:\\\/\\\/www.copealcoy.es\\\/es\\\/la-asociacion-alicante-interior-renueva-parcialmente-su-junta-directiva\\\/\"]}]},{\"@type\":\"ImageObject\",\"inLanguage\":\"es\",\"@id\":\"https:\\\/\\\/www.copealcoy.es\\\/es\\\/la-asociacion-alicante-interior-renueva-parcialmente-su-junta-directiva\\\/#primaryimage\",\"url\":\"https:\\\/\\\/www.copealcoy.es\\\/wp-content\\\/uploads\\\/2015\\\/07\\\/llinares.jpg\",\"contentUrl\":\"https:\\\/\\\/www.copealcoy.es\\\/wp-content\\\/uploads\\\/2015\\\/07\\\/llinares.jpg\",\"width\":400,\"height\":280},{\"@type\":\"BreadcrumbList\",\"@id\":\"https:\\\/\\\/www.copealcoy.es\\\/es\\\/la-asociacion-alicante-interior-renueva-parcialmente-su-junta-directiva\\\/#breadcrumb\",\"itemListElement\":[{\"@type\":\"ListItem\",\"position\":1,\"name\":\"Portada\",\"item\":\"https:\\\/\\\/www.copealcoy.es\\\/es\\\/\"},{\"@type\":\"ListItem\",\"position\":2,\"name\":\"La Asociaci\u00f3n Alicante Interior renueva parcialmente su Junta Directiva\"}]},{\"@type\":\"WebSite\",\"@id\":\"https:\\\/\\\/www.copealcoy.es\\\/es\\\/#website\",\"url\":\"https:\\\/\\\/www.copealcoy.es\\\/es\\\/\",\"name\":\"COPE Alcoy\",\"description\":\"Emisora COPE de radio local con emisi\u00f3n online. Pont de Sant Jordi 8-10 03803 Alcoy\",\"potentialAction\":[{\"@type\":\"SearchAction\",\"target\":{\"@type\":\"EntryPoint\",\"urlTemplate\":\"https:\\\/\\\/www.copealcoy.es\\\/es\\\/?s={search_term_string}\"},\"query-input\":{\"@type\":\"PropertyValueSpecification\",\"valueRequired\":true,\"valueName\":\"search_term_string\"}}],\"inLanguage\":\"es\"},{\"@type\":\"Person\",\"@id\":\"https:\\\/\\\/www.copealcoy.es\\\/es\\\/#\\\/schema\\\/person\\\/e777c87fa024e57d40170af9df39882c\",\"name\":\"Cope Alcoy\",\"image\":{\"@type\":\"ImageObject\",\"inLanguage\":\"es\",\"@id\":\"https:\\\/\\\/secure.gravatar.com\\\/avatar\\\/bb65d0283347e303893ba14f0692005417c1e0e690a325a4c5d8bb2b3943ee14?s=96&d=mm&r=g\",\"url\":\"https:\\\/\\\/secure.gravatar.com\\\/avatar\\\/bb65d0283347e303893ba14f0692005417c1e0e690a325a4c5d8bb2b3943ee14?s=96&d=mm&r=g\",\"contentUrl\":\"https:\\\/\\\/secure.gravatar.com\\\/avatar\\\/bb65d0283347e303893ba14f0692005417c1e0e690a325a4c5d8bb2b3943ee14?s=96&d=mm&r=g\",\"caption\":\"Cope Alcoy\"}}]}<\/script>\n<!-- \/ Yoast SEO plugin. -->","yoast_head_json":{"title":"La Asociaci\u00f3n Alicante Interior renueva parcialmente su Junta Directiva - COPE Alcoy","robots":{"index":"index","follow":"follow","max-snippet":"max-snippet:-1","max-image-preview":"max-image-preview:large","max-video-preview":"max-video-preview:-1"},"canonical":"https:\/\/www.copealcoy.es\/es\/la-asociacion-alicante-interior-renueva-parcialmente-su-junta-directiva\/","og_locale":"es_ES","og_type":"article","og_title":"La Asociaci\u00f3n Alicante Interior renueva parcialmente su Junta Directiva - COPE Alcoy","og_description":"La Asociaci\u00f3n de Turismo Alicante Interior ha renovado parte de su Junta Directiva y ha presentado algunas novedades para el...","og_url":"https:\/\/www.copealcoy.es\/es\/la-asociacion-alicante-interior-renueva-parcialmente-su-junta-directiva\/","og_site_name":"COPE Alcoy","article_published_time":"2018-01-31T16:21:38+00:00","article_modified_time":"2018-01-31T16:23:59+00:00","og_image":[{"width":400,"height":280,"url":"https:\/\/www.copealcoy.es\/wp-content\/uploads\/2015\/07\/llinares.jpg","type":"image\/jpeg"}],"author":"Cope Alcoy","twitter_misc":{"Escrito por":"Cope Alcoy","Tiempo de lectura":"1 minuto"},"schema":{"@context":"https:\/\/schema.org","@graph":[{"@type":"Article","@id":"https:\/\/www.copealcoy.es\/es\/la-asociacion-alicante-interior-renueva-parcialmente-su-junta-directiva\/#article","isPartOf":{"@id":"https:\/\/www.copealcoy.es\/es\/la-asociacion-alicante-interior-renueva-parcialmente-su-junta-directiva\/"},"author":{"name":"Cope Alcoy","@id":"https:\/\/www.copealcoy.es\/es\/#\/schema\/person\/e777c87fa024e57d40170af9df39882c"},"headline":"La Asociaci\u00f3n Alicante Interior renueva parcialmente su Junta Directiva","datePublished":"2018-01-31T16:21:38+00:00","dateModified":"2018-01-31T16:23:59+00:00","mainEntityOfPage":{"@id":"https:\/\/www.copealcoy.es\/es\/la-asociacion-alicante-interior-renueva-parcialmente-su-junta-directiva\/"},"wordCount":210,"commentCount":0,"image":{"@id":"https:\/\/www.copealcoy.es\/es\/la-asociacion-alicante-interior-renueva-parcialmente-su-junta-directiva\/#primaryimage"},"thumbnailUrl":"https:\/\/www.copealcoy.es\/wp-content\/uploads\/2015\/07\/llinares.jpg","keywords":["Alicante Interior","Jordi Llinares","Junta Directiva","Renovaci\u00f3n","Turismo"],"articleSection":["Alcoy","Noticias","Pol\u00edtica y Econom\u00eda"],"inLanguage":"es"},{"@type":"WebPage","@id":"https:\/\/www.copealcoy.es\/es\/la-asociacion-alicante-interior-renueva-parcialmente-su-junta-directiva\/","url":"https:\/\/www.copealcoy.es\/es\/la-asociacion-alicante-interior-renueva-parcialmente-su-junta-directiva\/","name":"La Asociaci\u00f3n Alicante Interior renueva parcialmente su Junta Directiva - COPE Alcoy","isPartOf":{"@id":"https:\/\/www.copealcoy.es\/es\/#website"},"primaryImageOfPage":{"@id":"https:\/\/www.copealcoy.es\/es\/la-asociacion-alicante-interior-renueva-parcialmente-su-junta-directiva\/#primaryimage"},"image":{"@id":"https:\/\/www.copealcoy.es\/es\/la-asociacion-alicante-interior-renueva-parcialmente-su-junta-directiva\/#primaryimage"},"thumbnailUrl":"https:\/\/www.copealcoy.es\/wp-content\/uploads\/2015\/07\/llinares.jpg","datePublished":"2018-01-31T16:21:38+00:00","dateModified":"2018-01-31T16:23:59+00:00","author":{"@id":"https:\/\/www.copealcoy.es\/es\/#\/schema\/person\/e777c87fa024e57d40170af9df39882c"},"breadcrumb":{"@id":"https:\/\/www.copealcoy.es\/es\/la-asociacion-alicante-interior-renueva-parcialmente-su-junta-directiva\/#breadcrumb"},"inLanguage":"es","potentialAction":[{"@type":"ReadAction","target":["https:\/\/www.copealcoy.es\/es\/la-asociacion-alicante-interior-renueva-parcialmente-su-junta-directiva\/"]}]},{"@type":"ImageObject","inLanguage":"es","@id":"https:\/\/www.copealcoy.es\/es\/la-asociacion-alicante-interior-renueva-parcialmente-su-junta-directiva\/#primaryimage","url":"https:\/\/www.copealcoy.es\/wp-content\/uploads\/2015\/07\/llinares.jpg","contentUrl":"https:\/\/www.copealcoy.es\/wp-content\/uploads\/2015\/07\/llinares.jpg","width":400,"height":280},{"@type":"BreadcrumbList","@id":"https:\/\/www.copealcoy.es\/es\/la-asociacion-alicante-interior-renueva-parcialmente-su-junta-directiva\/#breadcrumb","itemListElement":[{"@type":"ListItem","position":1,"name":"Portada","item":"https:\/\/www.copealcoy.es\/es\/"},{"@type":"ListItem","position":2,"name":"La Asociaci\u00f3n Alicante Interior renueva parcialmente su Junta Directiva"}]},{"@type":"WebSite","@id":"https:\/\/www.copealcoy.es\/es\/#website","url":"https:\/\/www.copealcoy.es\/es\/","name":"COPE Alcoy","description":"Emisora COPE de radio local con emisi\u00f3n online. Pont de Sant Jordi 8-10 03803 Alcoy","potentialAction":[{"@type":"SearchAction","target":{"@type":"EntryPoint","urlTemplate":"https:\/\/www.copealcoy.es\/es\/?s={search_term_string}"},"query-input":{"@type":"PropertyValueSpecification","valueRequired":true,"valueName":"search_term_string"}}],"inLanguage":"es"},{"@type":"Person","@id":"https:\/\/www.copealcoy.es\/es\/#\/schema\/person\/e777c87fa024e57d40170af9df39882c","name":"Cope Alcoy","image":{"@type":"ImageObject","inLanguage":"es","@id":"https:\/\/secure.gravatar.com\/avatar\/bb65d0283347e303893ba14f0692005417c1e0e690a325a4c5d8bb2b3943ee14?s=96&d=mm&r=g","url":"https:\/\/secure.gravatar.com\/avatar\/bb65d0283347e303893ba14f0692005417c1e0e690a325a4c5d8bb2b3943ee14?s=96&d=mm&r=g","contentUrl":"https:\/\/secure.gravatar.com\/avatar\/bb65d0283347e303893ba14f0692005417c1e0e690a325a4c5d8bb2b3943ee14?s=96&d=mm&r=g","caption":"Cope Alcoy"}}]}},"_links":{"self":[{"href":"https:\/\/www.copealcoy.es\/es\/wp-json\/wp\/v2\/posts\/38778","targetHints":{"allow":["GET"]}}],"collection":[{"href":"https:\/\/www.copealcoy.es\/es\/wp-json\/wp\/v2\/posts"}],"about":[{"href":"https:\/\/www.copealcoy.es\/es\/wp-json\/wp\/v2\/types\/post"}],"author":[{"embeddable":true,"href":"https:\/\/www.copealcoy.es\/es\/wp-json\/wp\/v2\/users\/1"}],"replies":[{"embeddable":true,"href":"https:\/\/www.copealcoy.es\/es\/wp-json\/wp\/v2\/comments?post=38778"}],"version-history":[{"count":0,"href":"https:\/\/www.copealcoy.es\/es\/wp-json\/wp\/v2\/posts\/38778\/revisions"}],"wp:featuredmedia":[{"embeddable":true,"href":"https:\/\/www.copealcoy.es\/es\/wp-json\/wp\/v2\/media\/14420"}],"wp:attachment":[{"href":"https:\/\/www.copealcoy.es\/es\/wp-json\/wp\/v2\/media?parent=38778"}],"wp:term":[{"taxonomy":"category","embeddable":true,"href":"https:\/\/www.copealcoy.es\/es\/wp-json\/wp\/v2\/categories?post=38778"},{"taxonomy":"post_tag","embeddable":true,"href":"https:\/\/www.copealcoy.es\/es\/wp-json\/wp\/v2\/tags?post=38778"}],"curies":[{"name":"wp","href":"https:\/\/api.w.org\/{rel}","templated":true}]}}