{"id":38645,"date":"2018-01-26T21:21:34","date_gmt":"2018-01-26T21:21:34","guid":{"rendered":"http:\/\/copealcoi.es\/new\/?p=38645"},"modified":"2018-01-26T21:21:34","modified_gmt":"2018-01-26T21:21:34","slug":"la-gala-de-lesport-reconoce-a-los-mejores-deportistas-de-cocentaina","status":"publish","type":"post","link":"https:\/\/www.copealcoy.es\/es\/la-gala-de-lesport-reconoce-a-los-mejores-deportistas-de-cocentaina\/","title":{"rendered":"La Gala de l\u00b4Esport reconoce a los mejores deportistas de Cocentaina"},"content":{"rendered":"<p style=\"text-align: justify;\">Cocentaina celebr\u00f3 anoche <strong>la edici\u00f3n n\u00famero diecisiete de su Gala anual del deporte<\/strong>, un evento que tuvo lugar en el Centre Cultural El Teular y que sirvi\u00f3 <strong>para reconocer a los deportistas y clubes<\/strong> que han destacado en las diferentes disciplinas durante el \u00faltimo a\u00f1o.<\/p>\n<p style=\"text-align: justify;\">El homenaje al deporte local comenz\u00f3 con <strong>un sentido v\u00eddeo<\/strong> en el que se record\u00f3 la trayectoria del recientemente fallecido <strong>Rafael Blanes Molt\u00f3 \u2018El Siso\u2019<\/strong>, el cual fue m\u00edster del Contestano e incluso entren\u00f3 a varios equipos de la comarca. A continuaci\u00f3n los presentadores de la Gala, <strong>Mari Nieves Pascual<\/strong> y nuestro compa\u00f1ero <strong>Gabriel Pascual<\/strong>, fueron dando paso<strong> a todos los que en esta ocasi\u00f3n recibieron galardones<\/strong>. El primer de ellos fue el de <strong>Mejor Colaborador Deportivo<\/strong>, un reconocimiento que recibi\u00f3 <strong>Vicent Agull\u00f3 Jord\u00e0<\/strong> por su dedicaci\u00f3n a las actividades que impulsa el Centre Excursionista Contest\u00e0 . Por su parte <strong>\u00c1lvaro P\u00e9rez Ferre<\/strong>, con m\u00e1s de cuarenta a\u00f1os jugando al f\u00fatbol, obtuvo el premio a <strong>Mejor Deportista Veterano<\/strong> mientras que el <strong>Club Pilota Cocentaina<\/strong> percibi\u00f3 el galard\u00f3n de <strong>Mejor Club Deportivo<\/strong> tras haber cosechado importantes \u00e9xitos en los \u00faltimos a\u00f1os. Tambi\u00e9n <strong>Ana Mei Wei Llavor\u00ed<\/strong> fue proclamada como <strong>Mejor Deportista Promesa<\/strong> poniendo as\u00ed en valor su trayectoria en el \u00e1mbito de la gimnasia r\u00edtmica y los podios alcanzados durante la temporada pasada. Finalmente<strong> Malena Solbes Mart\u00ednez<\/strong> se coron\u00f3 como <strong>Mejor Deportista<\/strong> por clasificarse en el \u00faltimo a\u00f1o para el Campeonato de Espa\u00f1a de Patinaje y situarse entre las patinadores de \u00e9lite del \u00e1mbito nacional.<\/p>\n<p style=\"text-align: justify;\">La velada incluy\u00f3 una menci\u00f3n especial para <strong>Jos\u00e9 Lu\u00eds Molt\u00f3<\/strong>, al celebrarse el d\u00e9cimo aniversario de su victoria con la Selecci\u00f3n Espa\u00f1ola de Voleibol en el Campeonato de Europa de Rusia 2017, e incluy\u00f3 saludas en formato v\u00eddeo de deportistas como <strong>Xavi Vicent, Lucas Torr\u00f3, Rub\u00e9n Mengual, Montse Brot\u00f3ns y Rafa Valls<\/strong>.<\/p>\n<p style=\"text-align: justify;\">Por \u00faltimo la Gala finaliz\u00f3 con las palabras del concejal de Deportes, <strong>Sa\u00fcl Botella<\/strong>, y la alcaldesa de la Villa Condal, <strong>Mireia Estepa<\/strong>. Todos ellos felicitaron a los premiados y recordaron la gran cita con el ciclismo que acoger\u00e1 Cocentaina la semana pr\u00f3xima con <strong>el final de la cuarta etapa de la Vuelta Ciclista a la Comunidad Valenciana<\/strong> que tendr\u00e1 lugar el s\u00e1bado 3 de febrero en lo alto de La Cantera.<\/p>\n","protected":false},"excerpt":{"rendered":"<p>Cocentaina celebr\u00f3 anoche la edici\u00f3n n\u00famero diecisiete de su Gala anual del deporte, un evento que tuvo lugar en el&#8230;<\/p>\n","protected":false},"author":1,"featured_media":38652,"comment_status":"open","ping_status":"open","sticky":false,"template":"","format":"standard","meta":{"footnotes":""},"categories":[98,75],"tags":[132,237,5160,530,1799,2710],"class_list":["post-38645","post","type-post","status-publish","format-standard","has-post-thumbnail","hentry","category-comarcas","category-noticias","tag-cocentaina","tag-comtat","tag-esport","tag-gala","tag-mireia-estepa","tag-saul-botella"],"yoast_head":"<!-- This site is optimized with the Yoast SEO plugin v27.3 - https:\/\/yoast.com\/product\/yoast-seo-wordpress\/ -->\n<title>La Gala de l\u00b4Esport reconoce a los mejores deportistas de Cocentaina - COPE Alcoy<\/title>\n<meta name=\"robots\" content=\"index, follow, max-snippet:-1, max-image-preview:large, max-video-preview:-1\" \/>\n<link rel=\"canonical\" href=\"https:\/\/www.copealcoy.es\/es\/la-gala-de-lesport-reconoce-a-los-mejores-deportistas-de-cocentaina\/\" \/>\n<meta property=\"og:locale\" content=\"es_ES\" \/>\n<meta property=\"og:type\" content=\"article\" \/>\n<meta property=\"og:title\" content=\"La Gala de l\u00b4Esport reconoce a los mejores deportistas de Cocentaina - COPE Alcoy\" \/>\n<meta property=\"og:description\" content=\"Cocentaina celebr\u00f3 anoche la edici\u00f3n n\u00famero diecisiete de su Gala anual del deporte, un evento que tuvo lugar en el...\" \/>\n<meta property=\"og:url\" content=\"https:\/\/www.copealcoy.es\/es\/la-gala-de-lesport-reconoce-a-los-mejores-deportistas-de-cocentaina\/\" \/>\n<meta property=\"og:site_name\" content=\"COPE Alcoy\" \/>\n<meta property=\"article:published_time\" content=\"2018-01-26T21:21:34+00:00\" \/>\n<meta property=\"og:image\" content=\"https:\/\/www.copealcoy.es\/wp-content\/uploads\/2018\/01\/27459386_10215174494776392_422747236068639755_n.jpg\" \/>\n\t<meta property=\"og:image:width\" content=\"960\" \/>\n\t<meta property=\"og:image:height\" content=\"720\" \/>\n\t<meta property=\"og:image:type\" content=\"image\/jpeg\" \/>\n<meta name=\"author\" content=\"Cope Alcoy\" \/>\n<meta name=\"twitter:label1\" content=\"Escrito por\" \/>\n\t<meta name=\"twitter:data1\" content=\"Cope Alcoy\" \/>\n\t<meta name=\"twitter:label2\" content=\"Tiempo de lectura\" \/>\n\t<meta name=\"twitter:data2\" content=\"2 minutos\" \/>\n<script type=\"application\/ld+json\" class=\"yoast-schema-graph\">{\"@context\":\"https:\\\/\\\/schema.org\",\"@graph\":[{\"@type\":\"Article\",\"@id\":\"https:\\\/\\\/www.copealcoy.es\\\/es\\\/la-gala-de-lesport-reconoce-a-los-mejores-deportistas-de-cocentaina\\\/#article\",\"isPartOf\":{\"@id\":\"https:\\\/\\\/www.copealcoy.es\\\/es\\\/la-gala-de-lesport-reconoce-a-los-mejores-deportistas-de-cocentaina\\\/\"},\"author\":{\"name\":\"Cope Alcoy\",\"@id\":\"https:\\\/\\\/www.copealcoy.es\\\/es\\\/#\\\/schema\\\/person\\\/e777c87fa024e57d40170af9df39882c\"},\"headline\":\"La Gala de l\u00b4Esport reconoce a los mejores deportistas de Cocentaina\",\"datePublished\":\"2018-01-26T21:21:34+00:00\",\"mainEntityOfPage\":{\"@id\":\"https:\\\/\\\/www.copealcoy.es\\\/es\\\/la-gala-de-lesport-reconoce-a-los-mejores-deportistas-de-cocentaina\\\/\"},\"wordCount\":413,\"commentCount\":0,\"image\":{\"@id\":\"https:\\\/\\\/www.copealcoy.es\\\/es\\\/la-gala-de-lesport-reconoce-a-los-mejores-deportistas-de-cocentaina\\\/#primaryimage\"},\"thumbnailUrl\":\"https:\\\/\\\/www.copealcoy.es\\\/wp-content\\\/uploads\\\/2018\\\/01\\\/27459386_10215174494776392_422747236068639755_n.jpg\",\"keywords\":[\"Cocentaina\",\"Comtat\",\"Esport\",\"Gala\",\"Mireia Estepa\",\"Sa\u00fcl Botella\"],\"articleSection\":[\"Comarcas\",\"Noticias\"],\"inLanguage\":\"es\"},{\"@type\":\"WebPage\",\"@id\":\"https:\\\/\\\/www.copealcoy.es\\\/es\\\/la-gala-de-lesport-reconoce-a-los-mejores-deportistas-de-cocentaina\\\/\",\"url\":\"https:\\\/\\\/www.copealcoy.es\\\/es\\\/la-gala-de-lesport-reconoce-a-los-mejores-deportistas-de-cocentaina\\\/\",\"name\":\"La Gala de l\u00b4Esport reconoce a los mejores deportistas de Cocentaina - COPE Alcoy\",\"isPartOf\":{\"@id\":\"https:\\\/\\\/www.copealcoy.es\\\/es\\\/#website\"},\"primaryImageOfPage\":{\"@id\":\"https:\\\/\\\/www.copealcoy.es\\\/es\\\/la-gala-de-lesport-reconoce-a-los-mejores-deportistas-de-cocentaina\\\/#primaryimage\"},\"image\":{\"@id\":\"https:\\\/\\\/www.copealcoy.es\\\/es\\\/la-gala-de-lesport-reconoce-a-los-mejores-deportistas-de-cocentaina\\\/#primaryimage\"},\"thumbnailUrl\":\"https:\\\/\\\/www.copealcoy.es\\\/wp-content\\\/uploads\\\/2018\\\/01\\\/27459386_10215174494776392_422747236068639755_n.jpg\",\"datePublished\":\"2018-01-26T21:21:34+00:00\",\"author\":{\"@id\":\"https:\\\/\\\/www.copealcoy.es\\\/es\\\/#\\\/schema\\\/person\\\/e777c87fa024e57d40170af9df39882c\"},\"breadcrumb\":{\"@id\":\"https:\\\/\\\/www.copealcoy.es\\\/es\\\/la-gala-de-lesport-reconoce-a-los-mejores-deportistas-de-cocentaina\\\/#breadcrumb\"},\"inLanguage\":\"es\",\"potentialAction\":[{\"@type\":\"ReadAction\",\"target\":[\"https:\\\/\\\/www.copealcoy.es\\\/es\\\/la-gala-de-lesport-reconoce-a-los-mejores-deportistas-de-cocentaina\\\/\"]}]},{\"@type\":\"ImageObject\",\"inLanguage\":\"es\",\"@id\":\"https:\\\/\\\/www.copealcoy.es\\\/es\\\/la-gala-de-lesport-reconoce-a-los-mejores-deportistas-de-cocentaina\\\/#primaryimage\",\"url\":\"https:\\\/\\\/www.copealcoy.es\\\/wp-content\\\/uploads\\\/2018\\\/01\\\/27459386_10215174494776392_422747236068639755_n.jpg\",\"contentUrl\":\"https:\\\/\\\/www.copealcoy.es\\\/wp-content\\\/uploads\\\/2018\\\/01\\\/27459386_10215174494776392_422747236068639755_n.jpg\",\"width\":960,\"height\":720},{\"@type\":\"BreadcrumbList\",\"@id\":\"https:\\\/\\\/www.copealcoy.es\\\/es\\\/la-gala-de-lesport-reconoce-a-los-mejores-deportistas-de-cocentaina\\\/#breadcrumb\",\"itemListElement\":[{\"@type\":\"ListItem\",\"position\":1,\"name\":\"Portada\",\"item\":\"https:\\\/\\\/www.copealcoy.es\\\/es\\\/\"},{\"@type\":\"ListItem\",\"position\":2,\"name\":\"La Gala de l\u00b4Esport reconoce a los mejores deportistas de Cocentaina\"}]},{\"@type\":\"WebSite\",\"@id\":\"https:\\\/\\\/www.copealcoy.es\\\/es\\\/#website\",\"url\":\"https:\\\/\\\/www.copealcoy.es\\\/es\\\/\",\"name\":\"COPE Alcoy\",\"description\":\"Emisora COPE de radio local con emisi\u00f3n online. Pont de Sant Jordi 8-10 03803 Alcoy\",\"potentialAction\":[{\"@type\":\"SearchAction\",\"target\":{\"@type\":\"EntryPoint\",\"urlTemplate\":\"https:\\\/\\\/www.copealcoy.es\\\/es\\\/?s={search_term_string}\"},\"query-input\":{\"@type\":\"PropertyValueSpecification\",\"valueRequired\":true,\"valueName\":\"search_term_string\"}}],\"inLanguage\":\"es\"},{\"@type\":\"Person\",\"@id\":\"https:\\\/\\\/www.copealcoy.es\\\/es\\\/#\\\/schema\\\/person\\\/e777c87fa024e57d40170af9df39882c\",\"name\":\"Cope Alcoy\",\"image\":{\"@type\":\"ImageObject\",\"inLanguage\":\"es\",\"@id\":\"https:\\\/\\\/secure.gravatar.com\\\/avatar\\\/bb65d0283347e303893ba14f0692005417c1e0e690a325a4c5d8bb2b3943ee14?s=96&d=mm&r=g\",\"url\":\"https:\\\/\\\/secure.gravatar.com\\\/avatar\\\/bb65d0283347e303893ba14f0692005417c1e0e690a325a4c5d8bb2b3943ee14?s=96&d=mm&r=g\",\"contentUrl\":\"https:\\\/\\\/secure.gravatar.com\\\/avatar\\\/bb65d0283347e303893ba14f0692005417c1e0e690a325a4c5d8bb2b3943ee14?s=96&d=mm&r=g\",\"caption\":\"Cope Alcoy\"}}]}<\/script>\n<!-- \/ Yoast SEO plugin. -->","yoast_head_json":{"title":"La Gala de l\u00b4Esport reconoce a los mejores deportistas de Cocentaina - COPE Alcoy","robots":{"index":"index","follow":"follow","max-snippet":"max-snippet:-1","max-image-preview":"max-image-preview:large","max-video-preview":"max-video-preview:-1"},"canonical":"https:\/\/www.copealcoy.es\/es\/la-gala-de-lesport-reconoce-a-los-mejores-deportistas-de-cocentaina\/","og_locale":"es_ES","og_type":"article","og_title":"La Gala de l\u00b4Esport reconoce a los mejores deportistas de Cocentaina - COPE Alcoy","og_description":"Cocentaina celebr\u00f3 anoche la edici\u00f3n n\u00famero diecisiete de su Gala anual del deporte, un evento que tuvo lugar en el...","og_url":"https:\/\/www.copealcoy.es\/es\/la-gala-de-lesport-reconoce-a-los-mejores-deportistas-de-cocentaina\/","og_site_name":"COPE Alcoy","article_published_time":"2018-01-26T21:21:34+00:00","og_image":[{"width":960,"height":720,"url":"https:\/\/www.copealcoy.es\/wp-content\/uploads\/2018\/01\/27459386_10215174494776392_422747236068639755_n.jpg","type":"image\/jpeg"}],"author":"Cope Alcoy","twitter_misc":{"Escrito por":"Cope Alcoy","Tiempo de lectura":"2 minutos"},"schema":{"@context":"https:\/\/schema.org","@graph":[{"@type":"Article","@id":"https:\/\/www.copealcoy.es\/es\/la-gala-de-lesport-reconoce-a-los-mejores-deportistas-de-cocentaina\/#article","isPartOf":{"@id":"https:\/\/www.copealcoy.es\/es\/la-gala-de-lesport-reconoce-a-los-mejores-deportistas-de-cocentaina\/"},"author":{"name":"Cope Alcoy","@id":"https:\/\/www.copealcoy.es\/es\/#\/schema\/person\/e777c87fa024e57d40170af9df39882c"},"headline":"La Gala de l\u00b4Esport reconoce a los mejores deportistas de Cocentaina","datePublished":"2018-01-26T21:21:34+00:00","mainEntityOfPage":{"@id":"https:\/\/www.copealcoy.es\/es\/la-gala-de-lesport-reconoce-a-los-mejores-deportistas-de-cocentaina\/"},"wordCount":413,"commentCount":0,"image":{"@id":"https:\/\/www.copealcoy.es\/es\/la-gala-de-lesport-reconoce-a-los-mejores-deportistas-de-cocentaina\/#primaryimage"},"thumbnailUrl":"https:\/\/www.copealcoy.es\/wp-content\/uploads\/2018\/01\/27459386_10215174494776392_422747236068639755_n.jpg","keywords":["Cocentaina","Comtat","Esport","Gala","Mireia Estepa","Sa\u00fcl Botella"],"articleSection":["Comarcas","Noticias"],"inLanguage":"es"},{"@type":"WebPage","@id":"https:\/\/www.copealcoy.es\/es\/la-gala-de-lesport-reconoce-a-los-mejores-deportistas-de-cocentaina\/","url":"https:\/\/www.copealcoy.es\/es\/la-gala-de-lesport-reconoce-a-los-mejores-deportistas-de-cocentaina\/","name":"La Gala de l\u00b4Esport reconoce a los mejores deportistas de Cocentaina - COPE Alcoy","isPartOf":{"@id":"https:\/\/www.copealcoy.es\/es\/#website"},"primaryImageOfPage":{"@id":"https:\/\/www.copealcoy.es\/es\/la-gala-de-lesport-reconoce-a-los-mejores-deportistas-de-cocentaina\/#primaryimage"},"image":{"@id":"https:\/\/www.copealcoy.es\/es\/la-gala-de-lesport-reconoce-a-los-mejores-deportistas-de-cocentaina\/#primaryimage"},"thumbnailUrl":"https:\/\/www.copealcoy.es\/wp-content\/uploads\/2018\/01\/27459386_10215174494776392_422747236068639755_n.jpg","datePublished":"2018-01-26T21:21:34+00:00","author":{"@id":"https:\/\/www.copealcoy.es\/es\/#\/schema\/person\/e777c87fa024e57d40170af9df39882c"},"breadcrumb":{"@id":"https:\/\/www.copealcoy.es\/es\/la-gala-de-lesport-reconoce-a-los-mejores-deportistas-de-cocentaina\/#breadcrumb"},"inLanguage":"es","potentialAction":[{"@type":"ReadAction","target":["https:\/\/www.copealcoy.es\/es\/la-gala-de-lesport-reconoce-a-los-mejores-deportistas-de-cocentaina\/"]}]},{"@type":"ImageObject","inLanguage":"es","@id":"https:\/\/www.copealcoy.es\/es\/la-gala-de-lesport-reconoce-a-los-mejores-deportistas-de-cocentaina\/#primaryimage","url":"https:\/\/www.copealcoy.es\/wp-content\/uploads\/2018\/01\/27459386_10215174494776392_422747236068639755_n.jpg","contentUrl":"https:\/\/www.copealcoy.es\/wp-content\/uploads\/2018\/01\/27459386_10215174494776392_422747236068639755_n.jpg","width":960,"height":720},{"@type":"BreadcrumbList","@id":"https:\/\/www.copealcoy.es\/es\/la-gala-de-lesport-reconoce-a-los-mejores-deportistas-de-cocentaina\/#breadcrumb","itemListElement":[{"@type":"ListItem","position":1,"name":"Portada","item":"https:\/\/www.copealcoy.es\/es\/"},{"@type":"ListItem","position":2,"name":"La Gala de l\u00b4Esport reconoce a los mejores deportistas de Cocentaina"}]},{"@type":"WebSite","@id":"https:\/\/www.copealcoy.es\/es\/#website","url":"https:\/\/www.copealcoy.es\/es\/","name":"COPE Alcoy","description":"Emisora COPE de radio local con emisi\u00f3n online. Pont de Sant Jordi 8-10 03803 Alcoy","potentialAction":[{"@type":"SearchAction","target":{"@type":"EntryPoint","urlTemplate":"https:\/\/www.copealcoy.es\/es\/?s={search_term_string}"},"query-input":{"@type":"PropertyValueSpecification","valueRequired":true,"valueName":"search_term_string"}}],"inLanguage":"es"},{"@type":"Person","@id":"https:\/\/www.copealcoy.es\/es\/#\/schema\/person\/e777c87fa024e57d40170af9df39882c","name":"Cope Alcoy","image":{"@type":"ImageObject","inLanguage":"es","@id":"https:\/\/secure.gravatar.com\/avatar\/bb65d0283347e303893ba14f0692005417c1e0e690a325a4c5d8bb2b3943ee14?s=96&d=mm&r=g","url":"https:\/\/secure.gravatar.com\/avatar\/bb65d0283347e303893ba14f0692005417c1e0e690a325a4c5d8bb2b3943ee14?s=96&d=mm&r=g","contentUrl":"https:\/\/secure.gravatar.com\/avatar\/bb65d0283347e303893ba14f0692005417c1e0e690a325a4c5d8bb2b3943ee14?s=96&d=mm&r=g","caption":"Cope Alcoy"}}]}},"_links":{"self":[{"href":"https:\/\/www.copealcoy.es\/es\/wp-json\/wp\/v2\/posts\/38645","targetHints":{"allow":["GET"]}}],"collection":[{"href":"https:\/\/www.copealcoy.es\/es\/wp-json\/wp\/v2\/posts"}],"about":[{"href":"https:\/\/www.copealcoy.es\/es\/wp-json\/wp\/v2\/types\/post"}],"author":[{"embeddable":true,"href":"https:\/\/www.copealcoy.es\/es\/wp-json\/wp\/v2\/users\/1"}],"replies":[{"embeddable":true,"href":"https:\/\/www.copealcoy.es\/es\/wp-json\/wp\/v2\/comments?post=38645"}],"version-history":[{"count":0,"href":"https:\/\/www.copealcoy.es\/es\/wp-json\/wp\/v2\/posts\/38645\/revisions"}],"wp:featuredmedia":[{"embeddable":true,"href":"https:\/\/www.copealcoy.es\/es\/wp-json\/wp\/v2\/media\/38652"}],"wp:attachment":[{"href":"https:\/\/www.copealcoy.es\/es\/wp-json\/wp\/v2\/media?parent=38645"}],"wp:term":[{"taxonomy":"category","embeddable":true,"href":"https:\/\/www.copealcoy.es\/es\/wp-json\/wp\/v2\/categories?post=38645"},{"taxonomy":"post_tag","embeddable":true,"href":"https:\/\/www.copealcoy.es\/es\/wp-json\/wp\/v2\/tags?post=38645"}],"curies":[{"name":"wp","href":"https:\/\/api.w.org\/{rel}","templated":true}]}}