{"id":38605,"date":"2018-01-25T20:24:15","date_gmt":"2018-01-25T20:24:15","guid":{"rendered":"http:\/\/copealcoi.es\/new\/?p=38605"},"modified":"2018-01-25T20:28:03","modified_gmt":"2018-01-25T20:28:03","slug":"telo-teatre-ultima-la-mostra-de-teatre-amateur-vila-de-cocentaina","status":"publish","type":"post","link":"https:\/\/www.copealcoy.es\/es\/telo-teatre-ultima-la-mostra-de-teatre-amateur-vila-de-cocentaina\/","title":{"rendered":"Tel\u00f3 Teatre ultima la Mostra de Teatre Amateur Vila de Cocentaina"},"content":{"rendered":"<p style=\"text-align: justify;\">El grupo <strong>Tel\u00f3 Teatre de Cocentaina<\/strong>, que recientemente ha clausurado <strong>la celebraci\u00f3n de su cincuenta aniversario<\/strong>, ultima la Mostra de Teatre Amateur que <strong>se llevar\u00e1 a cabo durante todo el mes de febrero<\/strong> y que en este 2018 alcanza su XIX edici\u00f3n.<\/p>\n<p style=\"text-align: justify;\">Las representaciones tendr\u00e1n lugar en el <strong>Centre Cultural El Teular<\/strong> y dar\u00e1n inicio el pr\u00f3ximo <strong>3 de febrero<\/strong> con la actuaci\u00f3n de <strong>Teatre Circ d\u00b4Alcoi<\/strong> y la puesta en escena del montaje de Woody Allen titulado <strong>\u2018Central Park West\u2019<\/strong> bajo la direcci\u00f3n de Adolfo Mataix. Posteriormente, <strong>el domingo 11 de febrero<\/strong>, ser\u00e1 el turno del p\u00fablico m\u00e1s infantil as\u00ed como de las familias gracias al espect\u00e1culo <strong>\u2018\u00bfMiedo\u2026yo?\u2019<\/strong> que llevar\u00e1 a cabo la compa\u00f1\u00eda <strong>Clowndestinao<\/strong> a partir de las doce del mediod\u00eda. A continuaci\u00f3n, <strong>el s\u00e1bado 17 de febrero<\/strong>, pisar\u00e1n el escenario del Teular el grupo <strong>\u2018Font Viva\u2019<\/strong> de Ibi con una obra de Bertolt Brecht titulada <strong>\u2018Madre coraje y sus hijos\u2019<\/strong>. Se trata de todo un \u00e9xito del teatro contempor\u00e1neo que contar\u00e1 con la direcci\u00f3n de Iv\u00e1n Vidal Hidalgo. El broche de oro a la Mostra de Teatre Amateur Vila de Cocentaina lo volver\u00e1 a poner el anfitri\u00f3n, <strong>Tel\u00f3 Teatre<\/strong>, con la representaci\u00f3n de <strong>\u2018Alicia en el Par\u00eds de las Maravillas\u2019<\/strong>, un texto de Miguel Sierra que dirige el veterano <strong>Paco Insa<\/strong> \u201c<em>es una obra que refleja la situaci\u00f3n de las emigrantes espa\u00f1olas que sobreviven a las dificultades que se presentan en su vida cotidiana, mezclada con situaciones de un humor sutil y caracter\u00edstico que acaba de una forma rom\u00e1ntica y feliz<\/em>\u201d, destaca el propio director. Para la ocasi\u00f3n Insa <strong>ha apostado por actores y actrices consagrados<\/strong> dentro de Tel\u00f3 Teatre como Milagro Sell\u00e9s, Lu\u00eds Reche, Meli Soler, Mariola Reig o Lara Calafat as\u00ed como <strong>j\u00f3venes promesas<\/strong> entre las que destacan , entre otros; Dani Mart\u00ednez, Mar\u00eda Terol y Aitor Pascual.<\/p>\n<p style=\"text-align: justify;\">Recordar que las entradas para disfrutar de todas las obras <strong>se podr\u00e1n adquirir a partir del 1 de febrero<\/strong> en la taquilla del mismo Centre Cultural El Teular de 18 a 20 horas de la tarde e incluso antes de cada representaci\u00f3n.<\/p>\n","protected":false},"excerpt":{"rendered":"<p>El grupo Tel\u00f3 Teatre de Cocentaina, que recientemente ha clausurado la celebraci\u00f3n de su cincuenta aniversario, ultima la Mostra de&#8230;<\/p>\n","protected":false},"author":1,"featured_media":10062,"comment_status":"open","ping_status":"open","sticky":false,"template":"","format":"standard","meta":{"footnotes":""},"categories":[98,75],"tags":[480,5154,630,5155],"class_list":["post-38605","post","type-post","status-publish","format-standard","has-post-thumbnail","hentry","category-comarcas","category-noticias","tag-mostra","tag-teatre-amateur","tag-telo-teatre","tag-vila-de-cocentaina"],"yoast_head":"<!-- This site is optimized with the Yoast SEO plugin v27.3 - https:\/\/yoast.com\/product\/yoast-seo-wordpress\/ -->\n<title>Tel\u00f3 Teatre ultima la Mostra de Teatre Amateur Vila de Cocentaina - COPE Alcoy<\/title>\n<meta name=\"robots\" content=\"index, follow, max-snippet:-1, max-image-preview:large, max-video-preview:-1\" \/>\n<link rel=\"canonical\" href=\"https:\/\/www.copealcoy.es\/es\/telo-teatre-ultima-la-mostra-de-teatre-amateur-vila-de-cocentaina\/\" \/>\n<meta property=\"og:locale\" content=\"es_ES\" \/>\n<meta property=\"og:type\" content=\"article\" \/>\n<meta property=\"og:title\" content=\"Tel\u00f3 Teatre ultima la Mostra de Teatre Amateur Vila de Cocentaina - COPE Alcoy\" \/>\n<meta property=\"og:description\" content=\"El grupo Tel\u00f3 Teatre de Cocentaina, que recientemente ha clausurado la celebraci\u00f3n de su cincuenta aniversario, ultima la Mostra de...\" \/>\n<meta property=\"og:url\" content=\"https:\/\/www.copealcoy.es\/es\/telo-teatre-ultima-la-mostra-de-teatre-amateur-vila-de-cocentaina\/\" \/>\n<meta property=\"og:site_name\" content=\"COPE Alcoy\" \/>\n<meta property=\"article:published_time\" content=\"2018-01-25T20:24:15+00:00\" \/>\n<meta property=\"article:modified_time\" content=\"2018-01-25T20:28:03+00:00\" \/>\n<meta property=\"og:image\" content=\"https:\/\/www.copealcoy.es\/wp-content\/uploads\/2015\/01\/image128.jpg\" \/>\n\t<meta property=\"og:image:width\" content=\"1902\" \/>\n\t<meta property=\"og:image:height\" content=\"1167\" \/>\n\t<meta property=\"og:image:type\" content=\"image\/jpeg\" \/>\n<meta name=\"author\" content=\"Cope Alcoy\" \/>\n<meta name=\"twitter:label1\" content=\"Escrito por\" \/>\n\t<meta name=\"twitter:data1\" content=\"Cope Alcoy\" \/>\n\t<meta name=\"twitter:label2\" content=\"Tiempo de lectura\" \/>\n\t<meta name=\"twitter:data2\" content=\"2 minutos\" \/>\n<script type=\"application\/ld+json\" class=\"yoast-schema-graph\">{\"@context\":\"https:\\\/\\\/schema.org\",\"@graph\":[{\"@type\":\"Article\",\"@id\":\"https:\\\/\\\/www.copealcoy.es\\\/es\\\/telo-teatre-ultima-la-mostra-de-teatre-amateur-vila-de-cocentaina\\\/#article\",\"isPartOf\":{\"@id\":\"https:\\\/\\\/www.copealcoy.es\\\/es\\\/telo-teatre-ultima-la-mostra-de-teatre-amateur-vila-de-cocentaina\\\/\"},\"author\":{\"name\":\"Cope Alcoy\",\"@id\":\"https:\\\/\\\/www.copealcoy.es\\\/es\\\/#\\\/schema\\\/person\\\/e777c87fa024e57d40170af9df39882c\"},\"headline\":\"Tel\u00f3 Teatre ultima la Mostra de Teatre Amateur Vila de Cocentaina\",\"datePublished\":\"2018-01-25T20:24:15+00:00\",\"dateModified\":\"2018-01-25T20:28:03+00:00\",\"mainEntityOfPage\":{\"@id\":\"https:\\\/\\\/www.copealcoy.es\\\/es\\\/telo-teatre-ultima-la-mostra-de-teatre-amateur-vila-de-cocentaina\\\/\"},\"wordCount\":383,\"commentCount\":0,\"image\":{\"@id\":\"https:\\\/\\\/www.copealcoy.es\\\/es\\\/telo-teatre-ultima-la-mostra-de-teatre-amateur-vila-de-cocentaina\\\/#primaryimage\"},\"thumbnailUrl\":\"https:\\\/\\\/www.copealcoy.es\\\/wp-content\\\/uploads\\\/2015\\\/01\\\/image128.jpg\",\"keywords\":[\"Mostra\",\"Teatre Amateur\",\"Tel\u00f3 Teatre\",\"Vila de Cocentaina\"],\"articleSection\":[\"Comarcas\",\"Noticias\"],\"inLanguage\":\"es\"},{\"@type\":\"WebPage\",\"@id\":\"https:\\\/\\\/www.copealcoy.es\\\/es\\\/telo-teatre-ultima-la-mostra-de-teatre-amateur-vila-de-cocentaina\\\/\",\"url\":\"https:\\\/\\\/www.copealcoy.es\\\/es\\\/telo-teatre-ultima-la-mostra-de-teatre-amateur-vila-de-cocentaina\\\/\",\"name\":\"Tel\u00f3 Teatre ultima la Mostra de Teatre Amateur Vila de Cocentaina - COPE Alcoy\",\"isPartOf\":{\"@id\":\"https:\\\/\\\/www.copealcoy.es\\\/es\\\/#website\"},\"primaryImageOfPage\":{\"@id\":\"https:\\\/\\\/www.copealcoy.es\\\/es\\\/telo-teatre-ultima-la-mostra-de-teatre-amateur-vila-de-cocentaina\\\/#primaryimage\"},\"image\":{\"@id\":\"https:\\\/\\\/www.copealcoy.es\\\/es\\\/telo-teatre-ultima-la-mostra-de-teatre-amateur-vila-de-cocentaina\\\/#primaryimage\"},\"thumbnailUrl\":\"https:\\\/\\\/www.copealcoy.es\\\/wp-content\\\/uploads\\\/2015\\\/01\\\/image128.jpg\",\"datePublished\":\"2018-01-25T20:24:15+00:00\",\"dateModified\":\"2018-01-25T20:28:03+00:00\",\"author\":{\"@id\":\"https:\\\/\\\/www.copealcoy.es\\\/es\\\/#\\\/schema\\\/person\\\/e777c87fa024e57d40170af9df39882c\"},\"breadcrumb\":{\"@id\":\"https:\\\/\\\/www.copealcoy.es\\\/es\\\/telo-teatre-ultima-la-mostra-de-teatre-amateur-vila-de-cocentaina\\\/#breadcrumb\"},\"inLanguage\":\"es\",\"potentialAction\":[{\"@type\":\"ReadAction\",\"target\":[\"https:\\\/\\\/www.copealcoy.es\\\/es\\\/telo-teatre-ultima-la-mostra-de-teatre-amateur-vila-de-cocentaina\\\/\"]}]},{\"@type\":\"ImageObject\",\"inLanguage\":\"es\",\"@id\":\"https:\\\/\\\/www.copealcoy.es\\\/es\\\/telo-teatre-ultima-la-mostra-de-teatre-amateur-vila-de-cocentaina\\\/#primaryimage\",\"url\":\"https:\\\/\\\/www.copealcoy.es\\\/wp-content\\\/uploads\\\/2015\\\/01\\\/image128.jpg\",\"contentUrl\":\"https:\\\/\\\/www.copealcoy.es\\\/wp-content\\\/uploads\\\/2015\\\/01\\\/image128.jpg\",\"width\":1760,\"height\":1080},{\"@type\":\"BreadcrumbList\",\"@id\":\"https:\\\/\\\/www.copealcoy.es\\\/es\\\/telo-teatre-ultima-la-mostra-de-teatre-amateur-vila-de-cocentaina\\\/#breadcrumb\",\"itemListElement\":[{\"@type\":\"ListItem\",\"position\":1,\"name\":\"Portada\",\"item\":\"https:\\\/\\\/www.copealcoy.es\\\/es\\\/\"},{\"@type\":\"ListItem\",\"position\":2,\"name\":\"Tel\u00f3 Teatre ultima la Mostra de Teatre Amateur Vila de Cocentaina\"}]},{\"@type\":\"WebSite\",\"@id\":\"https:\\\/\\\/www.copealcoy.es\\\/es\\\/#website\",\"url\":\"https:\\\/\\\/www.copealcoy.es\\\/es\\\/\",\"name\":\"COPE Alcoy\",\"description\":\"Emisora COPE de radio local con emisi\u00f3n online. Pont de Sant Jordi 8-10 03803 Alcoy\",\"potentialAction\":[{\"@type\":\"SearchAction\",\"target\":{\"@type\":\"EntryPoint\",\"urlTemplate\":\"https:\\\/\\\/www.copealcoy.es\\\/es\\\/?s={search_term_string}\"},\"query-input\":{\"@type\":\"PropertyValueSpecification\",\"valueRequired\":true,\"valueName\":\"search_term_string\"}}],\"inLanguage\":\"es\"},{\"@type\":\"Person\",\"@id\":\"https:\\\/\\\/www.copealcoy.es\\\/es\\\/#\\\/schema\\\/person\\\/e777c87fa024e57d40170af9df39882c\",\"name\":\"Cope Alcoy\",\"image\":{\"@type\":\"ImageObject\",\"inLanguage\":\"es\",\"@id\":\"https:\\\/\\\/secure.gravatar.com\\\/avatar\\\/bb65d0283347e303893ba14f0692005417c1e0e690a325a4c5d8bb2b3943ee14?s=96&d=mm&r=g\",\"url\":\"https:\\\/\\\/secure.gravatar.com\\\/avatar\\\/bb65d0283347e303893ba14f0692005417c1e0e690a325a4c5d8bb2b3943ee14?s=96&d=mm&r=g\",\"contentUrl\":\"https:\\\/\\\/secure.gravatar.com\\\/avatar\\\/bb65d0283347e303893ba14f0692005417c1e0e690a325a4c5d8bb2b3943ee14?s=96&d=mm&r=g\",\"caption\":\"Cope Alcoy\"}}]}<\/script>\n<!-- \/ Yoast SEO plugin. -->","yoast_head_json":{"title":"Tel\u00f3 Teatre ultima la Mostra de Teatre Amateur Vila de Cocentaina - COPE Alcoy","robots":{"index":"index","follow":"follow","max-snippet":"max-snippet:-1","max-image-preview":"max-image-preview:large","max-video-preview":"max-video-preview:-1"},"canonical":"https:\/\/www.copealcoy.es\/es\/telo-teatre-ultima-la-mostra-de-teatre-amateur-vila-de-cocentaina\/","og_locale":"es_ES","og_type":"article","og_title":"Tel\u00f3 Teatre ultima la Mostra de Teatre Amateur Vila de Cocentaina - COPE Alcoy","og_description":"El grupo Tel\u00f3 Teatre de Cocentaina, que recientemente ha clausurado la celebraci\u00f3n de su cincuenta aniversario, ultima la Mostra de...","og_url":"https:\/\/www.copealcoy.es\/es\/telo-teatre-ultima-la-mostra-de-teatre-amateur-vila-de-cocentaina\/","og_site_name":"COPE Alcoy","article_published_time":"2018-01-25T20:24:15+00:00","article_modified_time":"2018-01-25T20:28:03+00:00","og_image":[{"width":1902,"height":1167,"url":"https:\/\/www.copealcoy.es\/wp-content\/uploads\/2015\/01\/image128.jpg","type":"image\/jpeg"}],"author":"Cope Alcoy","twitter_misc":{"Escrito por":"Cope Alcoy","Tiempo de lectura":"2 minutos"},"schema":{"@context":"https:\/\/schema.org","@graph":[{"@type":"Article","@id":"https:\/\/www.copealcoy.es\/es\/telo-teatre-ultima-la-mostra-de-teatre-amateur-vila-de-cocentaina\/#article","isPartOf":{"@id":"https:\/\/www.copealcoy.es\/es\/telo-teatre-ultima-la-mostra-de-teatre-amateur-vila-de-cocentaina\/"},"author":{"name":"Cope Alcoy","@id":"https:\/\/www.copealcoy.es\/es\/#\/schema\/person\/e777c87fa024e57d40170af9df39882c"},"headline":"Tel\u00f3 Teatre ultima la Mostra de Teatre Amateur Vila de Cocentaina","datePublished":"2018-01-25T20:24:15+00:00","dateModified":"2018-01-25T20:28:03+00:00","mainEntityOfPage":{"@id":"https:\/\/www.copealcoy.es\/es\/telo-teatre-ultima-la-mostra-de-teatre-amateur-vila-de-cocentaina\/"},"wordCount":383,"commentCount":0,"image":{"@id":"https:\/\/www.copealcoy.es\/es\/telo-teatre-ultima-la-mostra-de-teatre-amateur-vila-de-cocentaina\/#primaryimage"},"thumbnailUrl":"https:\/\/www.copealcoy.es\/wp-content\/uploads\/2015\/01\/image128.jpg","keywords":["Mostra","Teatre Amateur","Tel\u00f3 Teatre","Vila de Cocentaina"],"articleSection":["Comarcas","Noticias"],"inLanguage":"es"},{"@type":"WebPage","@id":"https:\/\/www.copealcoy.es\/es\/telo-teatre-ultima-la-mostra-de-teatre-amateur-vila-de-cocentaina\/","url":"https:\/\/www.copealcoy.es\/es\/telo-teatre-ultima-la-mostra-de-teatre-amateur-vila-de-cocentaina\/","name":"Tel\u00f3 Teatre ultima la Mostra de Teatre Amateur Vila de Cocentaina - COPE Alcoy","isPartOf":{"@id":"https:\/\/www.copealcoy.es\/es\/#website"},"primaryImageOfPage":{"@id":"https:\/\/www.copealcoy.es\/es\/telo-teatre-ultima-la-mostra-de-teatre-amateur-vila-de-cocentaina\/#primaryimage"},"image":{"@id":"https:\/\/www.copealcoy.es\/es\/telo-teatre-ultima-la-mostra-de-teatre-amateur-vila-de-cocentaina\/#primaryimage"},"thumbnailUrl":"https:\/\/www.copealcoy.es\/wp-content\/uploads\/2015\/01\/image128.jpg","datePublished":"2018-01-25T20:24:15+00:00","dateModified":"2018-01-25T20:28:03+00:00","author":{"@id":"https:\/\/www.copealcoy.es\/es\/#\/schema\/person\/e777c87fa024e57d40170af9df39882c"},"breadcrumb":{"@id":"https:\/\/www.copealcoy.es\/es\/telo-teatre-ultima-la-mostra-de-teatre-amateur-vila-de-cocentaina\/#breadcrumb"},"inLanguage":"es","potentialAction":[{"@type":"ReadAction","target":["https:\/\/www.copealcoy.es\/es\/telo-teatre-ultima-la-mostra-de-teatre-amateur-vila-de-cocentaina\/"]}]},{"@type":"ImageObject","inLanguage":"es","@id":"https:\/\/www.copealcoy.es\/es\/telo-teatre-ultima-la-mostra-de-teatre-amateur-vila-de-cocentaina\/#primaryimage","url":"https:\/\/www.copealcoy.es\/wp-content\/uploads\/2015\/01\/image128.jpg","contentUrl":"https:\/\/www.copealcoy.es\/wp-content\/uploads\/2015\/01\/image128.jpg","width":1760,"height":1080},{"@type":"BreadcrumbList","@id":"https:\/\/www.copealcoy.es\/es\/telo-teatre-ultima-la-mostra-de-teatre-amateur-vila-de-cocentaina\/#breadcrumb","itemListElement":[{"@type":"ListItem","position":1,"name":"Portada","item":"https:\/\/www.copealcoy.es\/es\/"},{"@type":"ListItem","position":2,"name":"Tel\u00f3 Teatre ultima la Mostra de Teatre Amateur Vila de Cocentaina"}]},{"@type":"WebSite","@id":"https:\/\/www.copealcoy.es\/es\/#website","url":"https:\/\/www.copealcoy.es\/es\/","name":"COPE Alcoy","description":"Emisora COPE de radio local con emisi\u00f3n online. Pont de Sant Jordi 8-10 03803 Alcoy","potentialAction":[{"@type":"SearchAction","target":{"@type":"EntryPoint","urlTemplate":"https:\/\/www.copealcoy.es\/es\/?s={search_term_string}"},"query-input":{"@type":"PropertyValueSpecification","valueRequired":true,"valueName":"search_term_string"}}],"inLanguage":"es"},{"@type":"Person","@id":"https:\/\/www.copealcoy.es\/es\/#\/schema\/person\/e777c87fa024e57d40170af9df39882c","name":"Cope Alcoy","image":{"@type":"ImageObject","inLanguage":"es","@id":"https:\/\/secure.gravatar.com\/avatar\/bb65d0283347e303893ba14f0692005417c1e0e690a325a4c5d8bb2b3943ee14?s=96&d=mm&r=g","url":"https:\/\/secure.gravatar.com\/avatar\/bb65d0283347e303893ba14f0692005417c1e0e690a325a4c5d8bb2b3943ee14?s=96&d=mm&r=g","contentUrl":"https:\/\/secure.gravatar.com\/avatar\/bb65d0283347e303893ba14f0692005417c1e0e690a325a4c5d8bb2b3943ee14?s=96&d=mm&r=g","caption":"Cope Alcoy"}}]}},"_links":{"self":[{"href":"https:\/\/www.copealcoy.es\/es\/wp-json\/wp\/v2\/posts\/38605","targetHints":{"allow":["GET"]}}],"collection":[{"href":"https:\/\/www.copealcoy.es\/es\/wp-json\/wp\/v2\/posts"}],"about":[{"href":"https:\/\/www.copealcoy.es\/es\/wp-json\/wp\/v2\/types\/post"}],"author":[{"embeddable":true,"href":"https:\/\/www.copealcoy.es\/es\/wp-json\/wp\/v2\/users\/1"}],"replies":[{"embeddable":true,"href":"https:\/\/www.copealcoy.es\/es\/wp-json\/wp\/v2\/comments?post=38605"}],"version-history":[{"count":0,"href":"https:\/\/www.copealcoy.es\/es\/wp-json\/wp\/v2\/posts\/38605\/revisions"}],"wp:featuredmedia":[{"embeddable":true,"href":"https:\/\/www.copealcoy.es\/es\/wp-json\/wp\/v2\/media\/10062"}],"wp:attachment":[{"href":"https:\/\/www.copealcoy.es\/es\/wp-json\/wp\/v2\/media?parent=38605"}],"wp:term":[{"taxonomy":"category","embeddable":true,"href":"https:\/\/www.copealcoy.es\/es\/wp-json\/wp\/v2\/categories?post=38605"},{"taxonomy":"post_tag","embeddable":true,"href":"https:\/\/www.copealcoy.es\/es\/wp-json\/wp\/v2\/tags?post=38605"}],"curies":[{"name":"wp","href":"https:\/\/api.w.org\/{rel}","templated":true}]}}