{"id":38583,"date":"2018-01-25T16:09:16","date_gmt":"2018-01-25T16:09:16","guid":{"rendered":"http:\/\/copealcoi.es\/new\/?p=38583"},"modified":"2018-01-25T16:11:23","modified_gmt":"2018-01-25T16:11:23","slug":"el-pp-propone-la-ampliacion-de-las-paradas-de-taxi-de-alcoy","status":"publish","type":"post","link":"https:\/\/www.copealcoy.es\/es\/el-pp-propone-la-ampliacion-de-las-paradas-de-taxi-de-alcoy\/","title":{"rendered":"El PP propone la ampliaci\u00f3n de las paradas de taxi de Alcoy"},"content":{"rendered":"<p style=\"text-align: justify;\">El <strong>Partido Popular de Alcoy<\/strong> propone <strong>la creaci\u00f3n y modificaci\u00f3n de algunas de las paradas de taxi<\/strong> de nuestra ciudad. Los populares\u00a0piden que <strong>se estudie la ubicaci\u00f3n de nuevas paradas<\/strong> en las inmediaciones de la Plaza de Espa\u00f1a, del Centro Comercial de Alzamora as\u00ed como la ampliaci\u00f3n de la parada del Hospital Comarcal Virgen de los Lirios.<\/p>\n<p style=\"text-align: justify;\">Los populares <strong>plantean la sustituci\u00f3n del aparcamiento de coches oficiales<\/strong> existente actualmente en la calle de San Lorenzo por una parada de taxi para que pueda albergar varios veh\u00edculos. De esta forma proponen\u00a0trasladar este aparcamiento a la calle San Juan y liberar plazas en la actual parada de la calle Santo Tom\u00e1s. Tambi\u00e9n <strong>quieren solicitar una nueva parada taxi en el carril derecho de circulaci\u00f3n de la calle Els Alzamora<\/strong>, justo despu\u00e9s de la parada del autob\u00fas urbano y aprovechando que la calle Regimiento Vizcaya se ha peatonalizado. Finalmente instan a negociar\u00a0con la gerencia del Hospital Virgen de los Lirios <strong>el poder aumentar la plazas de taxi disponibles<\/strong> en el recinto sanitario.<\/p>\n<p style=\"text-align: justify;\">El concejal del Partido Popular, <strong>Nacho Palmer<\/strong>, defiende estas iniciativas &#8220;<em>todo lo que solicitamos est\u00e1 pedido por el sector del taxi de Alcoy. Esperamos que el Alcalde no sacrifique el trabajo del sector del taxi y un mejor servicio para la ciudadan\u00eda, por el simple hecho de querer tener el coche oficial en la misma puerta del Ayuntamiento<\/em>&#8216;, asegura.<\/p>\n<p style=\"text-align: justify;\">Desde el PP informan que <strong>estas demandas ser\u00e1n trasladadas al Ejecutivo de Franc\u00e9s<\/strong> durante el pleno ordinario de este mes de enero que tendr\u00e1 lugar el pr\u00f3ximo lunes.<\/p>\n<p>&nbsp;<\/p>\n","protected":false},"excerpt":{"rendered":"<p>El Partido Popular de Alcoy propone la creaci\u00f3n y modificaci\u00f3n de algunas de las paradas de taxi de nuestra ciudad&#8230;.<\/p>\n","protected":false},"author":1,"featured_media":38584,"comment_status":"open","ping_status":"open","sticky":false,"template":"","format":"standard","meta":{"footnotes":""},"categories":[97,75,79],"tags":[1494,1338,5148,448,5149],"class_list":["post-38583","post","type-post","status-publish","format-standard","has-post-thumbnail","hentry","category-alcoy","category-noticias","category-politicayeconomia","tag-alcoy","tag-ampliacion","tag-paradas","tag-partido-popular","tag-taxi"],"yoast_head":"<!-- This site is optimized with the Yoast SEO plugin v27.3 - https:\/\/yoast.com\/product\/yoast-seo-wordpress\/ -->\n<title>El PP propone la ampliaci\u00f3n de las paradas de taxi de Alcoy - COPE Alcoy<\/title>\n<meta name=\"robots\" content=\"index, follow, max-snippet:-1, max-image-preview:large, max-video-preview:-1\" \/>\n<link rel=\"canonical\" href=\"https:\/\/www.copealcoy.es\/es\/el-pp-propone-la-ampliacion-de-las-paradas-de-taxi-de-alcoy\/\" \/>\n<meta property=\"og:locale\" content=\"es_ES\" \/>\n<meta property=\"og:type\" content=\"article\" \/>\n<meta property=\"og:title\" content=\"El PP propone la ampliaci\u00f3n de las paradas de taxi de Alcoy - COPE Alcoy\" \/>\n<meta property=\"og:description\" content=\"El Partido Popular de Alcoy propone la creaci\u00f3n y modificaci\u00f3n de algunas de las paradas de taxi de nuestra ciudad....\" \/>\n<meta property=\"og:url\" content=\"https:\/\/www.copealcoy.es\/es\/el-pp-propone-la-ampliacion-de-las-paradas-de-taxi-de-alcoy\/\" \/>\n<meta property=\"og:site_name\" content=\"COPE Alcoy\" \/>\n<meta property=\"article:published_time\" content=\"2018-01-25T16:09:16+00:00\" \/>\n<meta property=\"article:modified_time\" content=\"2018-01-25T16:11:23+00:00\" \/>\n<meta property=\"og:image\" content=\"https:\/\/www.copealcoy.es\/wp-content\/uploads\/2018\/01\/20180123_paradas_taxi-e1516896540643.jpg\" \/>\n\t<meta property=\"og:image:width\" content=\"3119\" \/>\n\t<meta property=\"og:image:height\" content=\"1861\" \/>\n\t<meta property=\"og:image:type\" content=\"image\/jpeg\" \/>\n<meta name=\"author\" content=\"Cope Alcoy\" \/>\n<meta name=\"twitter:label1\" content=\"Escrito por\" \/>\n\t<meta name=\"twitter:data1\" content=\"Cope Alcoy\" \/>\n\t<meta name=\"twitter:label2\" content=\"Tiempo de lectura\" \/>\n\t<meta name=\"twitter:data2\" content=\"1 minuto\" \/>\n<script type=\"application\/ld+json\" class=\"yoast-schema-graph\">{\"@context\":\"https:\\\/\\\/schema.org\",\"@graph\":[{\"@type\":\"Article\",\"@id\":\"https:\\\/\\\/www.copealcoy.es\\\/es\\\/el-pp-propone-la-ampliacion-de-las-paradas-de-taxi-de-alcoy\\\/#article\",\"isPartOf\":{\"@id\":\"https:\\\/\\\/www.copealcoy.es\\\/es\\\/el-pp-propone-la-ampliacion-de-las-paradas-de-taxi-de-alcoy\\\/\"},\"author\":{\"name\":\"Cope Alcoy\",\"@id\":\"https:\\\/\\\/www.copealcoy.es\\\/es\\\/#\\\/schema\\\/person\\\/e777c87fa024e57d40170af9df39882c\"},\"headline\":\"El PP propone la ampliaci\u00f3n de las paradas de taxi de Alcoy\",\"datePublished\":\"2018-01-25T16:09:16+00:00\",\"dateModified\":\"2018-01-25T16:11:23+00:00\",\"mainEntityOfPage\":{\"@id\":\"https:\\\/\\\/www.copealcoy.es\\\/es\\\/el-pp-propone-la-ampliacion-de-las-paradas-de-taxi-de-alcoy\\\/\"},\"wordCount\":289,\"commentCount\":0,\"image\":{\"@id\":\"https:\\\/\\\/www.copealcoy.es\\\/es\\\/el-pp-propone-la-ampliacion-de-las-paradas-de-taxi-de-alcoy\\\/#primaryimage\"},\"thumbnailUrl\":\"https:\\\/\\\/www.copealcoy.es\\\/wp-content\\\/uploads\\\/2018\\\/01\\\/20180123_paradas_taxi-e1516896540643.jpg\",\"keywords\":[\"Alcoy\",\"ampliaci\u00f3n\",\"paradas\",\"Partido Popular\",\"taxi\"],\"articleSection\":[\"Alcoy\",\"Noticias\",\"Pol\u00edtica y Econom\u00eda\"],\"inLanguage\":\"es\"},{\"@type\":\"WebPage\",\"@id\":\"https:\\\/\\\/www.copealcoy.es\\\/es\\\/el-pp-propone-la-ampliacion-de-las-paradas-de-taxi-de-alcoy\\\/\",\"url\":\"https:\\\/\\\/www.copealcoy.es\\\/es\\\/el-pp-propone-la-ampliacion-de-las-paradas-de-taxi-de-alcoy\\\/\",\"name\":\"El PP propone la ampliaci\u00f3n de las paradas de taxi de Alcoy - COPE Alcoy\",\"isPartOf\":{\"@id\":\"https:\\\/\\\/www.copealcoy.es\\\/es\\\/#website\"},\"primaryImageOfPage\":{\"@id\":\"https:\\\/\\\/www.copealcoy.es\\\/es\\\/el-pp-propone-la-ampliacion-de-las-paradas-de-taxi-de-alcoy\\\/#primaryimage\"},\"image\":{\"@id\":\"https:\\\/\\\/www.copealcoy.es\\\/es\\\/el-pp-propone-la-ampliacion-de-las-paradas-de-taxi-de-alcoy\\\/#primaryimage\"},\"thumbnailUrl\":\"https:\\\/\\\/www.copealcoy.es\\\/wp-content\\\/uploads\\\/2018\\\/01\\\/20180123_paradas_taxi-e1516896540643.jpg\",\"datePublished\":\"2018-01-25T16:09:16+00:00\",\"dateModified\":\"2018-01-25T16:11:23+00:00\",\"author\":{\"@id\":\"https:\\\/\\\/www.copealcoy.es\\\/es\\\/#\\\/schema\\\/person\\\/e777c87fa024e57d40170af9df39882c\"},\"breadcrumb\":{\"@id\":\"https:\\\/\\\/www.copealcoy.es\\\/es\\\/el-pp-propone-la-ampliacion-de-las-paradas-de-taxi-de-alcoy\\\/#breadcrumb\"},\"inLanguage\":\"es\",\"potentialAction\":[{\"@type\":\"ReadAction\",\"target\":[\"https:\\\/\\\/www.copealcoy.es\\\/es\\\/el-pp-propone-la-ampliacion-de-las-paradas-de-taxi-de-alcoy\\\/\"]}]},{\"@type\":\"ImageObject\",\"inLanguage\":\"es\",\"@id\":\"https:\\\/\\\/www.copealcoy.es\\\/es\\\/el-pp-propone-la-ampliacion-de-las-paradas-de-taxi-de-alcoy\\\/#primaryimage\",\"url\":\"https:\\\/\\\/www.copealcoy.es\\\/wp-content\\\/uploads\\\/2018\\\/01\\\/20180123_paradas_taxi-e1516896540643.jpg\",\"contentUrl\":\"https:\\\/\\\/www.copealcoy.es\\\/wp-content\\\/uploads\\\/2018\\\/01\\\/20180123_paradas_taxi-e1516896540643.jpg\",\"width\":3119,\"height\":1861},{\"@type\":\"BreadcrumbList\",\"@id\":\"https:\\\/\\\/www.copealcoy.es\\\/es\\\/el-pp-propone-la-ampliacion-de-las-paradas-de-taxi-de-alcoy\\\/#breadcrumb\",\"itemListElement\":[{\"@type\":\"ListItem\",\"position\":1,\"name\":\"Portada\",\"item\":\"https:\\\/\\\/www.copealcoy.es\\\/es\\\/\"},{\"@type\":\"ListItem\",\"position\":2,\"name\":\"El PP propone la ampliaci\u00f3n de las paradas de taxi de Alcoy\"}]},{\"@type\":\"WebSite\",\"@id\":\"https:\\\/\\\/www.copealcoy.es\\\/es\\\/#website\",\"url\":\"https:\\\/\\\/www.copealcoy.es\\\/es\\\/\",\"name\":\"COPE Alcoy\",\"description\":\"Emisora COPE de radio local con emisi\u00f3n online. Pont de Sant Jordi 8-10 03803 Alcoy\",\"potentialAction\":[{\"@type\":\"SearchAction\",\"target\":{\"@type\":\"EntryPoint\",\"urlTemplate\":\"https:\\\/\\\/www.copealcoy.es\\\/es\\\/?s={search_term_string}\"},\"query-input\":{\"@type\":\"PropertyValueSpecification\",\"valueRequired\":true,\"valueName\":\"search_term_string\"}}],\"inLanguage\":\"es\"},{\"@type\":\"Person\",\"@id\":\"https:\\\/\\\/www.copealcoy.es\\\/es\\\/#\\\/schema\\\/person\\\/e777c87fa024e57d40170af9df39882c\",\"name\":\"Cope Alcoy\",\"image\":{\"@type\":\"ImageObject\",\"inLanguage\":\"es\",\"@id\":\"https:\\\/\\\/secure.gravatar.com\\\/avatar\\\/bb65d0283347e303893ba14f0692005417c1e0e690a325a4c5d8bb2b3943ee14?s=96&d=mm&r=g\",\"url\":\"https:\\\/\\\/secure.gravatar.com\\\/avatar\\\/bb65d0283347e303893ba14f0692005417c1e0e690a325a4c5d8bb2b3943ee14?s=96&d=mm&r=g\",\"contentUrl\":\"https:\\\/\\\/secure.gravatar.com\\\/avatar\\\/bb65d0283347e303893ba14f0692005417c1e0e690a325a4c5d8bb2b3943ee14?s=96&d=mm&r=g\",\"caption\":\"Cope Alcoy\"}}]}<\/script>\n<!-- \/ Yoast SEO plugin. -->","yoast_head_json":{"title":"El PP propone la ampliaci\u00f3n de las paradas de taxi de Alcoy - COPE Alcoy","robots":{"index":"index","follow":"follow","max-snippet":"max-snippet:-1","max-image-preview":"max-image-preview:large","max-video-preview":"max-video-preview:-1"},"canonical":"https:\/\/www.copealcoy.es\/es\/el-pp-propone-la-ampliacion-de-las-paradas-de-taxi-de-alcoy\/","og_locale":"es_ES","og_type":"article","og_title":"El PP propone la ampliaci\u00f3n de las paradas de taxi de Alcoy - COPE Alcoy","og_description":"El Partido Popular de Alcoy propone la creaci\u00f3n y modificaci\u00f3n de algunas de las paradas de taxi de nuestra ciudad....","og_url":"https:\/\/www.copealcoy.es\/es\/el-pp-propone-la-ampliacion-de-las-paradas-de-taxi-de-alcoy\/","og_site_name":"COPE Alcoy","article_published_time":"2018-01-25T16:09:16+00:00","article_modified_time":"2018-01-25T16:11:23+00:00","og_image":[{"width":3119,"height":1861,"url":"https:\/\/www.copealcoy.es\/wp-content\/uploads\/2018\/01\/20180123_paradas_taxi-e1516896540643.jpg","type":"image\/jpeg"}],"author":"Cope Alcoy","twitter_misc":{"Escrito por":"Cope Alcoy","Tiempo de lectura":"1 minuto"},"schema":{"@context":"https:\/\/schema.org","@graph":[{"@type":"Article","@id":"https:\/\/www.copealcoy.es\/es\/el-pp-propone-la-ampliacion-de-las-paradas-de-taxi-de-alcoy\/#article","isPartOf":{"@id":"https:\/\/www.copealcoy.es\/es\/el-pp-propone-la-ampliacion-de-las-paradas-de-taxi-de-alcoy\/"},"author":{"name":"Cope Alcoy","@id":"https:\/\/www.copealcoy.es\/es\/#\/schema\/person\/e777c87fa024e57d40170af9df39882c"},"headline":"El PP propone la ampliaci\u00f3n de las paradas de taxi de Alcoy","datePublished":"2018-01-25T16:09:16+00:00","dateModified":"2018-01-25T16:11:23+00:00","mainEntityOfPage":{"@id":"https:\/\/www.copealcoy.es\/es\/el-pp-propone-la-ampliacion-de-las-paradas-de-taxi-de-alcoy\/"},"wordCount":289,"commentCount":0,"image":{"@id":"https:\/\/www.copealcoy.es\/es\/el-pp-propone-la-ampliacion-de-las-paradas-de-taxi-de-alcoy\/#primaryimage"},"thumbnailUrl":"https:\/\/www.copealcoy.es\/wp-content\/uploads\/2018\/01\/20180123_paradas_taxi-e1516896540643.jpg","keywords":["Alcoy","ampliaci\u00f3n","paradas","Partido Popular","taxi"],"articleSection":["Alcoy","Noticias","Pol\u00edtica y Econom\u00eda"],"inLanguage":"es"},{"@type":"WebPage","@id":"https:\/\/www.copealcoy.es\/es\/el-pp-propone-la-ampliacion-de-las-paradas-de-taxi-de-alcoy\/","url":"https:\/\/www.copealcoy.es\/es\/el-pp-propone-la-ampliacion-de-las-paradas-de-taxi-de-alcoy\/","name":"El PP propone la ampliaci\u00f3n de las paradas de taxi de Alcoy - COPE Alcoy","isPartOf":{"@id":"https:\/\/www.copealcoy.es\/es\/#website"},"primaryImageOfPage":{"@id":"https:\/\/www.copealcoy.es\/es\/el-pp-propone-la-ampliacion-de-las-paradas-de-taxi-de-alcoy\/#primaryimage"},"image":{"@id":"https:\/\/www.copealcoy.es\/es\/el-pp-propone-la-ampliacion-de-las-paradas-de-taxi-de-alcoy\/#primaryimage"},"thumbnailUrl":"https:\/\/www.copealcoy.es\/wp-content\/uploads\/2018\/01\/20180123_paradas_taxi-e1516896540643.jpg","datePublished":"2018-01-25T16:09:16+00:00","dateModified":"2018-01-25T16:11:23+00:00","author":{"@id":"https:\/\/www.copealcoy.es\/es\/#\/schema\/person\/e777c87fa024e57d40170af9df39882c"},"breadcrumb":{"@id":"https:\/\/www.copealcoy.es\/es\/el-pp-propone-la-ampliacion-de-las-paradas-de-taxi-de-alcoy\/#breadcrumb"},"inLanguage":"es","potentialAction":[{"@type":"ReadAction","target":["https:\/\/www.copealcoy.es\/es\/el-pp-propone-la-ampliacion-de-las-paradas-de-taxi-de-alcoy\/"]}]},{"@type":"ImageObject","inLanguage":"es","@id":"https:\/\/www.copealcoy.es\/es\/el-pp-propone-la-ampliacion-de-las-paradas-de-taxi-de-alcoy\/#primaryimage","url":"https:\/\/www.copealcoy.es\/wp-content\/uploads\/2018\/01\/20180123_paradas_taxi-e1516896540643.jpg","contentUrl":"https:\/\/www.copealcoy.es\/wp-content\/uploads\/2018\/01\/20180123_paradas_taxi-e1516896540643.jpg","width":3119,"height":1861},{"@type":"BreadcrumbList","@id":"https:\/\/www.copealcoy.es\/es\/el-pp-propone-la-ampliacion-de-las-paradas-de-taxi-de-alcoy\/#breadcrumb","itemListElement":[{"@type":"ListItem","position":1,"name":"Portada","item":"https:\/\/www.copealcoy.es\/es\/"},{"@type":"ListItem","position":2,"name":"El PP propone la ampliaci\u00f3n de las paradas de taxi de Alcoy"}]},{"@type":"WebSite","@id":"https:\/\/www.copealcoy.es\/es\/#website","url":"https:\/\/www.copealcoy.es\/es\/","name":"COPE Alcoy","description":"Emisora COPE de radio local con emisi\u00f3n online. Pont de Sant Jordi 8-10 03803 Alcoy","potentialAction":[{"@type":"SearchAction","target":{"@type":"EntryPoint","urlTemplate":"https:\/\/www.copealcoy.es\/es\/?s={search_term_string}"},"query-input":{"@type":"PropertyValueSpecification","valueRequired":true,"valueName":"search_term_string"}}],"inLanguage":"es"},{"@type":"Person","@id":"https:\/\/www.copealcoy.es\/es\/#\/schema\/person\/e777c87fa024e57d40170af9df39882c","name":"Cope Alcoy","image":{"@type":"ImageObject","inLanguage":"es","@id":"https:\/\/secure.gravatar.com\/avatar\/bb65d0283347e303893ba14f0692005417c1e0e690a325a4c5d8bb2b3943ee14?s=96&d=mm&r=g","url":"https:\/\/secure.gravatar.com\/avatar\/bb65d0283347e303893ba14f0692005417c1e0e690a325a4c5d8bb2b3943ee14?s=96&d=mm&r=g","contentUrl":"https:\/\/secure.gravatar.com\/avatar\/bb65d0283347e303893ba14f0692005417c1e0e690a325a4c5d8bb2b3943ee14?s=96&d=mm&r=g","caption":"Cope Alcoy"}}]}},"_links":{"self":[{"href":"https:\/\/www.copealcoy.es\/es\/wp-json\/wp\/v2\/posts\/38583","targetHints":{"allow":["GET"]}}],"collection":[{"href":"https:\/\/www.copealcoy.es\/es\/wp-json\/wp\/v2\/posts"}],"about":[{"href":"https:\/\/www.copealcoy.es\/es\/wp-json\/wp\/v2\/types\/post"}],"author":[{"embeddable":true,"href":"https:\/\/www.copealcoy.es\/es\/wp-json\/wp\/v2\/users\/1"}],"replies":[{"embeddable":true,"href":"https:\/\/www.copealcoy.es\/es\/wp-json\/wp\/v2\/comments?post=38583"}],"version-history":[{"count":0,"href":"https:\/\/www.copealcoy.es\/es\/wp-json\/wp\/v2\/posts\/38583\/revisions"}],"wp:featuredmedia":[{"embeddable":true,"href":"https:\/\/www.copealcoy.es\/es\/wp-json\/wp\/v2\/media\/38584"}],"wp:attachment":[{"href":"https:\/\/www.copealcoy.es\/es\/wp-json\/wp\/v2\/media?parent=38583"}],"wp:term":[{"taxonomy":"category","embeddable":true,"href":"https:\/\/www.copealcoy.es\/es\/wp-json\/wp\/v2\/categories?post=38583"},{"taxonomy":"post_tag","embeddable":true,"href":"https:\/\/www.copealcoy.es\/es\/wp-json\/wp\/v2\/tags?post=38583"}],"curies":[{"name":"wp","href":"https:\/\/api.w.org\/{rel}","templated":true}]}}