{"id":38511,"date":"2018-01-23T15:35:09","date_gmt":"2018-01-23T15:35:09","guid":{"rendered":"http:\/\/copealcoi.es\/new\/?p=38511"},"modified":"2018-01-23T15:36:43","modified_gmt":"2018-01-23T15:36:43","slug":"cocentaina-mantiene-las-ayudas-de-apoyo-a-emprendedores","status":"publish","type":"post","link":"https:\/\/www.copealcoy.es\/es\/cocentaina-mantiene-las-ayudas-de-apoyo-a-emprendedores\/","title":{"rendered":"Cocentaina mantiene las ayudas de apoyo a emprendedores"},"content":{"rendered":"<p style=\"text-align: justify;\">La concejal\u00eda de\u00a0<strong>Promoci\u00f3n<\/strong><strong>\u00a0<\/strong><strong>Econ\u00f3mica<\/strong>\u00a0del Ayuntamiento de Cocentaina <strong>ha hecho un balance<\/strong> de todas las iniciativas impulsadas durante el pasado a\u00f1o 2017.<\/p>\n<p style=\"text-align: justify;\">Desde el Consistorio contestano destacan los <strong>1\u00b44 millones<\/strong> invertidos en la <strong>mejora de los pol\u00edgonos industriales<\/strong> con ayudas del IVACE, el\u00a0<strong>asesoramiento <\/strong>prestado<strong>\u00a0<\/strong>a<strong>\u00a0<\/strong><strong>42 emprendedores<\/strong> con el apoyo de la Mancomunitat, el<strong>\u00a0<\/strong><strong>apoyo<\/strong><strong>\u00a0<\/strong><strong>econ\u00f3mico<\/strong><strong>\u00a0<\/strong>a<strong>\u00a0<\/strong><strong>5 proyectos<\/strong>\u00a0empresariales a fondo perdido con una inversi\u00f3n de\u00a0<strong>12.000 euros<\/strong><strong>,<\/strong> el lanzamiento de\u00a0<strong>microcr\u00e9ditos<\/strong>\u00a0a <strong>4 proyectos<\/strong> por valor de<strong> 25.500 euros<\/strong> o la elaboraci\u00f3n del <strong>Plan de Estrat\u00e9gico de Dinamizaci\u00f3n Comercial<\/strong> en el que ha participado la C\u00e1mara de Comercio de Alcoy y la Conselleria de Econom\u00eda. Tambi\u00e9n se han ampliado las ayudas \u00a0del programa\u00a0<strong>Cocentaina C&#8217;CREA<\/strong>\u00a0y se ha reorganizado la<strong> distribuci\u00f3n de los puestos del mercadillo tradicional<\/strong> de los jueves.<\/p>\n<p style=\"text-align: justify;\">La concejala de Promoci\u00f3n Econ\u00f3mica, <strong>Mariona Carbonell<\/strong>, indica que para 2018 se va a trabajar para <strong>impulsar las principales l\u00edneas<\/strong> del\u00a0<strong>Plan de Acci\u00f3n Comercial\u00a0<\/strong>de la Villa Condal &#8220;<em>l<span lang=\"es\">o m\u00e1s importante es que el ciudadano, el empresario y el comercio local, tenga la percepci\u00f3n de que el Ayuntamiento y la concejal\u00eda est\u00e1n para ayudarle y asesorarle en todo lo que necesite, que acudan a nosotros y vean resueltos sus dudas o sus necesidades<\/span><\/em><span lang=\"es\">&#8220;, afirma.\u00a0<\/span><\/p>\n<p>Desde Promoci\u00f3n Econ\u00f3mica del Ayuntamiento de Cocentaina destacan por \u00faltimo otros proyectos llevados a cabo como <span lang=\"es\">las <strong>sesiones de formaci\u00f3n<\/strong> para la creaci\u00f3n de empresas ofertadas dentro del plan C&#8217;PYMES, o la adhesi\u00f3n del municipio al programa<strong> &#8216;Comen\u00e7a a Exportar&#8217;<\/strong> del IVACE.\u00a0<\/span><\/p>\n","protected":false},"excerpt":{"rendered":"<p>La concejal\u00eda de\u00a0Promoci\u00f3n\u00a0Econ\u00f3mica\u00a0del Ayuntamiento de Cocentaina ha hecho un balance de todas las iniciativas impulsadas durante el pasado a\u00f1o 2017&#8230;.<\/p>\n","protected":false},"author":1,"featured_media":11742,"comment_status":"open","ping_status":"open","sticky":false,"template":"","format":"standard","meta":{"footnotes":""},"categories":[98,75],"tags":[1243,407,430,132,585,2828,1842],"class_list":["post-38511","post","type-post","status-publish","format-standard","has-post-thumbnail","hentry","category-comarcas","category-noticias","tag-apoyo","tag-ayudas","tag-balance","tag-cocentaina","tag-emprendedores","tag-mariona-carbonell","tag-promocion-economica"],"yoast_head":"<!-- This site is optimized with the Yoast SEO plugin v27.3 - https:\/\/yoast.com\/product\/yoast-seo-wordpress\/ -->\n<title>Cocentaina mantiene las ayudas de apoyo a emprendedores - COPE Alcoy<\/title>\n<meta name=\"robots\" content=\"index, follow, max-snippet:-1, max-image-preview:large, max-video-preview:-1\" \/>\n<link rel=\"canonical\" href=\"https:\/\/www.copealcoy.es\/es\/cocentaina-mantiene-las-ayudas-de-apoyo-a-emprendedores\/\" \/>\n<meta property=\"og:locale\" content=\"es_ES\" \/>\n<meta property=\"og:type\" content=\"article\" \/>\n<meta property=\"og:title\" content=\"Cocentaina mantiene las ayudas de apoyo a emprendedores - COPE Alcoy\" \/>\n<meta property=\"og:description\" content=\"La concejal\u00eda de\u00a0Promoci\u00f3n\u00a0Econ\u00f3mica\u00a0del Ayuntamiento de Cocentaina ha hecho un balance de todas las iniciativas impulsadas durante el pasado a\u00f1o 2017....\" \/>\n<meta property=\"og:url\" content=\"https:\/\/www.copealcoy.es\/es\/cocentaina-mantiene-las-ayudas-de-apoyo-a-emprendedores\/\" \/>\n<meta property=\"og:site_name\" content=\"COPE Alcoy\" \/>\n<meta property=\"article:published_time\" content=\"2018-01-23T15:35:09+00:00\" \/>\n<meta property=\"article:modified_time\" content=\"2018-01-23T15:36:43+00:00\" \/>\n<meta property=\"og:image\" content=\"https:\/\/www.copealcoy.es\/wp-content\/uploads\/2015\/03\/image81.jpg\" \/>\n\t<meta property=\"og:image:width\" content=\"600\" \/>\n\t<meta property=\"og:image:height\" content=\"450\" \/>\n\t<meta property=\"og:image:type\" content=\"image\/jpeg\" \/>\n<meta name=\"author\" content=\"Cope Alcoy\" \/>\n<meta name=\"twitter:label1\" content=\"Escrito por\" \/>\n\t<meta name=\"twitter:data1\" content=\"Cope Alcoy\" \/>\n\t<meta name=\"twitter:label2\" content=\"Tiempo de lectura\" \/>\n\t<meta name=\"twitter:data2\" content=\"1 minuto\" \/>\n<script type=\"application\/ld+json\" class=\"yoast-schema-graph\">{\"@context\":\"https:\\\/\\\/schema.org\",\"@graph\":[{\"@type\":\"Article\",\"@id\":\"https:\\\/\\\/www.copealcoy.es\\\/es\\\/cocentaina-mantiene-las-ayudas-de-apoyo-a-emprendedores\\\/#article\",\"isPartOf\":{\"@id\":\"https:\\\/\\\/www.copealcoy.es\\\/es\\\/cocentaina-mantiene-las-ayudas-de-apoyo-a-emprendedores\\\/\"},\"author\":{\"name\":\"Cope Alcoy\",\"@id\":\"https:\\\/\\\/www.copealcoy.es\\\/es\\\/#\\\/schema\\\/person\\\/e777c87fa024e57d40170af9df39882c\"},\"headline\":\"Cocentaina mantiene las ayudas de apoyo a emprendedores\",\"datePublished\":\"2018-01-23T15:35:09+00:00\",\"dateModified\":\"2018-01-23T15:36:43+00:00\",\"mainEntityOfPage\":{\"@id\":\"https:\\\/\\\/www.copealcoy.es\\\/es\\\/cocentaina-mantiene-las-ayudas-de-apoyo-a-emprendedores\\\/\"},\"wordCount\":282,\"commentCount\":0,\"image\":{\"@id\":\"https:\\\/\\\/www.copealcoy.es\\\/es\\\/cocentaina-mantiene-las-ayudas-de-apoyo-a-emprendedores\\\/#primaryimage\"},\"thumbnailUrl\":\"https:\\\/\\\/www.copealcoy.es\\\/wp-content\\\/uploads\\\/2015\\\/03\\\/image81.jpg\",\"keywords\":[\"apoyo\",\"Ayudas\",\"Balance\",\"Cocentaina\",\"Emprendedores\",\"Mariona Carbonell\",\"Promoci\u00f3n Econ\u00f3mica\"],\"articleSection\":[\"Comarcas\",\"Noticias\"],\"inLanguage\":\"es\"},{\"@type\":\"WebPage\",\"@id\":\"https:\\\/\\\/www.copealcoy.es\\\/es\\\/cocentaina-mantiene-las-ayudas-de-apoyo-a-emprendedores\\\/\",\"url\":\"https:\\\/\\\/www.copealcoy.es\\\/es\\\/cocentaina-mantiene-las-ayudas-de-apoyo-a-emprendedores\\\/\",\"name\":\"Cocentaina mantiene las ayudas de apoyo a emprendedores - COPE Alcoy\",\"isPartOf\":{\"@id\":\"https:\\\/\\\/www.copealcoy.es\\\/es\\\/#website\"},\"primaryImageOfPage\":{\"@id\":\"https:\\\/\\\/www.copealcoy.es\\\/es\\\/cocentaina-mantiene-las-ayudas-de-apoyo-a-emprendedores\\\/#primaryimage\"},\"image\":{\"@id\":\"https:\\\/\\\/www.copealcoy.es\\\/es\\\/cocentaina-mantiene-las-ayudas-de-apoyo-a-emprendedores\\\/#primaryimage\"},\"thumbnailUrl\":\"https:\\\/\\\/www.copealcoy.es\\\/wp-content\\\/uploads\\\/2015\\\/03\\\/image81.jpg\",\"datePublished\":\"2018-01-23T15:35:09+00:00\",\"dateModified\":\"2018-01-23T15:36:43+00:00\",\"author\":{\"@id\":\"https:\\\/\\\/www.copealcoy.es\\\/es\\\/#\\\/schema\\\/person\\\/e777c87fa024e57d40170af9df39882c\"},\"breadcrumb\":{\"@id\":\"https:\\\/\\\/www.copealcoy.es\\\/es\\\/cocentaina-mantiene-las-ayudas-de-apoyo-a-emprendedores\\\/#breadcrumb\"},\"inLanguage\":\"es\",\"potentialAction\":[{\"@type\":\"ReadAction\",\"target\":[\"https:\\\/\\\/www.copealcoy.es\\\/es\\\/cocentaina-mantiene-las-ayudas-de-apoyo-a-emprendedores\\\/\"]}]},{\"@type\":\"ImageObject\",\"inLanguage\":\"es\",\"@id\":\"https:\\\/\\\/www.copealcoy.es\\\/es\\\/cocentaina-mantiene-las-ayudas-de-apoyo-a-emprendedores\\\/#primaryimage\",\"url\":\"https:\\\/\\\/www.copealcoy.es\\\/wp-content\\\/uploads\\\/2015\\\/03\\\/image81.jpg\",\"contentUrl\":\"https:\\\/\\\/www.copealcoy.es\\\/wp-content\\\/uploads\\\/2015\\\/03\\\/image81.jpg\",\"width\":600,\"height\":450},{\"@type\":\"BreadcrumbList\",\"@id\":\"https:\\\/\\\/www.copealcoy.es\\\/es\\\/cocentaina-mantiene-las-ayudas-de-apoyo-a-emprendedores\\\/#breadcrumb\",\"itemListElement\":[{\"@type\":\"ListItem\",\"position\":1,\"name\":\"Portada\",\"item\":\"https:\\\/\\\/www.copealcoy.es\\\/es\\\/\"},{\"@type\":\"ListItem\",\"position\":2,\"name\":\"Cocentaina mantiene las ayudas de apoyo a emprendedores\"}]},{\"@type\":\"WebSite\",\"@id\":\"https:\\\/\\\/www.copealcoy.es\\\/es\\\/#website\",\"url\":\"https:\\\/\\\/www.copealcoy.es\\\/es\\\/\",\"name\":\"COPE Alcoy\",\"description\":\"Emisora COPE de radio local con emisi\u00f3n online. Pont de Sant Jordi 8-10 03803 Alcoy\",\"potentialAction\":[{\"@type\":\"SearchAction\",\"target\":{\"@type\":\"EntryPoint\",\"urlTemplate\":\"https:\\\/\\\/www.copealcoy.es\\\/es\\\/?s={search_term_string}\"},\"query-input\":{\"@type\":\"PropertyValueSpecification\",\"valueRequired\":true,\"valueName\":\"search_term_string\"}}],\"inLanguage\":\"es\"},{\"@type\":\"Person\",\"@id\":\"https:\\\/\\\/www.copealcoy.es\\\/es\\\/#\\\/schema\\\/person\\\/e777c87fa024e57d40170af9df39882c\",\"name\":\"Cope Alcoy\",\"image\":{\"@type\":\"ImageObject\",\"inLanguage\":\"es\",\"@id\":\"https:\\\/\\\/secure.gravatar.com\\\/avatar\\\/bb65d0283347e303893ba14f0692005417c1e0e690a325a4c5d8bb2b3943ee14?s=96&d=mm&r=g\",\"url\":\"https:\\\/\\\/secure.gravatar.com\\\/avatar\\\/bb65d0283347e303893ba14f0692005417c1e0e690a325a4c5d8bb2b3943ee14?s=96&d=mm&r=g\",\"contentUrl\":\"https:\\\/\\\/secure.gravatar.com\\\/avatar\\\/bb65d0283347e303893ba14f0692005417c1e0e690a325a4c5d8bb2b3943ee14?s=96&d=mm&r=g\",\"caption\":\"Cope Alcoy\"}}]}<\/script>\n<!-- \/ Yoast SEO plugin. -->","yoast_head_json":{"title":"Cocentaina mantiene las ayudas de apoyo a emprendedores - COPE Alcoy","robots":{"index":"index","follow":"follow","max-snippet":"max-snippet:-1","max-image-preview":"max-image-preview:large","max-video-preview":"max-video-preview:-1"},"canonical":"https:\/\/www.copealcoy.es\/es\/cocentaina-mantiene-las-ayudas-de-apoyo-a-emprendedores\/","og_locale":"es_ES","og_type":"article","og_title":"Cocentaina mantiene las ayudas de apoyo a emprendedores - COPE Alcoy","og_description":"La concejal\u00eda de\u00a0Promoci\u00f3n\u00a0Econ\u00f3mica\u00a0del Ayuntamiento de Cocentaina ha hecho un balance de todas las iniciativas impulsadas durante el pasado a\u00f1o 2017....","og_url":"https:\/\/www.copealcoy.es\/es\/cocentaina-mantiene-las-ayudas-de-apoyo-a-emprendedores\/","og_site_name":"COPE Alcoy","article_published_time":"2018-01-23T15:35:09+00:00","article_modified_time":"2018-01-23T15:36:43+00:00","og_image":[{"width":600,"height":450,"url":"https:\/\/www.copealcoy.es\/wp-content\/uploads\/2015\/03\/image81.jpg","type":"image\/jpeg"}],"author":"Cope Alcoy","twitter_misc":{"Escrito por":"Cope Alcoy","Tiempo de lectura":"1 minuto"},"schema":{"@context":"https:\/\/schema.org","@graph":[{"@type":"Article","@id":"https:\/\/www.copealcoy.es\/es\/cocentaina-mantiene-las-ayudas-de-apoyo-a-emprendedores\/#article","isPartOf":{"@id":"https:\/\/www.copealcoy.es\/es\/cocentaina-mantiene-las-ayudas-de-apoyo-a-emprendedores\/"},"author":{"name":"Cope Alcoy","@id":"https:\/\/www.copealcoy.es\/es\/#\/schema\/person\/e777c87fa024e57d40170af9df39882c"},"headline":"Cocentaina mantiene las ayudas de apoyo a emprendedores","datePublished":"2018-01-23T15:35:09+00:00","dateModified":"2018-01-23T15:36:43+00:00","mainEntityOfPage":{"@id":"https:\/\/www.copealcoy.es\/es\/cocentaina-mantiene-las-ayudas-de-apoyo-a-emprendedores\/"},"wordCount":282,"commentCount":0,"image":{"@id":"https:\/\/www.copealcoy.es\/es\/cocentaina-mantiene-las-ayudas-de-apoyo-a-emprendedores\/#primaryimage"},"thumbnailUrl":"https:\/\/www.copealcoy.es\/wp-content\/uploads\/2015\/03\/image81.jpg","keywords":["apoyo","Ayudas","Balance","Cocentaina","Emprendedores","Mariona Carbonell","Promoci\u00f3n Econ\u00f3mica"],"articleSection":["Comarcas","Noticias"],"inLanguage":"es"},{"@type":"WebPage","@id":"https:\/\/www.copealcoy.es\/es\/cocentaina-mantiene-las-ayudas-de-apoyo-a-emprendedores\/","url":"https:\/\/www.copealcoy.es\/es\/cocentaina-mantiene-las-ayudas-de-apoyo-a-emprendedores\/","name":"Cocentaina mantiene las ayudas de apoyo a emprendedores - COPE Alcoy","isPartOf":{"@id":"https:\/\/www.copealcoy.es\/es\/#website"},"primaryImageOfPage":{"@id":"https:\/\/www.copealcoy.es\/es\/cocentaina-mantiene-las-ayudas-de-apoyo-a-emprendedores\/#primaryimage"},"image":{"@id":"https:\/\/www.copealcoy.es\/es\/cocentaina-mantiene-las-ayudas-de-apoyo-a-emprendedores\/#primaryimage"},"thumbnailUrl":"https:\/\/www.copealcoy.es\/wp-content\/uploads\/2015\/03\/image81.jpg","datePublished":"2018-01-23T15:35:09+00:00","dateModified":"2018-01-23T15:36:43+00:00","author":{"@id":"https:\/\/www.copealcoy.es\/es\/#\/schema\/person\/e777c87fa024e57d40170af9df39882c"},"breadcrumb":{"@id":"https:\/\/www.copealcoy.es\/es\/cocentaina-mantiene-las-ayudas-de-apoyo-a-emprendedores\/#breadcrumb"},"inLanguage":"es","potentialAction":[{"@type":"ReadAction","target":["https:\/\/www.copealcoy.es\/es\/cocentaina-mantiene-las-ayudas-de-apoyo-a-emprendedores\/"]}]},{"@type":"ImageObject","inLanguage":"es","@id":"https:\/\/www.copealcoy.es\/es\/cocentaina-mantiene-las-ayudas-de-apoyo-a-emprendedores\/#primaryimage","url":"https:\/\/www.copealcoy.es\/wp-content\/uploads\/2015\/03\/image81.jpg","contentUrl":"https:\/\/www.copealcoy.es\/wp-content\/uploads\/2015\/03\/image81.jpg","width":600,"height":450},{"@type":"BreadcrumbList","@id":"https:\/\/www.copealcoy.es\/es\/cocentaina-mantiene-las-ayudas-de-apoyo-a-emprendedores\/#breadcrumb","itemListElement":[{"@type":"ListItem","position":1,"name":"Portada","item":"https:\/\/www.copealcoy.es\/es\/"},{"@type":"ListItem","position":2,"name":"Cocentaina mantiene las ayudas de apoyo a emprendedores"}]},{"@type":"WebSite","@id":"https:\/\/www.copealcoy.es\/es\/#website","url":"https:\/\/www.copealcoy.es\/es\/","name":"COPE Alcoy","description":"Emisora COPE de radio local con emisi\u00f3n online. Pont de Sant Jordi 8-10 03803 Alcoy","potentialAction":[{"@type":"SearchAction","target":{"@type":"EntryPoint","urlTemplate":"https:\/\/www.copealcoy.es\/es\/?s={search_term_string}"},"query-input":{"@type":"PropertyValueSpecification","valueRequired":true,"valueName":"search_term_string"}}],"inLanguage":"es"},{"@type":"Person","@id":"https:\/\/www.copealcoy.es\/es\/#\/schema\/person\/e777c87fa024e57d40170af9df39882c","name":"Cope Alcoy","image":{"@type":"ImageObject","inLanguage":"es","@id":"https:\/\/secure.gravatar.com\/avatar\/bb65d0283347e303893ba14f0692005417c1e0e690a325a4c5d8bb2b3943ee14?s=96&d=mm&r=g","url":"https:\/\/secure.gravatar.com\/avatar\/bb65d0283347e303893ba14f0692005417c1e0e690a325a4c5d8bb2b3943ee14?s=96&d=mm&r=g","contentUrl":"https:\/\/secure.gravatar.com\/avatar\/bb65d0283347e303893ba14f0692005417c1e0e690a325a4c5d8bb2b3943ee14?s=96&d=mm&r=g","caption":"Cope Alcoy"}}]}},"_links":{"self":[{"href":"https:\/\/www.copealcoy.es\/es\/wp-json\/wp\/v2\/posts\/38511","targetHints":{"allow":["GET"]}}],"collection":[{"href":"https:\/\/www.copealcoy.es\/es\/wp-json\/wp\/v2\/posts"}],"about":[{"href":"https:\/\/www.copealcoy.es\/es\/wp-json\/wp\/v2\/types\/post"}],"author":[{"embeddable":true,"href":"https:\/\/www.copealcoy.es\/es\/wp-json\/wp\/v2\/users\/1"}],"replies":[{"embeddable":true,"href":"https:\/\/www.copealcoy.es\/es\/wp-json\/wp\/v2\/comments?post=38511"}],"version-history":[{"count":0,"href":"https:\/\/www.copealcoy.es\/es\/wp-json\/wp\/v2\/posts\/38511\/revisions"}],"wp:featuredmedia":[{"embeddable":true,"href":"https:\/\/www.copealcoy.es\/es\/wp-json\/wp\/v2\/media\/11742"}],"wp:attachment":[{"href":"https:\/\/www.copealcoy.es\/es\/wp-json\/wp\/v2\/media?parent=38511"}],"wp:term":[{"taxonomy":"category","embeddable":true,"href":"https:\/\/www.copealcoy.es\/es\/wp-json\/wp\/v2\/categories?post=38511"},{"taxonomy":"post_tag","embeddable":true,"href":"https:\/\/www.copealcoy.es\/es\/wp-json\/wp\/v2\/tags?post=38511"}],"curies":[{"name":"wp","href":"https:\/\/api.w.org\/{rel}","templated":true}]}}