{"id":38461,"date":"2018-01-21T14:49:53","date_gmt":"2018-01-21T14:49:53","guid":{"rendered":"http:\/\/copealcoi.es\/new\/?p=38461"},"modified":"2018-01-21T14:51:51","modified_gmt":"2018-01-21T14:51:51","slug":"alcoy-rinde-su-particular-homenaje-a-san-antonio-abad-2","status":"publish","type":"post","link":"https:\/\/www.copealcoy.es\/es\/alcoy-rinde-su-particular-homenaje-a-san-antonio-abad-2\/","title":{"rendered":"Alcoy rinde su particular homenaje a San Antonio Abad"},"content":{"rendered":"<p style=\"text-align: justify;\">Alcoy ha rendido este domingo <strong>su particular homenaje a San Antonio Abad<\/strong> y lo ha hecho con <strong>la cl\u00e1sica romer\u00eda hasta el paraje<\/strong> al que el santo le da nombre y que se ubica a las faldas de la Font Roja. La jornada ha destacado por las <strong>temperaturas primaverales<\/strong>, un hecho que ha contrastado con el a\u00f1o pasado ya que en enero de 2017 el temporal de lluvia, fr\u00edo y nieve oblig\u00f3 a suspender este tradicional acto.<\/p>\n<p style=\"text-align: justify;\">La actividad ha comenzado pasadas las nueve de la ma\u00f1ana con<strong> la subida de la imagen de San Antonio hasta la ermita<\/strong> en un carro tirado por caballos. Junto a <strong>los primeros jinetes<\/strong> han empezado a llegar los romeros a pie hasta concluir el caminar ante la mencionada ermita. En su interior <strong>se ha depositado al patr\u00f3n de los animales<\/strong> en una hornacina central adornada por flores mientras que en el exterior <strong>muchos han aprovechado para disfrutar de un buen almuerzo<\/strong> en el que no han faltado viandas tan t\u00edpicas como la coca de tomaca, la coca dol\u00e7a, el aigua sal o el herberet. La climatolog\u00eda, debido a las altas temperaturas y la ausencia de lluvias, <strong>ha obligado a suspender la rostida<\/strong>\u00a0por\u00a0la prohibici\u00f3n de quemas aprobada por la Generalitat Valenciana.<\/p>\n<p><a href=\"https:\/\/www.copealcoy.es\/wp-content\/uploads\/2018\/01\/26907230_1259721370838012_5314734359737435579_n.jpg\"><img loading=\"lazy\" decoding=\"async\" class=\"aligncenter wp-image-38465 size-full\" src=\"https:\/\/www.copealcoy.es\/wp-content\/uploads\/2018\/01\/26907230_1259721370838012_5314734359737435579_n.jpg\" alt=\"\" width=\"960\" height=\"720\" srcset=\"https:\/\/www.copealcoy.es\/wp-content\/uploads\/2018\/01\/26907230_1259721370838012_5314734359737435579_n.jpg 960w, https:\/\/www.copealcoy.es\/wp-content\/uploads\/2018\/01\/26907230_1259721370838012_5314734359737435579_n-300x225.jpg 300w, https:\/\/www.copealcoy.es\/wp-content\/uploads\/2018\/01\/26907230_1259721370838012_5314734359737435579_n-768x576.jpg 768w\" sizes=\"auto, (max-width: 960px) 100vw, 960px\" \/><\/a><\/p>\n<p style=\"text-align: justify;\">El particular d\u00eda de San Ant\u00f3n alcoyano ha incluido tambi\u00e9n <strong>los bailes populares<\/strong>, a cargo del Grup de Danses Sant Jordi y con la m\u00fasica tradicional del Grup Barxell, as\u00ed como la celebraci\u00f3n de<strong> una misa solemne<\/strong> oficiada por el titular de las parroquias del Centro, <strong>Don Jos\u00e9 Lu\u00eds Llopis<\/strong>.<\/p>\n<p style=\"text-align: justify;\">Cerca de 300 personas han disfrutado de esta fiesta que arranc\u00f3 ayer s\u00e1bado por la tarde con <strong>la bendici\u00f3n de animales y mascotas<\/strong> a las puertas de la iglesia de San Mauro y San Francisco. Se\u00f1alar que los que decidieron hoy no subir a pie a Sant Antoni <strong>pudieron usar el bus gratuito<\/strong> que habilit\u00f3 el Ayuntamiento de Alcoy y que ha prestado servicio ininterrumpido desde la ma\u00f1ana y hasta el mediod\u00eda cada 15 minutos.<\/p>\n","protected":false},"excerpt":{"rendered":"<p>Alcoy ha rendido este domingo su particular homenaje a San Antonio Abad y lo ha hecho con la cl\u00e1sica romer\u00eda&#8230;<\/p>\n","protected":false},"author":1,"featured_media":38462,"comment_status":"open","ping_status":"open","sticky":false,"template":"","format":"standard","meta":{"footnotes":""},"categories":[97,78,75,125],"tags":[1494,5127,566,1739],"class_list":["post-38461","post","type-post","status-publish","format-standard","has-post-thumbnail","hentry","category-alcoy","category-fiestaycultura","category-noticias","category-portada","tag-alcoy","tag-patron-de-los-animales","tag-romeria","tag-san-antonio"],"yoast_head":"<!-- This site is optimized with the Yoast SEO plugin v27.3 - https:\/\/yoast.com\/product\/yoast-seo-wordpress\/ -->\n<title>Alcoy rinde su particular homenaje a San Antonio Abad - COPE Alcoy<\/title>\n<meta name=\"robots\" content=\"index, follow, max-snippet:-1, max-image-preview:large, max-video-preview:-1\" \/>\n<link rel=\"canonical\" href=\"https:\/\/www.copealcoy.es\/es\/alcoy-rinde-su-particular-homenaje-a-san-antonio-abad-2\/\" \/>\n<meta property=\"og:locale\" content=\"es_ES\" \/>\n<meta property=\"og:type\" content=\"article\" \/>\n<meta property=\"og:title\" content=\"Alcoy rinde su particular homenaje a San Antonio Abad - COPE Alcoy\" \/>\n<meta property=\"og:description\" content=\"Alcoy ha rendido este domingo su particular homenaje a San Antonio Abad y lo ha hecho con la cl\u00e1sica romer\u00eda...\" \/>\n<meta property=\"og:url\" content=\"https:\/\/www.copealcoy.es\/es\/alcoy-rinde-su-particular-homenaje-a-san-antonio-abad-2\/\" \/>\n<meta property=\"og:site_name\" content=\"COPE Alcoy\" \/>\n<meta property=\"article:published_time\" content=\"2018-01-21T14:49:53+00:00\" \/>\n<meta property=\"article:modified_time\" content=\"2018-01-21T14:51:51+00:00\" \/>\n<meta property=\"og:image\" content=\"https:\/\/www.copealcoy.es\/wp-content\/uploads\/2018\/01\/26230811_1259732050836944_429897436343992430_n-e1516546157426.jpg\" \/>\n\t<meta property=\"og:image:width\" content=\"933\" \/>\n\t<meta property=\"og:image:height\" content=\"506\" \/>\n\t<meta property=\"og:image:type\" content=\"image\/jpeg\" \/>\n<meta name=\"author\" content=\"Cope Alcoy\" \/>\n<meta name=\"twitter:label1\" content=\"Escrito por\" \/>\n\t<meta name=\"twitter:data1\" content=\"Cope Alcoy\" \/>\n\t<meta name=\"twitter:label2\" content=\"Tiempo de lectura\" \/>\n\t<meta name=\"twitter:data2\" content=\"2 minutos\" \/>\n<script type=\"application\/ld+json\" class=\"yoast-schema-graph\">{\"@context\":\"https:\\\/\\\/schema.org\",\"@graph\":[{\"@type\":\"Article\",\"@id\":\"https:\\\/\\\/www.copealcoy.es\\\/es\\\/alcoy-rinde-su-particular-homenaje-a-san-antonio-abad-2\\\/#article\",\"isPartOf\":{\"@id\":\"https:\\\/\\\/www.copealcoy.es\\\/es\\\/alcoy-rinde-su-particular-homenaje-a-san-antonio-abad-2\\\/\"},\"author\":{\"name\":\"Cope Alcoy\",\"@id\":\"https:\\\/\\\/www.copealcoy.es\\\/es\\\/#\\\/schema\\\/person\\\/e777c87fa024e57d40170af9df39882c\"},\"headline\":\"Alcoy rinde su particular homenaje a San Antonio Abad\",\"datePublished\":\"2018-01-21T14:49:53+00:00\",\"dateModified\":\"2018-01-21T14:51:51+00:00\",\"mainEntityOfPage\":{\"@id\":\"https:\\\/\\\/www.copealcoy.es\\\/es\\\/alcoy-rinde-su-particular-homenaje-a-san-antonio-abad-2\\\/\"},\"wordCount\":361,\"commentCount\":0,\"image\":{\"@id\":\"https:\\\/\\\/www.copealcoy.es\\\/es\\\/alcoy-rinde-su-particular-homenaje-a-san-antonio-abad-2\\\/#primaryimage\"},\"thumbnailUrl\":\"https:\\\/\\\/www.copealcoy.es\\\/wp-content\\\/uploads\\\/2018\\\/01\\\/26230811_1259732050836944_429897436343992430_n-e1516546157426.jpg\",\"keywords\":[\"Alcoy\",\"patr\u00f3n de los animales\",\"Romer\u00eda\",\"San Antonio\"],\"articleSection\":[\"Alcoy\",\"Fiesta y Cultura\",\"Noticias\",\"Portada\"],\"inLanguage\":\"es\"},{\"@type\":\"WebPage\",\"@id\":\"https:\\\/\\\/www.copealcoy.es\\\/es\\\/alcoy-rinde-su-particular-homenaje-a-san-antonio-abad-2\\\/\",\"url\":\"https:\\\/\\\/www.copealcoy.es\\\/es\\\/alcoy-rinde-su-particular-homenaje-a-san-antonio-abad-2\\\/\",\"name\":\"Alcoy rinde su particular homenaje a San Antonio Abad - COPE Alcoy\",\"isPartOf\":{\"@id\":\"https:\\\/\\\/www.copealcoy.es\\\/es\\\/#website\"},\"primaryImageOfPage\":{\"@id\":\"https:\\\/\\\/www.copealcoy.es\\\/es\\\/alcoy-rinde-su-particular-homenaje-a-san-antonio-abad-2\\\/#primaryimage\"},\"image\":{\"@id\":\"https:\\\/\\\/www.copealcoy.es\\\/es\\\/alcoy-rinde-su-particular-homenaje-a-san-antonio-abad-2\\\/#primaryimage\"},\"thumbnailUrl\":\"https:\\\/\\\/www.copealcoy.es\\\/wp-content\\\/uploads\\\/2018\\\/01\\\/26230811_1259732050836944_429897436343992430_n-e1516546157426.jpg\",\"datePublished\":\"2018-01-21T14:49:53+00:00\",\"dateModified\":\"2018-01-21T14:51:51+00:00\",\"author\":{\"@id\":\"https:\\\/\\\/www.copealcoy.es\\\/es\\\/#\\\/schema\\\/person\\\/e777c87fa024e57d40170af9df39882c\"},\"breadcrumb\":{\"@id\":\"https:\\\/\\\/www.copealcoy.es\\\/es\\\/alcoy-rinde-su-particular-homenaje-a-san-antonio-abad-2\\\/#breadcrumb\"},\"inLanguage\":\"es\",\"potentialAction\":[{\"@type\":\"ReadAction\",\"target\":[\"https:\\\/\\\/www.copealcoy.es\\\/es\\\/alcoy-rinde-su-particular-homenaje-a-san-antonio-abad-2\\\/\"]}]},{\"@type\":\"ImageObject\",\"inLanguage\":\"es\",\"@id\":\"https:\\\/\\\/www.copealcoy.es\\\/es\\\/alcoy-rinde-su-particular-homenaje-a-san-antonio-abad-2\\\/#primaryimage\",\"url\":\"https:\\\/\\\/www.copealcoy.es\\\/wp-content\\\/uploads\\\/2018\\\/01\\\/26230811_1259732050836944_429897436343992430_n-e1516546157426.jpg\",\"contentUrl\":\"https:\\\/\\\/www.copealcoy.es\\\/wp-content\\\/uploads\\\/2018\\\/01\\\/26230811_1259732050836944_429897436343992430_n-e1516546157426.jpg\",\"width\":933,\"height\":506,\"caption\":\"La imagen de San Antonio fue depositada en el altar de la ermita\\\/ Foto: G. Pascual\"},{\"@type\":\"BreadcrumbList\",\"@id\":\"https:\\\/\\\/www.copealcoy.es\\\/es\\\/alcoy-rinde-su-particular-homenaje-a-san-antonio-abad-2\\\/#breadcrumb\",\"itemListElement\":[{\"@type\":\"ListItem\",\"position\":1,\"name\":\"Portada\",\"item\":\"https:\\\/\\\/www.copealcoy.es\\\/es\\\/\"},{\"@type\":\"ListItem\",\"position\":2,\"name\":\"Alcoy rinde su particular homenaje a San Antonio Abad\"}]},{\"@type\":\"WebSite\",\"@id\":\"https:\\\/\\\/www.copealcoy.es\\\/es\\\/#website\",\"url\":\"https:\\\/\\\/www.copealcoy.es\\\/es\\\/\",\"name\":\"COPE Alcoy\",\"description\":\"Emisora COPE de radio local con emisi\u00f3n online. Pont de Sant Jordi 8-10 03803 Alcoy\",\"potentialAction\":[{\"@type\":\"SearchAction\",\"target\":{\"@type\":\"EntryPoint\",\"urlTemplate\":\"https:\\\/\\\/www.copealcoy.es\\\/es\\\/?s={search_term_string}\"},\"query-input\":{\"@type\":\"PropertyValueSpecification\",\"valueRequired\":true,\"valueName\":\"search_term_string\"}}],\"inLanguage\":\"es\"},{\"@type\":\"Person\",\"@id\":\"https:\\\/\\\/www.copealcoy.es\\\/es\\\/#\\\/schema\\\/person\\\/e777c87fa024e57d40170af9df39882c\",\"name\":\"Cope Alcoy\",\"image\":{\"@type\":\"ImageObject\",\"inLanguage\":\"es\",\"@id\":\"https:\\\/\\\/secure.gravatar.com\\\/avatar\\\/bb65d0283347e303893ba14f0692005417c1e0e690a325a4c5d8bb2b3943ee14?s=96&d=mm&r=g\",\"url\":\"https:\\\/\\\/secure.gravatar.com\\\/avatar\\\/bb65d0283347e303893ba14f0692005417c1e0e690a325a4c5d8bb2b3943ee14?s=96&d=mm&r=g\",\"contentUrl\":\"https:\\\/\\\/secure.gravatar.com\\\/avatar\\\/bb65d0283347e303893ba14f0692005417c1e0e690a325a4c5d8bb2b3943ee14?s=96&d=mm&r=g\",\"caption\":\"Cope Alcoy\"}}]}<\/script>\n<!-- \/ Yoast SEO plugin. -->","yoast_head_json":{"title":"Alcoy rinde su particular homenaje a San Antonio Abad - COPE Alcoy","robots":{"index":"index","follow":"follow","max-snippet":"max-snippet:-1","max-image-preview":"max-image-preview:large","max-video-preview":"max-video-preview:-1"},"canonical":"https:\/\/www.copealcoy.es\/es\/alcoy-rinde-su-particular-homenaje-a-san-antonio-abad-2\/","og_locale":"es_ES","og_type":"article","og_title":"Alcoy rinde su particular homenaje a San Antonio Abad - COPE Alcoy","og_description":"Alcoy ha rendido este domingo su particular homenaje a San Antonio Abad y lo ha hecho con la cl\u00e1sica romer\u00eda...","og_url":"https:\/\/www.copealcoy.es\/es\/alcoy-rinde-su-particular-homenaje-a-san-antonio-abad-2\/","og_site_name":"COPE Alcoy","article_published_time":"2018-01-21T14:49:53+00:00","article_modified_time":"2018-01-21T14:51:51+00:00","og_image":[{"width":933,"height":506,"url":"https:\/\/www.copealcoy.es\/wp-content\/uploads\/2018\/01\/26230811_1259732050836944_429897436343992430_n-e1516546157426.jpg","type":"image\/jpeg"}],"author":"Cope Alcoy","twitter_misc":{"Escrito por":"Cope Alcoy","Tiempo de lectura":"2 minutos"},"schema":{"@context":"https:\/\/schema.org","@graph":[{"@type":"Article","@id":"https:\/\/www.copealcoy.es\/es\/alcoy-rinde-su-particular-homenaje-a-san-antonio-abad-2\/#article","isPartOf":{"@id":"https:\/\/www.copealcoy.es\/es\/alcoy-rinde-su-particular-homenaje-a-san-antonio-abad-2\/"},"author":{"name":"Cope Alcoy","@id":"https:\/\/www.copealcoy.es\/es\/#\/schema\/person\/e777c87fa024e57d40170af9df39882c"},"headline":"Alcoy rinde su particular homenaje a San Antonio Abad","datePublished":"2018-01-21T14:49:53+00:00","dateModified":"2018-01-21T14:51:51+00:00","mainEntityOfPage":{"@id":"https:\/\/www.copealcoy.es\/es\/alcoy-rinde-su-particular-homenaje-a-san-antonio-abad-2\/"},"wordCount":361,"commentCount":0,"image":{"@id":"https:\/\/www.copealcoy.es\/es\/alcoy-rinde-su-particular-homenaje-a-san-antonio-abad-2\/#primaryimage"},"thumbnailUrl":"https:\/\/www.copealcoy.es\/wp-content\/uploads\/2018\/01\/26230811_1259732050836944_429897436343992430_n-e1516546157426.jpg","keywords":["Alcoy","patr\u00f3n de los animales","Romer\u00eda","San Antonio"],"articleSection":["Alcoy","Fiesta y Cultura","Noticias","Portada"],"inLanguage":"es"},{"@type":"WebPage","@id":"https:\/\/www.copealcoy.es\/es\/alcoy-rinde-su-particular-homenaje-a-san-antonio-abad-2\/","url":"https:\/\/www.copealcoy.es\/es\/alcoy-rinde-su-particular-homenaje-a-san-antonio-abad-2\/","name":"Alcoy rinde su particular homenaje a San Antonio Abad - COPE Alcoy","isPartOf":{"@id":"https:\/\/www.copealcoy.es\/es\/#website"},"primaryImageOfPage":{"@id":"https:\/\/www.copealcoy.es\/es\/alcoy-rinde-su-particular-homenaje-a-san-antonio-abad-2\/#primaryimage"},"image":{"@id":"https:\/\/www.copealcoy.es\/es\/alcoy-rinde-su-particular-homenaje-a-san-antonio-abad-2\/#primaryimage"},"thumbnailUrl":"https:\/\/www.copealcoy.es\/wp-content\/uploads\/2018\/01\/26230811_1259732050836944_429897436343992430_n-e1516546157426.jpg","datePublished":"2018-01-21T14:49:53+00:00","dateModified":"2018-01-21T14:51:51+00:00","author":{"@id":"https:\/\/www.copealcoy.es\/es\/#\/schema\/person\/e777c87fa024e57d40170af9df39882c"},"breadcrumb":{"@id":"https:\/\/www.copealcoy.es\/es\/alcoy-rinde-su-particular-homenaje-a-san-antonio-abad-2\/#breadcrumb"},"inLanguage":"es","potentialAction":[{"@type":"ReadAction","target":["https:\/\/www.copealcoy.es\/es\/alcoy-rinde-su-particular-homenaje-a-san-antonio-abad-2\/"]}]},{"@type":"ImageObject","inLanguage":"es","@id":"https:\/\/www.copealcoy.es\/es\/alcoy-rinde-su-particular-homenaje-a-san-antonio-abad-2\/#primaryimage","url":"https:\/\/www.copealcoy.es\/wp-content\/uploads\/2018\/01\/26230811_1259732050836944_429897436343992430_n-e1516546157426.jpg","contentUrl":"https:\/\/www.copealcoy.es\/wp-content\/uploads\/2018\/01\/26230811_1259732050836944_429897436343992430_n-e1516546157426.jpg","width":933,"height":506,"caption":"La imagen de San Antonio fue depositada en el altar de la ermita\/ Foto: G. Pascual"},{"@type":"BreadcrumbList","@id":"https:\/\/www.copealcoy.es\/es\/alcoy-rinde-su-particular-homenaje-a-san-antonio-abad-2\/#breadcrumb","itemListElement":[{"@type":"ListItem","position":1,"name":"Portada","item":"https:\/\/www.copealcoy.es\/es\/"},{"@type":"ListItem","position":2,"name":"Alcoy rinde su particular homenaje a San Antonio Abad"}]},{"@type":"WebSite","@id":"https:\/\/www.copealcoy.es\/es\/#website","url":"https:\/\/www.copealcoy.es\/es\/","name":"COPE Alcoy","description":"Emisora COPE de radio local con emisi\u00f3n online. Pont de Sant Jordi 8-10 03803 Alcoy","potentialAction":[{"@type":"SearchAction","target":{"@type":"EntryPoint","urlTemplate":"https:\/\/www.copealcoy.es\/es\/?s={search_term_string}"},"query-input":{"@type":"PropertyValueSpecification","valueRequired":true,"valueName":"search_term_string"}}],"inLanguage":"es"},{"@type":"Person","@id":"https:\/\/www.copealcoy.es\/es\/#\/schema\/person\/e777c87fa024e57d40170af9df39882c","name":"Cope Alcoy","image":{"@type":"ImageObject","inLanguage":"es","@id":"https:\/\/secure.gravatar.com\/avatar\/bb65d0283347e303893ba14f0692005417c1e0e690a325a4c5d8bb2b3943ee14?s=96&d=mm&r=g","url":"https:\/\/secure.gravatar.com\/avatar\/bb65d0283347e303893ba14f0692005417c1e0e690a325a4c5d8bb2b3943ee14?s=96&d=mm&r=g","contentUrl":"https:\/\/secure.gravatar.com\/avatar\/bb65d0283347e303893ba14f0692005417c1e0e690a325a4c5d8bb2b3943ee14?s=96&d=mm&r=g","caption":"Cope Alcoy"}}]}},"_links":{"self":[{"href":"https:\/\/www.copealcoy.es\/es\/wp-json\/wp\/v2\/posts\/38461","targetHints":{"allow":["GET"]}}],"collection":[{"href":"https:\/\/www.copealcoy.es\/es\/wp-json\/wp\/v2\/posts"}],"about":[{"href":"https:\/\/www.copealcoy.es\/es\/wp-json\/wp\/v2\/types\/post"}],"author":[{"embeddable":true,"href":"https:\/\/www.copealcoy.es\/es\/wp-json\/wp\/v2\/users\/1"}],"replies":[{"embeddable":true,"href":"https:\/\/www.copealcoy.es\/es\/wp-json\/wp\/v2\/comments?post=38461"}],"version-history":[{"count":0,"href":"https:\/\/www.copealcoy.es\/es\/wp-json\/wp\/v2\/posts\/38461\/revisions"}],"wp:featuredmedia":[{"embeddable":true,"href":"https:\/\/www.copealcoy.es\/es\/wp-json\/wp\/v2\/media\/38462"}],"wp:attachment":[{"href":"https:\/\/www.copealcoy.es\/es\/wp-json\/wp\/v2\/media?parent=38461"}],"wp:term":[{"taxonomy":"category","embeddable":true,"href":"https:\/\/www.copealcoy.es\/es\/wp-json\/wp\/v2\/categories?post=38461"},{"taxonomy":"post_tag","embeddable":true,"href":"https:\/\/www.copealcoy.es\/es\/wp-json\/wp\/v2\/tags?post=38461"}],"curies":[{"name":"wp","href":"https:\/\/api.w.org\/{rel}","templated":true}]}}