{"id":38292,"date":"2018-01-16T15:30:34","date_gmt":"2018-01-16T15:30:34","guid":{"rendered":"http:\/\/copealcoi.es\/new\/?p=38292"},"modified":"2018-01-16T15:36:37","modified_gmt":"2018-01-16T15:36:37","slug":"los-presupuestos-de-alcoy-para-el-2018-reservan-400-000-euros-a-planes-de-empleo","status":"publish","type":"post","link":"https:\/\/www.copealcoy.es\/es\/los-presupuestos-de-alcoy-para-el-2018-reservan-400-000-euros-a-planes-de-empleo\/","title":{"rendered":"Los Presupuestos de Alcoy para el 2018 reservan 400.000 euros a Planes de Empleo"},"content":{"rendered":"<p style=\"text-align: justify;\">Los <strong>Presupuestos Municipales de Alcoy<\/strong> para este a\u00f1o que ha presentado el Gobierno Local del PSOE <strong>reservan 400.000 euros<\/strong> para impulsar planes de empleo en la ciudad.\u00a0De esta cuant\u00eda <strong>destacan los 150.000 euros<\/strong> que Ciudadanos propuso para <strong>poner en marcha un plan espec\u00edfico<\/strong> que permita ayudar a los colectivos m\u00e1s vulnerables a reinsertarse en el mercado laboral. Tambi\u00e9n se contemplan \u00a0<strong>90.000 euros<\/strong> para contratar a dos t\u00e9cnicos de\u00a0inserci\u00f3n laboral, <strong>80.000 euros<\/strong> para la compra de material y equipamientos para los contratados por los diferentes planes de empleo, y <strong>60.000 euros<\/strong> que se reservar\u00e1n para poder acogerse a dichos planes debido a que los ayuntamientos tienen que hacer frente a una parte proporcional del total.<\/p>\n<p style=\"text-align: justify;\">El concejal de Promoci\u00f3n Econ\u00f3mica en el Consistorio alcoyano, <strong>Manolo Gomicia<\/strong>, incide en la necesidad de apostar <strong>por la creaci\u00f3n de empleo en la ciudad<\/strong> &#8220;<em>los datos son positivos, especialmente en la industria, pero tenemos que trabajar profundizando en nuevos \u00e1mbitos empresariales como el Smart City, diversificando sectores y creando nuevas empresas tecnol\u00f3gicas. Tambi\u00e9n es importante, y por eso seguimos trabajando mucho en el departamento, en la empleabilidad de las personas, d\u00e1ndoles la orientaci\u00f3n necesaria para adaptarse al nuevo mercado laboral<\/em>&#8220;, indica.<\/p>\n<p style=\"text-align: justify;\">Se\u00f1alar que al margen de estas propuestas tambi\u00e9n est\u00e1 en marcha\u00a0<strong>el portal de ocupaci\u00f3n del Ayuntamiento de Alcoy<\/strong> en la direcci\u00f3n<a href=\"https:\/\/alcoi.portalemp.com\/\">\u00a0https:\/\/alcoi.portalemp.com\/<\/a>. En el mismo los ciudadanos pueden consultar ofertas y las empresas tambi\u00e9n pueden <strong>hacer p\u00fablicas sus necesidades de trabajadores<\/strong>. En estos momentos hay <strong>29 ofertas abiertas<\/strong> tanto para perfiles calificados como no calificados.<\/p>\n","protected":false},"excerpt":{"rendered":"<p>Los Presupuestos Municipales de Alcoy para este a\u00f1o que ha presentado el Gobierno Local del PSOE reservan 400.000 euros para&#8230;<\/p>\n","protected":false},"author":1,"featured_media":0,"comment_status":"open","ping_status":"open","sticky":false,"template":"","format":"standard","meta":{"footnotes":""},"categories":[97,75,79],"tags":[5112,1494,1871,5113,1572],"class_list":["post-38292","post","type-post","status-publish","format-standard","hentry","category-alcoy","category-noticias","category-politicayeconomia","tag-400-000-euros","tag-alcoy","tag-manolo-gomicia","tag-planes-de-empleo","tag-presupuestos-municipales"],"yoast_head":"<!-- This site is optimized with the Yoast SEO plugin v27.3 - https:\/\/yoast.com\/product\/yoast-seo-wordpress\/ -->\n<title>Los Presupuestos de Alcoy para el 2018 reservan 400.000 euros a Planes de Empleo - COPE Alcoy<\/title>\n<meta name=\"robots\" content=\"index, follow, max-snippet:-1, max-image-preview:large, max-video-preview:-1\" \/>\n<link rel=\"canonical\" href=\"https:\/\/www.copealcoy.es\/es\/los-presupuestos-de-alcoy-para-el-2018-reservan-400-000-euros-a-planes-de-empleo\/\" \/>\n<meta property=\"og:locale\" content=\"es_ES\" \/>\n<meta property=\"og:type\" content=\"article\" \/>\n<meta property=\"og:title\" content=\"Los Presupuestos de Alcoy para el 2018 reservan 400.000 euros a Planes de Empleo - COPE Alcoy\" \/>\n<meta property=\"og:description\" content=\"Los Presupuestos Municipales de Alcoy para este a\u00f1o que ha presentado el Gobierno Local del PSOE reservan 400.000 euros para...\" \/>\n<meta property=\"og:url\" content=\"https:\/\/www.copealcoy.es\/es\/los-presupuestos-de-alcoy-para-el-2018-reservan-400-000-euros-a-planes-de-empleo\/\" \/>\n<meta property=\"og:site_name\" content=\"COPE Alcoy\" \/>\n<meta property=\"article:published_time\" content=\"2018-01-16T15:30:34+00:00\" \/>\n<meta property=\"article:modified_time\" content=\"2018-01-16T15:36:37+00:00\" \/>\n<meta property=\"og:image\" content=\"https:\/\/www.copealcoy.es\/wp-content\/uploads\/2015\/01\/image85-1.jpg\" \/>\n\t<meta property=\"og:image:width\" content=\"1366\" \/>\n\t<meta property=\"og:image:height\" content=\"827\" \/>\n\t<meta property=\"og:image:type\" content=\"image\/jpeg\" \/>\n<meta name=\"author\" content=\"Cope Alcoy\" \/>\n<meta name=\"twitter:label1\" content=\"Escrito por\" \/>\n\t<meta name=\"twitter:data1\" content=\"Cope Alcoy\" \/>\n\t<meta name=\"twitter:label2\" content=\"Tiempo de lectura\" \/>\n\t<meta name=\"twitter:data2\" content=\"1 minuto\" \/>\n<script type=\"application\/ld+json\" class=\"yoast-schema-graph\">{\"@context\":\"https:\\\/\\\/schema.org\",\"@graph\":[{\"@type\":\"Article\",\"@id\":\"https:\\\/\\\/www.copealcoy.es\\\/es\\\/los-presupuestos-de-alcoy-para-el-2018-reservan-400-000-euros-a-planes-de-empleo\\\/#article\",\"isPartOf\":{\"@id\":\"https:\\\/\\\/www.copealcoy.es\\\/es\\\/los-presupuestos-de-alcoy-para-el-2018-reservan-400-000-euros-a-planes-de-empleo\\\/\"},\"author\":{\"name\":\"Cope Alcoy\",\"@id\":\"https:\\\/\\\/www.copealcoy.es\\\/es\\\/#\\\/schema\\\/person\\\/e777c87fa024e57d40170af9df39882c\"},\"headline\":\"Los Presupuestos de Alcoy para el 2018 reservan 400.000 euros a Planes de Empleo\",\"datePublished\":\"2018-01-16T15:30:34+00:00\",\"dateModified\":\"2018-01-16T15:36:37+00:00\",\"mainEntityOfPage\":{\"@id\":\"https:\\\/\\\/www.copealcoy.es\\\/es\\\/los-presupuestos-de-alcoy-para-el-2018-reservan-400-000-euros-a-planes-de-empleo\\\/\"},\"wordCount\":284,\"commentCount\":0,\"keywords\":[\"400.000 euros\",\"Alcoy\",\"Manolo Gomicia\",\"Planes de Empleo\",\"Presupuestos Municipales\"],\"articleSection\":[\"Alcoy\",\"Noticias\",\"Pol\u00edtica y Econom\u00eda\"],\"inLanguage\":\"es\"},{\"@type\":\"WebPage\",\"@id\":\"https:\\\/\\\/www.copealcoy.es\\\/es\\\/los-presupuestos-de-alcoy-para-el-2018-reservan-400-000-euros-a-planes-de-empleo\\\/\",\"url\":\"https:\\\/\\\/www.copealcoy.es\\\/es\\\/los-presupuestos-de-alcoy-para-el-2018-reservan-400-000-euros-a-planes-de-empleo\\\/\",\"name\":\"Los Presupuestos de Alcoy para el 2018 reservan 400.000 euros a Planes de Empleo - COPE Alcoy\",\"isPartOf\":{\"@id\":\"https:\\\/\\\/www.copealcoy.es\\\/es\\\/#website\"},\"datePublished\":\"2018-01-16T15:30:34+00:00\",\"dateModified\":\"2018-01-16T15:36:37+00:00\",\"author\":{\"@id\":\"https:\\\/\\\/www.copealcoy.es\\\/es\\\/#\\\/schema\\\/person\\\/e777c87fa024e57d40170af9df39882c\"},\"breadcrumb\":{\"@id\":\"https:\\\/\\\/www.copealcoy.es\\\/es\\\/los-presupuestos-de-alcoy-para-el-2018-reservan-400-000-euros-a-planes-de-empleo\\\/#breadcrumb\"},\"inLanguage\":\"es\",\"potentialAction\":[{\"@type\":\"ReadAction\",\"target\":[\"https:\\\/\\\/www.copealcoy.es\\\/es\\\/los-presupuestos-de-alcoy-para-el-2018-reservan-400-000-euros-a-planes-de-empleo\\\/\"]}]},{\"@type\":\"BreadcrumbList\",\"@id\":\"https:\\\/\\\/www.copealcoy.es\\\/es\\\/los-presupuestos-de-alcoy-para-el-2018-reservan-400-000-euros-a-planes-de-empleo\\\/#breadcrumb\",\"itemListElement\":[{\"@type\":\"ListItem\",\"position\":1,\"name\":\"Portada\",\"item\":\"https:\\\/\\\/www.copealcoy.es\\\/es\\\/\"},{\"@type\":\"ListItem\",\"position\":2,\"name\":\"Los Presupuestos de Alcoy para el 2018 reservan 400.000 euros a Planes de Empleo\"}]},{\"@type\":\"WebSite\",\"@id\":\"https:\\\/\\\/www.copealcoy.es\\\/es\\\/#website\",\"url\":\"https:\\\/\\\/www.copealcoy.es\\\/es\\\/\",\"name\":\"COPE Alcoy\",\"description\":\"Emisora COPE de radio local con emisi\u00f3n online. Pont de Sant Jordi 8-10 03803 Alcoy\",\"potentialAction\":[{\"@type\":\"SearchAction\",\"target\":{\"@type\":\"EntryPoint\",\"urlTemplate\":\"https:\\\/\\\/www.copealcoy.es\\\/es\\\/?s={search_term_string}\"},\"query-input\":{\"@type\":\"PropertyValueSpecification\",\"valueRequired\":true,\"valueName\":\"search_term_string\"}}],\"inLanguage\":\"es\"},{\"@type\":\"Person\",\"@id\":\"https:\\\/\\\/www.copealcoy.es\\\/es\\\/#\\\/schema\\\/person\\\/e777c87fa024e57d40170af9df39882c\",\"name\":\"Cope Alcoy\",\"image\":{\"@type\":\"ImageObject\",\"inLanguage\":\"es\",\"@id\":\"https:\\\/\\\/secure.gravatar.com\\\/avatar\\\/bb65d0283347e303893ba14f0692005417c1e0e690a325a4c5d8bb2b3943ee14?s=96&d=mm&r=g\",\"url\":\"https:\\\/\\\/secure.gravatar.com\\\/avatar\\\/bb65d0283347e303893ba14f0692005417c1e0e690a325a4c5d8bb2b3943ee14?s=96&d=mm&r=g\",\"contentUrl\":\"https:\\\/\\\/secure.gravatar.com\\\/avatar\\\/bb65d0283347e303893ba14f0692005417c1e0e690a325a4c5d8bb2b3943ee14?s=96&d=mm&r=g\",\"caption\":\"Cope Alcoy\"}}]}<\/script>\n<!-- \/ Yoast SEO plugin. -->","yoast_head_json":{"title":"Los Presupuestos de Alcoy para el 2018 reservan 400.000 euros a Planes de Empleo - COPE Alcoy","robots":{"index":"index","follow":"follow","max-snippet":"max-snippet:-1","max-image-preview":"max-image-preview:large","max-video-preview":"max-video-preview:-1"},"canonical":"https:\/\/www.copealcoy.es\/es\/los-presupuestos-de-alcoy-para-el-2018-reservan-400-000-euros-a-planes-de-empleo\/","og_locale":"es_ES","og_type":"article","og_title":"Los Presupuestos de Alcoy para el 2018 reservan 400.000 euros a Planes de Empleo - COPE Alcoy","og_description":"Los Presupuestos Municipales de Alcoy para este a\u00f1o que ha presentado el Gobierno Local del PSOE reservan 400.000 euros para...","og_url":"https:\/\/www.copealcoy.es\/es\/los-presupuestos-de-alcoy-para-el-2018-reservan-400-000-euros-a-planes-de-empleo\/","og_site_name":"COPE Alcoy","article_published_time":"2018-01-16T15:30:34+00:00","article_modified_time":"2018-01-16T15:36:37+00:00","og_image":[{"width":1366,"height":827,"url":"https:\/\/www.copealcoy.es\/wp-content\/uploads\/2015\/01\/image85-1.jpg","type":"image\/jpeg"}],"author":"Cope Alcoy","twitter_misc":{"Escrito por":"Cope Alcoy","Tiempo de lectura":"1 minuto"},"schema":{"@context":"https:\/\/schema.org","@graph":[{"@type":"Article","@id":"https:\/\/www.copealcoy.es\/es\/los-presupuestos-de-alcoy-para-el-2018-reservan-400-000-euros-a-planes-de-empleo\/#article","isPartOf":{"@id":"https:\/\/www.copealcoy.es\/es\/los-presupuestos-de-alcoy-para-el-2018-reservan-400-000-euros-a-planes-de-empleo\/"},"author":{"name":"Cope Alcoy","@id":"https:\/\/www.copealcoy.es\/es\/#\/schema\/person\/e777c87fa024e57d40170af9df39882c"},"headline":"Los Presupuestos de Alcoy para el 2018 reservan 400.000 euros a Planes de Empleo","datePublished":"2018-01-16T15:30:34+00:00","dateModified":"2018-01-16T15:36:37+00:00","mainEntityOfPage":{"@id":"https:\/\/www.copealcoy.es\/es\/los-presupuestos-de-alcoy-para-el-2018-reservan-400-000-euros-a-planes-de-empleo\/"},"wordCount":284,"commentCount":0,"keywords":["400.000 euros","Alcoy","Manolo Gomicia","Planes de Empleo","Presupuestos Municipales"],"articleSection":["Alcoy","Noticias","Pol\u00edtica y Econom\u00eda"],"inLanguage":"es"},{"@type":"WebPage","@id":"https:\/\/www.copealcoy.es\/es\/los-presupuestos-de-alcoy-para-el-2018-reservan-400-000-euros-a-planes-de-empleo\/","url":"https:\/\/www.copealcoy.es\/es\/los-presupuestos-de-alcoy-para-el-2018-reservan-400-000-euros-a-planes-de-empleo\/","name":"Los Presupuestos de Alcoy para el 2018 reservan 400.000 euros a Planes de Empleo - COPE Alcoy","isPartOf":{"@id":"https:\/\/www.copealcoy.es\/es\/#website"},"datePublished":"2018-01-16T15:30:34+00:00","dateModified":"2018-01-16T15:36:37+00:00","author":{"@id":"https:\/\/www.copealcoy.es\/es\/#\/schema\/person\/e777c87fa024e57d40170af9df39882c"},"breadcrumb":{"@id":"https:\/\/www.copealcoy.es\/es\/los-presupuestos-de-alcoy-para-el-2018-reservan-400-000-euros-a-planes-de-empleo\/#breadcrumb"},"inLanguage":"es","potentialAction":[{"@type":"ReadAction","target":["https:\/\/www.copealcoy.es\/es\/los-presupuestos-de-alcoy-para-el-2018-reservan-400-000-euros-a-planes-de-empleo\/"]}]},{"@type":"BreadcrumbList","@id":"https:\/\/www.copealcoy.es\/es\/los-presupuestos-de-alcoy-para-el-2018-reservan-400-000-euros-a-planes-de-empleo\/#breadcrumb","itemListElement":[{"@type":"ListItem","position":1,"name":"Portada","item":"https:\/\/www.copealcoy.es\/es\/"},{"@type":"ListItem","position":2,"name":"Los Presupuestos de Alcoy para el 2018 reservan 400.000 euros a Planes de Empleo"}]},{"@type":"WebSite","@id":"https:\/\/www.copealcoy.es\/es\/#website","url":"https:\/\/www.copealcoy.es\/es\/","name":"COPE Alcoy","description":"Emisora COPE de radio local con emisi\u00f3n online. Pont de Sant Jordi 8-10 03803 Alcoy","potentialAction":[{"@type":"SearchAction","target":{"@type":"EntryPoint","urlTemplate":"https:\/\/www.copealcoy.es\/es\/?s={search_term_string}"},"query-input":{"@type":"PropertyValueSpecification","valueRequired":true,"valueName":"search_term_string"}}],"inLanguage":"es"},{"@type":"Person","@id":"https:\/\/www.copealcoy.es\/es\/#\/schema\/person\/e777c87fa024e57d40170af9df39882c","name":"Cope Alcoy","image":{"@type":"ImageObject","inLanguage":"es","@id":"https:\/\/secure.gravatar.com\/avatar\/bb65d0283347e303893ba14f0692005417c1e0e690a325a4c5d8bb2b3943ee14?s=96&d=mm&r=g","url":"https:\/\/secure.gravatar.com\/avatar\/bb65d0283347e303893ba14f0692005417c1e0e690a325a4c5d8bb2b3943ee14?s=96&d=mm&r=g","contentUrl":"https:\/\/secure.gravatar.com\/avatar\/bb65d0283347e303893ba14f0692005417c1e0e690a325a4c5d8bb2b3943ee14?s=96&d=mm&r=g","caption":"Cope Alcoy"}}]}},"_links":{"self":[{"href":"https:\/\/www.copealcoy.es\/es\/wp-json\/wp\/v2\/posts\/38292","targetHints":{"allow":["GET"]}}],"collection":[{"href":"https:\/\/www.copealcoy.es\/es\/wp-json\/wp\/v2\/posts"}],"about":[{"href":"https:\/\/www.copealcoy.es\/es\/wp-json\/wp\/v2\/types\/post"}],"author":[{"embeddable":true,"href":"https:\/\/www.copealcoy.es\/es\/wp-json\/wp\/v2\/users\/1"}],"replies":[{"embeddable":true,"href":"https:\/\/www.copealcoy.es\/es\/wp-json\/wp\/v2\/comments?post=38292"}],"version-history":[{"count":0,"href":"https:\/\/www.copealcoy.es\/es\/wp-json\/wp\/v2\/posts\/38292\/revisions"}],"wp:attachment":[{"href":"https:\/\/www.copealcoy.es\/es\/wp-json\/wp\/v2\/media?parent=38292"}],"wp:term":[{"taxonomy":"category","embeddable":true,"href":"https:\/\/www.copealcoy.es\/es\/wp-json\/wp\/v2\/categories?post=38292"},{"taxonomy":"post_tag","embeddable":true,"href":"https:\/\/www.copealcoy.es\/es\/wp-json\/wp\/v2\/tags?post=38292"}],"curies":[{"name":"wp","href":"https:\/\/api.w.org\/{rel}","templated":true}]}}