{"id":38284,"date":"2018-01-16T15:11:24","date_gmt":"2018-01-16T15:11:24","guid":{"rendered":"http:\/\/copealcoi.es\/new\/?p=38284"},"modified":"2018-01-16T15:14:17","modified_gmt":"2018-01-16T15:14:17","slug":"el-consell-no-acepta-las-enmiendas-del-pp-para-inversiones-en-alcoy","status":"publish","type":"post","link":"https:\/\/www.copealcoy.es\/es\/el-consell-no-acepta-las-enmiendas-del-pp-para-inversiones-en-alcoy\/","title":{"rendered":"El Consell no acepta las enmiendas del PP para inversiones en Alcoy"},"content":{"rendered":"<p style=\"text-align: justify;\">El <strong>Partido Popular<\/strong> ha asegurado que <strong>PSOE, Comprom\u00eds y Podemos<\/strong>, que gobiernan en la Generalitat Valenciana, <strong>han desestimado<\/strong> en el Pleno de Les Corts todas <strong>las enmiendas presentadas a los Presupuestos de 2018<\/strong> por parte del Grupo Parlamentario Popular y referidas a <strong>diferentes inversiones<\/strong> para ejecutar proyectos de la ciudad de Alcoy.<\/p>\n<p style=\"text-align: justify;\">Los populares destacan que <strong>presentaron un total de diez enmiendas a las cuentas auton\u00f3micas<\/strong> entre las que destacan la construcci\u00f3n de un Centro de Turismo Interior en la ciudad, la creaci\u00f3n de una partida de 100.000 euros para reconvertir la manzana de Rodes en parque tecnol\u00f3gico, otros 100.000 euros para la Asociaci\u00f3n de Turismo Alicante \u00a0Interior o la generaci\u00f3n de una l\u00ednea para el desarrollo del Instituto Tecnol\u00f3gico de la Cosm\u00e9tica. Adem\u00e1s destacan <strong>la negativa del Consell\u00a0para invertir en la mejora del tren Alcoy \u2013 X\u00e0tiva<\/strong> &#8220;<em>llama mucho la atenci\u00f3n que mientras el Ministerio de Fomento ha invertido en esta infraestructura ferroviaria m\u00e1s de seis millones de euros en 2017 y ha comprometido otros 22 para los pr\u00f3ximos a\u00f1os, Ximo Puig y M\u00f3nica Oltra den la espalda al tren y no inviertan ni un solo euro, justo lo contrario de lo que ambos reivindicaban cuando estaban en la oposici\u00f3n<\/em>&#8220;, se\u00f1ala Fernando Pastor, diputado auton\u00f3mico del PP.<\/p>\n<p style=\"text-align: justify;\">Pastor tambi\u00e9n apunta que <strong>esta situaci\u00f3n\u00a0demuestra la falta de inter\u00e9s del gobierno valenciano<\/strong> y la nula predisposici\u00f3n del mismo a la hora de corregir <strong>la discriminaci\u00f3n que sufre Alcoy<\/strong> en cuanto a la\u00a0 inversi\u00f3n p\u00fablica respecto a la media de la Comunitat Valenciana &#8220;<em>se hace necesario que desde el Ayuntamiento le recuerden a la administraci\u00f3n valenciana que no est\u00e1n de acuerdo con el olvido y la marginaci\u00f3n a la que Ximo Puig y M\u00f3nica Oltra someten a la ciudad en las cuentas para 2018<\/em>&#8220;, concluye.<\/p>\n<p style=\"text-align: justify;\">Finalmente desde el Partido Popular indican que <strong>algunas de estas enmiendas que ellos presentaron<\/strong>, y que han sido rechazadas por PSOE, Comprom\u00eds y Podemos; <strong>fueron respaldadas<\/strong> aqu\u00ed en Alcoy por estos \u00faltimos partidos.<\/p>\n","protected":false},"excerpt":{"rendered":"<p>El Partido Popular ha asegurado que PSOE, Comprom\u00eds y Podemos, que gobiernan en la Generalitat Valenciana, han desestimado en el&#8230;<\/p>\n","protected":false},"author":1,"featured_media":17593,"comment_status":"open","ping_status":"open","sticky":false,"template":"","format":"standard","meta":{"footnotes":""},"categories":[97,75,125],"tags":[1494,479,1942,448,3397],"class_list":["post-38284","post","type-post","status-publish","format-standard","has-post-thumbnail","hentry","category-alcoy","category-noticias","category-portada","tag-alcoy","tag-consell","tag-fernando-pastor","tag-partido-popular","tag-presupuestos-autonomicos"],"yoast_head":"<!-- This site is optimized with the Yoast SEO plugin v27.3 - https:\/\/yoast.com\/product\/yoast-seo-wordpress\/ -->\n<title>El Consell no acepta las enmiendas del PP para inversiones en Alcoy - COPE Alcoy<\/title>\n<meta name=\"robots\" content=\"index, follow, max-snippet:-1, max-image-preview:large, max-video-preview:-1\" \/>\n<link rel=\"canonical\" href=\"https:\/\/www.copealcoy.es\/es\/el-consell-no-acepta-las-enmiendas-del-pp-para-inversiones-en-alcoy\/\" \/>\n<meta property=\"og:locale\" content=\"es_ES\" \/>\n<meta property=\"og:type\" content=\"article\" \/>\n<meta property=\"og:title\" content=\"El Consell no acepta las enmiendas del PP para inversiones en Alcoy - COPE Alcoy\" \/>\n<meta property=\"og:description\" content=\"El Partido Popular ha asegurado que PSOE, Comprom\u00eds y Podemos, que gobiernan en la Generalitat Valenciana, han desestimado en el...\" \/>\n<meta property=\"og:url\" content=\"https:\/\/www.copealcoy.es\/es\/el-consell-no-acepta-las-enmiendas-del-pp-para-inversiones-en-alcoy\/\" \/>\n<meta property=\"og:site_name\" content=\"COPE Alcoy\" \/>\n<meta property=\"article:published_time\" content=\"2018-01-16T15:11:24+00:00\" \/>\n<meta property=\"article:modified_time\" content=\"2018-01-16T15:14:17+00:00\" \/>\n<meta property=\"og:image\" content=\"https:\/\/www.copealcoy.es\/wp-content\/uploads\/2015\/12\/Fernando-Pastor-CORTS.jpg\" \/>\n\t<meta property=\"og:image:width\" content=\"3000\" \/>\n\t<meta property=\"og:image:height\" content=\"2000\" \/>\n\t<meta property=\"og:image:type\" content=\"image\/jpeg\" \/>\n<meta name=\"author\" content=\"Cope Alcoy\" \/>\n<meta name=\"twitter:label1\" content=\"Escrito por\" \/>\n\t<meta name=\"twitter:data1\" content=\"Cope Alcoy\" \/>\n\t<meta name=\"twitter:label2\" content=\"Tiempo de lectura\" \/>\n\t<meta name=\"twitter:data2\" content=\"2 minutos\" \/>\n<script type=\"application\/ld+json\" class=\"yoast-schema-graph\">{\"@context\":\"https:\\\/\\\/schema.org\",\"@graph\":[{\"@type\":\"Article\",\"@id\":\"https:\\\/\\\/www.copealcoy.es\\\/es\\\/el-consell-no-acepta-las-enmiendas-del-pp-para-inversiones-en-alcoy\\\/#article\",\"isPartOf\":{\"@id\":\"https:\\\/\\\/www.copealcoy.es\\\/es\\\/el-consell-no-acepta-las-enmiendas-del-pp-para-inversiones-en-alcoy\\\/\"},\"author\":{\"name\":\"Cope Alcoy\",\"@id\":\"https:\\\/\\\/www.copealcoy.es\\\/es\\\/#\\\/schema\\\/person\\\/e777c87fa024e57d40170af9df39882c\"},\"headline\":\"El Consell no acepta las enmiendas del PP para inversiones en Alcoy\",\"datePublished\":\"2018-01-16T15:11:24+00:00\",\"dateModified\":\"2018-01-16T15:14:17+00:00\",\"mainEntityOfPage\":{\"@id\":\"https:\\\/\\\/www.copealcoy.es\\\/es\\\/el-consell-no-acepta-las-enmiendas-del-pp-para-inversiones-en-alcoy\\\/\"},\"wordCount\":365,\"commentCount\":0,\"image\":{\"@id\":\"https:\\\/\\\/www.copealcoy.es\\\/es\\\/el-consell-no-acepta-las-enmiendas-del-pp-para-inversiones-en-alcoy\\\/#primaryimage\"},\"thumbnailUrl\":\"https:\\\/\\\/www.copealcoy.es\\\/wp-content\\\/uploads\\\/2015\\\/12\\\/Fernando-Pastor-CORTS.jpg\",\"keywords\":[\"Alcoy\",\"Consell\",\"Fernando Pastor\",\"Partido Popular\",\"presupuestos auton\u00f3micos\"],\"articleSection\":[\"Alcoy\",\"Noticias\",\"Portada\"],\"inLanguage\":\"es\"},{\"@type\":\"WebPage\",\"@id\":\"https:\\\/\\\/www.copealcoy.es\\\/es\\\/el-consell-no-acepta-las-enmiendas-del-pp-para-inversiones-en-alcoy\\\/\",\"url\":\"https:\\\/\\\/www.copealcoy.es\\\/es\\\/el-consell-no-acepta-las-enmiendas-del-pp-para-inversiones-en-alcoy\\\/\",\"name\":\"El Consell no acepta las enmiendas del PP para inversiones en Alcoy - COPE Alcoy\",\"isPartOf\":{\"@id\":\"https:\\\/\\\/www.copealcoy.es\\\/es\\\/#website\"},\"primaryImageOfPage\":{\"@id\":\"https:\\\/\\\/www.copealcoy.es\\\/es\\\/el-consell-no-acepta-las-enmiendas-del-pp-para-inversiones-en-alcoy\\\/#primaryimage\"},\"image\":{\"@id\":\"https:\\\/\\\/www.copealcoy.es\\\/es\\\/el-consell-no-acepta-las-enmiendas-del-pp-para-inversiones-en-alcoy\\\/#primaryimage\"},\"thumbnailUrl\":\"https:\\\/\\\/www.copealcoy.es\\\/wp-content\\\/uploads\\\/2015\\\/12\\\/Fernando-Pastor-CORTS.jpg\",\"datePublished\":\"2018-01-16T15:11:24+00:00\",\"dateModified\":\"2018-01-16T15:14:17+00:00\",\"author\":{\"@id\":\"https:\\\/\\\/www.copealcoy.es\\\/es\\\/#\\\/schema\\\/person\\\/e777c87fa024e57d40170af9df39882c\"},\"breadcrumb\":{\"@id\":\"https:\\\/\\\/www.copealcoy.es\\\/es\\\/el-consell-no-acepta-las-enmiendas-del-pp-para-inversiones-en-alcoy\\\/#breadcrumb\"},\"inLanguage\":\"es\",\"potentialAction\":[{\"@type\":\"ReadAction\",\"target\":[\"https:\\\/\\\/www.copealcoy.es\\\/es\\\/el-consell-no-acepta-las-enmiendas-del-pp-para-inversiones-en-alcoy\\\/\"]}]},{\"@type\":\"ImageObject\",\"inLanguage\":\"es\",\"@id\":\"https:\\\/\\\/www.copealcoy.es\\\/es\\\/el-consell-no-acepta-las-enmiendas-del-pp-para-inversiones-en-alcoy\\\/#primaryimage\",\"url\":\"https:\\\/\\\/www.copealcoy.es\\\/wp-content\\\/uploads\\\/2015\\\/12\\\/Fernando-Pastor-CORTS.jpg\",\"contentUrl\":\"https:\\\/\\\/www.copealcoy.es\\\/wp-content\\\/uploads\\\/2015\\\/12\\\/Fernando-Pastor-CORTS.jpg\",\"width\":3000,\"height\":2000,\"caption\":\"Fernando Pastor en las Cortes Valencianas\"},{\"@type\":\"BreadcrumbList\",\"@id\":\"https:\\\/\\\/www.copealcoy.es\\\/es\\\/el-consell-no-acepta-las-enmiendas-del-pp-para-inversiones-en-alcoy\\\/#breadcrumb\",\"itemListElement\":[{\"@type\":\"ListItem\",\"position\":1,\"name\":\"Portada\",\"item\":\"https:\\\/\\\/www.copealcoy.es\\\/es\\\/\"},{\"@type\":\"ListItem\",\"position\":2,\"name\":\"El Consell no acepta las enmiendas del PP para inversiones en Alcoy\"}]},{\"@type\":\"WebSite\",\"@id\":\"https:\\\/\\\/www.copealcoy.es\\\/es\\\/#website\",\"url\":\"https:\\\/\\\/www.copealcoy.es\\\/es\\\/\",\"name\":\"COPE Alcoy\",\"description\":\"Emisora COPE de radio local con emisi\u00f3n online. Pont de Sant Jordi 8-10 03803 Alcoy\",\"potentialAction\":[{\"@type\":\"SearchAction\",\"target\":{\"@type\":\"EntryPoint\",\"urlTemplate\":\"https:\\\/\\\/www.copealcoy.es\\\/es\\\/?s={search_term_string}\"},\"query-input\":{\"@type\":\"PropertyValueSpecification\",\"valueRequired\":true,\"valueName\":\"search_term_string\"}}],\"inLanguage\":\"es\"},{\"@type\":\"Person\",\"@id\":\"https:\\\/\\\/www.copealcoy.es\\\/es\\\/#\\\/schema\\\/person\\\/e777c87fa024e57d40170af9df39882c\",\"name\":\"Cope Alcoy\",\"image\":{\"@type\":\"ImageObject\",\"inLanguage\":\"es\",\"@id\":\"https:\\\/\\\/secure.gravatar.com\\\/avatar\\\/bb65d0283347e303893ba14f0692005417c1e0e690a325a4c5d8bb2b3943ee14?s=96&d=mm&r=g\",\"url\":\"https:\\\/\\\/secure.gravatar.com\\\/avatar\\\/bb65d0283347e303893ba14f0692005417c1e0e690a325a4c5d8bb2b3943ee14?s=96&d=mm&r=g\",\"contentUrl\":\"https:\\\/\\\/secure.gravatar.com\\\/avatar\\\/bb65d0283347e303893ba14f0692005417c1e0e690a325a4c5d8bb2b3943ee14?s=96&d=mm&r=g\",\"caption\":\"Cope Alcoy\"}}]}<\/script>\n<!-- \/ Yoast SEO plugin. -->","yoast_head_json":{"title":"El Consell no acepta las enmiendas del PP para inversiones en Alcoy - COPE Alcoy","robots":{"index":"index","follow":"follow","max-snippet":"max-snippet:-1","max-image-preview":"max-image-preview:large","max-video-preview":"max-video-preview:-1"},"canonical":"https:\/\/www.copealcoy.es\/es\/el-consell-no-acepta-las-enmiendas-del-pp-para-inversiones-en-alcoy\/","og_locale":"es_ES","og_type":"article","og_title":"El Consell no acepta las enmiendas del PP para inversiones en Alcoy - COPE Alcoy","og_description":"El Partido Popular ha asegurado que PSOE, Comprom\u00eds y Podemos, que gobiernan en la Generalitat Valenciana, han desestimado en el...","og_url":"https:\/\/www.copealcoy.es\/es\/el-consell-no-acepta-las-enmiendas-del-pp-para-inversiones-en-alcoy\/","og_site_name":"COPE Alcoy","article_published_time":"2018-01-16T15:11:24+00:00","article_modified_time":"2018-01-16T15:14:17+00:00","og_image":[{"width":3000,"height":2000,"url":"https:\/\/www.copealcoy.es\/wp-content\/uploads\/2015\/12\/Fernando-Pastor-CORTS.jpg","type":"image\/jpeg"}],"author":"Cope Alcoy","twitter_misc":{"Escrito por":"Cope Alcoy","Tiempo de lectura":"2 minutos"},"schema":{"@context":"https:\/\/schema.org","@graph":[{"@type":"Article","@id":"https:\/\/www.copealcoy.es\/es\/el-consell-no-acepta-las-enmiendas-del-pp-para-inversiones-en-alcoy\/#article","isPartOf":{"@id":"https:\/\/www.copealcoy.es\/es\/el-consell-no-acepta-las-enmiendas-del-pp-para-inversiones-en-alcoy\/"},"author":{"name":"Cope Alcoy","@id":"https:\/\/www.copealcoy.es\/es\/#\/schema\/person\/e777c87fa024e57d40170af9df39882c"},"headline":"El Consell no acepta las enmiendas del PP para inversiones en Alcoy","datePublished":"2018-01-16T15:11:24+00:00","dateModified":"2018-01-16T15:14:17+00:00","mainEntityOfPage":{"@id":"https:\/\/www.copealcoy.es\/es\/el-consell-no-acepta-las-enmiendas-del-pp-para-inversiones-en-alcoy\/"},"wordCount":365,"commentCount":0,"image":{"@id":"https:\/\/www.copealcoy.es\/es\/el-consell-no-acepta-las-enmiendas-del-pp-para-inversiones-en-alcoy\/#primaryimage"},"thumbnailUrl":"https:\/\/www.copealcoy.es\/wp-content\/uploads\/2015\/12\/Fernando-Pastor-CORTS.jpg","keywords":["Alcoy","Consell","Fernando Pastor","Partido Popular","presupuestos auton\u00f3micos"],"articleSection":["Alcoy","Noticias","Portada"],"inLanguage":"es"},{"@type":"WebPage","@id":"https:\/\/www.copealcoy.es\/es\/el-consell-no-acepta-las-enmiendas-del-pp-para-inversiones-en-alcoy\/","url":"https:\/\/www.copealcoy.es\/es\/el-consell-no-acepta-las-enmiendas-del-pp-para-inversiones-en-alcoy\/","name":"El Consell no acepta las enmiendas del PP para inversiones en Alcoy - COPE Alcoy","isPartOf":{"@id":"https:\/\/www.copealcoy.es\/es\/#website"},"primaryImageOfPage":{"@id":"https:\/\/www.copealcoy.es\/es\/el-consell-no-acepta-las-enmiendas-del-pp-para-inversiones-en-alcoy\/#primaryimage"},"image":{"@id":"https:\/\/www.copealcoy.es\/es\/el-consell-no-acepta-las-enmiendas-del-pp-para-inversiones-en-alcoy\/#primaryimage"},"thumbnailUrl":"https:\/\/www.copealcoy.es\/wp-content\/uploads\/2015\/12\/Fernando-Pastor-CORTS.jpg","datePublished":"2018-01-16T15:11:24+00:00","dateModified":"2018-01-16T15:14:17+00:00","author":{"@id":"https:\/\/www.copealcoy.es\/es\/#\/schema\/person\/e777c87fa024e57d40170af9df39882c"},"breadcrumb":{"@id":"https:\/\/www.copealcoy.es\/es\/el-consell-no-acepta-las-enmiendas-del-pp-para-inversiones-en-alcoy\/#breadcrumb"},"inLanguage":"es","potentialAction":[{"@type":"ReadAction","target":["https:\/\/www.copealcoy.es\/es\/el-consell-no-acepta-las-enmiendas-del-pp-para-inversiones-en-alcoy\/"]}]},{"@type":"ImageObject","inLanguage":"es","@id":"https:\/\/www.copealcoy.es\/es\/el-consell-no-acepta-las-enmiendas-del-pp-para-inversiones-en-alcoy\/#primaryimage","url":"https:\/\/www.copealcoy.es\/wp-content\/uploads\/2015\/12\/Fernando-Pastor-CORTS.jpg","contentUrl":"https:\/\/www.copealcoy.es\/wp-content\/uploads\/2015\/12\/Fernando-Pastor-CORTS.jpg","width":3000,"height":2000,"caption":"Fernando Pastor en las Cortes Valencianas"},{"@type":"BreadcrumbList","@id":"https:\/\/www.copealcoy.es\/es\/el-consell-no-acepta-las-enmiendas-del-pp-para-inversiones-en-alcoy\/#breadcrumb","itemListElement":[{"@type":"ListItem","position":1,"name":"Portada","item":"https:\/\/www.copealcoy.es\/es\/"},{"@type":"ListItem","position":2,"name":"El Consell no acepta las enmiendas del PP para inversiones en Alcoy"}]},{"@type":"WebSite","@id":"https:\/\/www.copealcoy.es\/es\/#website","url":"https:\/\/www.copealcoy.es\/es\/","name":"COPE Alcoy","description":"Emisora COPE de radio local con emisi\u00f3n online. Pont de Sant Jordi 8-10 03803 Alcoy","potentialAction":[{"@type":"SearchAction","target":{"@type":"EntryPoint","urlTemplate":"https:\/\/www.copealcoy.es\/es\/?s={search_term_string}"},"query-input":{"@type":"PropertyValueSpecification","valueRequired":true,"valueName":"search_term_string"}}],"inLanguage":"es"},{"@type":"Person","@id":"https:\/\/www.copealcoy.es\/es\/#\/schema\/person\/e777c87fa024e57d40170af9df39882c","name":"Cope Alcoy","image":{"@type":"ImageObject","inLanguage":"es","@id":"https:\/\/secure.gravatar.com\/avatar\/bb65d0283347e303893ba14f0692005417c1e0e690a325a4c5d8bb2b3943ee14?s=96&d=mm&r=g","url":"https:\/\/secure.gravatar.com\/avatar\/bb65d0283347e303893ba14f0692005417c1e0e690a325a4c5d8bb2b3943ee14?s=96&d=mm&r=g","contentUrl":"https:\/\/secure.gravatar.com\/avatar\/bb65d0283347e303893ba14f0692005417c1e0e690a325a4c5d8bb2b3943ee14?s=96&d=mm&r=g","caption":"Cope Alcoy"}}]}},"_links":{"self":[{"href":"https:\/\/www.copealcoy.es\/es\/wp-json\/wp\/v2\/posts\/38284","targetHints":{"allow":["GET"]}}],"collection":[{"href":"https:\/\/www.copealcoy.es\/es\/wp-json\/wp\/v2\/posts"}],"about":[{"href":"https:\/\/www.copealcoy.es\/es\/wp-json\/wp\/v2\/types\/post"}],"author":[{"embeddable":true,"href":"https:\/\/www.copealcoy.es\/es\/wp-json\/wp\/v2\/users\/1"}],"replies":[{"embeddable":true,"href":"https:\/\/www.copealcoy.es\/es\/wp-json\/wp\/v2\/comments?post=38284"}],"version-history":[{"count":0,"href":"https:\/\/www.copealcoy.es\/es\/wp-json\/wp\/v2\/posts\/38284\/revisions"}],"wp:featuredmedia":[{"embeddable":true,"href":"https:\/\/www.copealcoy.es\/es\/wp-json\/wp\/v2\/media\/17593"}],"wp:attachment":[{"href":"https:\/\/www.copealcoy.es\/es\/wp-json\/wp\/v2\/media?parent=38284"}],"wp:term":[{"taxonomy":"category","embeddable":true,"href":"https:\/\/www.copealcoy.es\/es\/wp-json\/wp\/v2\/categories?post=38284"},{"taxonomy":"post_tag","embeddable":true,"href":"https:\/\/www.copealcoy.es\/es\/wp-json\/wp\/v2\/tags?post=38284"}],"curies":[{"name":"wp","href":"https:\/\/api.w.org\/{rel}","templated":true}]}}