{"id":38204,"date":"2018-01-12T16:00:23","date_gmt":"2018-01-12T16:00:23","guid":{"rendered":"http:\/\/copealcoi.es\/new\/?p=38204"},"modified":"2018-01-12T16:03:01","modified_gmt":"2018-01-12T16:03:01","slug":"guanyar-reclama-los-informes-economicos-del-presupuesto-de-2018","status":"publish","type":"post","link":"https:\/\/www.copealcoy.es\/es\/guanyar-reclama-los-informes-economicos-del-presupuesto-de-2018\/","title":{"rendered":"Guanyar reclama los informes econ\u00f3micos del Presupuesto de 2018"},"content":{"rendered":"<p style=\"text-align: justify;\">El grupo municipal <strong>Guanyar Alcoi<\/strong> critica que a dos semanas <strong>del debate de los Presupuestos Locales de 2018<\/strong>, el Gobierno del PSOE no ha remitido a los grupos pol\u00edticos de la oposici\u00f3n<strong> los informes econ\u00f3micos<\/strong> de la Intervenci\u00f3n de Fondos <strong>donde se informa<\/strong> del cumplimiento de la regla de gasto, del equilibrio presupuestario, de la estabilidad presupuestaria o donde se exponen las conclusiones de la Intervenci\u00f3n. La formaci\u00f3n pol\u00edtica asegura que este \u00faltimo aspecto <strong>es fundamental para conocer el estado real del Presupuesto y sus posibilidades<\/strong>, entre otros asuntos de destacada importancia para poder aprobar o no el documento.<\/p>\n<p style=\"text-align: justify;\">Estefan\u00eda Blanes, <strong>portavoz de Guanyar Alcoi<\/strong>, muestra su <strong>decepci\u00f3n<\/strong> por los tiempos que maneja el Ejecutivo Local de Toni Franc\u00e9s<strong> a la hora de aprobar estos presupuestos del a\u00f1o actual<\/strong> &#8220;<em>nos entregaron el borrador el d\u00eda 15 de diciembre y las memorias una semana m\u00e1s tarde, el 22 de diciembre. Hoy por hoy no tenemos toda la informaci\u00f3n que requiere un Presupuesto Municipal: faltan los informes m\u00e1s importantes, los de la Intervenci\u00f3n de Fondos, que contienen la memoria econ\u00f3mica del documento, fundamental para conocer la viabilidad econ\u00f3mica y financiera del Presupuesto. Es un documento absolutamente vital, porque sino vamos a ciegas<\/em>&#8220;, apunta.<\/p>\n<p style=\"text-align: justify;\">Por \u00faltimo\u00a0Blanes <strong>pide al Gobierno del PSOE<\/strong> &#8220;<em>seriedad&#8221;<\/em> con <strong>la gesti\u00f3n de los presupuestos<\/strong> &#8220;<em>lamentablemente estas circunstancias han estado sucediendo en los \u00faltimos dos presupuestos y se ha ido agravando. Cada vez vamos con m\u00e1s prisas, tenemos la informaci\u00f3n en un espacio de tiempo m\u00e1s reducido y, evidentemente, no podemos trabajar como es debido un documento tan importante<\/em>&#8220;, a\u00f1ade.<\/p>\n<p style=\"text-align: justify;\">\n","protected":false},"excerpt":{"rendered":"<p>El grupo municipal Guanyar Alcoi critica que a dos semanas del debate de los Presupuestos Locales de 2018, el Gobierno&#8230;<\/p>\n","protected":false},"author":1,"featured_media":22492,"comment_status":"open","ping_status":"open","sticky":false,"template":"","format":"standard","meta":{"footnotes":""},"categories":[97,75,79],"tags":[1494,1881,1325,5100,1572],"class_list":["post-38204","post","type-post","status-publish","format-standard","has-post-thumbnail","hentry","category-alcoy","category-noticias","category-politicayeconomia","tag-alcoy","tag-estefania-blanes","tag-guanyar-alcoi","tag-informes-economicos","tag-presupuestos-municipales"],"yoast_head":"<!-- This site is optimized with the Yoast SEO plugin v27.3 - https:\/\/yoast.com\/product\/yoast-seo-wordpress\/ -->\n<title>Guanyar reclama los informes econ\u00f3micos del Presupuesto de 2018 - COPE Alcoy<\/title>\n<meta name=\"robots\" content=\"index, follow, max-snippet:-1, max-image-preview:large, max-video-preview:-1\" \/>\n<link rel=\"canonical\" href=\"https:\/\/www.copealcoy.es\/es\/guanyar-reclama-los-informes-economicos-del-presupuesto-de-2018\/\" \/>\n<meta property=\"og:locale\" content=\"es_ES\" \/>\n<meta property=\"og:type\" content=\"article\" \/>\n<meta property=\"og:title\" content=\"Guanyar reclama los informes econ\u00f3micos del Presupuesto de 2018 - COPE Alcoy\" \/>\n<meta property=\"og:description\" content=\"El grupo municipal Guanyar Alcoi critica que a dos semanas del debate de los Presupuestos Locales de 2018, el Gobierno...\" \/>\n<meta property=\"og:url\" content=\"https:\/\/www.copealcoy.es\/es\/guanyar-reclama-los-informes-economicos-del-presupuesto-de-2018\/\" \/>\n<meta property=\"og:site_name\" content=\"COPE Alcoy\" \/>\n<meta property=\"article:published_time\" content=\"2018-01-12T16:00:23+00:00\" \/>\n<meta property=\"article:modified_time\" content=\"2018-01-12T16:03:01+00:00\" \/>\n<meta property=\"og:image\" content=\"https:\/\/www.copealcoy.es\/wp-content\/uploads\/2016\/06\/20160609-RdP-Gesti\u00f3-brossa-1-1024x576.jpg\" \/>\n\t<meta property=\"og:image:width\" content=\"1024\" \/>\n\t<meta property=\"og:image:height\" content=\"576\" \/>\n\t<meta property=\"og:image:type\" content=\"image\/jpeg\" \/>\n<meta name=\"author\" content=\"Cope Alcoy\" \/>\n<meta name=\"twitter:label1\" content=\"Escrito por\" \/>\n\t<meta name=\"twitter:data1\" content=\"Cope Alcoy\" \/>\n\t<meta name=\"twitter:label2\" content=\"Tiempo de lectura\" \/>\n\t<meta name=\"twitter:data2\" content=\"1 minuto\" \/>\n<script type=\"application\/ld+json\" class=\"yoast-schema-graph\">{\"@context\":\"https:\\\/\\\/schema.org\",\"@graph\":[{\"@type\":\"Article\",\"@id\":\"https:\\\/\\\/www.copealcoy.es\\\/es\\\/guanyar-reclama-los-informes-economicos-del-presupuesto-de-2018\\\/#article\",\"isPartOf\":{\"@id\":\"https:\\\/\\\/www.copealcoy.es\\\/es\\\/guanyar-reclama-los-informes-economicos-del-presupuesto-de-2018\\\/\"},\"author\":{\"name\":\"Cope Alcoy\",\"@id\":\"https:\\\/\\\/www.copealcoy.es\\\/es\\\/#\\\/schema\\\/person\\\/e777c87fa024e57d40170af9df39882c\"},\"headline\":\"Guanyar reclama los informes econ\u00f3micos del Presupuesto de 2018\",\"datePublished\":\"2018-01-12T16:00:23+00:00\",\"dateModified\":\"2018-01-12T16:03:01+00:00\",\"mainEntityOfPage\":{\"@id\":\"https:\\\/\\\/www.copealcoy.es\\\/es\\\/guanyar-reclama-los-informes-economicos-del-presupuesto-de-2018\\\/\"},\"wordCount\":290,\"commentCount\":0,\"image\":{\"@id\":\"https:\\\/\\\/www.copealcoy.es\\\/es\\\/guanyar-reclama-los-informes-economicos-del-presupuesto-de-2018\\\/#primaryimage\"},\"thumbnailUrl\":\"https:\\\/\\\/www.copealcoy.es\\\/wp-content\\\/uploads\\\/2016\\\/06\\\/20160609-RdP-Gesti\u00f3-brossa-1.jpg\",\"keywords\":[\"Alcoy\",\"Estefan\u00eda Blanes\",\"Guanyar Alcoi\",\"informes econ\u00f3micos\",\"Presupuestos Municipales\"],\"articleSection\":[\"Alcoy\",\"Noticias\",\"Pol\u00edtica y Econom\u00eda\"],\"inLanguage\":\"es\"},{\"@type\":\"WebPage\",\"@id\":\"https:\\\/\\\/www.copealcoy.es\\\/es\\\/guanyar-reclama-los-informes-economicos-del-presupuesto-de-2018\\\/\",\"url\":\"https:\\\/\\\/www.copealcoy.es\\\/es\\\/guanyar-reclama-los-informes-economicos-del-presupuesto-de-2018\\\/\",\"name\":\"Guanyar reclama los informes econ\u00f3micos del Presupuesto de 2018 - COPE Alcoy\",\"isPartOf\":{\"@id\":\"https:\\\/\\\/www.copealcoy.es\\\/es\\\/#website\"},\"primaryImageOfPage\":{\"@id\":\"https:\\\/\\\/www.copealcoy.es\\\/es\\\/guanyar-reclama-los-informes-economicos-del-presupuesto-de-2018\\\/#primaryimage\"},\"image\":{\"@id\":\"https:\\\/\\\/www.copealcoy.es\\\/es\\\/guanyar-reclama-los-informes-economicos-del-presupuesto-de-2018\\\/#primaryimage\"},\"thumbnailUrl\":\"https:\\\/\\\/www.copealcoy.es\\\/wp-content\\\/uploads\\\/2016\\\/06\\\/20160609-RdP-Gesti\u00f3-brossa-1.jpg\",\"datePublished\":\"2018-01-12T16:00:23+00:00\",\"dateModified\":\"2018-01-12T16:03:01+00:00\",\"author\":{\"@id\":\"https:\\\/\\\/www.copealcoy.es\\\/es\\\/#\\\/schema\\\/person\\\/e777c87fa024e57d40170af9df39882c\"},\"breadcrumb\":{\"@id\":\"https:\\\/\\\/www.copealcoy.es\\\/es\\\/guanyar-reclama-los-informes-economicos-del-presupuesto-de-2018\\\/#breadcrumb\"},\"inLanguage\":\"es\",\"potentialAction\":[{\"@type\":\"ReadAction\",\"target\":[\"https:\\\/\\\/www.copealcoy.es\\\/es\\\/guanyar-reclama-los-informes-economicos-del-presupuesto-de-2018\\\/\"]}]},{\"@type\":\"ImageObject\",\"inLanguage\":\"es\",\"@id\":\"https:\\\/\\\/www.copealcoy.es\\\/es\\\/guanyar-reclama-los-informes-economicos-del-presupuesto-de-2018\\\/#primaryimage\",\"url\":\"https:\\\/\\\/www.copealcoy.es\\\/wp-content\\\/uploads\\\/2016\\\/06\\\/20160609-RdP-Gesti\u00f3-brossa-1.jpg\",\"contentUrl\":\"https:\\\/\\\/www.copealcoy.es\\\/wp-content\\\/uploads\\\/2016\\\/06\\\/20160609-RdP-Gesti\u00f3-brossa-1.jpg\",\"width\":4864,\"height\":2736,\"caption\":\"Estefan\u00eda Blanes es portavoz de Guanyar Alcoi\"},{\"@type\":\"BreadcrumbList\",\"@id\":\"https:\\\/\\\/www.copealcoy.es\\\/es\\\/guanyar-reclama-los-informes-economicos-del-presupuesto-de-2018\\\/#breadcrumb\",\"itemListElement\":[{\"@type\":\"ListItem\",\"position\":1,\"name\":\"Portada\",\"item\":\"https:\\\/\\\/www.copealcoy.es\\\/es\\\/\"},{\"@type\":\"ListItem\",\"position\":2,\"name\":\"Guanyar reclama los informes econ\u00f3micos del Presupuesto de 2018\"}]},{\"@type\":\"WebSite\",\"@id\":\"https:\\\/\\\/www.copealcoy.es\\\/es\\\/#website\",\"url\":\"https:\\\/\\\/www.copealcoy.es\\\/es\\\/\",\"name\":\"COPE Alcoy\",\"description\":\"Emisora COPE de radio local con emisi\u00f3n online. Pont de Sant Jordi 8-10 03803 Alcoy\",\"potentialAction\":[{\"@type\":\"SearchAction\",\"target\":{\"@type\":\"EntryPoint\",\"urlTemplate\":\"https:\\\/\\\/www.copealcoy.es\\\/es\\\/?s={search_term_string}\"},\"query-input\":{\"@type\":\"PropertyValueSpecification\",\"valueRequired\":true,\"valueName\":\"search_term_string\"}}],\"inLanguage\":\"es\"},{\"@type\":\"Person\",\"@id\":\"https:\\\/\\\/www.copealcoy.es\\\/es\\\/#\\\/schema\\\/person\\\/e777c87fa024e57d40170af9df39882c\",\"name\":\"Cope Alcoy\",\"image\":{\"@type\":\"ImageObject\",\"inLanguage\":\"es\",\"@id\":\"https:\\\/\\\/secure.gravatar.com\\\/avatar\\\/bb65d0283347e303893ba14f0692005417c1e0e690a325a4c5d8bb2b3943ee14?s=96&d=mm&r=g\",\"url\":\"https:\\\/\\\/secure.gravatar.com\\\/avatar\\\/bb65d0283347e303893ba14f0692005417c1e0e690a325a4c5d8bb2b3943ee14?s=96&d=mm&r=g\",\"contentUrl\":\"https:\\\/\\\/secure.gravatar.com\\\/avatar\\\/bb65d0283347e303893ba14f0692005417c1e0e690a325a4c5d8bb2b3943ee14?s=96&d=mm&r=g\",\"caption\":\"Cope Alcoy\"}}]}<\/script>\n<!-- \/ Yoast SEO plugin. -->","yoast_head_json":{"title":"Guanyar reclama los informes econ\u00f3micos del Presupuesto de 2018 - COPE Alcoy","robots":{"index":"index","follow":"follow","max-snippet":"max-snippet:-1","max-image-preview":"max-image-preview:large","max-video-preview":"max-video-preview:-1"},"canonical":"https:\/\/www.copealcoy.es\/es\/guanyar-reclama-los-informes-economicos-del-presupuesto-de-2018\/","og_locale":"es_ES","og_type":"article","og_title":"Guanyar reclama los informes econ\u00f3micos del Presupuesto de 2018 - COPE Alcoy","og_description":"El grupo municipal Guanyar Alcoi critica que a dos semanas del debate de los Presupuestos Locales de 2018, el Gobierno...","og_url":"https:\/\/www.copealcoy.es\/es\/guanyar-reclama-los-informes-economicos-del-presupuesto-de-2018\/","og_site_name":"COPE Alcoy","article_published_time":"2018-01-12T16:00:23+00:00","article_modified_time":"2018-01-12T16:03:01+00:00","og_image":[{"width":1024,"height":576,"url":"https:\/\/www.copealcoy.es\/wp-content\/uploads\/2016\/06\/20160609-RdP-Gesti\u00f3-brossa-1-1024x576.jpg","type":"image\/jpeg"}],"author":"Cope Alcoy","twitter_misc":{"Escrito por":"Cope Alcoy","Tiempo de lectura":"1 minuto"},"schema":{"@context":"https:\/\/schema.org","@graph":[{"@type":"Article","@id":"https:\/\/www.copealcoy.es\/es\/guanyar-reclama-los-informes-economicos-del-presupuesto-de-2018\/#article","isPartOf":{"@id":"https:\/\/www.copealcoy.es\/es\/guanyar-reclama-los-informes-economicos-del-presupuesto-de-2018\/"},"author":{"name":"Cope Alcoy","@id":"https:\/\/www.copealcoy.es\/es\/#\/schema\/person\/e777c87fa024e57d40170af9df39882c"},"headline":"Guanyar reclama los informes econ\u00f3micos del Presupuesto de 2018","datePublished":"2018-01-12T16:00:23+00:00","dateModified":"2018-01-12T16:03:01+00:00","mainEntityOfPage":{"@id":"https:\/\/www.copealcoy.es\/es\/guanyar-reclama-los-informes-economicos-del-presupuesto-de-2018\/"},"wordCount":290,"commentCount":0,"image":{"@id":"https:\/\/www.copealcoy.es\/es\/guanyar-reclama-los-informes-economicos-del-presupuesto-de-2018\/#primaryimage"},"thumbnailUrl":"https:\/\/www.copealcoy.es\/wp-content\/uploads\/2016\/06\/20160609-RdP-Gesti\u00f3-brossa-1.jpg","keywords":["Alcoy","Estefan\u00eda Blanes","Guanyar Alcoi","informes econ\u00f3micos","Presupuestos Municipales"],"articleSection":["Alcoy","Noticias","Pol\u00edtica y Econom\u00eda"],"inLanguage":"es"},{"@type":"WebPage","@id":"https:\/\/www.copealcoy.es\/es\/guanyar-reclama-los-informes-economicos-del-presupuesto-de-2018\/","url":"https:\/\/www.copealcoy.es\/es\/guanyar-reclama-los-informes-economicos-del-presupuesto-de-2018\/","name":"Guanyar reclama los informes econ\u00f3micos del Presupuesto de 2018 - COPE Alcoy","isPartOf":{"@id":"https:\/\/www.copealcoy.es\/es\/#website"},"primaryImageOfPage":{"@id":"https:\/\/www.copealcoy.es\/es\/guanyar-reclama-los-informes-economicos-del-presupuesto-de-2018\/#primaryimage"},"image":{"@id":"https:\/\/www.copealcoy.es\/es\/guanyar-reclama-los-informes-economicos-del-presupuesto-de-2018\/#primaryimage"},"thumbnailUrl":"https:\/\/www.copealcoy.es\/wp-content\/uploads\/2016\/06\/20160609-RdP-Gesti\u00f3-brossa-1.jpg","datePublished":"2018-01-12T16:00:23+00:00","dateModified":"2018-01-12T16:03:01+00:00","author":{"@id":"https:\/\/www.copealcoy.es\/es\/#\/schema\/person\/e777c87fa024e57d40170af9df39882c"},"breadcrumb":{"@id":"https:\/\/www.copealcoy.es\/es\/guanyar-reclama-los-informes-economicos-del-presupuesto-de-2018\/#breadcrumb"},"inLanguage":"es","potentialAction":[{"@type":"ReadAction","target":["https:\/\/www.copealcoy.es\/es\/guanyar-reclama-los-informes-economicos-del-presupuesto-de-2018\/"]}]},{"@type":"ImageObject","inLanguage":"es","@id":"https:\/\/www.copealcoy.es\/es\/guanyar-reclama-los-informes-economicos-del-presupuesto-de-2018\/#primaryimage","url":"https:\/\/www.copealcoy.es\/wp-content\/uploads\/2016\/06\/20160609-RdP-Gesti\u00f3-brossa-1.jpg","contentUrl":"https:\/\/www.copealcoy.es\/wp-content\/uploads\/2016\/06\/20160609-RdP-Gesti\u00f3-brossa-1.jpg","width":4864,"height":2736,"caption":"Estefan\u00eda Blanes es portavoz de Guanyar Alcoi"},{"@type":"BreadcrumbList","@id":"https:\/\/www.copealcoy.es\/es\/guanyar-reclama-los-informes-economicos-del-presupuesto-de-2018\/#breadcrumb","itemListElement":[{"@type":"ListItem","position":1,"name":"Portada","item":"https:\/\/www.copealcoy.es\/es\/"},{"@type":"ListItem","position":2,"name":"Guanyar reclama los informes econ\u00f3micos del Presupuesto de 2018"}]},{"@type":"WebSite","@id":"https:\/\/www.copealcoy.es\/es\/#website","url":"https:\/\/www.copealcoy.es\/es\/","name":"COPE Alcoy","description":"Emisora COPE de radio local con emisi\u00f3n online. Pont de Sant Jordi 8-10 03803 Alcoy","potentialAction":[{"@type":"SearchAction","target":{"@type":"EntryPoint","urlTemplate":"https:\/\/www.copealcoy.es\/es\/?s={search_term_string}"},"query-input":{"@type":"PropertyValueSpecification","valueRequired":true,"valueName":"search_term_string"}}],"inLanguage":"es"},{"@type":"Person","@id":"https:\/\/www.copealcoy.es\/es\/#\/schema\/person\/e777c87fa024e57d40170af9df39882c","name":"Cope Alcoy","image":{"@type":"ImageObject","inLanguage":"es","@id":"https:\/\/secure.gravatar.com\/avatar\/bb65d0283347e303893ba14f0692005417c1e0e690a325a4c5d8bb2b3943ee14?s=96&d=mm&r=g","url":"https:\/\/secure.gravatar.com\/avatar\/bb65d0283347e303893ba14f0692005417c1e0e690a325a4c5d8bb2b3943ee14?s=96&d=mm&r=g","contentUrl":"https:\/\/secure.gravatar.com\/avatar\/bb65d0283347e303893ba14f0692005417c1e0e690a325a4c5d8bb2b3943ee14?s=96&d=mm&r=g","caption":"Cope Alcoy"}}]}},"_links":{"self":[{"href":"https:\/\/www.copealcoy.es\/es\/wp-json\/wp\/v2\/posts\/38204","targetHints":{"allow":["GET"]}}],"collection":[{"href":"https:\/\/www.copealcoy.es\/es\/wp-json\/wp\/v2\/posts"}],"about":[{"href":"https:\/\/www.copealcoy.es\/es\/wp-json\/wp\/v2\/types\/post"}],"author":[{"embeddable":true,"href":"https:\/\/www.copealcoy.es\/es\/wp-json\/wp\/v2\/users\/1"}],"replies":[{"embeddable":true,"href":"https:\/\/www.copealcoy.es\/es\/wp-json\/wp\/v2\/comments?post=38204"}],"version-history":[{"count":0,"href":"https:\/\/www.copealcoy.es\/es\/wp-json\/wp\/v2\/posts\/38204\/revisions"}],"wp:featuredmedia":[{"embeddable":true,"href":"https:\/\/www.copealcoy.es\/es\/wp-json\/wp\/v2\/media\/22492"}],"wp:attachment":[{"href":"https:\/\/www.copealcoy.es\/es\/wp-json\/wp\/v2\/media?parent=38204"}],"wp:term":[{"taxonomy":"category","embeddable":true,"href":"https:\/\/www.copealcoy.es\/es\/wp-json\/wp\/v2\/categories?post=38204"},{"taxonomy":"post_tag","embeddable":true,"href":"https:\/\/www.copealcoy.es\/es\/wp-json\/wp\/v2\/tags?post=38204"}],"curies":[{"name":"wp","href":"https:\/\/api.w.org\/{rel}","templated":true}]}}