{"id":38102,"date":"2018-01-10T15:21:18","date_gmt":"2018-01-10T15:21:18","guid":{"rendered":"http:\/\/copealcoi.es\/new\/?p=38102"},"modified":"2018-01-10T15:21:45","modified_gmt":"2018-01-10T15:21:45","slug":"carlos-herrera-renueva-cope-tres-anos-mas","status":"publish","type":"post","link":"https:\/\/www.copealcoy.es\/es\/carlos-herrera-renueva-cope-tres-anos-mas\/","title":{"rendered":"Carlos Herrera renueva con COPE tres a\u00f1os m\u00e1s"},"content":{"rendered":"<p style=\"text-align: justify;\">Carlos Herrera seguir\u00e1 vinculado a COPE, <strong>al menos, hasta 2021<\/strong>. Tres temporadas m\u00e1s en \u201cHerrera en COPE\u201d con un objetivo claro para el l\u00edder radiof\u00f3nico: \u201cDesde que llegu\u00e9 a esta casa en 2015 he sentido de cerca el respaldo de los oyentes y mi compromiso con ellos todav\u00eda es mayor al confirmarse esta renovaci\u00f3n. Me encuentro con fuerzas para conseguir que los pr\u00f3ximos tres a\u00f1os sean magn\u00edficos\u201d. Al comunicador mejor valorado de la radio en Espa\u00f1a le avalan los excelentes datos de estas tres temporadas. En la 3\u00aa Ola del EGM de 2015 \u2013el primero para \u00e9l en COPE-, Herrera consegu\u00eda incrementar la audiencia en un mill\u00f3n de oyentes, algo in\u00e9dito en la radio espa\u00f1ola. Meses despu\u00e9s, en la 1\u00aa Ola del EGM de 2017 obten\u00eda el r\u00e9cord del prime time de la ma\u00f1ana en COPE con 2.034.000 oyentes. Una cifra ampliamente superada el pasado mes de diciembre en la tercera temporada, hasta llegar a su mejor marca en la radio: 2.132.000 oyentes.<\/p>\n<p style=\"text-align: justify;\">Para el n\u00famero 1 de la comunicaci\u00f3n y tambi\u00e9n referente radiof\u00f3nico para los anunciantes,<strong>\u00a0ser l\u00edder de las ma\u00f1anas supone \u201ctener m\u00e1s de tres millones de razones; con nombres y apellidos.<\/strong>\u00a0Tres millones de personas que conf\u00edan en que t\u00fa seas quien les traslade el mensaje. Supone tener una forma de ver la realidad mayoritariamente aceptada, no cometer errores. Y supone estar atento a todas las plataformas para hacer una radio interactiva\u201d.<\/p>\n<p style=\"text-align: justify;\"><strong>Herrera contin\u00faa con su carrera imparable hacia el liderazgo de las ma\u00f1anas radiof\u00f3nicas<\/strong>. Y lo hace acompa\u00f1ado del mejor equipo y colaboradores. Buscando a diario los mejores contenidos para su oyente\/usuario. Todos los d\u00edas de lunes a viernes, de 6.00 a 13.00h apuesta por una nueva forma de ver y contar la actualidad, y combina la mejor informaci\u00f3n y el mejor entretenimiento.<\/p>\n<p style=\"text-align: justify;\">Carlos Herrera demuestra cada d\u00eda su fuerza en la antena pero tambi\u00e9n en cope.es y en redes sociales. As\u00ed, Herrera ha conseguido grandes hitos. El 9 de noviembre de 2016 se convert\u00eda por ejemplo, en el primer periodista radiof\u00f3nico espa\u00f1ol en informar de la victoria de Trump en las elecciones norteamericanas en la antena y en cope.es. Adem\u00e1s, el 13 de febrero de 2017, consegu\u00eda que dos millones de personas siguieran por Facebook Live el encuentro que manten\u00edan en COPE con motivo del \u2018D\u00eda Mundial de la Radio\u2019 I\u00f1aki Gabilondo, Luis del Olmo y Jos\u00e9 Mar\u00eda Garc\u00eda con \u00e9l.<\/p>\n<p style=\"text-align: justify;\">Con su renovaci\u00f3n,\u00a0<strong>Herrera apuesta por continuar en la mejor cadena de radio en Espa\u00f1a<\/strong>. En los pr\u00f3ximos tres a\u00f1os, el comunicador mejor valorado de la radio seguir\u00e1 manteniendo una relaci\u00f3n muy directa con sus oyentes consciente de los cambios sociales y tecnol\u00f3gicos actuales. \u201cLe pido al oyente que sea exigente, que todos los d\u00edas quiera algo m\u00e1s; que sea cr\u00edtico con lo que le cuente y que nos devuelva el mensaje que le enviamos para que se lo mejoremos\u201d, asegura.<\/p>\n<p style=\"text-align: justify;\">Herrera es un referente en las ondas pero tambi\u00e9n en las redes sociales donde tiene presencia en Instagram y, por ejemplo, en Twitter es seguido por m\u00e1s de 450.000 personas. Herrera renueva con COPE tres a\u00f1os m\u00e1s.<strong>\u00a0Para el presidente del Grupo, Fernando Gim\u00e9nez Barriocanal, \u201cel periodismo de Carlos es el periodismo que pone sonido a la vida. Es el periodismo que se transforma tecnol\u00f3gicamente, moderno y vivo\u201d<\/strong>. Seg\u00fan la 3\u00aa Ola del EGM 2017, las emisoras del Grupo COPE son sintonizadas a diario por 6.500.000 personas, medio mill\u00f3n m\u00e1s que hace un a\u00f1o.<\/p>\n","protected":false},"excerpt":{"rendered":"<p>Carlos Herrera seguir\u00e1 vinculado a COPE, al menos, hasta 2021. Tres temporadas m\u00e1s en \u201cHerrera en COPE\u201d con un objetivo&#8230;<\/p>\n","protected":false},"author":1,"featured_media":38103,"comment_status":"open","ping_status":"open","sticky":false,"template":"","format":"standard","meta":{"footnotes":""},"categories":[1577,75],"tags":[5077,2967,1045,4368,337],"class_list":["post-38102","post","type-post","status-publish","format-standard","has-post-thumbnail","hentry","category-cope-alcoy","category-noticias","tag-cadena-cope","tag-carlos-herrera","tag-cope-alcoy","tag-herrera-en-cope","tag-renovacion"],"yoast_head":"<!-- This site is optimized with the Yoast SEO plugin v27.3 - https:\/\/yoast.com\/product\/yoast-seo-wordpress\/ -->\n<title>Carlos Herrera renueva con COPE tres a\u00f1os m\u00e1s - COPE Alcoy<\/title>\n<meta name=\"robots\" content=\"index, follow, max-snippet:-1, max-image-preview:large, max-video-preview:-1\" \/>\n<link rel=\"canonical\" href=\"https:\/\/www.copealcoy.es\/es\/carlos-herrera-renueva-cope-tres-anos-mas\/\" \/>\n<meta property=\"og:locale\" content=\"es_ES\" \/>\n<meta property=\"og:type\" content=\"article\" \/>\n<meta property=\"og:title\" content=\"Carlos Herrera renueva con COPE tres a\u00f1os m\u00e1s - COPE Alcoy\" \/>\n<meta property=\"og:description\" content=\"Carlos Herrera seguir\u00e1 vinculado a COPE, al menos, hasta 2021. Tres temporadas m\u00e1s en \u201cHerrera en COPE\u201d con un objetivo...\" \/>\n<meta property=\"og:url\" content=\"https:\/\/www.copealcoy.es\/es\/carlos-herrera-renueva-cope-tres-anos-mas\/\" \/>\n<meta property=\"og:site_name\" content=\"COPE Alcoy\" \/>\n<meta property=\"article:published_time\" content=\"2018-01-10T15:21:18+00:00\" \/>\n<meta property=\"article:modified_time\" content=\"2018-01-10T15:21:45+00:00\" \/>\n<meta property=\"og:image\" content=\"https:\/\/www.copealcoy.es\/wp-content\/uploads\/2018\/01\/1515582489312.jpg\" \/>\n\t<meta property=\"og:image:width\" content=\"1242\" \/>\n\t<meta property=\"og:image:height\" content=\"699\" \/>\n\t<meta property=\"og:image:type\" content=\"image\/jpeg\" \/>\n<meta name=\"author\" content=\"Cope Alcoy\" \/>\n<meta name=\"twitter:label1\" content=\"Escrito por\" \/>\n\t<meta name=\"twitter:data1\" content=\"Cope Alcoy\" \/>\n\t<meta name=\"twitter:label2\" content=\"Tiempo de lectura\" \/>\n\t<meta name=\"twitter:data2\" content=\"3 minutos\" \/>\n<script type=\"application\/ld+json\" class=\"yoast-schema-graph\">{\"@context\":\"https:\\\/\\\/schema.org\",\"@graph\":[{\"@type\":\"Article\",\"@id\":\"https:\\\/\\\/www.copealcoy.es\\\/es\\\/carlos-herrera-renueva-cope-tres-anos-mas\\\/#article\",\"isPartOf\":{\"@id\":\"https:\\\/\\\/www.copealcoy.es\\\/es\\\/carlos-herrera-renueva-cope-tres-anos-mas\\\/\"},\"author\":{\"name\":\"Cope Alcoy\",\"@id\":\"https:\\\/\\\/www.copealcoy.es\\\/es\\\/#\\\/schema\\\/person\\\/e777c87fa024e57d40170af9df39882c\"},\"headline\":\"Carlos Herrera renueva con COPE tres a\u00f1os m\u00e1s\",\"datePublished\":\"2018-01-10T15:21:18+00:00\",\"dateModified\":\"2018-01-10T15:21:45+00:00\",\"mainEntityOfPage\":{\"@id\":\"https:\\\/\\\/www.copealcoy.es\\\/es\\\/carlos-herrera-renueva-cope-tres-anos-mas\\\/\"},\"wordCount\":628,\"commentCount\":0,\"image\":{\"@id\":\"https:\\\/\\\/www.copealcoy.es\\\/es\\\/carlos-herrera-renueva-cope-tres-anos-mas\\\/#primaryimage\"},\"thumbnailUrl\":\"https:\\\/\\\/www.copealcoy.es\\\/wp-content\\\/uploads\\\/2018\\\/01\\\/1515582489312.jpg\",\"keywords\":[\"Cadena Cope\",\"Carlos Herrera\",\"Cope Alcoy\",\"Herrera en Cope\",\"Renovaci\u00f3n\"],\"articleSection\":[\"Cope Alcoy\",\"Noticias\"],\"inLanguage\":\"es\"},{\"@type\":\"WebPage\",\"@id\":\"https:\\\/\\\/www.copealcoy.es\\\/es\\\/carlos-herrera-renueva-cope-tres-anos-mas\\\/\",\"url\":\"https:\\\/\\\/www.copealcoy.es\\\/es\\\/carlos-herrera-renueva-cope-tres-anos-mas\\\/\",\"name\":\"Carlos Herrera renueva con COPE tres a\u00f1os m\u00e1s - COPE Alcoy\",\"isPartOf\":{\"@id\":\"https:\\\/\\\/www.copealcoy.es\\\/es\\\/#website\"},\"primaryImageOfPage\":{\"@id\":\"https:\\\/\\\/www.copealcoy.es\\\/es\\\/carlos-herrera-renueva-cope-tres-anos-mas\\\/#primaryimage\"},\"image\":{\"@id\":\"https:\\\/\\\/www.copealcoy.es\\\/es\\\/carlos-herrera-renueva-cope-tres-anos-mas\\\/#primaryimage\"},\"thumbnailUrl\":\"https:\\\/\\\/www.copealcoy.es\\\/wp-content\\\/uploads\\\/2018\\\/01\\\/1515582489312.jpg\",\"datePublished\":\"2018-01-10T15:21:18+00:00\",\"dateModified\":\"2018-01-10T15:21:45+00:00\",\"author\":{\"@id\":\"https:\\\/\\\/www.copealcoy.es\\\/es\\\/#\\\/schema\\\/person\\\/e777c87fa024e57d40170af9df39882c\"},\"breadcrumb\":{\"@id\":\"https:\\\/\\\/www.copealcoy.es\\\/es\\\/carlos-herrera-renueva-cope-tres-anos-mas\\\/#breadcrumb\"},\"inLanguage\":\"es\",\"potentialAction\":[{\"@type\":\"ReadAction\",\"target\":[\"https:\\\/\\\/www.copealcoy.es\\\/es\\\/carlos-herrera-renueva-cope-tres-anos-mas\\\/\"]}]},{\"@type\":\"ImageObject\",\"inLanguage\":\"es\",\"@id\":\"https:\\\/\\\/www.copealcoy.es\\\/es\\\/carlos-herrera-renueva-cope-tres-anos-mas\\\/#primaryimage\",\"url\":\"https:\\\/\\\/www.copealcoy.es\\\/wp-content\\\/uploads\\\/2018\\\/01\\\/1515582489312.jpg\",\"contentUrl\":\"https:\\\/\\\/www.copealcoy.es\\\/wp-content\\\/uploads\\\/2018\\\/01\\\/1515582489312.jpg\",\"width\":1242,\"height\":699},{\"@type\":\"BreadcrumbList\",\"@id\":\"https:\\\/\\\/www.copealcoy.es\\\/es\\\/carlos-herrera-renueva-cope-tres-anos-mas\\\/#breadcrumb\",\"itemListElement\":[{\"@type\":\"ListItem\",\"position\":1,\"name\":\"Portada\",\"item\":\"https:\\\/\\\/www.copealcoy.es\\\/es\\\/\"},{\"@type\":\"ListItem\",\"position\":2,\"name\":\"Carlos Herrera renueva con COPE tres a\u00f1os m\u00e1s\"}]},{\"@type\":\"WebSite\",\"@id\":\"https:\\\/\\\/www.copealcoy.es\\\/es\\\/#website\",\"url\":\"https:\\\/\\\/www.copealcoy.es\\\/es\\\/\",\"name\":\"COPE Alcoy\",\"description\":\"Emisora COPE de radio local con emisi\u00f3n online. Pont de Sant Jordi 8-10 03803 Alcoy\",\"potentialAction\":[{\"@type\":\"SearchAction\",\"target\":{\"@type\":\"EntryPoint\",\"urlTemplate\":\"https:\\\/\\\/www.copealcoy.es\\\/es\\\/?s={search_term_string}\"},\"query-input\":{\"@type\":\"PropertyValueSpecification\",\"valueRequired\":true,\"valueName\":\"search_term_string\"}}],\"inLanguage\":\"es\"},{\"@type\":\"Person\",\"@id\":\"https:\\\/\\\/www.copealcoy.es\\\/es\\\/#\\\/schema\\\/person\\\/e777c87fa024e57d40170af9df39882c\",\"name\":\"Cope Alcoy\",\"image\":{\"@type\":\"ImageObject\",\"inLanguage\":\"es\",\"@id\":\"https:\\\/\\\/secure.gravatar.com\\\/avatar\\\/bb65d0283347e303893ba14f0692005417c1e0e690a325a4c5d8bb2b3943ee14?s=96&d=mm&r=g\",\"url\":\"https:\\\/\\\/secure.gravatar.com\\\/avatar\\\/bb65d0283347e303893ba14f0692005417c1e0e690a325a4c5d8bb2b3943ee14?s=96&d=mm&r=g\",\"contentUrl\":\"https:\\\/\\\/secure.gravatar.com\\\/avatar\\\/bb65d0283347e303893ba14f0692005417c1e0e690a325a4c5d8bb2b3943ee14?s=96&d=mm&r=g\",\"caption\":\"Cope Alcoy\"}}]}<\/script>\n<!-- \/ Yoast SEO plugin. -->","yoast_head_json":{"title":"Carlos Herrera renueva con COPE tres a\u00f1os m\u00e1s - COPE Alcoy","robots":{"index":"index","follow":"follow","max-snippet":"max-snippet:-1","max-image-preview":"max-image-preview:large","max-video-preview":"max-video-preview:-1"},"canonical":"https:\/\/www.copealcoy.es\/es\/carlos-herrera-renueva-cope-tres-anos-mas\/","og_locale":"es_ES","og_type":"article","og_title":"Carlos Herrera renueva con COPE tres a\u00f1os m\u00e1s - COPE Alcoy","og_description":"Carlos Herrera seguir\u00e1 vinculado a COPE, al menos, hasta 2021. Tres temporadas m\u00e1s en \u201cHerrera en COPE\u201d con un objetivo...","og_url":"https:\/\/www.copealcoy.es\/es\/carlos-herrera-renueva-cope-tres-anos-mas\/","og_site_name":"COPE Alcoy","article_published_time":"2018-01-10T15:21:18+00:00","article_modified_time":"2018-01-10T15:21:45+00:00","og_image":[{"width":1242,"height":699,"url":"https:\/\/www.copealcoy.es\/wp-content\/uploads\/2018\/01\/1515582489312.jpg","type":"image\/jpeg"}],"author":"Cope Alcoy","twitter_misc":{"Escrito por":"Cope Alcoy","Tiempo de lectura":"3 minutos"},"schema":{"@context":"https:\/\/schema.org","@graph":[{"@type":"Article","@id":"https:\/\/www.copealcoy.es\/es\/carlos-herrera-renueva-cope-tres-anos-mas\/#article","isPartOf":{"@id":"https:\/\/www.copealcoy.es\/es\/carlos-herrera-renueva-cope-tres-anos-mas\/"},"author":{"name":"Cope Alcoy","@id":"https:\/\/www.copealcoy.es\/es\/#\/schema\/person\/e777c87fa024e57d40170af9df39882c"},"headline":"Carlos Herrera renueva con COPE tres a\u00f1os m\u00e1s","datePublished":"2018-01-10T15:21:18+00:00","dateModified":"2018-01-10T15:21:45+00:00","mainEntityOfPage":{"@id":"https:\/\/www.copealcoy.es\/es\/carlos-herrera-renueva-cope-tres-anos-mas\/"},"wordCount":628,"commentCount":0,"image":{"@id":"https:\/\/www.copealcoy.es\/es\/carlos-herrera-renueva-cope-tres-anos-mas\/#primaryimage"},"thumbnailUrl":"https:\/\/www.copealcoy.es\/wp-content\/uploads\/2018\/01\/1515582489312.jpg","keywords":["Cadena Cope","Carlos Herrera","Cope Alcoy","Herrera en Cope","Renovaci\u00f3n"],"articleSection":["Cope Alcoy","Noticias"],"inLanguage":"es"},{"@type":"WebPage","@id":"https:\/\/www.copealcoy.es\/es\/carlos-herrera-renueva-cope-tres-anos-mas\/","url":"https:\/\/www.copealcoy.es\/es\/carlos-herrera-renueva-cope-tres-anos-mas\/","name":"Carlos Herrera renueva con COPE tres a\u00f1os m\u00e1s - COPE Alcoy","isPartOf":{"@id":"https:\/\/www.copealcoy.es\/es\/#website"},"primaryImageOfPage":{"@id":"https:\/\/www.copealcoy.es\/es\/carlos-herrera-renueva-cope-tres-anos-mas\/#primaryimage"},"image":{"@id":"https:\/\/www.copealcoy.es\/es\/carlos-herrera-renueva-cope-tres-anos-mas\/#primaryimage"},"thumbnailUrl":"https:\/\/www.copealcoy.es\/wp-content\/uploads\/2018\/01\/1515582489312.jpg","datePublished":"2018-01-10T15:21:18+00:00","dateModified":"2018-01-10T15:21:45+00:00","author":{"@id":"https:\/\/www.copealcoy.es\/es\/#\/schema\/person\/e777c87fa024e57d40170af9df39882c"},"breadcrumb":{"@id":"https:\/\/www.copealcoy.es\/es\/carlos-herrera-renueva-cope-tres-anos-mas\/#breadcrumb"},"inLanguage":"es","potentialAction":[{"@type":"ReadAction","target":["https:\/\/www.copealcoy.es\/es\/carlos-herrera-renueva-cope-tres-anos-mas\/"]}]},{"@type":"ImageObject","inLanguage":"es","@id":"https:\/\/www.copealcoy.es\/es\/carlos-herrera-renueva-cope-tres-anos-mas\/#primaryimage","url":"https:\/\/www.copealcoy.es\/wp-content\/uploads\/2018\/01\/1515582489312.jpg","contentUrl":"https:\/\/www.copealcoy.es\/wp-content\/uploads\/2018\/01\/1515582489312.jpg","width":1242,"height":699},{"@type":"BreadcrumbList","@id":"https:\/\/www.copealcoy.es\/es\/carlos-herrera-renueva-cope-tres-anos-mas\/#breadcrumb","itemListElement":[{"@type":"ListItem","position":1,"name":"Portada","item":"https:\/\/www.copealcoy.es\/es\/"},{"@type":"ListItem","position":2,"name":"Carlos Herrera renueva con COPE tres a\u00f1os m\u00e1s"}]},{"@type":"WebSite","@id":"https:\/\/www.copealcoy.es\/es\/#website","url":"https:\/\/www.copealcoy.es\/es\/","name":"COPE Alcoy","description":"Emisora COPE de radio local con emisi\u00f3n online. Pont de Sant Jordi 8-10 03803 Alcoy","potentialAction":[{"@type":"SearchAction","target":{"@type":"EntryPoint","urlTemplate":"https:\/\/www.copealcoy.es\/es\/?s={search_term_string}"},"query-input":{"@type":"PropertyValueSpecification","valueRequired":true,"valueName":"search_term_string"}}],"inLanguage":"es"},{"@type":"Person","@id":"https:\/\/www.copealcoy.es\/es\/#\/schema\/person\/e777c87fa024e57d40170af9df39882c","name":"Cope Alcoy","image":{"@type":"ImageObject","inLanguage":"es","@id":"https:\/\/secure.gravatar.com\/avatar\/bb65d0283347e303893ba14f0692005417c1e0e690a325a4c5d8bb2b3943ee14?s=96&d=mm&r=g","url":"https:\/\/secure.gravatar.com\/avatar\/bb65d0283347e303893ba14f0692005417c1e0e690a325a4c5d8bb2b3943ee14?s=96&d=mm&r=g","contentUrl":"https:\/\/secure.gravatar.com\/avatar\/bb65d0283347e303893ba14f0692005417c1e0e690a325a4c5d8bb2b3943ee14?s=96&d=mm&r=g","caption":"Cope Alcoy"}}]}},"_links":{"self":[{"href":"https:\/\/www.copealcoy.es\/es\/wp-json\/wp\/v2\/posts\/38102","targetHints":{"allow":["GET"]}}],"collection":[{"href":"https:\/\/www.copealcoy.es\/es\/wp-json\/wp\/v2\/posts"}],"about":[{"href":"https:\/\/www.copealcoy.es\/es\/wp-json\/wp\/v2\/types\/post"}],"author":[{"embeddable":true,"href":"https:\/\/www.copealcoy.es\/es\/wp-json\/wp\/v2\/users\/1"}],"replies":[{"embeddable":true,"href":"https:\/\/www.copealcoy.es\/es\/wp-json\/wp\/v2\/comments?post=38102"}],"version-history":[{"count":0,"href":"https:\/\/www.copealcoy.es\/es\/wp-json\/wp\/v2\/posts\/38102\/revisions"}],"wp:featuredmedia":[{"embeddable":true,"href":"https:\/\/www.copealcoy.es\/es\/wp-json\/wp\/v2\/media\/38103"}],"wp:attachment":[{"href":"https:\/\/www.copealcoy.es\/es\/wp-json\/wp\/v2\/media?parent=38102"}],"wp:term":[{"taxonomy":"category","embeddable":true,"href":"https:\/\/www.copealcoy.es\/es\/wp-json\/wp\/v2\/categories?post=38102"},{"taxonomy":"post_tag","embeddable":true,"href":"https:\/\/www.copealcoy.es\/es\/wp-json\/wp\/v2\/tags?post=38102"}],"curies":[{"name":"wp","href":"https:\/\/api.w.org\/{rel}","templated":true}]}}