{"id":37997,"date":"2018-01-07T17:03:27","date_gmt":"2018-01-07T17:03:27","guid":{"rendered":"http:\/\/copealcoi.es\/new\/?p=37997"},"modified":"2018-01-08T16:01:12","modified_gmt":"2018-01-08T16:01:12","slug":"llegan-las-esperadas-rebajas-de-invierno","status":"publish","type":"post","link":"https:\/\/www.copealcoy.es\/es\/llegan-las-esperadas-rebajas-de-invierno\/","title":{"rendered":"Llegan las esperadas rebajas de invierno"},"content":{"rendered":"<p style=\"text-align: justify;\">Los <strong>comercios y grandes superficies <\/strong>de la ciudad de Alcoy, as\u00ed como de las poblaciones m\u00e1s grandes de las comarcas del Comtat y de l\u00b4Alcoi\u00e0, ponen en marcha <strong>las esperadas rebajas de invierno<\/strong>. En el peque\u00f1o comercio al coincidir el 7 de enero de en domingo, d\u00eda tradicionalmente marcado en rojo para dar por inicio este periodo de compras, <strong>los descuentos comenzar\u00e1n a ser efectivos<\/strong> a partir del lunes d\u00eda 8.\u00a0Los primeros d\u00edas de la campa\u00f1a traer\u00e1n rebajas\u00a0<strong>\u00a0del 30 %, 50 % y hasta el 70 %<\/strong> en ropa de abrigo de invierno, calzado, infantil y ropa interior mientras que en productos de electr\u00f3nica, hogar o entretenimiento, habr\u00e1 <strong>descuentos de entre el 20 y el 30 % de media<\/strong>, aunque en algunas tiendas superar\u00e1n el 50 %.<\/p>\n<p style=\"text-align: justify;\">El sector conf\u00eda en que <strong>las ventas se incrementen en relaci\u00f3n al a\u00f1o anterior<\/strong> teniendo en cuenta que las campa\u00f1as comerciales anteriores como la de Navidad o el Black Friday <strong>han sido muy positivas<\/strong> &#8220;<em>las rebajas comienzan con optimismo y seg\u00fan el estudio de la\u00a0Confederaci\u00f3n de Empresarios del Comercio Valenciano, Coeval,\u00a0los descuentos que van a empezar a aplicarse desde hoy mismo repercutir\u00e1n en resultados favorables para los comerciantes, que podr\u00edan alcanzar un crecimiento interanual del 3 % en sus ventas<\/em>&#8220;, asegura <strong>Rafael P\u00e9rez<\/strong>, presidente de la Asociaci\u00f3n Comarcal de Empresarios del Comercio de Alcoy <strong>(ACECA)<\/strong>. P\u00e9rez indica tambi\u00e9n que los alcoyanos <strong>nos podr\u00edamos gastar una media de cien euros<\/strong> en estas rebajas &#8220;<em>son datos como siempre aproximados pero desde Coeval se manejan estas cifras para las grandes ciudades de la comunidad valenciana. La gente que aproveche para hacer sus compras en Alcoy ya que podr\u00e1 encontrar todo lo que necesite en nuestras tiendas con unos descuentos m\u00e1s que interesantes<\/em>&#8220;, concluye.<\/p>\n<p style=\"text-align: justify;\">Indicar que <strong>las rebajas de invierno se alargar\u00e1n hasta finales de febrero<\/strong> e incluso en algunos comercios o grandes almacenes <strong>las mantendr\u00e1n hasta la primera semana<\/strong>\u00a0de marzo en lo que se conoce como segundas y hasta terceras rebajas.<\/p>\n","protected":false},"excerpt":{"rendered":"<p>Los comercios y grandes superficies de la ciudad de Alcoy, as\u00ed como de las poblaciones m\u00e1s grandes de las comarcas&#8230;<\/p>\n","protected":false},"author":1,"featured_media":18066,"comment_status":"open","ping_status":"open","sticky":false,"template":"","format":"standard","meta":{"footnotes":""},"categories":[97,75,125],"tags":[1198,1494,467,5064,511],"class_list":["post-37997","post","type-post","status-publish","format-standard","has-post-thumbnail","hentry","category-alcoy","category-noticias","category-portada","tag-aceca","tag-alcoy","tag-comercio","tag-invierno","tag-rebajas"],"yoast_head":"<!-- This site is optimized with the Yoast SEO plugin v27.3 - https:\/\/yoast.com\/product\/yoast-seo-wordpress\/ -->\n<title>Llegan las esperadas rebajas de invierno - COPE Alcoy<\/title>\n<meta name=\"robots\" content=\"index, follow, max-snippet:-1, max-image-preview:large, max-video-preview:-1\" \/>\n<link rel=\"canonical\" href=\"https:\/\/www.copealcoy.es\/es\/llegan-las-esperadas-rebajas-de-invierno\/\" \/>\n<meta property=\"og:locale\" content=\"es_ES\" \/>\n<meta property=\"og:type\" content=\"article\" \/>\n<meta property=\"og:title\" content=\"Llegan las esperadas rebajas de invierno - COPE Alcoy\" \/>\n<meta property=\"og:description\" content=\"Los comercios y grandes superficies de la ciudad de Alcoy, as\u00ed como de las poblaciones m\u00e1s grandes de las comarcas...\" \/>\n<meta property=\"og:url\" content=\"https:\/\/www.copealcoy.es\/es\/llegan-las-esperadas-rebajas-de-invierno\/\" \/>\n<meta property=\"og:site_name\" content=\"COPE Alcoy\" \/>\n<meta property=\"article:published_time\" content=\"2018-01-07T17:03:27+00:00\" \/>\n<meta property=\"article:modified_time\" content=\"2018-01-08T16:01:12+00:00\" \/>\n<meta property=\"og:image\" content=\"https:\/\/www.copealcoy.es\/wp-content\/uploads\/2016\/01\/10405511_768293183314169_7298760325734992333_n.jpg\" \/>\n\t<meta property=\"og:image:width\" content=\"960\" \/>\n\t<meta property=\"og:image:height\" content=\"720\" \/>\n\t<meta property=\"og:image:type\" content=\"image\/jpeg\" \/>\n<meta name=\"author\" content=\"Cope Alcoy\" \/>\n<meta name=\"twitter:label1\" content=\"Escrito por\" \/>\n\t<meta name=\"twitter:data1\" content=\"Cope Alcoy\" \/>\n\t<meta name=\"twitter:label2\" content=\"Tiempo de lectura\" \/>\n\t<meta name=\"twitter:data2\" content=\"2 minutos\" \/>\n<script type=\"application\/ld+json\" class=\"yoast-schema-graph\">{\"@context\":\"https:\\\/\\\/schema.org\",\"@graph\":[{\"@type\":\"Article\",\"@id\":\"https:\\\/\\\/www.copealcoy.es\\\/es\\\/llegan-las-esperadas-rebajas-de-invierno\\\/#article\",\"isPartOf\":{\"@id\":\"https:\\\/\\\/www.copealcoy.es\\\/es\\\/llegan-las-esperadas-rebajas-de-invierno\\\/\"},\"author\":{\"name\":\"Cope Alcoy\",\"@id\":\"https:\\\/\\\/www.copealcoy.es\\\/es\\\/#\\\/schema\\\/person\\\/e777c87fa024e57d40170af9df39882c\"},\"headline\":\"Llegan las esperadas rebajas de invierno\",\"datePublished\":\"2018-01-07T17:03:27+00:00\",\"dateModified\":\"2018-01-08T16:01:12+00:00\",\"mainEntityOfPage\":{\"@id\":\"https:\\\/\\\/www.copealcoy.es\\\/es\\\/llegan-las-esperadas-rebajas-de-invierno\\\/\"},\"wordCount\":348,\"commentCount\":0,\"image\":{\"@id\":\"https:\\\/\\\/www.copealcoy.es\\\/es\\\/llegan-las-esperadas-rebajas-de-invierno\\\/#primaryimage\"},\"thumbnailUrl\":\"https:\\\/\\\/www.copealcoy.es\\\/wp-content\\\/uploads\\\/2016\\\/01\\\/10405511_768293183314169_7298760325734992333_n.jpg\",\"keywords\":[\"ACECA\",\"Alcoy\",\"Comercio\",\"invierno\",\"Rebajas\"],\"articleSection\":[\"Alcoy\",\"Noticias\",\"Portada\"],\"inLanguage\":\"es\"},{\"@type\":\"WebPage\",\"@id\":\"https:\\\/\\\/www.copealcoy.es\\\/es\\\/llegan-las-esperadas-rebajas-de-invierno\\\/\",\"url\":\"https:\\\/\\\/www.copealcoy.es\\\/es\\\/llegan-las-esperadas-rebajas-de-invierno\\\/\",\"name\":\"Llegan las esperadas rebajas de invierno - COPE Alcoy\",\"isPartOf\":{\"@id\":\"https:\\\/\\\/www.copealcoy.es\\\/es\\\/#website\"},\"primaryImageOfPage\":{\"@id\":\"https:\\\/\\\/www.copealcoy.es\\\/es\\\/llegan-las-esperadas-rebajas-de-invierno\\\/#primaryimage\"},\"image\":{\"@id\":\"https:\\\/\\\/www.copealcoy.es\\\/es\\\/llegan-las-esperadas-rebajas-de-invierno\\\/#primaryimage\"},\"thumbnailUrl\":\"https:\\\/\\\/www.copealcoy.es\\\/wp-content\\\/uploads\\\/2016\\\/01\\\/10405511_768293183314169_7298760325734992333_n.jpg\",\"datePublished\":\"2018-01-07T17:03:27+00:00\",\"dateModified\":\"2018-01-08T16:01:12+00:00\",\"author\":{\"@id\":\"https:\\\/\\\/www.copealcoy.es\\\/es\\\/#\\\/schema\\\/person\\\/e777c87fa024e57d40170af9df39882c\"},\"breadcrumb\":{\"@id\":\"https:\\\/\\\/www.copealcoy.es\\\/es\\\/llegan-las-esperadas-rebajas-de-invierno\\\/#breadcrumb\"},\"inLanguage\":\"es\",\"potentialAction\":[{\"@type\":\"ReadAction\",\"target\":[\"https:\\\/\\\/www.copealcoy.es\\\/es\\\/llegan-las-esperadas-rebajas-de-invierno\\\/\"]}]},{\"@type\":\"ImageObject\",\"inLanguage\":\"es\",\"@id\":\"https:\\\/\\\/www.copealcoy.es\\\/es\\\/llegan-las-esperadas-rebajas-de-invierno\\\/#primaryimage\",\"url\":\"https:\\\/\\\/www.copealcoy.es\\\/wp-content\\\/uploads\\\/2016\\\/01\\\/10405511_768293183314169_7298760325734992333_n.jpg\",\"contentUrl\":\"https:\\\/\\\/www.copealcoy.es\\\/wp-content\\\/uploads\\\/2016\\\/01\\\/10405511_768293183314169_7298760325734992333_n.jpg\",\"width\":960,\"height\":720,\"caption\":\"Los comercios de Alcoy ya lucen los carteles de Rebajas\"},{\"@type\":\"BreadcrumbList\",\"@id\":\"https:\\\/\\\/www.copealcoy.es\\\/es\\\/llegan-las-esperadas-rebajas-de-invierno\\\/#breadcrumb\",\"itemListElement\":[{\"@type\":\"ListItem\",\"position\":1,\"name\":\"Portada\",\"item\":\"https:\\\/\\\/www.copealcoy.es\\\/es\\\/\"},{\"@type\":\"ListItem\",\"position\":2,\"name\":\"Llegan las esperadas rebajas de invierno\"}]},{\"@type\":\"WebSite\",\"@id\":\"https:\\\/\\\/www.copealcoy.es\\\/es\\\/#website\",\"url\":\"https:\\\/\\\/www.copealcoy.es\\\/es\\\/\",\"name\":\"COPE Alcoy\",\"description\":\"Emisora COPE de radio local con emisi\u00f3n online. Pont de Sant Jordi 8-10 03803 Alcoy\",\"potentialAction\":[{\"@type\":\"SearchAction\",\"target\":{\"@type\":\"EntryPoint\",\"urlTemplate\":\"https:\\\/\\\/www.copealcoy.es\\\/es\\\/?s={search_term_string}\"},\"query-input\":{\"@type\":\"PropertyValueSpecification\",\"valueRequired\":true,\"valueName\":\"search_term_string\"}}],\"inLanguage\":\"es\"},{\"@type\":\"Person\",\"@id\":\"https:\\\/\\\/www.copealcoy.es\\\/es\\\/#\\\/schema\\\/person\\\/e777c87fa024e57d40170af9df39882c\",\"name\":\"Cope Alcoy\",\"image\":{\"@type\":\"ImageObject\",\"inLanguage\":\"es\",\"@id\":\"https:\\\/\\\/secure.gravatar.com\\\/avatar\\\/bb65d0283347e303893ba14f0692005417c1e0e690a325a4c5d8bb2b3943ee14?s=96&d=mm&r=g\",\"url\":\"https:\\\/\\\/secure.gravatar.com\\\/avatar\\\/bb65d0283347e303893ba14f0692005417c1e0e690a325a4c5d8bb2b3943ee14?s=96&d=mm&r=g\",\"contentUrl\":\"https:\\\/\\\/secure.gravatar.com\\\/avatar\\\/bb65d0283347e303893ba14f0692005417c1e0e690a325a4c5d8bb2b3943ee14?s=96&d=mm&r=g\",\"caption\":\"Cope Alcoy\"}}]}<\/script>\n<!-- \/ Yoast SEO plugin. -->","yoast_head_json":{"title":"Llegan las esperadas rebajas de invierno - COPE Alcoy","robots":{"index":"index","follow":"follow","max-snippet":"max-snippet:-1","max-image-preview":"max-image-preview:large","max-video-preview":"max-video-preview:-1"},"canonical":"https:\/\/www.copealcoy.es\/es\/llegan-las-esperadas-rebajas-de-invierno\/","og_locale":"es_ES","og_type":"article","og_title":"Llegan las esperadas rebajas de invierno - COPE Alcoy","og_description":"Los comercios y grandes superficies de la ciudad de Alcoy, as\u00ed como de las poblaciones m\u00e1s grandes de las comarcas...","og_url":"https:\/\/www.copealcoy.es\/es\/llegan-las-esperadas-rebajas-de-invierno\/","og_site_name":"COPE Alcoy","article_published_time":"2018-01-07T17:03:27+00:00","article_modified_time":"2018-01-08T16:01:12+00:00","og_image":[{"width":960,"height":720,"url":"https:\/\/www.copealcoy.es\/wp-content\/uploads\/2016\/01\/10405511_768293183314169_7298760325734992333_n.jpg","type":"image\/jpeg"}],"author":"Cope Alcoy","twitter_misc":{"Escrito por":"Cope Alcoy","Tiempo de lectura":"2 minutos"},"schema":{"@context":"https:\/\/schema.org","@graph":[{"@type":"Article","@id":"https:\/\/www.copealcoy.es\/es\/llegan-las-esperadas-rebajas-de-invierno\/#article","isPartOf":{"@id":"https:\/\/www.copealcoy.es\/es\/llegan-las-esperadas-rebajas-de-invierno\/"},"author":{"name":"Cope Alcoy","@id":"https:\/\/www.copealcoy.es\/es\/#\/schema\/person\/e777c87fa024e57d40170af9df39882c"},"headline":"Llegan las esperadas rebajas de invierno","datePublished":"2018-01-07T17:03:27+00:00","dateModified":"2018-01-08T16:01:12+00:00","mainEntityOfPage":{"@id":"https:\/\/www.copealcoy.es\/es\/llegan-las-esperadas-rebajas-de-invierno\/"},"wordCount":348,"commentCount":0,"image":{"@id":"https:\/\/www.copealcoy.es\/es\/llegan-las-esperadas-rebajas-de-invierno\/#primaryimage"},"thumbnailUrl":"https:\/\/www.copealcoy.es\/wp-content\/uploads\/2016\/01\/10405511_768293183314169_7298760325734992333_n.jpg","keywords":["ACECA","Alcoy","Comercio","invierno","Rebajas"],"articleSection":["Alcoy","Noticias","Portada"],"inLanguage":"es"},{"@type":"WebPage","@id":"https:\/\/www.copealcoy.es\/es\/llegan-las-esperadas-rebajas-de-invierno\/","url":"https:\/\/www.copealcoy.es\/es\/llegan-las-esperadas-rebajas-de-invierno\/","name":"Llegan las esperadas rebajas de invierno - COPE Alcoy","isPartOf":{"@id":"https:\/\/www.copealcoy.es\/es\/#website"},"primaryImageOfPage":{"@id":"https:\/\/www.copealcoy.es\/es\/llegan-las-esperadas-rebajas-de-invierno\/#primaryimage"},"image":{"@id":"https:\/\/www.copealcoy.es\/es\/llegan-las-esperadas-rebajas-de-invierno\/#primaryimage"},"thumbnailUrl":"https:\/\/www.copealcoy.es\/wp-content\/uploads\/2016\/01\/10405511_768293183314169_7298760325734992333_n.jpg","datePublished":"2018-01-07T17:03:27+00:00","dateModified":"2018-01-08T16:01:12+00:00","author":{"@id":"https:\/\/www.copealcoy.es\/es\/#\/schema\/person\/e777c87fa024e57d40170af9df39882c"},"breadcrumb":{"@id":"https:\/\/www.copealcoy.es\/es\/llegan-las-esperadas-rebajas-de-invierno\/#breadcrumb"},"inLanguage":"es","potentialAction":[{"@type":"ReadAction","target":["https:\/\/www.copealcoy.es\/es\/llegan-las-esperadas-rebajas-de-invierno\/"]}]},{"@type":"ImageObject","inLanguage":"es","@id":"https:\/\/www.copealcoy.es\/es\/llegan-las-esperadas-rebajas-de-invierno\/#primaryimage","url":"https:\/\/www.copealcoy.es\/wp-content\/uploads\/2016\/01\/10405511_768293183314169_7298760325734992333_n.jpg","contentUrl":"https:\/\/www.copealcoy.es\/wp-content\/uploads\/2016\/01\/10405511_768293183314169_7298760325734992333_n.jpg","width":960,"height":720,"caption":"Los comercios de Alcoy ya lucen los carteles de Rebajas"},{"@type":"BreadcrumbList","@id":"https:\/\/www.copealcoy.es\/es\/llegan-las-esperadas-rebajas-de-invierno\/#breadcrumb","itemListElement":[{"@type":"ListItem","position":1,"name":"Portada","item":"https:\/\/www.copealcoy.es\/es\/"},{"@type":"ListItem","position":2,"name":"Llegan las esperadas rebajas de invierno"}]},{"@type":"WebSite","@id":"https:\/\/www.copealcoy.es\/es\/#website","url":"https:\/\/www.copealcoy.es\/es\/","name":"COPE Alcoy","description":"Emisora COPE de radio local con emisi\u00f3n online. Pont de Sant Jordi 8-10 03803 Alcoy","potentialAction":[{"@type":"SearchAction","target":{"@type":"EntryPoint","urlTemplate":"https:\/\/www.copealcoy.es\/es\/?s={search_term_string}"},"query-input":{"@type":"PropertyValueSpecification","valueRequired":true,"valueName":"search_term_string"}}],"inLanguage":"es"},{"@type":"Person","@id":"https:\/\/www.copealcoy.es\/es\/#\/schema\/person\/e777c87fa024e57d40170af9df39882c","name":"Cope Alcoy","image":{"@type":"ImageObject","inLanguage":"es","@id":"https:\/\/secure.gravatar.com\/avatar\/bb65d0283347e303893ba14f0692005417c1e0e690a325a4c5d8bb2b3943ee14?s=96&d=mm&r=g","url":"https:\/\/secure.gravatar.com\/avatar\/bb65d0283347e303893ba14f0692005417c1e0e690a325a4c5d8bb2b3943ee14?s=96&d=mm&r=g","contentUrl":"https:\/\/secure.gravatar.com\/avatar\/bb65d0283347e303893ba14f0692005417c1e0e690a325a4c5d8bb2b3943ee14?s=96&d=mm&r=g","caption":"Cope Alcoy"}}]}},"_links":{"self":[{"href":"https:\/\/www.copealcoy.es\/es\/wp-json\/wp\/v2\/posts\/37997","targetHints":{"allow":["GET"]}}],"collection":[{"href":"https:\/\/www.copealcoy.es\/es\/wp-json\/wp\/v2\/posts"}],"about":[{"href":"https:\/\/www.copealcoy.es\/es\/wp-json\/wp\/v2\/types\/post"}],"author":[{"embeddable":true,"href":"https:\/\/www.copealcoy.es\/es\/wp-json\/wp\/v2\/users\/1"}],"replies":[{"embeddable":true,"href":"https:\/\/www.copealcoy.es\/es\/wp-json\/wp\/v2\/comments?post=37997"}],"version-history":[{"count":0,"href":"https:\/\/www.copealcoy.es\/es\/wp-json\/wp\/v2\/posts\/37997\/revisions"}],"wp:featuredmedia":[{"embeddable":true,"href":"https:\/\/www.copealcoy.es\/es\/wp-json\/wp\/v2\/media\/18066"}],"wp:attachment":[{"href":"https:\/\/www.copealcoy.es\/es\/wp-json\/wp\/v2\/media?parent=37997"}],"wp:term":[{"taxonomy":"category","embeddable":true,"href":"https:\/\/www.copealcoy.es\/es\/wp-json\/wp\/v2\/categories?post=37997"},{"taxonomy":"post_tag","embeddable":true,"href":"https:\/\/www.copealcoy.es\/es\/wp-json\/wp\/v2\/tags?post=37997"}],"curies":[{"name":"wp","href":"https:\/\/api.w.org\/{rel}","templated":true}]}}