{"id":37970,"date":"2018-01-06T08:43:53","date_gmt":"2018-01-06T08:43:53","guid":{"rendered":"http:\/\/copealcoi.es\/new\/?p=37970"},"modified":"2018-01-07T17:12:05","modified_gmt":"2018-01-07T17:12:05","slug":"toda-la-comarca-dio-la-bienvenida-a-los-reyes-magos-de-oriente","status":"publish","type":"post","link":"https:\/\/www.copealcoy.es\/es\/toda-la-comarca-dio-la-bienvenida-a-los-reyes-magos-de-oriente\/","title":{"rendered":"Toda la comarca dio la bienvenida a los Reyes Magos de Oriente"},"content":{"rendered":"<p style=\"text-align: justify;\">La gran mayor\u00eda de las poblaciones del Comtat y de l\u00b4Alcoi\u00e0 <strong>salieron ayer viernes a la calle para dar la bienvenida a Melchor Gaspar y Baltasar<\/strong> en unas Cabalgatas que transcurrieron con buen tiempo y unas temperatura agradables e incluso poco habituales para encontrarnos en los primeros d\u00edas del mes de enero.<\/p>\n<p style=\"text-align: justify;\"><strong>Los Reyes Magos tambi\u00e9n llegaron a Muro en carrozas<\/strong><\/p>\n<p style=\"text-align: justify;\">La <strong>Escuadra \u2018Pantal\u00f3 Estret\u2019 de la Fil\u00e0 Contrabandistas<\/strong>, con la colaboraci\u00f3n del \u00e1rea de Reyes del Ayuntamiento, fue la encargada de organizar la llegada de Melchor, Gaspar y Baltasar a Muro. Los Reyes Magos <strong>dejaron listo su campamento junto a la ermita de Sant Antoni<\/strong> y fueron muchos los que aprovecharon la ocasi\u00f3n para visitar este enclave durante toda la ma\u00f1ana de ayer. A las seis y media de la tarde <strong>un castillo de fuegos artificiales<\/strong>, disparado tambi\u00e9n junto a esta ermita, <strong>anunci\u00f3 el inicio de la Cabalgata<\/strong>, un acto que remonta sus or\u00edgenes al a\u00f1o 1902. En el cortejo destac\u00f3 <strong>la presencia del Angelet<\/strong> de las Fiestas de moros y cristianos, varios<strong> ballets<\/strong> as\u00ed como de numerosos antorcheros que<strong> abrieron paso al boato de cada Rey<\/strong>. La comitiva se detuvo en la Ermita de la Virgen de los Desamparados, para que <strong>los Reyes visitaran a la patrona<\/strong> en su interior, y seguidamente fuera <strong>realizaron la adoraci\u00f3n<\/strong> a la Sagrada Familia. Despu\u00e9s de este momento, que estuvo acompa\u00f1ado por los fuegos artificiales y los efectos de luz, <strong>la Cabalgata sigui\u00f3 su curso por las calles del casco antiguo de Muro<\/strong> hasta finalizar en la Pla\u00e7a del Matzem. Se\u00f1alar que tambi\u00e9n <strong>los pajes negros<\/strong>, con sus largas escaleras, acercaron los regalos a los balcones del recorrido de la Cabalgata despertando la ilusi\u00f3n y emoci\u00f3n de los m\u00e1s peque\u00f1os.<\/p>\n<p style=\"text-align: justify;\"><strong>Visita real a toda la Comarca<\/strong><\/p>\n<p style=\"text-align: justify;\">Los Reyes Magos fueron tambi\u00e9n recibidos ayer con pirotecnia en <strong>l\u00b4Alquer\u00eda d\u00b4Asnar<\/strong> y desfilaron sobre camellos hasta llegar a la iglesia de San Miguel para realizar la Adoraci\u00f3n. En <strong>Benilloba<\/strong> se les esper\u00f3 en la carretera de Cocentaina con antorchas, junto a los Quinos de 2018, y realizaron la adoraci\u00f3n en la iglesia mientras que en <strong>Alfafara<\/strong>, bajo la organizaci\u00f3n del Grup d\u00b4Amics dels Reis Mags, numerosos pajes repartieron los regalos a los m\u00e1s peque\u00f1os casa por casa. Melchor, Gaspar y Baltasar tambi\u00e9n pasaron por <strong>Beniarr\u00e9s, Alcoleja, Agres, Pen\u00e1guila Onil, L\u00b4Orxa, Castalla, Banyeres de Mariola, Millena, Onil o Ibi<\/strong>. En esta \u00faltima ciudad, donde los Magos tienen su producci\u00f3n de juguetes, los Reyes fueron recibidos por numerosos p\u00fablico, repartieron caramelos sin gluten y realizaron la adoraci\u00f3n al Ni\u00f1o Jes\u00fas mientras los Pajes subieron tambi\u00e9n por escaleras para entregar los presentes en cada casa.<\/p>\n<p><iframe loading=\"lazy\" title=\"Cavalcada de Reis 2018 a Benilloba\" width=\"1200\" height=\"675\" src=\"https:\/\/www.youtube.com\/embed\/qjeR47c3iQc?feature=oembed\" frameborder=\"0\" allow=\"accelerometer; autoplay; encrypted-media; gyroscope; picture-in-picture\" allowfullscreen><\/iframe><\/p>\n<p>&nbsp;<\/p>\n","protected":false},"excerpt":{"rendered":"<p>La gran mayor\u00eda de las poblaciones del Comtat y de l\u00b4Alcoi\u00e0 salieron ayer viernes a la calle para dar la&#8230;<\/p>\n","protected":false},"author":1,"featured_media":37971,"comment_status":"open","ping_status":"open","sticky":false,"template":"","format":"standard","meta":{"footnotes":""},"categories":[98,75],"tags":[482,368,236,237,488,447],"class_list":["post-37970","post","type-post","status-publish","format-standard","has-post-thumbnail","hentry","category-comarcas","category-noticias","tag-alcoia","tag-cabalgata","tag-comarca","tag-comtat","tag-reyes-magos","tag-tradiciones"],"yoast_head":"<!-- This site is optimized with the Yoast SEO plugin v27.3 - https:\/\/yoast.com\/product\/yoast-seo-wordpress\/ -->\n<title>Toda la comarca dio la bienvenida a los Reyes Magos de Oriente - COPE Alcoy<\/title>\n<meta name=\"robots\" content=\"index, follow, max-snippet:-1, max-image-preview:large, max-video-preview:-1\" \/>\n<link rel=\"canonical\" href=\"https:\/\/www.copealcoy.es\/es\/toda-la-comarca-dio-la-bienvenida-a-los-reyes-magos-de-oriente\/\" \/>\n<meta property=\"og:locale\" content=\"es_ES\" \/>\n<meta property=\"og:type\" content=\"article\" \/>\n<meta property=\"og:title\" content=\"Toda la comarca dio la bienvenida a los Reyes Magos de Oriente - COPE Alcoy\" \/>\n<meta property=\"og:description\" content=\"La gran mayor\u00eda de las poblaciones del Comtat y de l\u00b4Alcoi\u00e0 salieron ayer viernes a la calle para dar la...\" \/>\n<meta property=\"og:url\" content=\"https:\/\/www.copealcoy.es\/es\/toda-la-comarca-dio-la-bienvenida-a-los-reyes-magos-de-oriente\/\" \/>\n<meta property=\"og:site_name\" content=\"COPE Alcoy\" \/>\n<meta property=\"article:published_time\" content=\"2018-01-06T08:43:53+00:00\" \/>\n<meta property=\"article:modified_time\" content=\"2018-01-07T17:12:05+00:00\" \/>\n<meta property=\"og:image\" content=\"https:\/\/www.copealcoy.es\/wp-content\/uploads\/2018\/01\/26230886_1698048200256688_2959650957473399178_n.jpg\" \/>\n\t<meta property=\"og:image:width\" content=\"960\" \/>\n\t<meta property=\"og:image:height\" content=\"640\" \/>\n\t<meta property=\"og:image:type\" content=\"image\/jpeg\" \/>\n<meta name=\"author\" content=\"Cope Alcoy\" \/>\n<meta name=\"twitter:label1\" content=\"Escrito por\" \/>\n\t<meta name=\"twitter:data1\" content=\"Cope Alcoy\" \/>\n\t<meta name=\"twitter:label2\" content=\"Tiempo de lectura\" \/>\n\t<meta name=\"twitter:data2\" content=\"2 minutos\" \/>\n<script type=\"application\/ld+json\" class=\"yoast-schema-graph\">{\"@context\":\"https:\\\/\\\/schema.org\",\"@graph\":[{\"@type\":\"Article\",\"@id\":\"https:\\\/\\\/www.copealcoy.es\\\/es\\\/toda-la-comarca-dio-la-bienvenida-a-los-reyes-magos-de-oriente\\\/#article\",\"isPartOf\":{\"@id\":\"https:\\\/\\\/www.copealcoy.es\\\/es\\\/toda-la-comarca-dio-la-bienvenida-a-los-reyes-magos-de-oriente\\\/\"},\"author\":{\"name\":\"Cope Alcoy\",\"@id\":\"https:\\\/\\\/www.copealcoy.es\\\/es\\\/#\\\/schema\\\/person\\\/e777c87fa024e57d40170af9df39882c\"},\"headline\":\"Toda la comarca dio la bienvenida a los Reyes Magos de Oriente\",\"datePublished\":\"2018-01-06T08:43:53+00:00\",\"dateModified\":\"2018-01-07T17:12:05+00:00\",\"mainEntityOfPage\":{\"@id\":\"https:\\\/\\\/www.copealcoy.es\\\/es\\\/toda-la-comarca-dio-la-bienvenida-a-los-reyes-magos-de-oriente\\\/\"},\"wordCount\":497,\"commentCount\":0,\"image\":{\"@id\":\"https:\\\/\\\/www.copealcoy.es\\\/es\\\/toda-la-comarca-dio-la-bienvenida-a-los-reyes-magos-de-oriente\\\/#primaryimage\"},\"thumbnailUrl\":\"https:\\\/\\\/www.copealcoy.es\\\/wp-content\\\/uploads\\\/2018\\\/01\\\/26230886_1698048200256688_2959650957473399178_n.jpg\",\"keywords\":[\"Alcoi\u00e0\",\"Cabalgata\",\"Comarca\",\"Comtat\",\"Reyes Magos\",\"Tradiciones\"],\"articleSection\":[\"Comarcas\",\"Noticias\"],\"inLanguage\":\"es\"},{\"@type\":\"WebPage\",\"@id\":\"https:\\\/\\\/www.copealcoy.es\\\/es\\\/toda-la-comarca-dio-la-bienvenida-a-los-reyes-magos-de-oriente\\\/\",\"url\":\"https:\\\/\\\/www.copealcoy.es\\\/es\\\/toda-la-comarca-dio-la-bienvenida-a-los-reyes-magos-de-oriente\\\/\",\"name\":\"Toda la comarca dio la bienvenida a los Reyes Magos de Oriente - COPE Alcoy\",\"isPartOf\":{\"@id\":\"https:\\\/\\\/www.copealcoy.es\\\/es\\\/#website\"},\"primaryImageOfPage\":{\"@id\":\"https:\\\/\\\/www.copealcoy.es\\\/es\\\/toda-la-comarca-dio-la-bienvenida-a-los-reyes-magos-de-oriente\\\/#primaryimage\"},\"image\":{\"@id\":\"https:\\\/\\\/www.copealcoy.es\\\/es\\\/toda-la-comarca-dio-la-bienvenida-a-los-reyes-magos-de-oriente\\\/#primaryimage\"},\"thumbnailUrl\":\"https:\\\/\\\/www.copealcoy.es\\\/wp-content\\\/uploads\\\/2018\\\/01\\\/26230886_1698048200256688_2959650957473399178_n.jpg\",\"datePublished\":\"2018-01-06T08:43:53+00:00\",\"dateModified\":\"2018-01-07T17:12:05+00:00\",\"author\":{\"@id\":\"https:\\\/\\\/www.copealcoy.es\\\/es\\\/#\\\/schema\\\/person\\\/e777c87fa024e57d40170af9df39882c\"},\"breadcrumb\":{\"@id\":\"https:\\\/\\\/www.copealcoy.es\\\/es\\\/toda-la-comarca-dio-la-bienvenida-a-los-reyes-magos-de-oriente\\\/#breadcrumb\"},\"inLanguage\":\"es\",\"potentialAction\":[{\"@type\":\"ReadAction\",\"target\":[\"https:\\\/\\\/www.copealcoy.es\\\/es\\\/toda-la-comarca-dio-la-bienvenida-a-los-reyes-magos-de-oriente\\\/\"]}]},{\"@type\":\"ImageObject\",\"inLanguage\":\"es\",\"@id\":\"https:\\\/\\\/www.copealcoy.es\\\/es\\\/toda-la-comarca-dio-la-bienvenida-a-los-reyes-magos-de-oriente\\\/#primaryimage\",\"url\":\"https:\\\/\\\/www.copealcoy.es\\\/wp-content\\\/uploads\\\/2018\\\/01\\\/26230886_1698048200256688_2959650957473399178_n.jpg\",\"contentUrl\":\"https:\\\/\\\/www.copealcoy.es\\\/wp-content\\\/uploads\\\/2018\\\/01\\\/26230886_1698048200256688_2959650957473399178_n.jpg\",\"width\":960,\"height\":640,\"caption\":\"Los Reyes Magos realizaron la Adoraci\u00f3n en el interior de la iglesia \\\/ Foto: Ajuntament de Benilloba\"},{\"@type\":\"BreadcrumbList\",\"@id\":\"https:\\\/\\\/www.copealcoy.es\\\/es\\\/toda-la-comarca-dio-la-bienvenida-a-los-reyes-magos-de-oriente\\\/#breadcrumb\",\"itemListElement\":[{\"@type\":\"ListItem\",\"position\":1,\"name\":\"Portada\",\"item\":\"https:\\\/\\\/www.copealcoy.es\\\/es\\\/\"},{\"@type\":\"ListItem\",\"position\":2,\"name\":\"Toda la comarca dio la bienvenida a los Reyes Magos de Oriente\"}]},{\"@type\":\"WebSite\",\"@id\":\"https:\\\/\\\/www.copealcoy.es\\\/es\\\/#website\",\"url\":\"https:\\\/\\\/www.copealcoy.es\\\/es\\\/\",\"name\":\"COPE Alcoy\",\"description\":\"Emisora COPE de radio local con emisi\u00f3n online. Pont de Sant Jordi 8-10 03803 Alcoy\",\"potentialAction\":[{\"@type\":\"SearchAction\",\"target\":{\"@type\":\"EntryPoint\",\"urlTemplate\":\"https:\\\/\\\/www.copealcoy.es\\\/es\\\/?s={search_term_string}\"},\"query-input\":{\"@type\":\"PropertyValueSpecification\",\"valueRequired\":true,\"valueName\":\"search_term_string\"}}],\"inLanguage\":\"es\"},{\"@type\":\"Person\",\"@id\":\"https:\\\/\\\/www.copealcoy.es\\\/es\\\/#\\\/schema\\\/person\\\/e777c87fa024e57d40170af9df39882c\",\"name\":\"Cope Alcoy\",\"image\":{\"@type\":\"ImageObject\",\"inLanguage\":\"es\",\"@id\":\"https:\\\/\\\/secure.gravatar.com\\\/avatar\\\/bb65d0283347e303893ba14f0692005417c1e0e690a325a4c5d8bb2b3943ee14?s=96&d=mm&r=g\",\"url\":\"https:\\\/\\\/secure.gravatar.com\\\/avatar\\\/bb65d0283347e303893ba14f0692005417c1e0e690a325a4c5d8bb2b3943ee14?s=96&d=mm&r=g\",\"contentUrl\":\"https:\\\/\\\/secure.gravatar.com\\\/avatar\\\/bb65d0283347e303893ba14f0692005417c1e0e690a325a4c5d8bb2b3943ee14?s=96&d=mm&r=g\",\"caption\":\"Cope Alcoy\"}}]}<\/script>\n<!-- \/ Yoast SEO plugin. -->","yoast_head_json":{"title":"Toda la comarca dio la bienvenida a los Reyes Magos de Oriente - COPE Alcoy","robots":{"index":"index","follow":"follow","max-snippet":"max-snippet:-1","max-image-preview":"max-image-preview:large","max-video-preview":"max-video-preview:-1"},"canonical":"https:\/\/www.copealcoy.es\/es\/toda-la-comarca-dio-la-bienvenida-a-los-reyes-magos-de-oriente\/","og_locale":"es_ES","og_type":"article","og_title":"Toda la comarca dio la bienvenida a los Reyes Magos de Oriente - COPE Alcoy","og_description":"La gran mayor\u00eda de las poblaciones del Comtat y de l\u00b4Alcoi\u00e0 salieron ayer viernes a la calle para dar la...","og_url":"https:\/\/www.copealcoy.es\/es\/toda-la-comarca-dio-la-bienvenida-a-los-reyes-magos-de-oriente\/","og_site_name":"COPE Alcoy","article_published_time":"2018-01-06T08:43:53+00:00","article_modified_time":"2018-01-07T17:12:05+00:00","og_image":[{"width":960,"height":640,"url":"https:\/\/www.copealcoy.es\/wp-content\/uploads\/2018\/01\/26230886_1698048200256688_2959650957473399178_n.jpg","type":"image\/jpeg"}],"author":"Cope Alcoy","twitter_misc":{"Escrito por":"Cope Alcoy","Tiempo de lectura":"2 minutos"},"schema":{"@context":"https:\/\/schema.org","@graph":[{"@type":"Article","@id":"https:\/\/www.copealcoy.es\/es\/toda-la-comarca-dio-la-bienvenida-a-los-reyes-magos-de-oriente\/#article","isPartOf":{"@id":"https:\/\/www.copealcoy.es\/es\/toda-la-comarca-dio-la-bienvenida-a-los-reyes-magos-de-oriente\/"},"author":{"name":"Cope Alcoy","@id":"https:\/\/www.copealcoy.es\/es\/#\/schema\/person\/e777c87fa024e57d40170af9df39882c"},"headline":"Toda la comarca dio la bienvenida a los Reyes Magos de Oriente","datePublished":"2018-01-06T08:43:53+00:00","dateModified":"2018-01-07T17:12:05+00:00","mainEntityOfPage":{"@id":"https:\/\/www.copealcoy.es\/es\/toda-la-comarca-dio-la-bienvenida-a-los-reyes-magos-de-oriente\/"},"wordCount":497,"commentCount":0,"image":{"@id":"https:\/\/www.copealcoy.es\/es\/toda-la-comarca-dio-la-bienvenida-a-los-reyes-magos-de-oriente\/#primaryimage"},"thumbnailUrl":"https:\/\/www.copealcoy.es\/wp-content\/uploads\/2018\/01\/26230886_1698048200256688_2959650957473399178_n.jpg","keywords":["Alcoi\u00e0","Cabalgata","Comarca","Comtat","Reyes Magos","Tradiciones"],"articleSection":["Comarcas","Noticias"],"inLanguage":"es"},{"@type":"WebPage","@id":"https:\/\/www.copealcoy.es\/es\/toda-la-comarca-dio-la-bienvenida-a-los-reyes-magos-de-oriente\/","url":"https:\/\/www.copealcoy.es\/es\/toda-la-comarca-dio-la-bienvenida-a-los-reyes-magos-de-oriente\/","name":"Toda la comarca dio la bienvenida a los Reyes Magos de Oriente - COPE Alcoy","isPartOf":{"@id":"https:\/\/www.copealcoy.es\/es\/#website"},"primaryImageOfPage":{"@id":"https:\/\/www.copealcoy.es\/es\/toda-la-comarca-dio-la-bienvenida-a-los-reyes-magos-de-oriente\/#primaryimage"},"image":{"@id":"https:\/\/www.copealcoy.es\/es\/toda-la-comarca-dio-la-bienvenida-a-los-reyes-magos-de-oriente\/#primaryimage"},"thumbnailUrl":"https:\/\/www.copealcoy.es\/wp-content\/uploads\/2018\/01\/26230886_1698048200256688_2959650957473399178_n.jpg","datePublished":"2018-01-06T08:43:53+00:00","dateModified":"2018-01-07T17:12:05+00:00","author":{"@id":"https:\/\/www.copealcoy.es\/es\/#\/schema\/person\/e777c87fa024e57d40170af9df39882c"},"breadcrumb":{"@id":"https:\/\/www.copealcoy.es\/es\/toda-la-comarca-dio-la-bienvenida-a-los-reyes-magos-de-oriente\/#breadcrumb"},"inLanguage":"es","potentialAction":[{"@type":"ReadAction","target":["https:\/\/www.copealcoy.es\/es\/toda-la-comarca-dio-la-bienvenida-a-los-reyes-magos-de-oriente\/"]}]},{"@type":"ImageObject","inLanguage":"es","@id":"https:\/\/www.copealcoy.es\/es\/toda-la-comarca-dio-la-bienvenida-a-los-reyes-magos-de-oriente\/#primaryimage","url":"https:\/\/www.copealcoy.es\/wp-content\/uploads\/2018\/01\/26230886_1698048200256688_2959650957473399178_n.jpg","contentUrl":"https:\/\/www.copealcoy.es\/wp-content\/uploads\/2018\/01\/26230886_1698048200256688_2959650957473399178_n.jpg","width":960,"height":640,"caption":"Los Reyes Magos realizaron la Adoraci\u00f3n en el interior de la iglesia \/ Foto: Ajuntament de Benilloba"},{"@type":"BreadcrumbList","@id":"https:\/\/www.copealcoy.es\/es\/toda-la-comarca-dio-la-bienvenida-a-los-reyes-magos-de-oriente\/#breadcrumb","itemListElement":[{"@type":"ListItem","position":1,"name":"Portada","item":"https:\/\/www.copealcoy.es\/es\/"},{"@type":"ListItem","position":2,"name":"Toda la comarca dio la bienvenida a los Reyes Magos de Oriente"}]},{"@type":"WebSite","@id":"https:\/\/www.copealcoy.es\/es\/#website","url":"https:\/\/www.copealcoy.es\/es\/","name":"COPE Alcoy","description":"Emisora COPE de radio local con emisi\u00f3n online. Pont de Sant Jordi 8-10 03803 Alcoy","potentialAction":[{"@type":"SearchAction","target":{"@type":"EntryPoint","urlTemplate":"https:\/\/www.copealcoy.es\/es\/?s={search_term_string}"},"query-input":{"@type":"PropertyValueSpecification","valueRequired":true,"valueName":"search_term_string"}}],"inLanguage":"es"},{"@type":"Person","@id":"https:\/\/www.copealcoy.es\/es\/#\/schema\/person\/e777c87fa024e57d40170af9df39882c","name":"Cope Alcoy","image":{"@type":"ImageObject","inLanguage":"es","@id":"https:\/\/secure.gravatar.com\/avatar\/bb65d0283347e303893ba14f0692005417c1e0e690a325a4c5d8bb2b3943ee14?s=96&d=mm&r=g","url":"https:\/\/secure.gravatar.com\/avatar\/bb65d0283347e303893ba14f0692005417c1e0e690a325a4c5d8bb2b3943ee14?s=96&d=mm&r=g","contentUrl":"https:\/\/secure.gravatar.com\/avatar\/bb65d0283347e303893ba14f0692005417c1e0e690a325a4c5d8bb2b3943ee14?s=96&d=mm&r=g","caption":"Cope Alcoy"}}]}},"_links":{"self":[{"href":"https:\/\/www.copealcoy.es\/es\/wp-json\/wp\/v2\/posts\/37970","targetHints":{"allow":["GET"]}}],"collection":[{"href":"https:\/\/www.copealcoy.es\/es\/wp-json\/wp\/v2\/posts"}],"about":[{"href":"https:\/\/www.copealcoy.es\/es\/wp-json\/wp\/v2\/types\/post"}],"author":[{"embeddable":true,"href":"https:\/\/www.copealcoy.es\/es\/wp-json\/wp\/v2\/users\/1"}],"replies":[{"embeddable":true,"href":"https:\/\/www.copealcoy.es\/es\/wp-json\/wp\/v2\/comments?post=37970"}],"version-history":[{"count":0,"href":"https:\/\/www.copealcoy.es\/es\/wp-json\/wp\/v2\/posts\/37970\/revisions"}],"wp:featuredmedia":[{"embeddable":true,"href":"https:\/\/www.copealcoy.es\/es\/wp-json\/wp\/v2\/media\/37971"}],"wp:attachment":[{"href":"https:\/\/www.copealcoy.es\/es\/wp-json\/wp\/v2\/media?parent=37970"}],"wp:term":[{"taxonomy":"category","embeddable":true,"href":"https:\/\/www.copealcoy.es\/es\/wp-json\/wp\/v2\/categories?post=37970"},{"taxonomy":"post_tag","embeddable":true,"href":"https:\/\/www.copealcoy.es\/es\/wp-json\/wp\/v2\/tags?post=37970"}],"curies":[{"name":"wp","href":"https:\/\/api.w.org\/{rel}","templated":true}]}}