{"id":37955,"date":"2018-01-06T09:01:52","date_gmt":"2018-01-06T09:01:52","guid":{"rendered":"http:\/\/copealcoi.es\/new\/?p=37955"},"modified":"2018-01-06T09:10:32","modified_gmt":"2018-01-06T09:10:32","slug":"alcoy-vive-su-gran-noche-de-magia-e-ilusion","status":"publish","type":"post","link":"https:\/\/www.copealcoy.es\/es\/alcoy-vive-su-gran-noche-de-magia-e-ilusion\/","title":{"rendered":"Alcoy vive su gran noche de magia e ilusi\u00f3n"},"content":{"rendered":"<p style=\"text-align: justify;\">Alcoy fue testigo ayer de <strong>una multitudinaria 133 edici\u00f3n de su Cabalgata<\/strong> en la que miles de personas, tanto alcoyanos como visitantes, abarrotaron las calles del Centro de la ciudad para <strong>dar la bienvenida a Melchor, Gaspar y Baltasar<\/strong>. El desfile, que es Bien de Inter\u00e9s Cultural y Fiesta de Inter\u00e9s Tur\u00edstico Nacional, <strong>dio inicio a las seis de la tarde<\/strong> desde El Cam\u00ed y en el mismo <strong>participaron<\/strong> m\u00e1s de 2.000 personas.<\/p>\n<p style=\"text-align: justify;\">Los tres soberanos, venidos del lejano Oriente, <strong>recibieron a gran cantidad de peque\u00f1os<\/strong> durante todo el recorrido y sus ayudantes <strong>no pararon de acercar a ni\u00f1as y ni\u00f1os hasta los camellos<\/strong> para que los Reyes les pudiesen saludar y dar un cari\u00f1oso beso. Los monarcas estuvieron acompa\u00f1ados por <strong>el Club de F\u00fatbol Pista<\/strong> (entidad que celebra su 75 aniversario), <strong>Uni\u00f3n Alcoyana Seguros<\/strong> (compa\u00f1\u00eda que ha conmemorado su 140 aniversario) y <strong>la Fil\u00e0 Andaluces<\/strong> al mismo tiempo que contaron con <strong>un s\u00e9quito de m\u00e1s de 400 pajes\u00a0<\/strong><em><strong>Negrets,<\/strong>\u00a0<\/em>que con m\u00e1s respaldo y apoyo del p\u00fablico que nunca tras las \u00faltimas pol\u00e9micas surgidas en torno a esta figura, <strong>repartieron los regalos casa por casa<\/strong> subiendo a los balcones de las casas a trav\u00e9s de largas escaleras rojas.<\/p>\n<p style=\"text-align: justify;\">El <strong>momento culminante<\/strong> de la noche tuvo lugar sobre las 20:50 en la Plaza de Espa\u00f1a, y casi tres horas despu\u00e9s del comienzo del acto en la parte alta de la ciudad. La <strong>Adoraci\u00f3n a la Sagrada Familia<\/strong> viviente volvi\u00f3 a ser <strong>uno de los instantes m\u00e1s m\u00e1gicos de este 5 de enero<\/strong> gracias al volteo incesante de las campanas de la iglesia de Santa Mar\u00eda, los fuegos artificiales, los efectos de luz y la m\u00fasica del\u00a0<em>Aleluya\u00a0<\/em>de Ha\u00ebndel. Todos estos elementos <strong>se fusionaron a la perfecci\u00f3n<\/strong> para acompa\u00f1ar el sencillo homenaje que Melchor, Gaspar y Baltasar le hicieron al Ni\u00f1o Jes\u00fas al postrarse ante \u00e9l, como hace m\u00e1s de dos mil a\u00f1os, y <strong>entregarle oro, incienso y mirra<\/strong>.<\/p>\n<p style=\"text-align: justify;\">La Cabalgata de Alcoy, que remonta sus or\u00edgenes en 1885, <strong>sigui\u00f3 despu\u00e9s<\/strong> por la calle San Lorenzo, Pa\u00eds Valenci\u00e0, Puente de Cervantes y Alzamora hasta finalizar ante la parroquia de San Roque. \u00a0Indicar que la misma <strong>pudo ser seguida por la televisi\u00f3n<\/strong> gracias a la retransmisi\u00f3n que ofrecieron a nivel auton\u00f3mico y nacional nuestros compa\u00f1eros de <strong>La Ocho Mediterr\u00e1neo Televisi\u00f3n y Trece<\/strong>.<\/p>\n<p><a href=\"http:\/\/www.laocho.tv\/la-cavalcada-de-reis-dalcoi\/\">http:\/\/www.laocho.tv\/la-cavalcada-de-reis-dalcoi\/<\/a><\/p>\n","protected":false},"excerpt":{"rendered":"<p>Alcoy fue testigo ayer de una multitudinaria 133 edici\u00f3n de su Cabalgata en la que miles de personas, tanto alcoyanos&#8230;<\/p>\n","protected":false},"author":1,"featured_media":37957,"comment_status":"open","ping_status":"open","sticky":false,"template":"","format":"standard","meta":{"footnotes":""},"categories":[97,78,75,125],"tags":[2700,1494,368,503,488],"class_list":["post-37955","post","type-post","status-publish","format-standard","has-post-thumbnail","hentry","category-alcoy","category-fiestaycultura","category-noticias","category-portada","tag-alcoi-ciutat-del-nadal","tag-alcoy","tag-cabalgata","tag-pajes","tag-reyes-magos"],"yoast_head":"<!-- This site is optimized with the Yoast SEO plugin v27.3 - https:\/\/yoast.com\/product\/yoast-seo-wordpress\/ -->\n<title>Alcoy vive su gran noche de magia e ilusi\u00f3n - COPE Alcoy<\/title>\n<meta name=\"robots\" content=\"index, follow, max-snippet:-1, max-image-preview:large, max-video-preview:-1\" \/>\n<link rel=\"canonical\" href=\"https:\/\/www.copealcoy.es\/es\/alcoy-vive-su-gran-noche-de-magia-e-ilusion\/\" \/>\n<meta property=\"og:locale\" content=\"es_ES\" \/>\n<meta property=\"og:type\" content=\"article\" \/>\n<meta property=\"og:title\" content=\"Alcoy vive su gran noche de magia e ilusi\u00f3n - COPE Alcoy\" \/>\n<meta property=\"og:description\" content=\"Alcoy fue testigo ayer de una multitudinaria 133 edici\u00f3n de su Cabalgata en la que miles de personas, tanto alcoyanos...\" \/>\n<meta property=\"og:url\" content=\"https:\/\/www.copealcoy.es\/es\/alcoy-vive-su-gran-noche-de-magia-e-ilusion\/\" \/>\n<meta property=\"og:site_name\" content=\"COPE Alcoy\" \/>\n<meta property=\"article:published_time\" content=\"2018-01-06T09:01:52+00:00\" \/>\n<meta property=\"article:modified_time\" content=\"2018-01-06T09:10:32+00:00\" \/>\n<meta property=\"og:image\" content=\"https:\/\/www.copealcoy.es\/wp-content\/uploads\/2018\/01\/Cabalgata-Alcoy.jpg\" \/>\n\t<meta property=\"og:image:width\" content=\"1200\" \/>\n\t<meta property=\"og:image:height\" content=\"800\" \/>\n\t<meta property=\"og:image:type\" content=\"image\/jpeg\" \/>\n<meta name=\"author\" content=\"Cope Alcoy\" \/>\n<meta name=\"twitter:label1\" content=\"Escrito por\" \/>\n\t<meta name=\"twitter:data1\" content=\"Cope Alcoy\" \/>\n\t<meta name=\"twitter:label2\" content=\"Tiempo de lectura\" \/>\n\t<meta name=\"twitter:data2\" content=\"2 minutos\" \/>\n<script type=\"application\/ld+json\" class=\"yoast-schema-graph\">{\"@context\":\"https:\\\/\\\/schema.org\",\"@graph\":[{\"@type\":\"Article\",\"@id\":\"https:\\\/\\\/www.copealcoy.es\\\/es\\\/alcoy-vive-su-gran-noche-de-magia-e-ilusion\\\/#article\",\"isPartOf\":{\"@id\":\"https:\\\/\\\/www.copealcoy.es\\\/es\\\/alcoy-vive-su-gran-noche-de-magia-e-ilusion\\\/\"},\"author\":{\"name\":\"Cope Alcoy\",\"@id\":\"https:\\\/\\\/www.copealcoy.es\\\/es\\\/#\\\/schema\\\/person\\\/e777c87fa024e57d40170af9df39882c\"},\"headline\":\"Alcoy vive su gran noche de magia e ilusi\u00f3n\",\"datePublished\":\"2018-01-06T09:01:52+00:00\",\"dateModified\":\"2018-01-06T09:10:32+00:00\",\"mainEntityOfPage\":{\"@id\":\"https:\\\/\\\/www.copealcoy.es\\\/es\\\/alcoy-vive-su-gran-noche-de-magia-e-ilusion\\\/\"},\"wordCount\":432,\"commentCount\":0,\"image\":{\"@id\":\"https:\\\/\\\/www.copealcoy.es\\\/es\\\/alcoy-vive-su-gran-noche-de-magia-e-ilusion\\\/#primaryimage\"},\"thumbnailUrl\":\"https:\\\/\\\/www.copealcoy.es\\\/wp-content\\\/uploads\\\/2018\\\/01\\\/Cabalgata-Alcoy.jpg\",\"keywords\":[\"Alcoi Ciutat del Nadal\",\"Alcoy\",\"Cabalgata\",\"Pajes\",\"Reyes Magos\"],\"articleSection\":[\"Alcoy\",\"Fiesta y Cultura\",\"Noticias\",\"Portada\"],\"inLanguage\":\"es\"},{\"@type\":\"WebPage\",\"@id\":\"https:\\\/\\\/www.copealcoy.es\\\/es\\\/alcoy-vive-su-gran-noche-de-magia-e-ilusion\\\/\",\"url\":\"https:\\\/\\\/www.copealcoy.es\\\/es\\\/alcoy-vive-su-gran-noche-de-magia-e-ilusion\\\/\",\"name\":\"Alcoy vive su gran noche de magia e ilusi\u00f3n - COPE Alcoy\",\"isPartOf\":{\"@id\":\"https:\\\/\\\/www.copealcoy.es\\\/es\\\/#website\"},\"primaryImageOfPage\":{\"@id\":\"https:\\\/\\\/www.copealcoy.es\\\/es\\\/alcoy-vive-su-gran-noche-de-magia-e-ilusion\\\/#primaryimage\"},\"image\":{\"@id\":\"https:\\\/\\\/www.copealcoy.es\\\/es\\\/alcoy-vive-su-gran-noche-de-magia-e-ilusion\\\/#primaryimage\"},\"thumbnailUrl\":\"https:\\\/\\\/www.copealcoy.es\\\/wp-content\\\/uploads\\\/2018\\\/01\\\/Cabalgata-Alcoy.jpg\",\"datePublished\":\"2018-01-06T09:01:52+00:00\",\"dateModified\":\"2018-01-06T09:10:32+00:00\",\"author\":{\"@id\":\"https:\\\/\\\/www.copealcoy.es\\\/es\\\/#\\\/schema\\\/person\\\/e777c87fa024e57d40170af9df39882c\"},\"breadcrumb\":{\"@id\":\"https:\\\/\\\/www.copealcoy.es\\\/es\\\/alcoy-vive-su-gran-noche-de-magia-e-ilusion\\\/#breadcrumb\"},\"inLanguage\":\"es\",\"potentialAction\":[{\"@type\":\"ReadAction\",\"target\":[\"https:\\\/\\\/www.copealcoy.es\\\/es\\\/alcoy-vive-su-gran-noche-de-magia-e-ilusion\\\/\"]}]},{\"@type\":\"ImageObject\",\"inLanguage\":\"es\",\"@id\":\"https:\\\/\\\/www.copealcoy.es\\\/es\\\/alcoy-vive-su-gran-noche-de-magia-e-ilusion\\\/#primaryimage\",\"url\":\"https:\\\/\\\/www.copealcoy.es\\\/wp-content\\\/uploads\\\/2018\\\/01\\\/Cabalgata-Alcoy.jpg\",\"contentUrl\":\"https:\\\/\\\/www.copealcoy.es\\\/wp-content\\\/uploads\\\/2018\\\/01\\\/Cabalgata-Alcoy.jpg\",\"width\":1200,\"height\":800,\"caption\":\"Los Reyes Magos recibieron multitudinarias muestras de cari\u00f1o \\\/ Foto: Pepe Olivares\"},{\"@type\":\"BreadcrumbList\",\"@id\":\"https:\\\/\\\/www.copealcoy.es\\\/es\\\/alcoy-vive-su-gran-noche-de-magia-e-ilusion\\\/#breadcrumb\",\"itemListElement\":[{\"@type\":\"ListItem\",\"position\":1,\"name\":\"Portada\",\"item\":\"https:\\\/\\\/www.copealcoy.es\\\/es\\\/\"},{\"@type\":\"ListItem\",\"position\":2,\"name\":\"Alcoy vive su gran noche de magia e ilusi\u00f3n\"}]},{\"@type\":\"WebSite\",\"@id\":\"https:\\\/\\\/www.copealcoy.es\\\/es\\\/#website\",\"url\":\"https:\\\/\\\/www.copealcoy.es\\\/es\\\/\",\"name\":\"COPE Alcoy\",\"description\":\"Emisora COPE de radio local con emisi\u00f3n online. Pont de Sant Jordi 8-10 03803 Alcoy\",\"potentialAction\":[{\"@type\":\"SearchAction\",\"target\":{\"@type\":\"EntryPoint\",\"urlTemplate\":\"https:\\\/\\\/www.copealcoy.es\\\/es\\\/?s={search_term_string}\"},\"query-input\":{\"@type\":\"PropertyValueSpecification\",\"valueRequired\":true,\"valueName\":\"search_term_string\"}}],\"inLanguage\":\"es\"},{\"@type\":\"Person\",\"@id\":\"https:\\\/\\\/www.copealcoy.es\\\/es\\\/#\\\/schema\\\/person\\\/e777c87fa024e57d40170af9df39882c\",\"name\":\"Cope Alcoy\",\"image\":{\"@type\":\"ImageObject\",\"inLanguage\":\"es\",\"@id\":\"https:\\\/\\\/secure.gravatar.com\\\/avatar\\\/bb65d0283347e303893ba14f0692005417c1e0e690a325a4c5d8bb2b3943ee14?s=96&d=mm&r=g\",\"url\":\"https:\\\/\\\/secure.gravatar.com\\\/avatar\\\/bb65d0283347e303893ba14f0692005417c1e0e690a325a4c5d8bb2b3943ee14?s=96&d=mm&r=g\",\"contentUrl\":\"https:\\\/\\\/secure.gravatar.com\\\/avatar\\\/bb65d0283347e303893ba14f0692005417c1e0e690a325a4c5d8bb2b3943ee14?s=96&d=mm&r=g\",\"caption\":\"Cope Alcoy\"}}]}<\/script>\n<!-- \/ Yoast SEO plugin. -->","yoast_head_json":{"title":"Alcoy vive su gran noche de magia e ilusi\u00f3n - COPE Alcoy","robots":{"index":"index","follow":"follow","max-snippet":"max-snippet:-1","max-image-preview":"max-image-preview:large","max-video-preview":"max-video-preview:-1"},"canonical":"https:\/\/www.copealcoy.es\/es\/alcoy-vive-su-gran-noche-de-magia-e-ilusion\/","og_locale":"es_ES","og_type":"article","og_title":"Alcoy vive su gran noche de magia e ilusi\u00f3n - COPE Alcoy","og_description":"Alcoy fue testigo ayer de una multitudinaria 133 edici\u00f3n de su Cabalgata en la que miles de personas, tanto alcoyanos...","og_url":"https:\/\/www.copealcoy.es\/es\/alcoy-vive-su-gran-noche-de-magia-e-ilusion\/","og_site_name":"COPE Alcoy","article_published_time":"2018-01-06T09:01:52+00:00","article_modified_time":"2018-01-06T09:10:32+00:00","og_image":[{"width":1200,"height":800,"url":"https:\/\/www.copealcoy.es\/wp-content\/uploads\/2018\/01\/Cabalgata-Alcoy.jpg","type":"image\/jpeg"}],"author":"Cope Alcoy","twitter_misc":{"Escrito por":"Cope Alcoy","Tiempo de lectura":"2 minutos"},"schema":{"@context":"https:\/\/schema.org","@graph":[{"@type":"Article","@id":"https:\/\/www.copealcoy.es\/es\/alcoy-vive-su-gran-noche-de-magia-e-ilusion\/#article","isPartOf":{"@id":"https:\/\/www.copealcoy.es\/es\/alcoy-vive-su-gran-noche-de-magia-e-ilusion\/"},"author":{"name":"Cope Alcoy","@id":"https:\/\/www.copealcoy.es\/es\/#\/schema\/person\/e777c87fa024e57d40170af9df39882c"},"headline":"Alcoy vive su gran noche de magia e ilusi\u00f3n","datePublished":"2018-01-06T09:01:52+00:00","dateModified":"2018-01-06T09:10:32+00:00","mainEntityOfPage":{"@id":"https:\/\/www.copealcoy.es\/es\/alcoy-vive-su-gran-noche-de-magia-e-ilusion\/"},"wordCount":432,"commentCount":0,"image":{"@id":"https:\/\/www.copealcoy.es\/es\/alcoy-vive-su-gran-noche-de-magia-e-ilusion\/#primaryimage"},"thumbnailUrl":"https:\/\/www.copealcoy.es\/wp-content\/uploads\/2018\/01\/Cabalgata-Alcoy.jpg","keywords":["Alcoi Ciutat del Nadal","Alcoy","Cabalgata","Pajes","Reyes Magos"],"articleSection":["Alcoy","Fiesta y Cultura","Noticias","Portada"],"inLanguage":"es"},{"@type":"WebPage","@id":"https:\/\/www.copealcoy.es\/es\/alcoy-vive-su-gran-noche-de-magia-e-ilusion\/","url":"https:\/\/www.copealcoy.es\/es\/alcoy-vive-su-gran-noche-de-magia-e-ilusion\/","name":"Alcoy vive su gran noche de magia e ilusi\u00f3n - COPE Alcoy","isPartOf":{"@id":"https:\/\/www.copealcoy.es\/es\/#website"},"primaryImageOfPage":{"@id":"https:\/\/www.copealcoy.es\/es\/alcoy-vive-su-gran-noche-de-magia-e-ilusion\/#primaryimage"},"image":{"@id":"https:\/\/www.copealcoy.es\/es\/alcoy-vive-su-gran-noche-de-magia-e-ilusion\/#primaryimage"},"thumbnailUrl":"https:\/\/www.copealcoy.es\/wp-content\/uploads\/2018\/01\/Cabalgata-Alcoy.jpg","datePublished":"2018-01-06T09:01:52+00:00","dateModified":"2018-01-06T09:10:32+00:00","author":{"@id":"https:\/\/www.copealcoy.es\/es\/#\/schema\/person\/e777c87fa024e57d40170af9df39882c"},"breadcrumb":{"@id":"https:\/\/www.copealcoy.es\/es\/alcoy-vive-su-gran-noche-de-magia-e-ilusion\/#breadcrumb"},"inLanguage":"es","potentialAction":[{"@type":"ReadAction","target":["https:\/\/www.copealcoy.es\/es\/alcoy-vive-su-gran-noche-de-magia-e-ilusion\/"]}]},{"@type":"ImageObject","inLanguage":"es","@id":"https:\/\/www.copealcoy.es\/es\/alcoy-vive-su-gran-noche-de-magia-e-ilusion\/#primaryimage","url":"https:\/\/www.copealcoy.es\/wp-content\/uploads\/2018\/01\/Cabalgata-Alcoy.jpg","contentUrl":"https:\/\/www.copealcoy.es\/wp-content\/uploads\/2018\/01\/Cabalgata-Alcoy.jpg","width":1200,"height":800,"caption":"Los Reyes Magos recibieron multitudinarias muestras de cari\u00f1o \/ Foto: Pepe Olivares"},{"@type":"BreadcrumbList","@id":"https:\/\/www.copealcoy.es\/es\/alcoy-vive-su-gran-noche-de-magia-e-ilusion\/#breadcrumb","itemListElement":[{"@type":"ListItem","position":1,"name":"Portada","item":"https:\/\/www.copealcoy.es\/es\/"},{"@type":"ListItem","position":2,"name":"Alcoy vive su gran noche de magia e ilusi\u00f3n"}]},{"@type":"WebSite","@id":"https:\/\/www.copealcoy.es\/es\/#website","url":"https:\/\/www.copealcoy.es\/es\/","name":"COPE Alcoy","description":"Emisora COPE de radio local con emisi\u00f3n online. Pont de Sant Jordi 8-10 03803 Alcoy","potentialAction":[{"@type":"SearchAction","target":{"@type":"EntryPoint","urlTemplate":"https:\/\/www.copealcoy.es\/es\/?s={search_term_string}"},"query-input":{"@type":"PropertyValueSpecification","valueRequired":true,"valueName":"search_term_string"}}],"inLanguage":"es"},{"@type":"Person","@id":"https:\/\/www.copealcoy.es\/es\/#\/schema\/person\/e777c87fa024e57d40170af9df39882c","name":"Cope Alcoy","image":{"@type":"ImageObject","inLanguage":"es","@id":"https:\/\/secure.gravatar.com\/avatar\/bb65d0283347e303893ba14f0692005417c1e0e690a325a4c5d8bb2b3943ee14?s=96&d=mm&r=g","url":"https:\/\/secure.gravatar.com\/avatar\/bb65d0283347e303893ba14f0692005417c1e0e690a325a4c5d8bb2b3943ee14?s=96&d=mm&r=g","contentUrl":"https:\/\/secure.gravatar.com\/avatar\/bb65d0283347e303893ba14f0692005417c1e0e690a325a4c5d8bb2b3943ee14?s=96&d=mm&r=g","caption":"Cope Alcoy"}}]}},"_links":{"self":[{"href":"https:\/\/www.copealcoy.es\/es\/wp-json\/wp\/v2\/posts\/37955","targetHints":{"allow":["GET"]}}],"collection":[{"href":"https:\/\/www.copealcoy.es\/es\/wp-json\/wp\/v2\/posts"}],"about":[{"href":"https:\/\/www.copealcoy.es\/es\/wp-json\/wp\/v2\/types\/post"}],"author":[{"embeddable":true,"href":"https:\/\/www.copealcoy.es\/es\/wp-json\/wp\/v2\/users\/1"}],"replies":[{"embeddable":true,"href":"https:\/\/www.copealcoy.es\/es\/wp-json\/wp\/v2\/comments?post=37955"}],"version-history":[{"count":0,"href":"https:\/\/www.copealcoy.es\/es\/wp-json\/wp\/v2\/posts\/37955\/revisions"}],"wp:featuredmedia":[{"embeddable":true,"href":"https:\/\/www.copealcoy.es\/es\/wp-json\/wp\/v2\/media\/37957"}],"wp:attachment":[{"href":"https:\/\/www.copealcoy.es\/es\/wp-json\/wp\/v2\/media?parent=37955"}],"wp:term":[{"taxonomy":"category","embeddable":true,"href":"https:\/\/www.copealcoy.es\/es\/wp-json\/wp\/v2\/categories?post=37955"},{"taxonomy":"post_tag","embeddable":true,"href":"https:\/\/www.copealcoy.es\/es\/wp-json\/wp\/v2\/tags?post=37955"}],"curies":[{"name":"wp","href":"https:\/\/api.w.org\/{rel}","templated":true}]}}