{"id":37921,"date":"2018-01-05T06:00:59","date_gmt":"2018-01-05T06:00:59","guid":{"rendered":"http:\/\/copealcoi.es\/new\/?p=37921"},"modified":"2018-01-03T16:13:31","modified_gmt":"2018-01-03T16:13:31","slug":"alcoy-espera-con-ilusion-la-llegada-de-los-magos-de-oriente","status":"publish","type":"post","link":"https:\/\/www.copealcoy.es\/es\/alcoy-espera-con-ilusion-la-llegada-de-los-magos-de-oriente\/","title":{"rendered":"Alcoy espera con ilusi\u00f3n la llegada de los Magos de Oriente"},"content":{"rendered":"<p style=\"text-align: justify;\">Alcoy vivir\u00e1 hoy <strong>la 133 edici\u00f3n de su Cabalgata de Reyes<\/strong>, un desfile que es <strong>Bien de Inter\u00e9s Cultural<\/strong> y que cuenta tambi\u00e9n con la distinci\u00f3n de <strong>Fiesta de Inter\u00e9s Tur\u00edstico Nacional<\/strong>.<\/p>\n<p style=\"text-align: justify;\">El acto dar\u00e1 inicio<strong> a las seis de la tarde<\/strong> desde la parte alta de El Cam\u00ed y en el mismos <strong>se espera la participaci\u00f3n de m\u00e1s de dos mil personas<\/strong> entre los acompa\u00f1amientos de los tres Reyes, los Pajes &#8216;Negrets&#8217;, m\u00fasicos e integrantes de los grupos de baile y m\u00fasica tradicional. Como cada a\u00f1o <strong>Sus Majestades necesitar\u00e1n la ayuda de varias entidades<\/strong> para hacer la entrada triunfal en Alcoy y en esta ocasi\u00f3n sus ayudantes\u00a0ser\u00e1n el <strong>Club de F\u00fatbol Pista<\/strong>, que est\u00e1 celebrando el 75 aniversario de su fundaci\u00f3n; la compa\u00f1\u00eda <strong>Uni\u00f3n Alcoyana Seguros<\/strong>, que en 2017 conmemor\u00f3 su 140 aniversario, y la <strong>Fil\u00e0 Andaluces<\/strong>.<\/p>\n<p style=\"text-align: justify;\">La Cabalgata avanzar\u00e1 por El Cam\u00ed y la calle San Nicol\u00e1s <strong>hasta llegar a la Plaza de Espa\u00f1a<\/strong>; lugar en el que se ha previsto <strong>la Adoraci\u00f3n al Ni\u00f1o Jes\u00fas y a la Sagrada Familia<\/strong> a los compases <strong>del &#8216;Aleluya&#8217; de H\u00e4ndel<\/strong> &#8220;<em>es uno de los momentos m\u00e1s esperados y que m\u00e1s emociona a los alcoyanos y turistas que nos visitan. Los fuegos artificiales, el volteo de las campanas de Santa Mar\u00eda, la m\u00fasica y los efectos especiales de luz y sonido crean una atm\u00f3sfera especial que ponen de manifiesto que en Alcoy tenemos una Cabalgata \u00fanica que adem\u00e1s es la m\u00e1s antigua de Espa\u00f1a<\/em>&#8220;, aseguraba en COPE ALCOY el edil de Fiestas en Alcoy; <strong>Ra\u00fcl Llopis<\/strong>.<\/p>\n<div class=\"page\" title=\"Page 11\">\n<div class=\"section\">\n<div class=\"layoutArea\">\n<div class=\"column\">\n<p style=\"text-align: justify;\">Recordar que este a\u00f1o la Cabalgata de Alcoy <strong>se podr\u00e1 ver en directo a trav\u00e9s de Mediterr\u00e1neo TV<\/strong> (La Ocho), perteneciente al Grupo Cope Comunidad Valenciana, y <strong>TVA<\/strong>, la televisi\u00f3n comarcal de l\u2019Alcoi\u00e0, el Comtat y la Foia de Castalla.<\/p>\n<\/div>\n<\/div>\n<\/div>\n<\/div>\n","protected":false},"excerpt":{"rendered":"<p>Alcoy vivir\u00e1 hoy la 133 edici\u00f3n de su Cabalgata de Reyes, un desfile que es Bien de Inter\u00e9s Cultural y&#8230;<\/p>\n","protected":false},"author":1,"featured_media":27742,"comment_status":"open","ping_status":"open","sticky":false,"template":"","format":"standard","meta":{"footnotes":""},"categories":[97,75,125],"tags":[3510,2700,1494,368,503,488,1154],"class_list":["post-37921","post","type-post","status-publish","format-standard","has-post-thumbnail","hentry","category-alcoy","category-noticias","category-portada","tag-adoracion","tag-alcoi-ciutat-del-nadal","tag-alcoy","tag-cabalgata","tag-pajes","tag-reyes-magos","tag-visita"],"yoast_head":"<!-- This site is optimized with the Yoast SEO plugin v27.3 - https:\/\/yoast.com\/product\/yoast-seo-wordpress\/ -->\n<title>Alcoy espera con ilusi\u00f3n la llegada de los Magos de Oriente - COPE Alcoy<\/title>\n<meta name=\"robots\" content=\"index, follow, max-snippet:-1, max-image-preview:large, max-video-preview:-1\" \/>\n<link rel=\"canonical\" href=\"https:\/\/www.copealcoy.es\/es\/alcoy-espera-con-ilusion-la-llegada-de-los-magos-de-oriente\/\" \/>\n<meta property=\"og:locale\" content=\"es_ES\" \/>\n<meta property=\"og:type\" content=\"article\" \/>\n<meta property=\"og:title\" content=\"Alcoy espera con ilusi\u00f3n la llegada de los Magos de Oriente - COPE Alcoy\" \/>\n<meta property=\"og:description\" content=\"Alcoy vivir\u00e1 hoy la 133 edici\u00f3n de su Cabalgata de Reyes, un desfile que es Bien de Inter\u00e9s Cultural y...\" \/>\n<meta property=\"og:url\" content=\"https:\/\/www.copealcoy.es\/es\/alcoy-espera-con-ilusion-la-llegada-de-los-magos-de-oriente\/\" \/>\n<meta property=\"og:site_name\" content=\"COPE Alcoy\" \/>\n<meta property=\"article:published_time\" content=\"2018-01-05T06:00:59+00:00\" \/>\n<meta property=\"og:image\" content=\"https:\/\/www.copealcoy.es\/wp-content\/uploads\/2017\/01\/PAU9583-e1483648552920-1024x560.jpg\" \/>\n\t<meta property=\"og:image:width\" content=\"1024\" \/>\n\t<meta property=\"og:image:height\" content=\"560\" \/>\n\t<meta property=\"og:image:type\" content=\"image\/jpeg\" \/>\n<meta name=\"author\" content=\"Cope Alcoy\" \/>\n<meta name=\"twitter:label1\" content=\"Escrito por\" \/>\n\t<meta name=\"twitter:data1\" content=\"Cope Alcoy\" \/>\n\t<meta name=\"twitter:label2\" content=\"Tiempo de lectura\" \/>\n\t<meta name=\"twitter:data2\" content=\"2 minutos\" \/>\n<script type=\"application\/ld+json\" class=\"yoast-schema-graph\">{\"@context\":\"https:\\\/\\\/schema.org\",\"@graph\":[{\"@type\":\"Article\",\"@id\":\"https:\\\/\\\/www.copealcoy.es\\\/es\\\/alcoy-espera-con-ilusion-la-llegada-de-los-magos-de-oriente\\\/#article\",\"isPartOf\":{\"@id\":\"https:\\\/\\\/www.copealcoy.es\\\/es\\\/alcoy-espera-con-ilusion-la-llegada-de-los-magos-de-oriente\\\/\"},\"author\":{\"name\":\"Cope Alcoy\",\"@id\":\"https:\\\/\\\/www.copealcoy.es\\\/es\\\/#\\\/schema\\\/person\\\/e777c87fa024e57d40170af9df39882c\"},\"headline\":\"Alcoy espera con ilusi\u00f3n la llegada de los Magos de Oriente\",\"datePublished\":\"2018-01-05T06:00:59+00:00\",\"mainEntityOfPage\":{\"@id\":\"https:\\\/\\\/www.copealcoy.es\\\/es\\\/alcoy-espera-con-ilusion-la-llegada-de-los-magos-de-oriente\\\/\"},\"wordCount\":343,\"commentCount\":0,\"image\":{\"@id\":\"https:\\\/\\\/www.copealcoy.es\\\/es\\\/alcoy-espera-con-ilusion-la-llegada-de-los-magos-de-oriente\\\/#primaryimage\"},\"thumbnailUrl\":\"https:\\\/\\\/www.copealcoy.es\\\/wp-content\\\/uploads\\\/2017\\\/01\\\/PAU9583-e1640908893719.jpg\",\"keywords\":[\"Adoraci\u00f3n\",\"Alcoi Ciutat del Nadal\",\"Alcoy\",\"Cabalgata\",\"Pajes\",\"Reyes Magos\",\"Visita\"],\"articleSection\":[\"Alcoy\",\"Noticias\",\"Portada\"],\"inLanguage\":\"es\"},{\"@type\":\"WebPage\",\"@id\":\"https:\\\/\\\/www.copealcoy.es\\\/es\\\/alcoy-espera-con-ilusion-la-llegada-de-los-magos-de-oriente\\\/\",\"url\":\"https:\\\/\\\/www.copealcoy.es\\\/es\\\/alcoy-espera-con-ilusion-la-llegada-de-los-magos-de-oriente\\\/\",\"name\":\"Alcoy espera con ilusi\u00f3n la llegada de los Magos de Oriente - COPE Alcoy\",\"isPartOf\":{\"@id\":\"https:\\\/\\\/www.copealcoy.es\\\/es\\\/#website\"},\"primaryImageOfPage\":{\"@id\":\"https:\\\/\\\/www.copealcoy.es\\\/es\\\/alcoy-espera-con-ilusion-la-llegada-de-los-magos-de-oriente\\\/#primaryimage\"},\"image\":{\"@id\":\"https:\\\/\\\/www.copealcoy.es\\\/es\\\/alcoy-espera-con-ilusion-la-llegada-de-los-magos-de-oriente\\\/#primaryimage\"},\"thumbnailUrl\":\"https:\\\/\\\/www.copealcoy.es\\\/wp-content\\\/uploads\\\/2017\\\/01\\\/PAU9583-e1640908893719.jpg\",\"datePublished\":\"2018-01-05T06:00:59+00:00\",\"author\":{\"@id\":\"https:\\\/\\\/www.copealcoy.es\\\/es\\\/#\\\/schema\\\/person\\\/e777c87fa024e57d40170af9df39882c\"},\"breadcrumb\":{\"@id\":\"https:\\\/\\\/www.copealcoy.es\\\/es\\\/alcoy-espera-con-ilusion-la-llegada-de-los-magos-de-oriente\\\/#breadcrumb\"},\"inLanguage\":\"es\",\"potentialAction\":[{\"@type\":\"ReadAction\",\"target\":[\"https:\\\/\\\/www.copealcoy.es\\\/es\\\/alcoy-espera-con-ilusion-la-llegada-de-los-magos-de-oriente\\\/\"]}]},{\"@type\":\"ImageObject\",\"inLanguage\":\"es\",\"@id\":\"https:\\\/\\\/www.copealcoy.es\\\/es\\\/alcoy-espera-con-ilusion-la-llegada-de-los-magos-de-oriente\\\/#primaryimage\",\"url\":\"https:\\\/\\\/www.copealcoy.es\\\/wp-content\\\/uploads\\\/2017\\\/01\\\/PAU9583-e1640908893719.jpg\",\"contentUrl\":\"https:\\\/\\\/www.copealcoy.es\\\/wp-content\\\/uploads\\\/2017\\\/01\\\/PAU9583-e1640908893719.jpg\",\"width\":640,\"height\":350,\"caption\":\"La Adoraci\u00f3n siempre es un momento m\u00e1gico en la Cabalgata de Alcoy \\\/ Foto: PST Fotograf\u00eda (Pau Sanchis Tarraz\u00f3)\"},{\"@type\":\"BreadcrumbList\",\"@id\":\"https:\\\/\\\/www.copealcoy.es\\\/es\\\/alcoy-espera-con-ilusion-la-llegada-de-los-magos-de-oriente\\\/#breadcrumb\",\"itemListElement\":[{\"@type\":\"ListItem\",\"position\":1,\"name\":\"Portada\",\"item\":\"https:\\\/\\\/www.copealcoy.es\\\/es\\\/\"},{\"@type\":\"ListItem\",\"position\":2,\"name\":\"Alcoy espera con ilusi\u00f3n la llegada de los Magos de Oriente\"}]},{\"@type\":\"WebSite\",\"@id\":\"https:\\\/\\\/www.copealcoy.es\\\/es\\\/#website\",\"url\":\"https:\\\/\\\/www.copealcoy.es\\\/es\\\/\",\"name\":\"COPE Alcoy\",\"description\":\"Emisora COPE de radio local con emisi\u00f3n online. Pont de Sant Jordi 8-10 03803 Alcoy\",\"potentialAction\":[{\"@type\":\"SearchAction\",\"target\":{\"@type\":\"EntryPoint\",\"urlTemplate\":\"https:\\\/\\\/www.copealcoy.es\\\/es\\\/?s={search_term_string}\"},\"query-input\":{\"@type\":\"PropertyValueSpecification\",\"valueRequired\":true,\"valueName\":\"search_term_string\"}}],\"inLanguage\":\"es\"},{\"@type\":\"Person\",\"@id\":\"https:\\\/\\\/www.copealcoy.es\\\/es\\\/#\\\/schema\\\/person\\\/e777c87fa024e57d40170af9df39882c\",\"name\":\"Cope Alcoy\",\"image\":{\"@type\":\"ImageObject\",\"inLanguage\":\"es\",\"@id\":\"https:\\\/\\\/secure.gravatar.com\\\/avatar\\\/bb65d0283347e303893ba14f0692005417c1e0e690a325a4c5d8bb2b3943ee14?s=96&d=mm&r=g\",\"url\":\"https:\\\/\\\/secure.gravatar.com\\\/avatar\\\/bb65d0283347e303893ba14f0692005417c1e0e690a325a4c5d8bb2b3943ee14?s=96&d=mm&r=g\",\"contentUrl\":\"https:\\\/\\\/secure.gravatar.com\\\/avatar\\\/bb65d0283347e303893ba14f0692005417c1e0e690a325a4c5d8bb2b3943ee14?s=96&d=mm&r=g\",\"caption\":\"Cope Alcoy\"}}]}<\/script>\n<!-- \/ Yoast SEO plugin. -->","yoast_head_json":{"title":"Alcoy espera con ilusi\u00f3n la llegada de los Magos de Oriente - COPE Alcoy","robots":{"index":"index","follow":"follow","max-snippet":"max-snippet:-1","max-image-preview":"max-image-preview:large","max-video-preview":"max-video-preview:-1"},"canonical":"https:\/\/www.copealcoy.es\/es\/alcoy-espera-con-ilusion-la-llegada-de-los-magos-de-oriente\/","og_locale":"es_ES","og_type":"article","og_title":"Alcoy espera con ilusi\u00f3n la llegada de los Magos de Oriente - COPE Alcoy","og_description":"Alcoy vivir\u00e1 hoy la 133 edici\u00f3n de su Cabalgata de Reyes, un desfile que es Bien de Inter\u00e9s Cultural y...","og_url":"https:\/\/www.copealcoy.es\/es\/alcoy-espera-con-ilusion-la-llegada-de-los-magos-de-oriente\/","og_site_name":"COPE Alcoy","article_published_time":"2018-01-05T06:00:59+00:00","og_image":[{"width":1024,"height":560,"url":"https:\/\/www.copealcoy.es\/wp-content\/uploads\/2017\/01\/PAU9583-e1483648552920-1024x560.jpg","type":"image\/jpeg"}],"author":"Cope Alcoy","twitter_misc":{"Escrito por":"Cope Alcoy","Tiempo de lectura":"2 minutos"},"schema":{"@context":"https:\/\/schema.org","@graph":[{"@type":"Article","@id":"https:\/\/www.copealcoy.es\/es\/alcoy-espera-con-ilusion-la-llegada-de-los-magos-de-oriente\/#article","isPartOf":{"@id":"https:\/\/www.copealcoy.es\/es\/alcoy-espera-con-ilusion-la-llegada-de-los-magos-de-oriente\/"},"author":{"name":"Cope Alcoy","@id":"https:\/\/www.copealcoy.es\/es\/#\/schema\/person\/e777c87fa024e57d40170af9df39882c"},"headline":"Alcoy espera con ilusi\u00f3n la llegada de los Magos de Oriente","datePublished":"2018-01-05T06:00:59+00:00","mainEntityOfPage":{"@id":"https:\/\/www.copealcoy.es\/es\/alcoy-espera-con-ilusion-la-llegada-de-los-magos-de-oriente\/"},"wordCount":343,"commentCount":0,"image":{"@id":"https:\/\/www.copealcoy.es\/es\/alcoy-espera-con-ilusion-la-llegada-de-los-magos-de-oriente\/#primaryimage"},"thumbnailUrl":"https:\/\/www.copealcoy.es\/wp-content\/uploads\/2017\/01\/PAU9583-e1640908893719.jpg","keywords":["Adoraci\u00f3n","Alcoi Ciutat del Nadal","Alcoy","Cabalgata","Pajes","Reyes Magos","Visita"],"articleSection":["Alcoy","Noticias","Portada"],"inLanguage":"es"},{"@type":"WebPage","@id":"https:\/\/www.copealcoy.es\/es\/alcoy-espera-con-ilusion-la-llegada-de-los-magos-de-oriente\/","url":"https:\/\/www.copealcoy.es\/es\/alcoy-espera-con-ilusion-la-llegada-de-los-magos-de-oriente\/","name":"Alcoy espera con ilusi\u00f3n la llegada de los Magos de Oriente - COPE Alcoy","isPartOf":{"@id":"https:\/\/www.copealcoy.es\/es\/#website"},"primaryImageOfPage":{"@id":"https:\/\/www.copealcoy.es\/es\/alcoy-espera-con-ilusion-la-llegada-de-los-magos-de-oriente\/#primaryimage"},"image":{"@id":"https:\/\/www.copealcoy.es\/es\/alcoy-espera-con-ilusion-la-llegada-de-los-magos-de-oriente\/#primaryimage"},"thumbnailUrl":"https:\/\/www.copealcoy.es\/wp-content\/uploads\/2017\/01\/PAU9583-e1640908893719.jpg","datePublished":"2018-01-05T06:00:59+00:00","author":{"@id":"https:\/\/www.copealcoy.es\/es\/#\/schema\/person\/e777c87fa024e57d40170af9df39882c"},"breadcrumb":{"@id":"https:\/\/www.copealcoy.es\/es\/alcoy-espera-con-ilusion-la-llegada-de-los-magos-de-oriente\/#breadcrumb"},"inLanguage":"es","potentialAction":[{"@type":"ReadAction","target":["https:\/\/www.copealcoy.es\/es\/alcoy-espera-con-ilusion-la-llegada-de-los-magos-de-oriente\/"]}]},{"@type":"ImageObject","inLanguage":"es","@id":"https:\/\/www.copealcoy.es\/es\/alcoy-espera-con-ilusion-la-llegada-de-los-magos-de-oriente\/#primaryimage","url":"https:\/\/www.copealcoy.es\/wp-content\/uploads\/2017\/01\/PAU9583-e1640908893719.jpg","contentUrl":"https:\/\/www.copealcoy.es\/wp-content\/uploads\/2017\/01\/PAU9583-e1640908893719.jpg","width":640,"height":350,"caption":"La Adoraci\u00f3n siempre es un momento m\u00e1gico en la Cabalgata de Alcoy \/ Foto: PST Fotograf\u00eda (Pau Sanchis Tarraz\u00f3)"},{"@type":"BreadcrumbList","@id":"https:\/\/www.copealcoy.es\/es\/alcoy-espera-con-ilusion-la-llegada-de-los-magos-de-oriente\/#breadcrumb","itemListElement":[{"@type":"ListItem","position":1,"name":"Portada","item":"https:\/\/www.copealcoy.es\/es\/"},{"@type":"ListItem","position":2,"name":"Alcoy espera con ilusi\u00f3n la llegada de los Magos de Oriente"}]},{"@type":"WebSite","@id":"https:\/\/www.copealcoy.es\/es\/#website","url":"https:\/\/www.copealcoy.es\/es\/","name":"COPE Alcoy","description":"Emisora COPE de radio local con emisi\u00f3n online. Pont de Sant Jordi 8-10 03803 Alcoy","potentialAction":[{"@type":"SearchAction","target":{"@type":"EntryPoint","urlTemplate":"https:\/\/www.copealcoy.es\/es\/?s={search_term_string}"},"query-input":{"@type":"PropertyValueSpecification","valueRequired":true,"valueName":"search_term_string"}}],"inLanguage":"es"},{"@type":"Person","@id":"https:\/\/www.copealcoy.es\/es\/#\/schema\/person\/e777c87fa024e57d40170af9df39882c","name":"Cope Alcoy","image":{"@type":"ImageObject","inLanguage":"es","@id":"https:\/\/secure.gravatar.com\/avatar\/bb65d0283347e303893ba14f0692005417c1e0e690a325a4c5d8bb2b3943ee14?s=96&d=mm&r=g","url":"https:\/\/secure.gravatar.com\/avatar\/bb65d0283347e303893ba14f0692005417c1e0e690a325a4c5d8bb2b3943ee14?s=96&d=mm&r=g","contentUrl":"https:\/\/secure.gravatar.com\/avatar\/bb65d0283347e303893ba14f0692005417c1e0e690a325a4c5d8bb2b3943ee14?s=96&d=mm&r=g","caption":"Cope Alcoy"}}]}},"_links":{"self":[{"href":"https:\/\/www.copealcoy.es\/es\/wp-json\/wp\/v2\/posts\/37921","targetHints":{"allow":["GET"]}}],"collection":[{"href":"https:\/\/www.copealcoy.es\/es\/wp-json\/wp\/v2\/posts"}],"about":[{"href":"https:\/\/www.copealcoy.es\/es\/wp-json\/wp\/v2\/types\/post"}],"author":[{"embeddable":true,"href":"https:\/\/www.copealcoy.es\/es\/wp-json\/wp\/v2\/users\/1"}],"replies":[{"embeddable":true,"href":"https:\/\/www.copealcoy.es\/es\/wp-json\/wp\/v2\/comments?post=37921"}],"version-history":[{"count":0,"href":"https:\/\/www.copealcoy.es\/es\/wp-json\/wp\/v2\/posts\/37921\/revisions"}],"wp:featuredmedia":[{"embeddable":true,"href":"https:\/\/www.copealcoy.es\/es\/wp-json\/wp\/v2\/media\/27742"}],"wp:attachment":[{"href":"https:\/\/www.copealcoy.es\/es\/wp-json\/wp\/v2\/media?parent=37921"}],"wp:term":[{"taxonomy":"category","embeddable":true,"href":"https:\/\/www.copealcoy.es\/es\/wp-json\/wp\/v2\/categories?post=37921"},{"taxonomy":"post_tag","embeddable":true,"href":"https:\/\/www.copealcoy.es\/es\/wp-json\/wp\/v2\/tags?post=37921"}],"curies":[{"name":"wp","href":"https:\/\/api.w.org\/{rel}","templated":true}]}}