{"id":37849,"date":"2017-12-29T14:15:19","date_gmt":"2017-12-29T14:15:19","guid":{"rendered":"http:\/\/copealcoi.es\/new\/?p=37849"},"modified":"2017-12-29T14:15:19","modified_gmt":"2017-12-29T14:15:19","slug":"finalizan-las-obras-para-la-mejora-de-los-poligonos-industriales-de-alcoy","status":"publish","type":"post","link":"https:\/\/www.copealcoy.es\/es\/finalizan-las-obras-para-la-mejora-de-los-poligonos-industriales-de-alcoy\/","title":{"rendered":"Finalizan las obras para la mejora de los Pol\u00edgonos Industriales de Alcoy"},"content":{"rendered":"<p style=\"text-align: justify;\">Alcoy ha ultimado a contrarreloj las obras para la mejora de los Pol\u00edgonos Industriales, unas actuaciones que cuentan con 3\u00b48 millones de euros aportados por el IVACE y por el Ayuntamiento de Alcoy.\u00a0Los trabajos se han centrado en la zona del\u00a0Castellar;\u00a0Cotes Altes, Beniata\u00a0, Cotes Baixes\u00a0y Santiago Pay\u00e0. La intervenci\u00f3n, que se ha realizado en los \u00faltimos meses, ha consistido en la instalaci\u00f3n de\u00a0c\u00e1maras de vigilancia\u00a0para mejorar la seguridad, la apuesta por\u00a0la\u00a0iluminaci\u00f3n de tecnolog\u00eda LED\u00a0y las energ\u00edas renovables, la creaci\u00f3n de una web para informar sobre el estado de los Pol\u00edgonos, la mejora de los\u00a0aparcamientos,\u00a0la\u00a0se\u00f1alizaci\u00f3n\u00a0y los\u00a0espacios verdes.\u00a0Manolo Gomicia, concejal de Industria, destaca que a fecha de hoy estas obras est\u00e1n ejecutadas en un 90% y apunta que las peque\u00f1as actuaciones que quedan por hacer ir\u00e1n a cargo del Consistorio &#8220;han quedado por hacer m\u00ednimas cuestiones que se han complicado a \u00faltima hora debido a la tramitaci\u00f3n de la obra o porque se no ha podido culminar una zona verde a causa de la lluvia de los \u00faltimos d\u00edas&#8221;, manifiesta el edil.<\/p>\n<p style=\"text-align: justify;\">Recordar que el Conseller Climent anunci\u00f3 hace unos d\u00edas que la\u00a0Generalitat Valenciana\u00a0aumentar\u00e1 su aportaci\u00f3n\u00a0para la\u00a0mejora de los Pol\u00edgonos Industriales\u00a0de nuestras comarcas y de esta forma\u00a0asumir\u00e1 el 100% del coste final\u00a0de las actuaciones en vez del 70% que se hab\u00eda previsto en un principio.<\/p>\n","protected":false},"excerpt":{"rendered":"<p>Alcoy ha ultimado a contrarreloj las obras para la mejora de los Pol\u00edgonos Industriales, unas actuaciones que cuentan con 3\u00b48&#8230;<\/p>\n","protected":false},"author":1,"featured_media":37850,"comment_status":"open","ping_status":"open","sticky":false,"template":"","format":"standard","meta":{"footnotes":""},"categories":[97,75,125],"tags":[1494,433,1503,1871,145,1469],"class_list":["post-37849","post","type-post","status-publish","format-standard","has-post-thumbnail","hentry","category-alcoy","category-noticias","category-portada","tag-alcoy","tag-industria","tag-ivace","tag-manolo-gomicia","tag-obras","tag-poligonos-industriales"],"yoast_head":"<!-- This site is optimized with the Yoast SEO plugin v27.3 - https:\/\/yoast.com\/product\/yoast-seo-wordpress\/ -->\n<title>Finalizan las obras para la mejora de los Pol\u00edgonos Industriales de Alcoy - COPE Alcoy<\/title>\n<meta name=\"robots\" content=\"index, follow, max-snippet:-1, max-image-preview:large, max-video-preview:-1\" \/>\n<link rel=\"canonical\" href=\"https:\/\/www.copealcoy.es\/es\/finalizan-las-obras-para-la-mejora-de-los-poligonos-industriales-de-alcoy\/\" \/>\n<meta property=\"og:locale\" content=\"es_ES\" \/>\n<meta property=\"og:type\" content=\"article\" \/>\n<meta property=\"og:title\" content=\"Finalizan las obras para la mejora de los Pol\u00edgonos Industriales de Alcoy - COPE Alcoy\" \/>\n<meta property=\"og:description\" content=\"Alcoy ha ultimado a contrarreloj las obras para la mejora de los Pol\u00edgonos Industriales, unas actuaciones que cuentan con 3\u00b48...\" \/>\n<meta property=\"og:url\" content=\"https:\/\/www.copealcoy.es\/es\/finalizan-las-obras-para-la-mejora-de-los-poligonos-industriales-de-alcoy\/\" \/>\n<meta property=\"og:site_name\" content=\"COPE Alcoy\" \/>\n<meta property=\"article:published_time\" content=\"2017-12-29T14:15:19+00:00\" \/>\n<meta property=\"og:image\" content=\"https:\/\/www.copealcoy.es\/wp-content\/uploads\/2017\/12\/26167640_2224841374208701_8145301296477641258_n.jpg\" \/>\n\t<meta property=\"og:image:width\" content=\"960\" \/>\n\t<meta property=\"og:image:height\" content=\"640\" \/>\n\t<meta property=\"og:image:type\" content=\"image\/jpeg\" \/>\n<meta name=\"author\" content=\"Cope Alcoy\" \/>\n<meta name=\"twitter:label1\" content=\"Escrito por\" \/>\n\t<meta name=\"twitter:data1\" content=\"Cope Alcoy\" \/>\n\t<meta name=\"twitter:label2\" content=\"Tiempo de lectura\" \/>\n\t<meta name=\"twitter:data2\" content=\"1 minuto\" \/>\n<script type=\"application\/ld+json\" class=\"yoast-schema-graph\">{\"@context\":\"https:\\\/\\\/schema.org\",\"@graph\":[{\"@type\":\"Article\",\"@id\":\"https:\\\/\\\/www.copealcoy.es\\\/es\\\/finalizan-las-obras-para-la-mejora-de-los-poligonos-industriales-de-alcoy\\\/#article\",\"isPartOf\":{\"@id\":\"https:\\\/\\\/www.copealcoy.es\\\/es\\\/finalizan-las-obras-para-la-mejora-de-los-poligonos-industriales-de-alcoy\\\/\"},\"author\":{\"name\":\"Cope Alcoy\",\"@id\":\"https:\\\/\\\/www.copealcoy.es\\\/es\\\/#\\\/schema\\\/person\\\/e777c87fa024e57d40170af9df39882c\"},\"headline\":\"Finalizan las obras para la mejora de los Pol\u00edgonos Industriales de Alcoy\",\"datePublished\":\"2017-12-29T14:15:19+00:00\",\"mainEntityOfPage\":{\"@id\":\"https:\\\/\\\/www.copealcoy.es\\\/es\\\/finalizan-las-obras-para-la-mejora-de-los-poligonos-industriales-de-alcoy\\\/\"},\"wordCount\":265,\"commentCount\":0,\"image\":{\"@id\":\"https:\\\/\\\/www.copealcoy.es\\\/es\\\/finalizan-las-obras-para-la-mejora-de-los-poligonos-industriales-de-alcoy\\\/#primaryimage\"},\"thumbnailUrl\":\"https:\\\/\\\/www.copealcoy.es\\\/wp-content\\\/uploads\\\/2017\\\/12\\\/26167640_2224841374208701_8145301296477641258_n.jpg\",\"keywords\":[\"Alcoy\",\"Industria\",\"IVACE\",\"Manolo Gomicia\",\"Obras\",\"Pol\u00edgonos Industriales\"],\"articleSection\":[\"Alcoy\",\"Noticias\",\"Portada\"],\"inLanguage\":\"es\"},{\"@type\":\"WebPage\",\"@id\":\"https:\\\/\\\/www.copealcoy.es\\\/es\\\/finalizan-las-obras-para-la-mejora-de-los-poligonos-industriales-de-alcoy\\\/\",\"url\":\"https:\\\/\\\/www.copealcoy.es\\\/es\\\/finalizan-las-obras-para-la-mejora-de-los-poligonos-industriales-de-alcoy\\\/\",\"name\":\"Finalizan las obras para la mejora de los Pol\u00edgonos Industriales de Alcoy - COPE Alcoy\",\"isPartOf\":{\"@id\":\"https:\\\/\\\/www.copealcoy.es\\\/es\\\/#website\"},\"primaryImageOfPage\":{\"@id\":\"https:\\\/\\\/www.copealcoy.es\\\/es\\\/finalizan-las-obras-para-la-mejora-de-los-poligonos-industriales-de-alcoy\\\/#primaryimage\"},\"image\":{\"@id\":\"https:\\\/\\\/www.copealcoy.es\\\/es\\\/finalizan-las-obras-para-la-mejora-de-los-poligonos-industriales-de-alcoy\\\/#primaryimage\"},\"thumbnailUrl\":\"https:\\\/\\\/www.copealcoy.es\\\/wp-content\\\/uploads\\\/2017\\\/12\\\/26167640_2224841374208701_8145301296477641258_n.jpg\",\"datePublished\":\"2017-12-29T14:15:19+00:00\",\"author\":{\"@id\":\"https:\\\/\\\/www.copealcoy.es\\\/es\\\/#\\\/schema\\\/person\\\/e777c87fa024e57d40170af9df39882c\"},\"breadcrumb\":{\"@id\":\"https:\\\/\\\/www.copealcoy.es\\\/es\\\/finalizan-las-obras-para-la-mejora-de-los-poligonos-industriales-de-alcoy\\\/#breadcrumb\"},\"inLanguage\":\"es\",\"potentialAction\":[{\"@type\":\"ReadAction\",\"target\":[\"https:\\\/\\\/www.copealcoy.es\\\/es\\\/finalizan-las-obras-para-la-mejora-de-los-poligonos-industriales-de-alcoy\\\/\"]}]},{\"@type\":\"ImageObject\",\"inLanguage\":\"es\",\"@id\":\"https:\\\/\\\/www.copealcoy.es\\\/es\\\/finalizan-las-obras-para-la-mejora-de-los-poligonos-industriales-de-alcoy\\\/#primaryimage\",\"url\":\"https:\\\/\\\/www.copealcoy.es\\\/wp-content\\\/uploads\\\/2017\\\/12\\\/26167640_2224841374208701_8145301296477641258_n.jpg\",\"contentUrl\":\"https:\\\/\\\/www.copealcoy.es\\\/wp-content\\\/uploads\\\/2017\\\/12\\\/26167640_2224841374208701_8145301296477641258_n.jpg\",\"width\":960,\"height\":640},{\"@type\":\"BreadcrumbList\",\"@id\":\"https:\\\/\\\/www.copealcoy.es\\\/es\\\/finalizan-las-obras-para-la-mejora-de-los-poligonos-industriales-de-alcoy\\\/#breadcrumb\",\"itemListElement\":[{\"@type\":\"ListItem\",\"position\":1,\"name\":\"Portada\",\"item\":\"https:\\\/\\\/www.copealcoy.es\\\/es\\\/\"},{\"@type\":\"ListItem\",\"position\":2,\"name\":\"Finalizan las obras para la mejora de los Pol\u00edgonos Industriales de Alcoy\"}]},{\"@type\":\"WebSite\",\"@id\":\"https:\\\/\\\/www.copealcoy.es\\\/es\\\/#website\",\"url\":\"https:\\\/\\\/www.copealcoy.es\\\/es\\\/\",\"name\":\"COPE Alcoy\",\"description\":\"Emisora COPE de radio local con emisi\u00f3n online. Pont de Sant Jordi 8-10 03803 Alcoy\",\"potentialAction\":[{\"@type\":\"SearchAction\",\"target\":{\"@type\":\"EntryPoint\",\"urlTemplate\":\"https:\\\/\\\/www.copealcoy.es\\\/es\\\/?s={search_term_string}\"},\"query-input\":{\"@type\":\"PropertyValueSpecification\",\"valueRequired\":true,\"valueName\":\"search_term_string\"}}],\"inLanguage\":\"es\"},{\"@type\":\"Person\",\"@id\":\"https:\\\/\\\/www.copealcoy.es\\\/es\\\/#\\\/schema\\\/person\\\/e777c87fa024e57d40170af9df39882c\",\"name\":\"Cope Alcoy\",\"image\":{\"@type\":\"ImageObject\",\"inLanguage\":\"es\",\"@id\":\"https:\\\/\\\/secure.gravatar.com\\\/avatar\\\/bb65d0283347e303893ba14f0692005417c1e0e690a325a4c5d8bb2b3943ee14?s=96&d=mm&r=g\",\"url\":\"https:\\\/\\\/secure.gravatar.com\\\/avatar\\\/bb65d0283347e303893ba14f0692005417c1e0e690a325a4c5d8bb2b3943ee14?s=96&d=mm&r=g\",\"contentUrl\":\"https:\\\/\\\/secure.gravatar.com\\\/avatar\\\/bb65d0283347e303893ba14f0692005417c1e0e690a325a4c5d8bb2b3943ee14?s=96&d=mm&r=g\",\"caption\":\"Cope Alcoy\"}}]}<\/script>\n<!-- \/ Yoast SEO plugin. -->","yoast_head_json":{"title":"Finalizan las obras para la mejora de los Pol\u00edgonos Industriales de Alcoy - COPE Alcoy","robots":{"index":"index","follow":"follow","max-snippet":"max-snippet:-1","max-image-preview":"max-image-preview:large","max-video-preview":"max-video-preview:-1"},"canonical":"https:\/\/www.copealcoy.es\/es\/finalizan-las-obras-para-la-mejora-de-los-poligonos-industriales-de-alcoy\/","og_locale":"es_ES","og_type":"article","og_title":"Finalizan las obras para la mejora de los Pol\u00edgonos Industriales de Alcoy - COPE Alcoy","og_description":"Alcoy ha ultimado a contrarreloj las obras para la mejora de los Pol\u00edgonos Industriales, unas actuaciones que cuentan con 3\u00b48...","og_url":"https:\/\/www.copealcoy.es\/es\/finalizan-las-obras-para-la-mejora-de-los-poligonos-industriales-de-alcoy\/","og_site_name":"COPE Alcoy","article_published_time":"2017-12-29T14:15:19+00:00","og_image":[{"width":960,"height":640,"url":"https:\/\/www.copealcoy.es\/wp-content\/uploads\/2017\/12\/26167640_2224841374208701_8145301296477641258_n.jpg","type":"image\/jpeg"}],"author":"Cope Alcoy","twitter_misc":{"Escrito por":"Cope Alcoy","Tiempo de lectura":"1 minuto"},"schema":{"@context":"https:\/\/schema.org","@graph":[{"@type":"Article","@id":"https:\/\/www.copealcoy.es\/es\/finalizan-las-obras-para-la-mejora-de-los-poligonos-industriales-de-alcoy\/#article","isPartOf":{"@id":"https:\/\/www.copealcoy.es\/es\/finalizan-las-obras-para-la-mejora-de-los-poligonos-industriales-de-alcoy\/"},"author":{"name":"Cope Alcoy","@id":"https:\/\/www.copealcoy.es\/es\/#\/schema\/person\/e777c87fa024e57d40170af9df39882c"},"headline":"Finalizan las obras para la mejora de los Pol\u00edgonos Industriales de Alcoy","datePublished":"2017-12-29T14:15:19+00:00","mainEntityOfPage":{"@id":"https:\/\/www.copealcoy.es\/es\/finalizan-las-obras-para-la-mejora-de-los-poligonos-industriales-de-alcoy\/"},"wordCount":265,"commentCount":0,"image":{"@id":"https:\/\/www.copealcoy.es\/es\/finalizan-las-obras-para-la-mejora-de-los-poligonos-industriales-de-alcoy\/#primaryimage"},"thumbnailUrl":"https:\/\/www.copealcoy.es\/wp-content\/uploads\/2017\/12\/26167640_2224841374208701_8145301296477641258_n.jpg","keywords":["Alcoy","Industria","IVACE","Manolo Gomicia","Obras","Pol\u00edgonos Industriales"],"articleSection":["Alcoy","Noticias","Portada"],"inLanguage":"es"},{"@type":"WebPage","@id":"https:\/\/www.copealcoy.es\/es\/finalizan-las-obras-para-la-mejora-de-los-poligonos-industriales-de-alcoy\/","url":"https:\/\/www.copealcoy.es\/es\/finalizan-las-obras-para-la-mejora-de-los-poligonos-industriales-de-alcoy\/","name":"Finalizan las obras para la mejora de los Pol\u00edgonos Industriales de Alcoy - COPE Alcoy","isPartOf":{"@id":"https:\/\/www.copealcoy.es\/es\/#website"},"primaryImageOfPage":{"@id":"https:\/\/www.copealcoy.es\/es\/finalizan-las-obras-para-la-mejora-de-los-poligonos-industriales-de-alcoy\/#primaryimage"},"image":{"@id":"https:\/\/www.copealcoy.es\/es\/finalizan-las-obras-para-la-mejora-de-los-poligonos-industriales-de-alcoy\/#primaryimage"},"thumbnailUrl":"https:\/\/www.copealcoy.es\/wp-content\/uploads\/2017\/12\/26167640_2224841374208701_8145301296477641258_n.jpg","datePublished":"2017-12-29T14:15:19+00:00","author":{"@id":"https:\/\/www.copealcoy.es\/es\/#\/schema\/person\/e777c87fa024e57d40170af9df39882c"},"breadcrumb":{"@id":"https:\/\/www.copealcoy.es\/es\/finalizan-las-obras-para-la-mejora-de-los-poligonos-industriales-de-alcoy\/#breadcrumb"},"inLanguage":"es","potentialAction":[{"@type":"ReadAction","target":["https:\/\/www.copealcoy.es\/es\/finalizan-las-obras-para-la-mejora-de-los-poligonos-industriales-de-alcoy\/"]}]},{"@type":"ImageObject","inLanguage":"es","@id":"https:\/\/www.copealcoy.es\/es\/finalizan-las-obras-para-la-mejora-de-los-poligonos-industriales-de-alcoy\/#primaryimage","url":"https:\/\/www.copealcoy.es\/wp-content\/uploads\/2017\/12\/26167640_2224841374208701_8145301296477641258_n.jpg","contentUrl":"https:\/\/www.copealcoy.es\/wp-content\/uploads\/2017\/12\/26167640_2224841374208701_8145301296477641258_n.jpg","width":960,"height":640},{"@type":"BreadcrumbList","@id":"https:\/\/www.copealcoy.es\/es\/finalizan-las-obras-para-la-mejora-de-los-poligonos-industriales-de-alcoy\/#breadcrumb","itemListElement":[{"@type":"ListItem","position":1,"name":"Portada","item":"https:\/\/www.copealcoy.es\/es\/"},{"@type":"ListItem","position":2,"name":"Finalizan las obras para la mejora de los Pol\u00edgonos Industriales de Alcoy"}]},{"@type":"WebSite","@id":"https:\/\/www.copealcoy.es\/es\/#website","url":"https:\/\/www.copealcoy.es\/es\/","name":"COPE Alcoy","description":"Emisora COPE de radio local con emisi\u00f3n online. Pont de Sant Jordi 8-10 03803 Alcoy","potentialAction":[{"@type":"SearchAction","target":{"@type":"EntryPoint","urlTemplate":"https:\/\/www.copealcoy.es\/es\/?s={search_term_string}"},"query-input":{"@type":"PropertyValueSpecification","valueRequired":true,"valueName":"search_term_string"}}],"inLanguage":"es"},{"@type":"Person","@id":"https:\/\/www.copealcoy.es\/es\/#\/schema\/person\/e777c87fa024e57d40170af9df39882c","name":"Cope Alcoy","image":{"@type":"ImageObject","inLanguage":"es","@id":"https:\/\/secure.gravatar.com\/avatar\/bb65d0283347e303893ba14f0692005417c1e0e690a325a4c5d8bb2b3943ee14?s=96&d=mm&r=g","url":"https:\/\/secure.gravatar.com\/avatar\/bb65d0283347e303893ba14f0692005417c1e0e690a325a4c5d8bb2b3943ee14?s=96&d=mm&r=g","contentUrl":"https:\/\/secure.gravatar.com\/avatar\/bb65d0283347e303893ba14f0692005417c1e0e690a325a4c5d8bb2b3943ee14?s=96&d=mm&r=g","caption":"Cope Alcoy"}}]}},"_links":{"self":[{"href":"https:\/\/www.copealcoy.es\/es\/wp-json\/wp\/v2\/posts\/37849","targetHints":{"allow":["GET"]}}],"collection":[{"href":"https:\/\/www.copealcoy.es\/es\/wp-json\/wp\/v2\/posts"}],"about":[{"href":"https:\/\/www.copealcoy.es\/es\/wp-json\/wp\/v2\/types\/post"}],"author":[{"embeddable":true,"href":"https:\/\/www.copealcoy.es\/es\/wp-json\/wp\/v2\/users\/1"}],"replies":[{"embeddable":true,"href":"https:\/\/www.copealcoy.es\/es\/wp-json\/wp\/v2\/comments?post=37849"}],"version-history":[{"count":0,"href":"https:\/\/www.copealcoy.es\/es\/wp-json\/wp\/v2\/posts\/37849\/revisions"}],"wp:featuredmedia":[{"embeddable":true,"href":"https:\/\/www.copealcoy.es\/es\/wp-json\/wp\/v2\/media\/37850"}],"wp:attachment":[{"href":"https:\/\/www.copealcoy.es\/es\/wp-json\/wp\/v2\/media?parent=37849"}],"wp:term":[{"taxonomy":"category","embeddable":true,"href":"https:\/\/www.copealcoy.es\/es\/wp-json\/wp\/v2\/categories?post=37849"},{"taxonomy":"post_tag","embeddable":true,"href":"https:\/\/www.copealcoy.es\/es\/wp-json\/wp\/v2\/tags?post=37849"}],"curies":[{"name":"wp","href":"https:\/\/api.w.org\/{rel}","templated":true}]}}