{"id":37745,"date":"2017-12-26T12:56:24","date_gmt":"2017-12-26T12:56:24","guid":{"rendered":"http:\/\/copealcoi.es\/new\/?p=37745"},"modified":"2017-12-26T13:01:55","modified_gmt":"2017-12-26T13:01:55","slug":"la-campana-escolar-del-belen-de-tirisiti-supera-los-12-500-espectadores","status":"publish","type":"post","link":"https:\/\/www.copealcoy.es\/es\/la-campana-escolar-del-belen-de-tirisiti-supera-los-12-500-espectadores\/","title":{"rendered":"La Campa\u00f1a Escolar del Bel\u00e9n de Tirisiti supera los 12.500 espectadores"},"content":{"rendered":"<p style=\"text-align: justify;\">El <strong>Bel\u00e9n de Tirisiti<\/strong> ha vuelto a superar todas las previsiones y durante <strong>la campa\u00f1a de representaciones escolares<\/strong>, que finaliz\u00f3 el pasado viernes 22 de diciembre, <strong>se han contabilizado m\u00e1s de 12.500 asistentes<\/strong> a las funciones entre escolares, profesores, personal de apoyo y acompa\u00f1antes. Todos ellos <strong>proced\u00edan de 201 colegios de la Comunidad Valenciana<\/strong> y aprovecharon su visita a la ciudad para conocer tambi\u00e9n otros espacios como el Muboma, el Casal del Nadal, el de Sant Jordi o la exposici\u00f3n de belenes que la Asociaci\u00f3n Belenista de Santa Rosa ha montado en la iglesia de Santa Mar\u00eda durante estas Navidades.\u00a0Tirisiti tambi\u00e9n ha recibido durante los d\u00edas previos a la Navidad <strong>la visita de asociaciones culturales y entidades sociales<\/strong> de Miramar, Valencia, Elche o Alicante.<\/p>\n<p style=\"text-align: justify;\">Desde el Teatro Principal y la compa\u00f1\u00eda La Dependent, encargados de organizar las funciones del Bel\u00e9n de Tirisiti, <strong>agradecen la labor desempe\u00f1ada por los voluntarios de Protecci\u00f3n Civil<\/strong> para coordinar la llegada de los autobuses que han acercado a los visitantes hasta nuestra ciudad. Adem\u00e1s recuerdan que en la campa\u00f1a solidaria <strong>se han recogido 500 kilos de alimentos no perecederos<\/strong> que ir\u00e1n a parar el Economato de C\u00e1ritas Alcoy.<\/p>\n<p style=\"text-align: justify;\">Indicar que el mismo 22 de diciembre por la tarde comenzaron <strong>las representaciones para el p\u00fablico en general<\/strong> al mismo tiempo que <strong>fueron expuestas a la entrada del Teatro Principal las marionetas<\/strong> con las que se hac\u00edan las funciones a finales del siglo XIX.<\/p>\n<p style=\"text-align: justify;\">\n","protected":false},"excerpt":{"rendered":"<p>El Bel\u00e9n de Tirisiti ha vuelto a superar todas las previsiones y durante la campa\u00f1a de representaciones escolares, que finaliz\u00f3&#8230;<\/p>\n","protected":false},"author":1,"featured_media":18022,"comment_status":"open","ping_status":"open","sticky":false,"template":"","format":"standard","meta":{"footnotes":""},"categories":[97,78,75],"tags":[2700,1494,3356,3454,1772],"class_list":["post-37745","post","type-post","status-publish","format-standard","has-post-thumbnail","hentry","category-alcoy","category-fiestaycultura","category-noticias","tag-alcoi-ciutat-del-nadal","tag-alcoy","tag-belen-de-tirisiti","tag-campana-escolar","tag-teatro-principal"],"yoast_head":"<!-- This site is optimized with the Yoast SEO plugin v27.3 - https:\/\/yoast.com\/product\/yoast-seo-wordpress\/ -->\n<title>La Campa\u00f1a Escolar del Bel\u00e9n de Tirisiti supera los 12.500 espectadores - COPE Alcoy<\/title>\n<meta name=\"robots\" content=\"index, follow, max-snippet:-1, max-image-preview:large, max-video-preview:-1\" \/>\n<link rel=\"canonical\" href=\"https:\/\/www.copealcoy.es\/es\/la-campana-escolar-del-belen-de-tirisiti-supera-los-12-500-espectadores\/\" \/>\n<meta property=\"og:locale\" content=\"es_ES\" \/>\n<meta property=\"og:type\" content=\"article\" \/>\n<meta property=\"og:title\" content=\"La Campa\u00f1a Escolar del Bel\u00e9n de Tirisiti supera los 12.500 espectadores - COPE Alcoy\" \/>\n<meta property=\"og:description\" content=\"El Bel\u00e9n de Tirisiti ha vuelto a superar todas las previsiones y durante la campa\u00f1a de representaciones escolares, que finaliz\u00f3...\" \/>\n<meta property=\"og:url\" content=\"https:\/\/www.copealcoy.es\/es\/la-campana-escolar-del-belen-de-tirisiti-supera-los-12-500-espectadores\/\" \/>\n<meta property=\"og:site_name\" content=\"COPE Alcoy\" \/>\n<meta property=\"article:published_time\" content=\"2017-12-26T12:56:24+00:00\" \/>\n<meta property=\"article:modified_time\" content=\"2017-12-26T13:01:55+00:00\" \/>\n<meta property=\"og:image\" content=\"https:\/\/www.copealcoy.es\/wp-content\/uploads\/2016\/01\/IMG_20151204_103047.jpg\" \/>\n\t<meta property=\"og:image:width\" content=\"1843\" \/>\n\t<meta property=\"og:image:height\" content=\"1152\" \/>\n\t<meta property=\"og:image:type\" content=\"image\/jpeg\" \/>\n<meta name=\"author\" content=\"Cope Alcoy\" \/>\n<meta name=\"twitter:label1\" content=\"Escrito por\" \/>\n\t<meta name=\"twitter:data1\" content=\"Cope Alcoy\" \/>\n\t<meta name=\"twitter:label2\" content=\"Tiempo de lectura\" \/>\n\t<meta name=\"twitter:data2\" content=\"1 minuto\" \/>\n<script type=\"application\/ld+json\" class=\"yoast-schema-graph\">{\"@context\":\"https:\\\/\\\/schema.org\",\"@graph\":[{\"@type\":\"Article\",\"@id\":\"https:\\\/\\\/www.copealcoy.es\\\/es\\\/la-campana-escolar-del-belen-de-tirisiti-supera-los-12-500-espectadores\\\/#article\",\"isPartOf\":{\"@id\":\"https:\\\/\\\/www.copealcoy.es\\\/es\\\/la-campana-escolar-del-belen-de-tirisiti-supera-los-12-500-espectadores\\\/\"},\"author\":{\"name\":\"Cope Alcoy\",\"@id\":\"https:\\\/\\\/www.copealcoy.es\\\/es\\\/#\\\/schema\\\/person\\\/e777c87fa024e57d40170af9df39882c\"},\"headline\":\"La Campa\u00f1a Escolar del Bel\u00e9n de Tirisiti supera los 12.500 espectadores\",\"datePublished\":\"2017-12-26T12:56:24+00:00\",\"dateModified\":\"2017-12-26T13:01:55+00:00\",\"mainEntityOfPage\":{\"@id\":\"https:\\\/\\\/www.copealcoy.es\\\/es\\\/la-campana-escolar-del-belen-de-tirisiti-supera-los-12-500-espectadores\\\/\"},\"wordCount\":266,\"commentCount\":0,\"image\":{\"@id\":\"https:\\\/\\\/www.copealcoy.es\\\/es\\\/la-campana-escolar-del-belen-de-tirisiti-supera-los-12-500-espectadores\\\/#primaryimage\"},\"thumbnailUrl\":\"https:\\\/\\\/www.copealcoy.es\\\/wp-content\\\/uploads\\\/2016\\\/01\\\/IMG_20151204_103047.jpg\",\"keywords\":[\"Alcoi Ciutat del Nadal\",\"Alcoy\",\"Bel\u00e9n de Tirisiti\",\"campa\u00f1a escolar\",\"Teatro Principal\"],\"articleSection\":[\"Alcoy\",\"Fiesta y Cultura\",\"Noticias\"],\"inLanguage\":\"es\"},{\"@type\":\"WebPage\",\"@id\":\"https:\\\/\\\/www.copealcoy.es\\\/es\\\/la-campana-escolar-del-belen-de-tirisiti-supera-los-12-500-espectadores\\\/\",\"url\":\"https:\\\/\\\/www.copealcoy.es\\\/es\\\/la-campana-escolar-del-belen-de-tirisiti-supera-los-12-500-espectadores\\\/\",\"name\":\"La Campa\u00f1a Escolar del Bel\u00e9n de Tirisiti supera los 12.500 espectadores - COPE Alcoy\",\"isPartOf\":{\"@id\":\"https:\\\/\\\/www.copealcoy.es\\\/es\\\/#website\"},\"primaryImageOfPage\":{\"@id\":\"https:\\\/\\\/www.copealcoy.es\\\/es\\\/la-campana-escolar-del-belen-de-tirisiti-supera-los-12-500-espectadores\\\/#primaryimage\"},\"image\":{\"@id\":\"https:\\\/\\\/www.copealcoy.es\\\/es\\\/la-campana-escolar-del-belen-de-tirisiti-supera-los-12-500-espectadores\\\/#primaryimage\"},\"thumbnailUrl\":\"https:\\\/\\\/www.copealcoy.es\\\/wp-content\\\/uploads\\\/2016\\\/01\\\/IMG_20151204_103047.jpg\",\"datePublished\":\"2017-12-26T12:56:24+00:00\",\"dateModified\":\"2017-12-26T13:01:55+00:00\",\"author\":{\"@id\":\"https:\\\/\\\/www.copealcoy.es\\\/es\\\/#\\\/schema\\\/person\\\/e777c87fa024e57d40170af9df39882c\"},\"breadcrumb\":{\"@id\":\"https:\\\/\\\/www.copealcoy.es\\\/es\\\/la-campana-escolar-del-belen-de-tirisiti-supera-los-12-500-espectadores\\\/#breadcrumb\"},\"inLanguage\":\"es\",\"potentialAction\":[{\"@type\":\"ReadAction\",\"target\":[\"https:\\\/\\\/www.copealcoy.es\\\/es\\\/la-campana-escolar-del-belen-de-tirisiti-supera-los-12-500-espectadores\\\/\"]}]},{\"@type\":\"ImageObject\",\"inLanguage\":\"es\",\"@id\":\"https:\\\/\\\/www.copealcoy.es\\\/es\\\/la-campana-escolar-del-belen-de-tirisiti-supera-los-12-500-espectadores\\\/#primaryimage\",\"url\":\"https:\\\/\\\/www.copealcoy.es\\\/wp-content\\\/uploads\\\/2016\\\/01\\\/IMG_20151204_103047.jpg\",\"contentUrl\":\"https:\\\/\\\/www.copealcoy.es\\\/wp-content\\\/uploads\\\/2016\\\/01\\\/IMG_20151204_103047.jpg\",\"width\":1843,\"height\":1152},{\"@type\":\"BreadcrumbList\",\"@id\":\"https:\\\/\\\/www.copealcoy.es\\\/es\\\/la-campana-escolar-del-belen-de-tirisiti-supera-los-12-500-espectadores\\\/#breadcrumb\",\"itemListElement\":[{\"@type\":\"ListItem\",\"position\":1,\"name\":\"Portada\",\"item\":\"https:\\\/\\\/www.copealcoy.es\\\/es\\\/\"},{\"@type\":\"ListItem\",\"position\":2,\"name\":\"La Campa\u00f1a Escolar del Bel\u00e9n de Tirisiti supera los 12.500 espectadores\"}]},{\"@type\":\"WebSite\",\"@id\":\"https:\\\/\\\/www.copealcoy.es\\\/es\\\/#website\",\"url\":\"https:\\\/\\\/www.copealcoy.es\\\/es\\\/\",\"name\":\"COPE Alcoy\",\"description\":\"Emisora COPE de radio local con emisi\u00f3n online. Pont de Sant Jordi 8-10 03803 Alcoy\",\"potentialAction\":[{\"@type\":\"SearchAction\",\"target\":{\"@type\":\"EntryPoint\",\"urlTemplate\":\"https:\\\/\\\/www.copealcoy.es\\\/es\\\/?s={search_term_string}\"},\"query-input\":{\"@type\":\"PropertyValueSpecification\",\"valueRequired\":true,\"valueName\":\"search_term_string\"}}],\"inLanguage\":\"es\"},{\"@type\":\"Person\",\"@id\":\"https:\\\/\\\/www.copealcoy.es\\\/es\\\/#\\\/schema\\\/person\\\/e777c87fa024e57d40170af9df39882c\",\"name\":\"Cope Alcoy\",\"image\":{\"@type\":\"ImageObject\",\"inLanguage\":\"es\",\"@id\":\"https:\\\/\\\/secure.gravatar.com\\\/avatar\\\/bb65d0283347e303893ba14f0692005417c1e0e690a325a4c5d8bb2b3943ee14?s=96&d=mm&r=g\",\"url\":\"https:\\\/\\\/secure.gravatar.com\\\/avatar\\\/bb65d0283347e303893ba14f0692005417c1e0e690a325a4c5d8bb2b3943ee14?s=96&d=mm&r=g\",\"contentUrl\":\"https:\\\/\\\/secure.gravatar.com\\\/avatar\\\/bb65d0283347e303893ba14f0692005417c1e0e690a325a4c5d8bb2b3943ee14?s=96&d=mm&r=g\",\"caption\":\"Cope Alcoy\"}}]}<\/script>\n<!-- \/ Yoast SEO plugin. -->","yoast_head_json":{"title":"La Campa\u00f1a Escolar del Bel\u00e9n de Tirisiti supera los 12.500 espectadores - COPE Alcoy","robots":{"index":"index","follow":"follow","max-snippet":"max-snippet:-1","max-image-preview":"max-image-preview:large","max-video-preview":"max-video-preview:-1"},"canonical":"https:\/\/www.copealcoy.es\/es\/la-campana-escolar-del-belen-de-tirisiti-supera-los-12-500-espectadores\/","og_locale":"es_ES","og_type":"article","og_title":"La Campa\u00f1a Escolar del Bel\u00e9n de Tirisiti supera los 12.500 espectadores - COPE Alcoy","og_description":"El Bel\u00e9n de Tirisiti ha vuelto a superar todas las previsiones y durante la campa\u00f1a de representaciones escolares, que finaliz\u00f3...","og_url":"https:\/\/www.copealcoy.es\/es\/la-campana-escolar-del-belen-de-tirisiti-supera-los-12-500-espectadores\/","og_site_name":"COPE Alcoy","article_published_time":"2017-12-26T12:56:24+00:00","article_modified_time":"2017-12-26T13:01:55+00:00","og_image":[{"width":1843,"height":1152,"url":"https:\/\/www.copealcoy.es\/wp-content\/uploads\/2016\/01\/IMG_20151204_103047.jpg","type":"image\/jpeg"}],"author":"Cope Alcoy","twitter_misc":{"Escrito por":"Cope Alcoy","Tiempo de lectura":"1 minuto"},"schema":{"@context":"https:\/\/schema.org","@graph":[{"@type":"Article","@id":"https:\/\/www.copealcoy.es\/es\/la-campana-escolar-del-belen-de-tirisiti-supera-los-12-500-espectadores\/#article","isPartOf":{"@id":"https:\/\/www.copealcoy.es\/es\/la-campana-escolar-del-belen-de-tirisiti-supera-los-12-500-espectadores\/"},"author":{"name":"Cope Alcoy","@id":"https:\/\/www.copealcoy.es\/es\/#\/schema\/person\/e777c87fa024e57d40170af9df39882c"},"headline":"La Campa\u00f1a Escolar del Bel\u00e9n de Tirisiti supera los 12.500 espectadores","datePublished":"2017-12-26T12:56:24+00:00","dateModified":"2017-12-26T13:01:55+00:00","mainEntityOfPage":{"@id":"https:\/\/www.copealcoy.es\/es\/la-campana-escolar-del-belen-de-tirisiti-supera-los-12-500-espectadores\/"},"wordCount":266,"commentCount":0,"image":{"@id":"https:\/\/www.copealcoy.es\/es\/la-campana-escolar-del-belen-de-tirisiti-supera-los-12-500-espectadores\/#primaryimage"},"thumbnailUrl":"https:\/\/www.copealcoy.es\/wp-content\/uploads\/2016\/01\/IMG_20151204_103047.jpg","keywords":["Alcoi Ciutat del Nadal","Alcoy","Bel\u00e9n de Tirisiti","campa\u00f1a escolar","Teatro Principal"],"articleSection":["Alcoy","Fiesta y Cultura","Noticias"],"inLanguage":"es"},{"@type":"WebPage","@id":"https:\/\/www.copealcoy.es\/es\/la-campana-escolar-del-belen-de-tirisiti-supera-los-12-500-espectadores\/","url":"https:\/\/www.copealcoy.es\/es\/la-campana-escolar-del-belen-de-tirisiti-supera-los-12-500-espectadores\/","name":"La Campa\u00f1a Escolar del Bel\u00e9n de Tirisiti supera los 12.500 espectadores - COPE Alcoy","isPartOf":{"@id":"https:\/\/www.copealcoy.es\/es\/#website"},"primaryImageOfPage":{"@id":"https:\/\/www.copealcoy.es\/es\/la-campana-escolar-del-belen-de-tirisiti-supera-los-12-500-espectadores\/#primaryimage"},"image":{"@id":"https:\/\/www.copealcoy.es\/es\/la-campana-escolar-del-belen-de-tirisiti-supera-los-12-500-espectadores\/#primaryimage"},"thumbnailUrl":"https:\/\/www.copealcoy.es\/wp-content\/uploads\/2016\/01\/IMG_20151204_103047.jpg","datePublished":"2017-12-26T12:56:24+00:00","dateModified":"2017-12-26T13:01:55+00:00","author":{"@id":"https:\/\/www.copealcoy.es\/es\/#\/schema\/person\/e777c87fa024e57d40170af9df39882c"},"breadcrumb":{"@id":"https:\/\/www.copealcoy.es\/es\/la-campana-escolar-del-belen-de-tirisiti-supera-los-12-500-espectadores\/#breadcrumb"},"inLanguage":"es","potentialAction":[{"@type":"ReadAction","target":["https:\/\/www.copealcoy.es\/es\/la-campana-escolar-del-belen-de-tirisiti-supera-los-12-500-espectadores\/"]}]},{"@type":"ImageObject","inLanguage":"es","@id":"https:\/\/www.copealcoy.es\/es\/la-campana-escolar-del-belen-de-tirisiti-supera-los-12-500-espectadores\/#primaryimage","url":"https:\/\/www.copealcoy.es\/wp-content\/uploads\/2016\/01\/IMG_20151204_103047.jpg","contentUrl":"https:\/\/www.copealcoy.es\/wp-content\/uploads\/2016\/01\/IMG_20151204_103047.jpg","width":1843,"height":1152},{"@type":"BreadcrumbList","@id":"https:\/\/www.copealcoy.es\/es\/la-campana-escolar-del-belen-de-tirisiti-supera-los-12-500-espectadores\/#breadcrumb","itemListElement":[{"@type":"ListItem","position":1,"name":"Portada","item":"https:\/\/www.copealcoy.es\/es\/"},{"@type":"ListItem","position":2,"name":"La Campa\u00f1a Escolar del Bel\u00e9n de Tirisiti supera los 12.500 espectadores"}]},{"@type":"WebSite","@id":"https:\/\/www.copealcoy.es\/es\/#website","url":"https:\/\/www.copealcoy.es\/es\/","name":"COPE Alcoy","description":"Emisora COPE de radio local con emisi\u00f3n online. Pont de Sant Jordi 8-10 03803 Alcoy","potentialAction":[{"@type":"SearchAction","target":{"@type":"EntryPoint","urlTemplate":"https:\/\/www.copealcoy.es\/es\/?s={search_term_string}"},"query-input":{"@type":"PropertyValueSpecification","valueRequired":true,"valueName":"search_term_string"}}],"inLanguage":"es"},{"@type":"Person","@id":"https:\/\/www.copealcoy.es\/es\/#\/schema\/person\/e777c87fa024e57d40170af9df39882c","name":"Cope Alcoy","image":{"@type":"ImageObject","inLanguage":"es","@id":"https:\/\/secure.gravatar.com\/avatar\/bb65d0283347e303893ba14f0692005417c1e0e690a325a4c5d8bb2b3943ee14?s=96&d=mm&r=g","url":"https:\/\/secure.gravatar.com\/avatar\/bb65d0283347e303893ba14f0692005417c1e0e690a325a4c5d8bb2b3943ee14?s=96&d=mm&r=g","contentUrl":"https:\/\/secure.gravatar.com\/avatar\/bb65d0283347e303893ba14f0692005417c1e0e690a325a4c5d8bb2b3943ee14?s=96&d=mm&r=g","caption":"Cope Alcoy"}}]}},"_links":{"self":[{"href":"https:\/\/www.copealcoy.es\/es\/wp-json\/wp\/v2\/posts\/37745","targetHints":{"allow":["GET"]}}],"collection":[{"href":"https:\/\/www.copealcoy.es\/es\/wp-json\/wp\/v2\/posts"}],"about":[{"href":"https:\/\/www.copealcoy.es\/es\/wp-json\/wp\/v2\/types\/post"}],"author":[{"embeddable":true,"href":"https:\/\/www.copealcoy.es\/es\/wp-json\/wp\/v2\/users\/1"}],"replies":[{"embeddable":true,"href":"https:\/\/www.copealcoy.es\/es\/wp-json\/wp\/v2\/comments?post=37745"}],"version-history":[{"count":0,"href":"https:\/\/www.copealcoy.es\/es\/wp-json\/wp\/v2\/posts\/37745\/revisions"}],"wp:featuredmedia":[{"embeddable":true,"href":"https:\/\/www.copealcoy.es\/es\/wp-json\/wp\/v2\/media\/18022"}],"wp:attachment":[{"href":"https:\/\/www.copealcoy.es\/es\/wp-json\/wp\/v2\/media?parent=37745"}],"wp:term":[{"taxonomy":"category","embeddable":true,"href":"https:\/\/www.copealcoy.es\/es\/wp-json\/wp\/v2\/categories?post=37745"},{"taxonomy":"post_tag","embeddable":true,"href":"https:\/\/www.copealcoy.es\/es\/wp-json\/wp\/v2\/tags?post=37745"}],"curies":[{"name":"wp","href":"https:\/\/api.w.org\/{rel}","templated":true}]}}