{"id":37732,"date":"2017-12-26T11:47:37","date_gmt":"2017-12-26T11:47:37","guid":{"rendered":"http:\/\/copealcoi.es\/new\/?p=37732"},"modified":"2017-12-26T11:56:18","modified_gmt":"2017-12-26T11:56:18","slug":"alcoy-proyecta-una-ruta-ciclopeatonal-por-el-interior-del-casco-urbano","status":"publish","type":"post","link":"https:\/\/www.copealcoy.es\/es\/alcoy-proyecta-una-ruta-ciclopeatonal-por-el-interior-del-casco-urbano\/","title":{"rendered":"Alcoy proyecta una ruta ciclopeatonal por el interior del casco urbano"},"content":{"rendered":"<p style=\"text-align: justify;\">El Ayuntamiento de Alcoy <strong>acometer\u00e1 un proyecto<\/strong> que permitir\u00e1 <strong>la puesta en marcha de una ruta ciclopeatonal<\/strong> por el <strong>interior del casco urbano<\/strong> de nuestra ciudad.<\/p>\n<p style=\"text-align: justify;\">El pasado viernes 22 de diciembre el concejal de Movilidad y Medio Ambiente, <strong>Jordi Mart\u00ednez<\/strong>, present\u00f3 los detalles de esta iniciativa y explic\u00f3 que <strong>la misma incluir\u00e1 un trazado<\/strong> que\u00a0discurrir\u00e1 entre la v\u00eda verde de la antigua explanaci\u00f3n del ferrocarril a Alicante y el t\u00e9rmino municipal de Cocentaina. El recorrido <strong>se repartir\u00e1<\/strong> por el barrio de Batoy y el \u00e1rea del Polideportivo, las calles Montd\u00faber, Mestre J. Ribera Montes y Escultor Peresejo; la explanada del trazado del ferrocarril Alcoy &#8211; Alicante, y las Avenidas Carmen Vidal as\u00ed como Tirant lo Blanc.<\/p>\n<p style=\"text-align: justify;\">Mart\u00ednez inform\u00f3 tambi\u00e9n que el Consistorio <strong>quiere conseguir fondos FEDER<\/strong>, unas ayudas a las que se opta en r\u00e9gimen de concurrencia competitiva,\u00a0para poder <strong>financiar la mitad de este proyecto<\/strong> que en su totalidad est\u00e1 valorado en 900.000 euros &#8220;<em>la ciudad tiene muchas posibilidades de conseguir esta ayuda ya que es una de las pocas que dispone de un plan de movilidad urbana<\/em>&#8220;, asegura.<\/p>\n<p style=\"text-align: justify;\"><a href=\"https:\/\/www.copealcoy.es\/wp-content\/uploads\/2017\/12\/Cartell-1.jpg\"><img loading=\"lazy\" decoding=\"async\" class=\"wp-image-37736 size-large aligncenter\" src=\"https:\/\/www.copealcoy.es\/wp-content\/uploads\/2017\/12\/Cartell-1-1024x712.jpg\" alt=\"\" width=\"618\" height=\"430\" srcset=\"https:\/\/www.copealcoy.es\/wp-content\/uploads\/2017\/12\/Cartell-1-1024x712.jpg 1024w, https:\/\/www.copealcoy.es\/wp-content\/uploads\/2017\/12\/Cartell-1-300x209.jpg 300w, https:\/\/www.copealcoy.es\/wp-content\/uploads\/2017\/12\/Cartell-1-768x534.jpg 768w, https:\/\/www.copealcoy.es\/wp-content\/uploads\/2017\/12\/Cartell-1.jpg 1633w\" sizes=\"auto, (max-width: 618px) 100vw, 618px\" \/><\/a><\/p>\n<p style=\"text-align: justify;\">La\u00a0ruta ciclopeatonal por el casco urbano de Alcoy <strong>beneficiar\u00e1 a un volumen potencial de 14.000 usuarios<\/strong>. El plazo de la ejecuci\u00f3n del mencionado proyecto <strong>ser\u00e1 de ocho meses y deber\u00e1 estar acabado antes de abril de 2019<\/strong>, condici\u00f3n esta \u00faltima imprescindible para poder recibir la subvenci\u00f3n.<\/p>\n<p><iframe loading=\"lazy\" title=\"RP - Projecte de l&#039;eix municipal cicliste-vianant (22\/12\/2017)\" width=\"1200\" height=\"675\" src=\"https:\/\/www.youtube.com\/embed\/suDjSn_t72Q?feature=oembed\" frameborder=\"0\" allow=\"accelerometer; autoplay; encrypted-media; gyroscope; picture-in-picture\" allowfullscreen><\/iframe><\/p>\n","protected":false},"excerpt":{"rendered":"<p>El Ayuntamiento de Alcoy acometer\u00e1 un proyecto que permitir\u00e1 la puesta en marcha de una ruta ciclopeatonal por el interior&#8230;<\/p>\n","protected":false},"author":1,"featured_media":37733,"comment_status":"open","ping_status":"open","sticky":false,"template":"","format":"standard","meta":{"footnotes":""},"categories":[97,75,125],"tags":[1494,1279,1256,927,5043],"class_list":["post-37732","post","type-post","status-publish","format-standard","has-post-thumbnail","hentry","category-alcoy","category-noticias","category-portada","tag-alcoy","tag-casco-urbano","tag-interior","tag-jordi-martinez","tag-ruta-ciclopeatonal"],"yoast_head":"<!-- This site is optimized with the Yoast SEO plugin v27.3 - https:\/\/yoast.com\/product\/yoast-seo-wordpress\/ -->\n<title>Alcoy proyecta una ruta ciclopeatonal por el interior del casco urbano - COPE Alcoy<\/title>\n<meta name=\"robots\" content=\"index, follow, max-snippet:-1, max-image-preview:large, max-video-preview:-1\" \/>\n<link rel=\"canonical\" href=\"https:\/\/www.copealcoy.es\/es\/alcoy-proyecta-una-ruta-ciclopeatonal-por-el-interior-del-casco-urbano\/\" \/>\n<meta property=\"og:locale\" content=\"es_ES\" \/>\n<meta property=\"og:type\" content=\"article\" \/>\n<meta property=\"og:title\" content=\"Alcoy proyecta una ruta ciclopeatonal por el interior del casco urbano - COPE Alcoy\" \/>\n<meta property=\"og:description\" content=\"El Ayuntamiento de Alcoy acometer\u00e1 un proyecto que permitir\u00e1 la puesta en marcha de una ruta ciclopeatonal por el interior...\" \/>\n<meta property=\"og:url\" content=\"https:\/\/www.copealcoy.es\/es\/alcoy-proyecta-una-ruta-ciclopeatonal-por-el-interior-del-casco-urbano\/\" \/>\n<meta property=\"og:site_name\" content=\"COPE Alcoy\" \/>\n<meta property=\"article:published_time\" content=\"2017-12-26T11:47:37+00:00\" \/>\n<meta property=\"article:modified_time\" content=\"2017-12-26T11:56:18+00:00\" \/>\n<meta property=\"og:image\" content=\"https:\/\/www.copealcoy.es\/wp-content\/uploads\/2017\/12\/IMG_2448-1024x683.jpg\" \/>\n\t<meta property=\"og:image:width\" content=\"1024\" \/>\n\t<meta property=\"og:image:height\" content=\"683\" \/>\n\t<meta property=\"og:image:type\" content=\"image\/jpeg\" \/>\n<meta name=\"author\" content=\"Cope Alcoy\" \/>\n<meta name=\"twitter:label1\" content=\"Escrito por\" \/>\n\t<meta name=\"twitter:data1\" content=\"Cope Alcoy\" \/>\n\t<meta name=\"twitter:label2\" content=\"Tiempo de lectura\" \/>\n\t<meta name=\"twitter:data2\" content=\"1 minuto\" \/>\n<script type=\"application\/ld+json\" class=\"yoast-schema-graph\">{\"@context\":\"https:\\\/\\\/schema.org\",\"@graph\":[{\"@type\":\"Article\",\"@id\":\"https:\\\/\\\/www.copealcoy.es\\\/es\\\/alcoy-proyecta-una-ruta-ciclopeatonal-por-el-interior-del-casco-urbano\\\/#article\",\"isPartOf\":{\"@id\":\"https:\\\/\\\/www.copealcoy.es\\\/es\\\/alcoy-proyecta-una-ruta-ciclopeatonal-por-el-interior-del-casco-urbano\\\/\"},\"author\":{\"name\":\"Cope Alcoy\",\"@id\":\"https:\\\/\\\/www.copealcoy.es\\\/es\\\/#\\\/schema\\\/person\\\/e777c87fa024e57d40170af9df39882c\"},\"headline\":\"Alcoy proyecta una ruta ciclopeatonal por el interior del casco urbano\",\"datePublished\":\"2017-12-26T11:47:37+00:00\",\"dateModified\":\"2017-12-26T11:56:18+00:00\",\"mainEntityOfPage\":{\"@id\":\"https:\\\/\\\/www.copealcoy.es\\\/es\\\/alcoy-proyecta-una-ruta-ciclopeatonal-por-el-interior-del-casco-urbano\\\/\"},\"wordCount\":256,\"commentCount\":0,\"image\":{\"@id\":\"https:\\\/\\\/www.copealcoy.es\\\/es\\\/alcoy-proyecta-una-ruta-ciclopeatonal-por-el-interior-del-casco-urbano\\\/#primaryimage\"},\"thumbnailUrl\":\"https:\\\/\\\/www.copealcoy.es\\\/wp-content\\\/uploads\\\/2017\\\/12\\\/IMG_2448.jpg\",\"keywords\":[\"Alcoy\",\"casco urbano\",\"interior\",\"Jordi Mart\u00ednez\",\"ruta ciclopeatonal\"],\"articleSection\":[\"Alcoy\",\"Noticias\",\"Portada\"],\"inLanguage\":\"es\"},{\"@type\":\"WebPage\",\"@id\":\"https:\\\/\\\/www.copealcoy.es\\\/es\\\/alcoy-proyecta-una-ruta-ciclopeatonal-por-el-interior-del-casco-urbano\\\/\",\"url\":\"https:\\\/\\\/www.copealcoy.es\\\/es\\\/alcoy-proyecta-una-ruta-ciclopeatonal-por-el-interior-del-casco-urbano\\\/\",\"name\":\"Alcoy proyecta una ruta ciclopeatonal por el interior del casco urbano - COPE Alcoy\",\"isPartOf\":{\"@id\":\"https:\\\/\\\/www.copealcoy.es\\\/es\\\/#website\"},\"primaryImageOfPage\":{\"@id\":\"https:\\\/\\\/www.copealcoy.es\\\/es\\\/alcoy-proyecta-una-ruta-ciclopeatonal-por-el-interior-del-casco-urbano\\\/#primaryimage\"},\"image\":{\"@id\":\"https:\\\/\\\/www.copealcoy.es\\\/es\\\/alcoy-proyecta-una-ruta-ciclopeatonal-por-el-interior-del-casco-urbano\\\/#primaryimage\"},\"thumbnailUrl\":\"https:\\\/\\\/www.copealcoy.es\\\/wp-content\\\/uploads\\\/2017\\\/12\\\/IMG_2448.jpg\",\"datePublished\":\"2017-12-26T11:47:37+00:00\",\"dateModified\":\"2017-12-26T11:56:18+00:00\",\"author\":{\"@id\":\"https:\\\/\\\/www.copealcoy.es\\\/es\\\/#\\\/schema\\\/person\\\/e777c87fa024e57d40170af9df39882c\"},\"breadcrumb\":{\"@id\":\"https:\\\/\\\/www.copealcoy.es\\\/es\\\/alcoy-proyecta-una-ruta-ciclopeatonal-por-el-interior-del-casco-urbano\\\/#breadcrumb\"},\"inLanguage\":\"es\",\"potentialAction\":[{\"@type\":\"ReadAction\",\"target\":[\"https:\\\/\\\/www.copealcoy.es\\\/es\\\/alcoy-proyecta-una-ruta-ciclopeatonal-por-el-interior-del-casco-urbano\\\/\"]}]},{\"@type\":\"ImageObject\",\"inLanguage\":\"es\",\"@id\":\"https:\\\/\\\/www.copealcoy.es\\\/es\\\/alcoy-proyecta-una-ruta-ciclopeatonal-por-el-interior-del-casco-urbano\\\/#primaryimage\",\"url\":\"https:\\\/\\\/www.copealcoy.es\\\/wp-content\\\/uploads\\\/2017\\\/12\\\/IMG_2448.jpg\",\"contentUrl\":\"https:\\\/\\\/www.copealcoy.es\\\/wp-content\\\/uploads\\\/2017\\\/12\\\/IMG_2448.jpg\",\"width\":4272,\"height\":2848},{\"@type\":\"BreadcrumbList\",\"@id\":\"https:\\\/\\\/www.copealcoy.es\\\/es\\\/alcoy-proyecta-una-ruta-ciclopeatonal-por-el-interior-del-casco-urbano\\\/#breadcrumb\",\"itemListElement\":[{\"@type\":\"ListItem\",\"position\":1,\"name\":\"Portada\",\"item\":\"https:\\\/\\\/www.copealcoy.es\\\/es\\\/\"},{\"@type\":\"ListItem\",\"position\":2,\"name\":\"Alcoy proyecta una ruta ciclopeatonal por el interior del casco urbano\"}]},{\"@type\":\"WebSite\",\"@id\":\"https:\\\/\\\/www.copealcoy.es\\\/es\\\/#website\",\"url\":\"https:\\\/\\\/www.copealcoy.es\\\/es\\\/\",\"name\":\"COPE Alcoy\",\"description\":\"Emisora COPE de radio local con emisi\u00f3n online. Pont de Sant Jordi 8-10 03803 Alcoy\",\"potentialAction\":[{\"@type\":\"SearchAction\",\"target\":{\"@type\":\"EntryPoint\",\"urlTemplate\":\"https:\\\/\\\/www.copealcoy.es\\\/es\\\/?s={search_term_string}\"},\"query-input\":{\"@type\":\"PropertyValueSpecification\",\"valueRequired\":true,\"valueName\":\"search_term_string\"}}],\"inLanguage\":\"es\"},{\"@type\":\"Person\",\"@id\":\"https:\\\/\\\/www.copealcoy.es\\\/es\\\/#\\\/schema\\\/person\\\/e777c87fa024e57d40170af9df39882c\",\"name\":\"Cope Alcoy\",\"image\":{\"@type\":\"ImageObject\",\"inLanguage\":\"es\",\"@id\":\"https:\\\/\\\/secure.gravatar.com\\\/avatar\\\/bb65d0283347e303893ba14f0692005417c1e0e690a325a4c5d8bb2b3943ee14?s=96&d=mm&r=g\",\"url\":\"https:\\\/\\\/secure.gravatar.com\\\/avatar\\\/bb65d0283347e303893ba14f0692005417c1e0e690a325a4c5d8bb2b3943ee14?s=96&d=mm&r=g\",\"contentUrl\":\"https:\\\/\\\/secure.gravatar.com\\\/avatar\\\/bb65d0283347e303893ba14f0692005417c1e0e690a325a4c5d8bb2b3943ee14?s=96&d=mm&r=g\",\"caption\":\"Cope Alcoy\"}}]}<\/script>\n<!-- \/ Yoast SEO plugin. -->","yoast_head_json":{"title":"Alcoy proyecta una ruta ciclopeatonal por el interior del casco urbano - COPE Alcoy","robots":{"index":"index","follow":"follow","max-snippet":"max-snippet:-1","max-image-preview":"max-image-preview:large","max-video-preview":"max-video-preview:-1"},"canonical":"https:\/\/www.copealcoy.es\/es\/alcoy-proyecta-una-ruta-ciclopeatonal-por-el-interior-del-casco-urbano\/","og_locale":"es_ES","og_type":"article","og_title":"Alcoy proyecta una ruta ciclopeatonal por el interior del casco urbano - COPE Alcoy","og_description":"El Ayuntamiento de Alcoy acometer\u00e1 un proyecto que permitir\u00e1 la puesta en marcha de una ruta ciclopeatonal por el interior...","og_url":"https:\/\/www.copealcoy.es\/es\/alcoy-proyecta-una-ruta-ciclopeatonal-por-el-interior-del-casco-urbano\/","og_site_name":"COPE Alcoy","article_published_time":"2017-12-26T11:47:37+00:00","article_modified_time":"2017-12-26T11:56:18+00:00","og_image":[{"width":1024,"height":683,"url":"https:\/\/www.copealcoy.es\/wp-content\/uploads\/2017\/12\/IMG_2448-1024x683.jpg","type":"image\/jpeg"}],"author":"Cope Alcoy","twitter_misc":{"Escrito por":"Cope Alcoy","Tiempo de lectura":"1 minuto"},"schema":{"@context":"https:\/\/schema.org","@graph":[{"@type":"Article","@id":"https:\/\/www.copealcoy.es\/es\/alcoy-proyecta-una-ruta-ciclopeatonal-por-el-interior-del-casco-urbano\/#article","isPartOf":{"@id":"https:\/\/www.copealcoy.es\/es\/alcoy-proyecta-una-ruta-ciclopeatonal-por-el-interior-del-casco-urbano\/"},"author":{"name":"Cope Alcoy","@id":"https:\/\/www.copealcoy.es\/es\/#\/schema\/person\/e777c87fa024e57d40170af9df39882c"},"headline":"Alcoy proyecta una ruta ciclopeatonal por el interior del casco urbano","datePublished":"2017-12-26T11:47:37+00:00","dateModified":"2017-12-26T11:56:18+00:00","mainEntityOfPage":{"@id":"https:\/\/www.copealcoy.es\/es\/alcoy-proyecta-una-ruta-ciclopeatonal-por-el-interior-del-casco-urbano\/"},"wordCount":256,"commentCount":0,"image":{"@id":"https:\/\/www.copealcoy.es\/es\/alcoy-proyecta-una-ruta-ciclopeatonal-por-el-interior-del-casco-urbano\/#primaryimage"},"thumbnailUrl":"https:\/\/www.copealcoy.es\/wp-content\/uploads\/2017\/12\/IMG_2448.jpg","keywords":["Alcoy","casco urbano","interior","Jordi Mart\u00ednez","ruta ciclopeatonal"],"articleSection":["Alcoy","Noticias","Portada"],"inLanguage":"es"},{"@type":"WebPage","@id":"https:\/\/www.copealcoy.es\/es\/alcoy-proyecta-una-ruta-ciclopeatonal-por-el-interior-del-casco-urbano\/","url":"https:\/\/www.copealcoy.es\/es\/alcoy-proyecta-una-ruta-ciclopeatonal-por-el-interior-del-casco-urbano\/","name":"Alcoy proyecta una ruta ciclopeatonal por el interior del casco urbano - COPE Alcoy","isPartOf":{"@id":"https:\/\/www.copealcoy.es\/es\/#website"},"primaryImageOfPage":{"@id":"https:\/\/www.copealcoy.es\/es\/alcoy-proyecta-una-ruta-ciclopeatonal-por-el-interior-del-casco-urbano\/#primaryimage"},"image":{"@id":"https:\/\/www.copealcoy.es\/es\/alcoy-proyecta-una-ruta-ciclopeatonal-por-el-interior-del-casco-urbano\/#primaryimage"},"thumbnailUrl":"https:\/\/www.copealcoy.es\/wp-content\/uploads\/2017\/12\/IMG_2448.jpg","datePublished":"2017-12-26T11:47:37+00:00","dateModified":"2017-12-26T11:56:18+00:00","author":{"@id":"https:\/\/www.copealcoy.es\/es\/#\/schema\/person\/e777c87fa024e57d40170af9df39882c"},"breadcrumb":{"@id":"https:\/\/www.copealcoy.es\/es\/alcoy-proyecta-una-ruta-ciclopeatonal-por-el-interior-del-casco-urbano\/#breadcrumb"},"inLanguage":"es","potentialAction":[{"@type":"ReadAction","target":["https:\/\/www.copealcoy.es\/es\/alcoy-proyecta-una-ruta-ciclopeatonal-por-el-interior-del-casco-urbano\/"]}]},{"@type":"ImageObject","inLanguage":"es","@id":"https:\/\/www.copealcoy.es\/es\/alcoy-proyecta-una-ruta-ciclopeatonal-por-el-interior-del-casco-urbano\/#primaryimage","url":"https:\/\/www.copealcoy.es\/wp-content\/uploads\/2017\/12\/IMG_2448.jpg","contentUrl":"https:\/\/www.copealcoy.es\/wp-content\/uploads\/2017\/12\/IMG_2448.jpg","width":4272,"height":2848},{"@type":"BreadcrumbList","@id":"https:\/\/www.copealcoy.es\/es\/alcoy-proyecta-una-ruta-ciclopeatonal-por-el-interior-del-casco-urbano\/#breadcrumb","itemListElement":[{"@type":"ListItem","position":1,"name":"Portada","item":"https:\/\/www.copealcoy.es\/es\/"},{"@type":"ListItem","position":2,"name":"Alcoy proyecta una ruta ciclopeatonal por el interior del casco urbano"}]},{"@type":"WebSite","@id":"https:\/\/www.copealcoy.es\/es\/#website","url":"https:\/\/www.copealcoy.es\/es\/","name":"COPE Alcoy","description":"Emisora COPE de radio local con emisi\u00f3n online. Pont de Sant Jordi 8-10 03803 Alcoy","potentialAction":[{"@type":"SearchAction","target":{"@type":"EntryPoint","urlTemplate":"https:\/\/www.copealcoy.es\/es\/?s={search_term_string}"},"query-input":{"@type":"PropertyValueSpecification","valueRequired":true,"valueName":"search_term_string"}}],"inLanguage":"es"},{"@type":"Person","@id":"https:\/\/www.copealcoy.es\/es\/#\/schema\/person\/e777c87fa024e57d40170af9df39882c","name":"Cope Alcoy","image":{"@type":"ImageObject","inLanguage":"es","@id":"https:\/\/secure.gravatar.com\/avatar\/bb65d0283347e303893ba14f0692005417c1e0e690a325a4c5d8bb2b3943ee14?s=96&d=mm&r=g","url":"https:\/\/secure.gravatar.com\/avatar\/bb65d0283347e303893ba14f0692005417c1e0e690a325a4c5d8bb2b3943ee14?s=96&d=mm&r=g","contentUrl":"https:\/\/secure.gravatar.com\/avatar\/bb65d0283347e303893ba14f0692005417c1e0e690a325a4c5d8bb2b3943ee14?s=96&d=mm&r=g","caption":"Cope Alcoy"}}]}},"_links":{"self":[{"href":"https:\/\/www.copealcoy.es\/es\/wp-json\/wp\/v2\/posts\/37732","targetHints":{"allow":["GET"]}}],"collection":[{"href":"https:\/\/www.copealcoy.es\/es\/wp-json\/wp\/v2\/posts"}],"about":[{"href":"https:\/\/www.copealcoy.es\/es\/wp-json\/wp\/v2\/types\/post"}],"author":[{"embeddable":true,"href":"https:\/\/www.copealcoy.es\/es\/wp-json\/wp\/v2\/users\/1"}],"replies":[{"embeddable":true,"href":"https:\/\/www.copealcoy.es\/es\/wp-json\/wp\/v2\/comments?post=37732"}],"version-history":[{"count":0,"href":"https:\/\/www.copealcoy.es\/es\/wp-json\/wp\/v2\/posts\/37732\/revisions"}],"wp:featuredmedia":[{"embeddable":true,"href":"https:\/\/www.copealcoy.es\/es\/wp-json\/wp\/v2\/media\/37733"}],"wp:attachment":[{"href":"https:\/\/www.copealcoy.es\/es\/wp-json\/wp\/v2\/media?parent=37732"}],"wp:term":[{"taxonomy":"category","embeddable":true,"href":"https:\/\/www.copealcoy.es\/es\/wp-json\/wp\/v2\/categories?post=37732"},{"taxonomy":"post_tag","embeddable":true,"href":"https:\/\/www.copealcoy.es\/es\/wp-json\/wp\/v2\/tags?post=37732"}],"curies":[{"name":"wp","href":"https:\/\/api.w.org\/{rel}","templated":true}]}}