{"id":37714,"date":"2017-12-24T16:45:44","date_gmt":"2017-12-24T16:45:44","guid":{"rendered":"http:\/\/copealcoi.es\/new\/?p=37714"},"modified":"2017-12-24T16:47:44","modified_gmt":"2017-12-24T16:47:44","slug":"els-castanyers-han-llegado-una-vez-mas-a-alcoy-por-nochebuena","status":"publish","type":"post","link":"https:\/\/www.copealcoy.es\/es\/els-castanyers-han-llegado-una-vez-mas-a-alcoy-por-nochebuena\/","title":{"rendered":"&#8216;Els Castanyers&#8217; han llegado una vez m\u00e1s a Alcoy por Nochebuena"},"content":{"rendered":"<p style=\"text-align: justify;\">La <strong>Plaza de Espa\u00f1a de Alcoy<\/strong> ha acogido este domingo, d\u00eda de Nochebuena, la tradicional <strong>visita de La Casta\u00f1era<\/strong>; un personaje popular y muy esperado, especialmente por los m\u00e1s peque\u00f1os, que <strong>se ha situado desde primeras horas de la ma\u00f1ana a las puertas del Ayuntamiento<\/strong>\u00a0de nuestra ciudad para recibir a centenares de personas.<\/p>\n<p style=\"text-align: justify;\">La iniciativa, que en este 2017 ha celebrado<strong> su d\u00e9cimo aniversario<\/strong>, parti\u00f3 en sus or\u00edgenes de la<strong> Penya del Bon Humor<\/strong> y se ha consolidado con el paso de a\u00f1os <strong>incorporando adem\u00e1s un componente solidario<\/strong>. Para esta edici\u00f3n se han preparado<strong> m\u00e1s de veinte kilos de casta\u00f1as<\/strong> al coincidir Nochebuena en domingo y se ha aprovechado la ocasi\u00f3n para <strong>recoger donativos para C\u00e1ritas<\/strong> &#8220;<em>estamos muy contentos de la acogida que hemos tenido. Han pasado muchos alcoyanos y visitantes a recoger su cucurucho de casta\u00f1as y hacer su correspondiente donativo solidario. Todos vamos a trabajar para conseguir que este acto tenga continuidad en el tiempo<\/em>&#8220;, asegur\u00f3 hoy a COPE ALCOY <strong>Guillermo Ramos<\/strong>, persona encargada de asumir el papel de La Casta\u00f1era.<\/p>\n<p>La m\u00fasica tradicional, los Villancicos y la degustaci\u00f3n de productos t\u00edpicos como dulces navide\u00f1os, mistela o herbero <strong>han acompa\u00f1ado la importante labora que &#8216;Els Castanyers&#8217;<\/strong> han desempe\u00f1ado en Alcoy durante toda la ma\u00f1ana de este d\u00eda de Nochebuena.<\/p>\n","protected":false},"excerpt":{"rendered":"<p>La Plaza de Espa\u00f1a de Alcoy ha acogido este domingo, d\u00eda de Nochebuena, la tradicional visita de La Casta\u00f1era; un&#8230;<\/p>\n","protected":false},"author":1,"featured_media":37715,"comment_status":"open","ping_status":"open","sticky":false,"template":"","format":"standard","meta":{"footnotes":""},"categories":[97,78,75],"tags":[2700,1494,462,5041,3452],"class_list":["post-37714","post","type-post","status-publish","format-standard","has-post-thumbnail","hentry","category-alcoy","category-fiestaycultura","category-noticias","tag-alcoi-ciutat-del-nadal","tag-alcoy","tag-castanera","tag-castanyers-solidaris","tag-guillermo-ramos"],"yoast_head":"<!-- This site is optimized with the Yoast SEO plugin v27.3 - https:\/\/yoast.com\/product\/yoast-seo-wordpress\/ -->\n<title>&#039;Els Castanyers&#039; han llegado una vez m\u00e1s a Alcoy por Nochebuena - COPE Alcoy<\/title>\n<meta name=\"robots\" content=\"index, follow, max-snippet:-1, max-image-preview:large, max-video-preview:-1\" \/>\n<link rel=\"canonical\" href=\"https:\/\/www.copealcoy.es\/es\/els-castanyers-han-llegado-una-vez-mas-a-alcoy-por-nochebuena\/\" \/>\n<meta property=\"og:locale\" content=\"es_ES\" \/>\n<meta property=\"og:type\" content=\"article\" \/>\n<meta property=\"og:title\" content=\"&#039;Els Castanyers&#039; han llegado una vez m\u00e1s a Alcoy por Nochebuena - COPE Alcoy\" \/>\n<meta property=\"og:description\" content=\"La Plaza de Espa\u00f1a de Alcoy ha acogido este domingo, d\u00eda de Nochebuena, la tradicional visita de La Casta\u00f1era; un...\" \/>\n<meta property=\"og:url\" content=\"https:\/\/www.copealcoy.es\/es\/els-castanyers-han-llegado-una-vez-mas-a-alcoy-por-nochebuena\/\" \/>\n<meta property=\"og:site_name\" content=\"COPE Alcoy\" \/>\n<meta property=\"article:published_time\" content=\"2017-12-24T16:45:44+00:00\" \/>\n<meta property=\"article:modified_time\" content=\"2017-12-24T16:47:44+00:00\" \/>\n<meta property=\"og:image\" content=\"https:\/\/www.copealcoy.es\/wp-content\/uploads\/2017\/12\/25659776_2043946975838353_3654104733507829378_n.jpg\" \/>\n\t<meta property=\"og:image:width\" content=\"960\" \/>\n\t<meta property=\"og:image:height\" content=\"640\" \/>\n\t<meta property=\"og:image:type\" content=\"image\/jpeg\" \/>\n<meta name=\"author\" content=\"Cope Alcoy\" \/>\n<meta name=\"twitter:label1\" content=\"Escrito por\" \/>\n\t<meta name=\"twitter:data1\" content=\"Cope Alcoy\" \/>\n\t<meta name=\"twitter:label2\" content=\"Tiempo de lectura\" \/>\n\t<meta name=\"twitter:data2\" content=\"1 minuto\" \/>\n<script type=\"application\/ld+json\" class=\"yoast-schema-graph\">{\"@context\":\"https:\\\/\\\/schema.org\",\"@graph\":[{\"@type\":\"Article\",\"@id\":\"https:\\\/\\\/www.copealcoy.es\\\/es\\\/els-castanyers-han-llegado-una-vez-mas-a-alcoy-por-nochebuena\\\/#article\",\"isPartOf\":{\"@id\":\"https:\\\/\\\/www.copealcoy.es\\\/es\\\/els-castanyers-han-llegado-una-vez-mas-a-alcoy-por-nochebuena\\\/\"},\"author\":{\"name\":\"Cope Alcoy\",\"@id\":\"https:\\\/\\\/www.copealcoy.es\\\/es\\\/#\\\/schema\\\/person\\\/e777c87fa024e57d40170af9df39882c\"},\"headline\":\"&#8216;Els Castanyers&#8217; han llegado una vez m\u00e1s a Alcoy por Nochebuena\",\"datePublished\":\"2017-12-24T16:45:44+00:00\",\"dateModified\":\"2017-12-24T16:47:44+00:00\",\"mainEntityOfPage\":{\"@id\":\"https:\\\/\\\/www.copealcoy.es\\\/es\\\/els-castanyers-han-llegado-una-vez-mas-a-alcoy-por-nochebuena\\\/\"},\"wordCount\":248,\"commentCount\":0,\"image\":{\"@id\":\"https:\\\/\\\/www.copealcoy.es\\\/es\\\/els-castanyers-han-llegado-una-vez-mas-a-alcoy-por-nochebuena\\\/#primaryimage\"},\"thumbnailUrl\":\"https:\\\/\\\/www.copealcoy.es\\\/wp-content\\\/uploads\\\/2017\\\/12\\\/25659776_2043946975838353_3654104733507829378_n.jpg\",\"keywords\":[\"Alcoi Ciutat del Nadal\",\"Alcoy\",\"Casta\u00f1era\",\"Castanyers Solidaris\",\"Guillermo Ramos\"],\"articleSection\":[\"Alcoy\",\"Fiesta y Cultura\",\"Noticias\"],\"inLanguage\":\"es\"},{\"@type\":\"WebPage\",\"@id\":\"https:\\\/\\\/www.copealcoy.es\\\/es\\\/els-castanyers-han-llegado-una-vez-mas-a-alcoy-por-nochebuena\\\/\",\"url\":\"https:\\\/\\\/www.copealcoy.es\\\/es\\\/els-castanyers-han-llegado-una-vez-mas-a-alcoy-por-nochebuena\\\/\",\"name\":\"'Els Castanyers' han llegado una vez m\u00e1s a Alcoy por Nochebuena - COPE Alcoy\",\"isPartOf\":{\"@id\":\"https:\\\/\\\/www.copealcoy.es\\\/es\\\/#website\"},\"primaryImageOfPage\":{\"@id\":\"https:\\\/\\\/www.copealcoy.es\\\/es\\\/els-castanyers-han-llegado-una-vez-mas-a-alcoy-por-nochebuena\\\/#primaryimage\"},\"image\":{\"@id\":\"https:\\\/\\\/www.copealcoy.es\\\/es\\\/els-castanyers-han-llegado-una-vez-mas-a-alcoy-por-nochebuena\\\/#primaryimage\"},\"thumbnailUrl\":\"https:\\\/\\\/www.copealcoy.es\\\/wp-content\\\/uploads\\\/2017\\\/12\\\/25659776_2043946975838353_3654104733507829378_n.jpg\",\"datePublished\":\"2017-12-24T16:45:44+00:00\",\"dateModified\":\"2017-12-24T16:47:44+00:00\",\"author\":{\"@id\":\"https:\\\/\\\/www.copealcoy.es\\\/es\\\/#\\\/schema\\\/person\\\/e777c87fa024e57d40170af9df39882c\"},\"breadcrumb\":{\"@id\":\"https:\\\/\\\/www.copealcoy.es\\\/es\\\/els-castanyers-han-llegado-una-vez-mas-a-alcoy-por-nochebuena\\\/#breadcrumb\"},\"inLanguage\":\"es\",\"potentialAction\":[{\"@type\":\"ReadAction\",\"target\":[\"https:\\\/\\\/www.copealcoy.es\\\/es\\\/els-castanyers-han-llegado-una-vez-mas-a-alcoy-por-nochebuena\\\/\"]}]},{\"@type\":\"ImageObject\",\"inLanguage\":\"es\",\"@id\":\"https:\\\/\\\/www.copealcoy.es\\\/es\\\/els-castanyers-han-llegado-una-vez-mas-a-alcoy-por-nochebuena\\\/#primaryimage\",\"url\":\"https:\\\/\\\/www.copealcoy.es\\\/wp-content\\\/uploads\\\/2017\\\/12\\\/25659776_2043946975838353_3654104733507829378_n.jpg\",\"contentUrl\":\"https:\\\/\\\/www.copealcoy.es\\\/wp-content\\\/uploads\\\/2017\\\/12\\\/25659776_2043946975838353_3654104733507829378_n.jpg\",\"width\":960,\"height\":640,\"caption\":\"La Casta\u00f1era no ha faltado a su cita en La Bandeja \\\/ Foto: Somosmonos Foto&Video\"},{\"@type\":\"BreadcrumbList\",\"@id\":\"https:\\\/\\\/www.copealcoy.es\\\/es\\\/els-castanyers-han-llegado-una-vez-mas-a-alcoy-por-nochebuena\\\/#breadcrumb\",\"itemListElement\":[{\"@type\":\"ListItem\",\"position\":1,\"name\":\"Portada\",\"item\":\"https:\\\/\\\/www.copealcoy.es\\\/es\\\/\"},{\"@type\":\"ListItem\",\"position\":2,\"name\":\"&#8216;Els Castanyers&#8217; han llegado una vez m\u00e1s a Alcoy por Nochebuena\"}]},{\"@type\":\"WebSite\",\"@id\":\"https:\\\/\\\/www.copealcoy.es\\\/es\\\/#website\",\"url\":\"https:\\\/\\\/www.copealcoy.es\\\/es\\\/\",\"name\":\"COPE Alcoy\",\"description\":\"Emisora COPE de radio local con emisi\u00f3n online. Pont de Sant Jordi 8-10 03803 Alcoy\",\"potentialAction\":[{\"@type\":\"SearchAction\",\"target\":{\"@type\":\"EntryPoint\",\"urlTemplate\":\"https:\\\/\\\/www.copealcoy.es\\\/es\\\/?s={search_term_string}\"},\"query-input\":{\"@type\":\"PropertyValueSpecification\",\"valueRequired\":true,\"valueName\":\"search_term_string\"}}],\"inLanguage\":\"es\"},{\"@type\":\"Person\",\"@id\":\"https:\\\/\\\/www.copealcoy.es\\\/es\\\/#\\\/schema\\\/person\\\/e777c87fa024e57d40170af9df39882c\",\"name\":\"Cope Alcoy\",\"image\":{\"@type\":\"ImageObject\",\"inLanguage\":\"es\",\"@id\":\"https:\\\/\\\/secure.gravatar.com\\\/avatar\\\/bb65d0283347e303893ba14f0692005417c1e0e690a325a4c5d8bb2b3943ee14?s=96&d=mm&r=g\",\"url\":\"https:\\\/\\\/secure.gravatar.com\\\/avatar\\\/bb65d0283347e303893ba14f0692005417c1e0e690a325a4c5d8bb2b3943ee14?s=96&d=mm&r=g\",\"contentUrl\":\"https:\\\/\\\/secure.gravatar.com\\\/avatar\\\/bb65d0283347e303893ba14f0692005417c1e0e690a325a4c5d8bb2b3943ee14?s=96&d=mm&r=g\",\"caption\":\"Cope Alcoy\"}}]}<\/script>\n<!-- \/ Yoast SEO plugin. -->","yoast_head_json":{"title":"'Els Castanyers' han llegado una vez m\u00e1s a Alcoy por Nochebuena - COPE Alcoy","robots":{"index":"index","follow":"follow","max-snippet":"max-snippet:-1","max-image-preview":"max-image-preview:large","max-video-preview":"max-video-preview:-1"},"canonical":"https:\/\/www.copealcoy.es\/es\/els-castanyers-han-llegado-una-vez-mas-a-alcoy-por-nochebuena\/","og_locale":"es_ES","og_type":"article","og_title":"'Els Castanyers' han llegado una vez m\u00e1s a Alcoy por Nochebuena - COPE Alcoy","og_description":"La Plaza de Espa\u00f1a de Alcoy ha acogido este domingo, d\u00eda de Nochebuena, la tradicional visita de La Casta\u00f1era; un...","og_url":"https:\/\/www.copealcoy.es\/es\/els-castanyers-han-llegado-una-vez-mas-a-alcoy-por-nochebuena\/","og_site_name":"COPE Alcoy","article_published_time":"2017-12-24T16:45:44+00:00","article_modified_time":"2017-12-24T16:47:44+00:00","og_image":[{"width":960,"height":640,"url":"https:\/\/www.copealcoy.es\/wp-content\/uploads\/2017\/12\/25659776_2043946975838353_3654104733507829378_n.jpg","type":"image\/jpeg"}],"author":"Cope Alcoy","twitter_misc":{"Escrito por":"Cope Alcoy","Tiempo de lectura":"1 minuto"},"schema":{"@context":"https:\/\/schema.org","@graph":[{"@type":"Article","@id":"https:\/\/www.copealcoy.es\/es\/els-castanyers-han-llegado-una-vez-mas-a-alcoy-por-nochebuena\/#article","isPartOf":{"@id":"https:\/\/www.copealcoy.es\/es\/els-castanyers-han-llegado-una-vez-mas-a-alcoy-por-nochebuena\/"},"author":{"name":"Cope Alcoy","@id":"https:\/\/www.copealcoy.es\/es\/#\/schema\/person\/e777c87fa024e57d40170af9df39882c"},"headline":"&#8216;Els Castanyers&#8217; han llegado una vez m\u00e1s a Alcoy por Nochebuena","datePublished":"2017-12-24T16:45:44+00:00","dateModified":"2017-12-24T16:47:44+00:00","mainEntityOfPage":{"@id":"https:\/\/www.copealcoy.es\/es\/els-castanyers-han-llegado-una-vez-mas-a-alcoy-por-nochebuena\/"},"wordCount":248,"commentCount":0,"image":{"@id":"https:\/\/www.copealcoy.es\/es\/els-castanyers-han-llegado-una-vez-mas-a-alcoy-por-nochebuena\/#primaryimage"},"thumbnailUrl":"https:\/\/www.copealcoy.es\/wp-content\/uploads\/2017\/12\/25659776_2043946975838353_3654104733507829378_n.jpg","keywords":["Alcoi Ciutat del Nadal","Alcoy","Casta\u00f1era","Castanyers Solidaris","Guillermo Ramos"],"articleSection":["Alcoy","Fiesta y Cultura","Noticias"],"inLanguage":"es"},{"@type":"WebPage","@id":"https:\/\/www.copealcoy.es\/es\/els-castanyers-han-llegado-una-vez-mas-a-alcoy-por-nochebuena\/","url":"https:\/\/www.copealcoy.es\/es\/els-castanyers-han-llegado-una-vez-mas-a-alcoy-por-nochebuena\/","name":"'Els Castanyers' han llegado una vez m\u00e1s a Alcoy por Nochebuena - COPE Alcoy","isPartOf":{"@id":"https:\/\/www.copealcoy.es\/es\/#website"},"primaryImageOfPage":{"@id":"https:\/\/www.copealcoy.es\/es\/els-castanyers-han-llegado-una-vez-mas-a-alcoy-por-nochebuena\/#primaryimage"},"image":{"@id":"https:\/\/www.copealcoy.es\/es\/els-castanyers-han-llegado-una-vez-mas-a-alcoy-por-nochebuena\/#primaryimage"},"thumbnailUrl":"https:\/\/www.copealcoy.es\/wp-content\/uploads\/2017\/12\/25659776_2043946975838353_3654104733507829378_n.jpg","datePublished":"2017-12-24T16:45:44+00:00","dateModified":"2017-12-24T16:47:44+00:00","author":{"@id":"https:\/\/www.copealcoy.es\/es\/#\/schema\/person\/e777c87fa024e57d40170af9df39882c"},"breadcrumb":{"@id":"https:\/\/www.copealcoy.es\/es\/els-castanyers-han-llegado-una-vez-mas-a-alcoy-por-nochebuena\/#breadcrumb"},"inLanguage":"es","potentialAction":[{"@type":"ReadAction","target":["https:\/\/www.copealcoy.es\/es\/els-castanyers-han-llegado-una-vez-mas-a-alcoy-por-nochebuena\/"]}]},{"@type":"ImageObject","inLanguage":"es","@id":"https:\/\/www.copealcoy.es\/es\/els-castanyers-han-llegado-una-vez-mas-a-alcoy-por-nochebuena\/#primaryimage","url":"https:\/\/www.copealcoy.es\/wp-content\/uploads\/2017\/12\/25659776_2043946975838353_3654104733507829378_n.jpg","contentUrl":"https:\/\/www.copealcoy.es\/wp-content\/uploads\/2017\/12\/25659776_2043946975838353_3654104733507829378_n.jpg","width":960,"height":640,"caption":"La Casta\u00f1era no ha faltado a su cita en La Bandeja \/ Foto: Somosmonos Foto&Video"},{"@type":"BreadcrumbList","@id":"https:\/\/www.copealcoy.es\/es\/els-castanyers-han-llegado-una-vez-mas-a-alcoy-por-nochebuena\/#breadcrumb","itemListElement":[{"@type":"ListItem","position":1,"name":"Portada","item":"https:\/\/www.copealcoy.es\/es\/"},{"@type":"ListItem","position":2,"name":"&#8216;Els Castanyers&#8217; han llegado una vez m\u00e1s a Alcoy por Nochebuena"}]},{"@type":"WebSite","@id":"https:\/\/www.copealcoy.es\/es\/#website","url":"https:\/\/www.copealcoy.es\/es\/","name":"COPE Alcoy","description":"Emisora COPE de radio local con emisi\u00f3n online. Pont de Sant Jordi 8-10 03803 Alcoy","potentialAction":[{"@type":"SearchAction","target":{"@type":"EntryPoint","urlTemplate":"https:\/\/www.copealcoy.es\/es\/?s={search_term_string}"},"query-input":{"@type":"PropertyValueSpecification","valueRequired":true,"valueName":"search_term_string"}}],"inLanguage":"es"},{"@type":"Person","@id":"https:\/\/www.copealcoy.es\/es\/#\/schema\/person\/e777c87fa024e57d40170af9df39882c","name":"Cope Alcoy","image":{"@type":"ImageObject","inLanguage":"es","@id":"https:\/\/secure.gravatar.com\/avatar\/bb65d0283347e303893ba14f0692005417c1e0e690a325a4c5d8bb2b3943ee14?s=96&d=mm&r=g","url":"https:\/\/secure.gravatar.com\/avatar\/bb65d0283347e303893ba14f0692005417c1e0e690a325a4c5d8bb2b3943ee14?s=96&d=mm&r=g","contentUrl":"https:\/\/secure.gravatar.com\/avatar\/bb65d0283347e303893ba14f0692005417c1e0e690a325a4c5d8bb2b3943ee14?s=96&d=mm&r=g","caption":"Cope Alcoy"}}]}},"_links":{"self":[{"href":"https:\/\/www.copealcoy.es\/es\/wp-json\/wp\/v2\/posts\/37714","targetHints":{"allow":["GET"]}}],"collection":[{"href":"https:\/\/www.copealcoy.es\/es\/wp-json\/wp\/v2\/posts"}],"about":[{"href":"https:\/\/www.copealcoy.es\/es\/wp-json\/wp\/v2\/types\/post"}],"author":[{"embeddable":true,"href":"https:\/\/www.copealcoy.es\/es\/wp-json\/wp\/v2\/users\/1"}],"replies":[{"embeddable":true,"href":"https:\/\/www.copealcoy.es\/es\/wp-json\/wp\/v2\/comments?post=37714"}],"version-history":[{"count":0,"href":"https:\/\/www.copealcoy.es\/es\/wp-json\/wp\/v2\/posts\/37714\/revisions"}],"wp:featuredmedia":[{"embeddable":true,"href":"https:\/\/www.copealcoy.es\/es\/wp-json\/wp\/v2\/media\/37715"}],"wp:attachment":[{"href":"https:\/\/www.copealcoy.es\/es\/wp-json\/wp\/v2\/media?parent=37714"}],"wp:term":[{"taxonomy":"category","embeddable":true,"href":"https:\/\/www.copealcoy.es\/es\/wp-json\/wp\/v2\/categories?post=37714"},{"taxonomy":"post_tag","embeddable":true,"href":"https:\/\/www.copealcoy.es\/es\/wp-json\/wp\/v2\/tags?post=37714"}],"curies":[{"name":"wp","href":"https:\/\/api.w.org\/{rel}","templated":true}]}}