{"id":37677,"date":"2017-12-21T21:25:28","date_gmt":"2017-12-21T21:25:28","guid":{"rendered":"http:\/\/copealcoi.es\/new\/?p=37677"},"modified":"2017-12-21T21:25:28","modified_gmt":"2017-12-21T21:25:28","slug":"concurso-belenes-muro-ya-ganadores","status":"publish","type":"post","link":"https:\/\/www.copealcoy.es\/es\/concurso-belenes-muro-ya-ganadores\/","title":{"rendered":"El Concurso de Belenes de Muro ya tiene ganadores"},"content":{"rendered":"<p style=\"text-align: justify;\">La <strong>XXIV edici\u00f3n del Concurso de Belenes de Muro<\/strong> ya tiene ganadores despu\u00e9s de que el jurado <strong>visitara el pasado 11 de diciembre<\/strong> todos los que se inscribieron a este certamen. Tras las oportunas deliberaciones se determin\u00f3 que en la <strong>Primera Categor\u00eda,<\/strong>\u00a0el <strong>Primer Premio<\/strong> fuese para <strong>Mar\u00eda Ferr\u00e1ndiz Garc\u00eda<\/strong> y el <strong>Segundo Premio<\/strong> para <strong>Rafaela Cort\u00e9s Molina<\/strong>. Por su parte en la <strong>Segunda Categor\u00eda<\/strong> destaca el <strong>Primer Premio<\/strong> para <strong>Alba y Paula Gald\u00f3n Torregrosa<\/strong>, el <strong>Segundo<\/strong> para <strong>Pablo Cascant Sempere<\/strong> y el <strong>Tercero<\/strong> para <strong>Lola Mari Roca Moll<\/strong>.<\/p>\n<p style=\"text-align: justify;\">El mencionado jurado ha remarcado<strong> la participaci\u00f3n<\/strong> de &#8220;<em>j\u00f3venes promesas<\/em>&#8221; en el Concurso de Belenes y destaca que estos <strong>han realizado un gran trabajo<\/strong> &#8220;<em>que garantiza la continuaci\u00f3n de esta tradici\u00f3n tan arraigada en nuestras comarcas<\/em>&#8220;, apuntan.<\/p>\n<p>&nbsp;<\/p>\n<p>&nbsp;<\/p>\n","protected":false},"excerpt":{"rendered":"<p>La XXIV edici\u00f3n del Concurso de Belenes de Muro ya tiene ganadores despu\u00e9s de que el jurado visitara el pasado&#8230;<\/p>\n","protected":false},"author":1,"featured_media":37678,"comment_status":"open","ping_status":"open","sticky":false,"template":"","format":"standard","meta":{"footnotes":""},"categories":[98,75],"tags":[237,5038,3534,135],"class_list":["post-37677","post","type-post","status-publish","format-standard","has-post-thumbnail","hentry","category-comarcas","category-noticias","tag-comtat","tag-concurso-de-belenes","tag-ganadores","tag-muro"],"yoast_head":"<!-- This site is optimized with the Yoast SEO plugin v27.3 - https:\/\/yoast.com\/product\/yoast-seo-wordpress\/ -->\n<title>El Concurso de Belenes de Muro ya tiene ganadores - COPE Alcoy<\/title>\n<meta name=\"robots\" content=\"index, follow, max-snippet:-1, max-image-preview:large, max-video-preview:-1\" \/>\n<link rel=\"canonical\" href=\"https:\/\/www.copealcoy.es\/es\/concurso-belenes-muro-ya-ganadores\/\" \/>\n<meta property=\"og:locale\" content=\"es_ES\" \/>\n<meta property=\"og:type\" content=\"article\" \/>\n<meta property=\"og:title\" content=\"El Concurso de Belenes de Muro ya tiene ganadores - COPE Alcoy\" \/>\n<meta property=\"og:description\" content=\"La XXIV edici\u00f3n del Concurso de Belenes de Muro ya tiene ganadores despu\u00e9s de que el jurado visitara el pasado...\" \/>\n<meta property=\"og:url\" content=\"https:\/\/www.copealcoy.es\/es\/concurso-belenes-muro-ya-ganadores\/\" \/>\n<meta property=\"og:site_name\" content=\"COPE Alcoy\" \/>\n<meta property=\"article:published_time\" content=\"2017-12-21T21:25:28+00:00\" \/>\n<meta property=\"og:image\" content=\"https:\/\/www.copealcoy.es\/wp-content\/uploads\/2017\/12\/IMG-20171220-WA0004.jpg\" \/>\n\t<meta property=\"og:image:width\" content=\"1600\" \/>\n\t<meta property=\"og:image:height\" content=\"900\" \/>\n\t<meta property=\"og:image:type\" content=\"image\/jpeg\" \/>\n<meta name=\"author\" content=\"Cope Alcoy\" \/>\n<meta name=\"twitter:label1\" content=\"Escrito por\" \/>\n\t<meta name=\"twitter:data1\" content=\"Cope Alcoy\" \/>\n\t<meta name=\"twitter:label2\" content=\"Tiempo de lectura\" \/>\n\t<meta name=\"twitter:data2\" content=\"1 minuto\" \/>\n<script type=\"application\/ld+json\" class=\"yoast-schema-graph\">{\"@context\":\"https:\\\/\\\/schema.org\",\"@graph\":[{\"@type\":\"Article\",\"@id\":\"https:\\\/\\\/www.copealcoy.es\\\/es\\\/concurso-belenes-muro-ya-ganadores\\\/#article\",\"isPartOf\":{\"@id\":\"https:\\\/\\\/www.copealcoy.es\\\/es\\\/concurso-belenes-muro-ya-ganadores\\\/\"},\"author\":{\"name\":\"Cope Alcoy\",\"@id\":\"https:\\\/\\\/www.copealcoy.es\\\/es\\\/#\\\/schema\\\/person\\\/e777c87fa024e57d40170af9df39882c\"},\"headline\":\"El Concurso de Belenes de Muro ya tiene ganadores\",\"datePublished\":\"2017-12-21T21:25:28+00:00\",\"mainEntityOfPage\":{\"@id\":\"https:\\\/\\\/www.copealcoy.es\\\/es\\\/concurso-belenes-muro-ya-ganadores\\\/\"},\"wordCount\":149,\"commentCount\":0,\"image\":{\"@id\":\"https:\\\/\\\/www.copealcoy.es\\\/es\\\/concurso-belenes-muro-ya-ganadores\\\/#primaryimage\"},\"thumbnailUrl\":\"https:\\\/\\\/www.copealcoy.es\\\/wp-content\\\/uploads\\\/2017\\\/12\\\/IMG-20171220-WA0004.jpg\",\"keywords\":[\"Comtat\",\"Concurso de Belenes\",\"Ganadores\",\"Muro\"],\"articleSection\":[\"Comarcas\",\"Noticias\"],\"inLanguage\":\"es\"},{\"@type\":\"WebPage\",\"@id\":\"https:\\\/\\\/www.copealcoy.es\\\/es\\\/concurso-belenes-muro-ya-ganadores\\\/\",\"url\":\"https:\\\/\\\/www.copealcoy.es\\\/es\\\/concurso-belenes-muro-ya-ganadores\\\/\",\"name\":\"El Concurso de Belenes de Muro ya tiene ganadores - COPE Alcoy\",\"isPartOf\":{\"@id\":\"https:\\\/\\\/www.copealcoy.es\\\/es\\\/#website\"},\"primaryImageOfPage\":{\"@id\":\"https:\\\/\\\/www.copealcoy.es\\\/es\\\/concurso-belenes-muro-ya-ganadores\\\/#primaryimage\"},\"image\":{\"@id\":\"https:\\\/\\\/www.copealcoy.es\\\/es\\\/concurso-belenes-muro-ya-ganadores\\\/#primaryimage\"},\"thumbnailUrl\":\"https:\\\/\\\/www.copealcoy.es\\\/wp-content\\\/uploads\\\/2017\\\/12\\\/IMG-20171220-WA0004.jpg\",\"datePublished\":\"2017-12-21T21:25:28+00:00\",\"author\":{\"@id\":\"https:\\\/\\\/www.copealcoy.es\\\/es\\\/#\\\/schema\\\/person\\\/e777c87fa024e57d40170af9df39882c\"},\"breadcrumb\":{\"@id\":\"https:\\\/\\\/www.copealcoy.es\\\/es\\\/concurso-belenes-muro-ya-ganadores\\\/#breadcrumb\"},\"inLanguage\":\"es\",\"potentialAction\":[{\"@type\":\"ReadAction\",\"target\":[\"https:\\\/\\\/www.copealcoy.es\\\/es\\\/concurso-belenes-muro-ya-ganadores\\\/\"]}]},{\"@type\":\"ImageObject\",\"inLanguage\":\"es\",\"@id\":\"https:\\\/\\\/www.copealcoy.es\\\/es\\\/concurso-belenes-muro-ya-ganadores\\\/#primaryimage\",\"url\":\"https:\\\/\\\/www.copealcoy.es\\\/wp-content\\\/uploads\\\/2017\\\/12\\\/IMG-20171220-WA0004.jpg\",\"contentUrl\":\"https:\\\/\\\/www.copealcoy.es\\\/wp-content\\\/uploads\\\/2017\\\/12\\\/IMG-20171220-WA0004.jpg\",\"width\":1600,\"height\":900,\"caption\":\"Uno de los belenes premiados en el Concurso de este a\u00f1o\"},{\"@type\":\"BreadcrumbList\",\"@id\":\"https:\\\/\\\/www.copealcoy.es\\\/es\\\/concurso-belenes-muro-ya-ganadores\\\/#breadcrumb\",\"itemListElement\":[{\"@type\":\"ListItem\",\"position\":1,\"name\":\"Portada\",\"item\":\"https:\\\/\\\/www.copealcoy.es\\\/es\\\/\"},{\"@type\":\"ListItem\",\"position\":2,\"name\":\"El Concurso de Belenes de Muro ya tiene ganadores\"}]},{\"@type\":\"WebSite\",\"@id\":\"https:\\\/\\\/www.copealcoy.es\\\/es\\\/#website\",\"url\":\"https:\\\/\\\/www.copealcoy.es\\\/es\\\/\",\"name\":\"COPE Alcoy\",\"description\":\"Emisora COPE de radio local con emisi\u00f3n online. Pont de Sant Jordi 8-10 03803 Alcoy\",\"potentialAction\":[{\"@type\":\"SearchAction\",\"target\":{\"@type\":\"EntryPoint\",\"urlTemplate\":\"https:\\\/\\\/www.copealcoy.es\\\/es\\\/?s={search_term_string}\"},\"query-input\":{\"@type\":\"PropertyValueSpecification\",\"valueRequired\":true,\"valueName\":\"search_term_string\"}}],\"inLanguage\":\"es\"},{\"@type\":\"Person\",\"@id\":\"https:\\\/\\\/www.copealcoy.es\\\/es\\\/#\\\/schema\\\/person\\\/e777c87fa024e57d40170af9df39882c\",\"name\":\"Cope Alcoy\",\"image\":{\"@type\":\"ImageObject\",\"inLanguage\":\"es\",\"@id\":\"https:\\\/\\\/secure.gravatar.com\\\/avatar\\\/bb65d0283347e303893ba14f0692005417c1e0e690a325a4c5d8bb2b3943ee14?s=96&d=mm&r=g\",\"url\":\"https:\\\/\\\/secure.gravatar.com\\\/avatar\\\/bb65d0283347e303893ba14f0692005417c1e0e690a325a4c5d8bb2b3943ee14?s=96&d=mm&r=g\",\"contentUrl\":\"https:\\\/\\\/secure.gravatar.com\\\/avatar\\\/bb65d0283347e303893ba14f0692005417c1e0e690a325a4c5d8bb2b3943ee14?s=96&d=mm&r=g\",\"caption\":\"Cope Alcoy\"}}]}<\/script>\n<!-- \/ Yoast SEO plugin. -->","yoast_head_json":{"title":"El Concurso de Belenes de Muro ya tiene ganadores - COPE Alcoy","robots":{"index":"index","follow":"follow","max-snippet":"max-snippet:-1","max-image-preview":"max-image-preview:large","max-video-preview":"max-video-preview:-1"},"canonical":"https:\/\/www.copealcoy.es\/es\/concurso-belenes-muro-ya-ganadores\/","og_locale":"es_ES","og_type":"article","og_title":"El Concurso de Belenes de Muro ya tiene ganadores - COPE Alcoy","og_description":"La XXIV edici\u00f3n del Concurso de Belenes de Muro ya tiene ganadores despu\u00e9s de que el jurado visitara el pasado...","og_url":"https:\/\/www.copealcoy.es\/es\/concurso-belenes-muro-ya-ganadores\/","og_site_name":"COPE Alcoy","article_published_time":"2017-12-21T21:25:28+00:00","og_image":[{"width":1600,"height":900,"url":"https:\/\/www.copealcoy.es\/wp-content\/uploads\/2017\/12\/IMG-20171220-WA0004.jpg","type":"image\/jpeg"}],"author":"Cope Alcoy","twitter_misc":{"Escrito por":"Cope Alcoy","Tiempo de lectura":"1 minuto"},"schema":{"@context":"https:\/\/schema.org","@graph":[{"@type":"Article","@id":"https:\/\/www.copealcoy.es\/es\/concurso-belenes-muro-ya-ganadores\/#article","isPartOf":{"@id":"https:\/\/www.copealcoy.es\/es\/concurso-belenes-muro-ya-ganadores\/"},"author":{"name":"Cope Alcoy","@id":"https:\/\/www.copealcoy.es\/es\/#\/schema\/person\/e777c87fa024e57d40170af9df39882c"},"headline":"El Concurso de Belenes de Muro ya tiene ganadores","datePublished":"2017-12-21T21:25:28+00:00","mainEntityOfPage":{"@id":"https:\/\/www.copealcoy.es\/es\/concurso-belenes-muro-ya-ganadores\/"},"wordCount":149,"commentCount":0,"image":{"@id":"https:\/\/www.copealcoy.es\/es\/concurso-belenes-muro-ya-ganadores\/#primaryimage"},"thumbnailUrl":"https:\/\/www.copealcoy.es\/wp-content\/uploads\/2017\/12\/IMG-20171220-WA0004.jpg","keywords":["Comtat","Concurso de Belenes","Ganadores","Muro"],"articleSection":["Comarcas","Noticias"],"inLanguage":"es"},{"@type":"WebPage","@id":"https:\/\/www.copealcoy.es\/es\/concurso-belenes-muro-ya-ganadores\/","url":"https:\/\/www.copealcoy.es\/es\/concurso-belenes-muro-ya-ganadores\/","name":"El Concurso de Belenes de Muro ya tiene ganadores - COPE Alcoy","isPartOf":{"@id":"https:\/\/www.copealcoy.es\/es\/#website"},"primaryImageOfPage":{"@id":"https:\/\/www.copealcoy.es\/es\/concurso-belenes-muro-ya-ganadores\/#primaryimage"},"image":{"@id":"https:\/\/www.copealcoy.es\/es\/concurso-belenes-muro-ya-ganadores\/#primaryimage"},"thumbnailUrl":"https:\/\/www.copealcoy.es\/wp-content\/uploads\/2017\/12\/IMG-20171220-WA0004.jpg","datePublished":"2017-12-21T21:25:28+00:00","author":{"@id":"https:\/\/www.copealcoy.es\/es\/#\/schema\/person\/e777c87fa024e57d40170af9df39882c"},"breadcrumb":{"@id":"https:\/\/www.copealcoy.es\/es\/concurso-belenes-muro-ya-ganadores\/#breadcrumb"},"inLanguage":"es","potentialAction":[{"@type":"ReadAction","target":["https:\/\/www.copealcoy.es\/es\/concurso-belenes-muro-ya-ganadores\/"]}]},{"@type":"ImageObject","inLanguage":"es","@id":"https:\/\/www.copealcoy.es\/es\/concurso-belenes-muro-ya-ganadores\/#primaryimage","url":"https:\/\/www.copealcoy.es\/wp-content\/uploads\/2017\/12\/IMG-20171220-WA0004.jpg","contentUrl":"https:\/\/www.copealcoy.es\/wp-content\/uploads\/2017\/12\/IMG-20171220-WA0004.jpg","width":1600,"height":900,"caption":"Uno de los belenes premiados en el Concurso de este a\u00f1o"},{"@type":"BreadcrumbList","@id":"https:\/\/www.copealcoy.es\/es\/concurso-belenes-muro-ya-ganadores\/#breadcrumb","itemListElement":[{"@type":"ListItem","position":1,"name":"Portada","item":"https:\/\/www.copealcoy.es\/es\/"},{"@type":"ListItem","position":2,"name":"El Concurso de Belenes de Muro ya tiene ganadores"}]},{"@type":"WebSite","@id":"https:\/\/www.copealcoy.es\/es\/#website","url":"https:\/\/www.copealcoy.es\/es\/","name":"COPE Alcoy","description":"Emisora COPE de radio local con emisi\u00f3n online. Pont de Sant Jordi 8-10 03803 Alcoy","potentialAction":[{"@type":"SearchAction","target":{"@type":"EntryPoint","urlTemplate":"https:\/\/www.copealcoy.es\/es\/?s={search_term_string}"},"query-input":{"@type":"PropertyValueSpecification","valueRequired":true,"valueName":"search_term_string"}}],"inLanguage":"es"},{"@type":"Person","@id":"https:\/\/www.copealcoy.es\/es\/#\/schema\/person\/e777c87fa024e57d40170af9df39882c","name":"Cope Alcoy","image":{"@type":"ImageObject","inLanguage":"es","@id":"https:\/\/secure.gravatar.com\/avatar\/bb65d0283347e303893ba14f0692005417c1e0e690a325a4c5d8bb2b3943ee14?s=96&d=mm&r=g","url":"https:\/\/secure.gravatar.com\/avatar\/bb65d0283347e303893ba14f0692005417c1e0e690a325a4c5d8bb2b3943ee14?s=96&d=mm&r=g","contentUrl":"https:\/\/secure.gravatar.com\/avatar\/bb65d0283347e303893ba14f0692005417c1e0e690a325a4c5d8bb2b3943ee14?s=96&d=mm&r=g","caption":"Cope Alcoy"}}]}},"_links":{"self":[{"href":"https:\/\/www.copealcoy.es\/es\/wp-json\/wp\/v2\/posts\/37677","targetHints":{"allow":["GET"]}}],"collection":[{"href":"https:\/\/www.copealcoy.es\/es\/wp-json\/wp\/v2\/posts"}],"about":[{"href":"https:\/\/www.copealcoy.es\/es\/wp-json\/wp\/v2\/types\/post"}],"author":[{"embeddable":true,"href":"https:\/\/www.copealcoy.es\/es\/wp-json\/wp\/v2\/users\/1"}],"replies":[{"embeddable":true,"href":"https:\/\/www.copealcoy.es\/es\/wp-json\/wp\/v2\/comments?post=37677"}],"version-history":[{"count":0,"href":"https:\/\/www.copealcoy.es\/es\/wp-json\/wp\/v2\/posts\/37677\/revisions"}],"wp:featuredmedia":[{"embeddable":true,"href":"https:\/\/www.copealcoy.es\/es\/wp-json\/wp\/v2\/media\/37678"}],"wp:attachment":[{"href":"https:\/\/www.copealcoy.es\/es\/wp-json\/wp\/v2\/media?parent=37677"}],"wp:term":[{"taxonomy":"category","embeddable":true,"href":"https:\/\/www.copealcoy.es\/es\/wp-json\/wp\/v2\/categories?post=37677"},{"taxonomy":"post_tag","embeddable":true,"href":"https:\/\/www.copealcoy.es\/es\/wp-json\/wp\/v2\/tags?post=37677"}],"curies":[{"name":"wp","href":"https:\/\/api.w.org\/{rel}","templated":true}]}}