{"id":37626,"date":"2017-12-20T16:04:18","date_gmt":"2017-12-20T16:04:18","guid":{"rendered":"http:\/\/copealcoi.es\/new\/?p=37626"},"modified":"2017-12-20T16:06:25","modified_gmt":"2017-12-20T16:06:25","slug":"el-legado-de-camilo-sesto-recauda-3-000-euros-para-la-aecc","status":"publish","type":"post","link":"https:\/\/www.copealcoy.es\/es\/el-legado-de-camilo-sesto-recauda-3-000-euros-para-la-aecc\/","title":{"rendered":"El legado de Camilo Sesto recauda 3.000 euros para la AECC"},"content":{"rendered":"<p style=\"text-align: justify;\">El sal\u00f3n de plenos del Ayuntamiento de Alcoy acogi\u00f3 el pasado s\u00e1bado <strong>un sencillo acto<\/strong> en el que <strong>se hizo entrega a la Asociaci\u00f3n Espa\u00f1ola Contra el C\u00e1ncer<\/strong>, AECC, de <strong>la recaudaci\u00f3n de 3.000 euros<\/strong> obtenida con la edici\u00f3n y\u00a0<strong>venta<\/strong>\u00a0de la\u00a0<strong>revista<\/strong><strong>\u00a0<\/strong><em>El legado de Camilo Camilo Sesto Unidos por una causa<\/em>. La asistenta personal de nuestro cantante m\u00e1s internacional, <strong>Raquel Greciano<\/strong>, hizo esta donaci\u00f3n a la AECC, representa por su presidenta en Alcoy Mar\u00eda <strong>Teresa Alberola<\/strong>, \u00a0y record\u00f3 que de esta publicaci\u00f3n <strong>se han repartido m\u00e1s de 400 ejemplares<\/strong> en esta tirada. En esta donaci\u00f3n estuvieron presentes la autoridades locales, entre ellos el edil de Cultura; Ra\u00fcl Llopis.<\/p>\n","protected":false},"excerpt":{"rendered":"<p>El sal\u00f3n de plenos del Ayuntamiento de Alcoy acogi\u00f3 el pasado s\u00e1bado un sencillo acto en el que se hizo&#8230;<\/p>\n","protected":false},"author":1,"featured_media":37627,"comment_status":"open","ping_status":"open","sticky":false,"template":"","format":"standard","meta":{"footnotes":""},"categories":[97,78,75],"tags":[1494,2559,5029,1706],"class_list":["post-37626","post","type-post","status-publish","format-standard","has-post-thumbnail","hentry","category-alcoy","category-fiestaycultura","category-noticias","tag-alcoy","tag-camilo-sesto","tag-legado","tag-recaudacion"],"yoast_head":"<!-- This site is optimized with the Yoast SEO plugin v27.3 - https:\/\/yoast.com\/product\/yoast-seo-wordpress\/ -->\n<title>El legado de Camilo Sesto recauda 3.000 euros para la AECC - COPE Alcoy<\/title>\n<meta name=\"robots\" content=\"index, follow, max-snippet:-1, max-image-preview:large, max-video-preview:-1\" \/>\n<link rel=\"canonical\" href=\"https:\/\/www.copealcoy.es\/es\/el-legado-de-camilo-sesto-recauda-3-000-euros-para-la-aecc\/\" \/>\n<meta property=\"og:locale\" content=\"es_ES\" \/>\n<meta property=\"og:type\" content=\"article\" \/>\n<meta property=\"og:title\" content=\"El legado de Camilo Sesto recauda 3.000 euros para la AECC - COPE Alcoy\" \/>\n<meta property=\"og:description\" content=\"El sal\u00f3n de plenos del Ayuntamiento de Alcoy acogi\u00f3 el pasado s\u00e1bado un sencillo acto en el que se hizo...\" \/>\n<meta property=\"og:url\" content=\"https:\/\/www.copealcoy.es\/es\/el-legado-de-camilo-sesto-recauda-3-000-euros-para-la-aecc\/\" \/>\n<meta property=\"og:site_name\" content=\"COPE Alcoy\" \/>\n<meta property=\"article:published_time\" content=\"2017-12-20T16:04:18+00:00\" \/>\n<meta property=\"article:modified_time\" content=\"2017-12-20T16:06:25+00:00\" \/>\n<meta property=\"og:image\" content=\"https:\/\/www.copealcoy.es\/wp-content\/uploads\/2017\/12\/25395733_2208364172523088_758328066204285738_n.jpg\" \/>\n\t<meta property=\"og:image:width\" content=\"960\" \/>\n\t<meta property=\"og:image:height\" content=\"720\" \/>\n\t<meta property=\"og:image:type\" content=\"image\/jpeg\" \/>\n<meta name=\"author\" content=\"Cope Alcoy\" \/>\n<meta name=\"twitter:label1\" content=\"Escrito por\" \/>\n\t<meta name=\"twitter:data1\" content=\"Cope Alcoy\" \/>\n\t<meta name=\"twitter:label2\" content=\"Tiempo de lectura\" \/>\n\t<meta name=\"twitter:data2\" content=\"1 minuto\" \/>\n<script type=\"application\/ld+json\" class=\"yoast-schema-graph\">{\"@context\":\"https:\\\/\\\/schema.org\",\"@graph\":[{\"@type\":\"Article\",\"@id\":\"https:\\\/\\\/www.copealcoy.es\\\/es\\\/el-legado-de-camilo-sesto-recauda-3-000-euros-para-la-aecc\\\/#article\",\"isPartOf\":{\"@id\":\"https:\\\/\\\/www.copealcoy.es\\\/es\\\/el-legado-de-camilo-sesto-recauda-3-000-euros-para-la-aecc\\\/\"},\"author\":{\"name\":\"Cope Alcoy\",\"@id\":\"https:\\\/\\\/www.copealcoy.es\\\/es\\\/#\\\/schema\\\/person\\\/e777c87fa024e57d40170af9df39882c\"},\"headline\":\"El legado de Camilo Sesto recauda 3.000 euros para la AECC\",\"datePublished\":\"2017-12-20T16:04:18+00:00\",\"dateModified\":\"2017-12-20T16:06:25+00:00\",\"mainEntityOfPage\":{\"@id\":\"https:\\\/\\\/www.copealcoy.es\\\/es\\\/el-legado-de-camilo-sesto-recauda-3-000-euros-para-la-aecc\\\/\"},\"wordCount\":133,\"commentCount\":0,\"image\":{\"@id\":\"https:\\\/\\\/www.copealcoy.es\\\/es\\\/el-legado-de-camilo-sesto-recauda-3-000-euros-para-la-aecc\\\/#primaryimage\"},\"thumbnailUrl\":\"https:\\\/\\\/www.copealcoy.es\\\/wp-content\\\/uploads\\\/2017\\\/12\\\/25395733_2208364172523088_758328066204285738_n.jpg\",\"keywords\":[\"Alcoy\",\"Camilo Sesto\",\"legado\",\"Recaudaci\u00f3n\"],\"articleSection\":[\"Alcoy\",\"Fiesta y Cultura\",\"Noticias\"],\"inLanguage\":\"es\"},{\"@type\":\"WebPage\",\"@id\":\"https:\\\/\\\/www.copealcoy.es\\\/es\\\/el-legado-de-camilo-sesto-recauda-3-000-euros-para-la-aecc\\\/\",\"url\":\"https:\\\/\\\/www.copealcoy.es\\\/es\\\/el-legado-de-camilo-sesto-recauda-3-000-euros-para-la-aecc\\\/\",\"name\":\"El legado de Camilo Sesto recauda 3.000 euros para la AECC - COPE Alcoy\",\"isPartOf\":{\"@id\":\"https:\\\/\\\/www.copealcoy.es\\\/es\\\/#website\"},\"primaryImageOfPage\":{\"@id\":\"https:\\\/\\\/www.copealcoy.es\\\/es\\\/el-legado-de-camilo-sesto-recauda-3-000-euros-para-la-aecc\\\/#primaryimage\"},\"image\":{\"@id\":\"https:\\\/\\\/www.copealcoy.es\\\/es\\\/el-legado-de-camilo-sesto-recauda-3-000-euros-para-la-aecc\\\/#primaryimage\"},\"thumbnailUrl\":\"https:\\\/\\\/www.copealcoy.es\\\/wp-content\\\/uploads\\\/2017\\\/12\\\/25395733_2208364172523088_758328066204285738_n.jpg\",\"datePublished\":\"2017-12-20T16:04:18+00:00\",\"dateModified\":\"2017-12-20T16:06:25+00:00\",\"author\":{\"@id\":\"https:\\\/\\\/www.copealcoy.es\\\/es\\\/#\\\/schema\\\/person\\\/e777c87fa024e57d40170af9df39882c\"},\"breadcrumb\":{\"@id\":\"https:\\\/\\\/www.copealcoy.es\\\/es\\\/el-legado-de-camilo-sesto-recauda-3-000-euros-para-la-aecc\\\/#breadcrumb\"},\"inLanguage\":\"es\",\"potentialAction\":[{\"@type\":\"ReadAction\",\"target\":[\"https:\\\/\\\/www.copealcoy.es\\\/es\\\/el-legado-de-camilo-sesto-recauda-3-000-euros-para-la-aecc\\\/\"]}]},{\"@type\":\"ImageObject\",\"inLanguage\":\"es\",\"@id\":\"https:\\\/\\\/www.copealcoy.es\\\/es\\\/el-legado-de-camilo-sesto-recauda-3-000-euros-para-la-aecc\\\/#primaryimage\",\"url\":\"https:\\\/\\\/www.copealcoy.es\\\/wp-content\\\/uploads\\\/2017\\\/12\\\/25395733_2208364172523088_758328066204285738_n.jpg\",\"contentUrl\":\"https:\\\/\\\/www.copealcoy.es\\\/wp-content\\\/uploads\\\/2017\\\/12\\\/25395733_2208364172523088_758328066204285738_n.jpg\",\"width\":960,\"height\":720,\"caption\":\"La donaci\u00f3n tuvo lugar en el Sal\u00f3n de Plenos del Ayuntamiento \\\/ Foto: Ajuntament d\u00b4Alcoi\"},{\"@type\":\"BreadcrumbList\",\"@id\":\"https:\\\/\\\/www.copealcoy.es\\\/es\\\/el-legado-de-camilo-sesto-recauda-3-000-euros-para-la-aecc\\\/#breadcrumb\",\"itemListElement\":[{\"@type\":\"ListItem\",\"position\":1,\"name\":\"Portada\",\"item\":\"https:\\\/\\\/www.copealcoy.es\\\/es\\\/\"},{\"@type\":\"ListItem\",\"position\":2,\"name\":\"El legado de Camilo Sesto recauda 3.000 euros para la AECC\"}]},{\"@type\":\"WebSite\",\"@id\":\"https:\\\/\\\/www.copealcoy.es\\\/es\\\/#website\",\"url\":\"https:\\\/\\\/www.copealcoy.es\\\/es\\\/\",\"name\":\"COPE Alcoy\",\"description\":\"Emisora COPE de radio local con emisi\u00f3n online. Pont de Sant Jordi 8-10 03803 Alcoy\",\"potentialAction\":[{\"@type\":\"SearchAction\",\"target\":{\"@type\":\"EntryPoint\",\"urlTemplate\":\"https:\\\/\\\/www.copealcoy.es\\\/es\\\/?s={search_term_string}\"},\"query-input\":{\"@type\":\"PropertyValueSpecification\",\"valueRequired\":true,\"valueName\":\"search_term_string\"}}],\"inLanguage\":\"es\"},{\"@type\":\"Person\",\"@id\":\"https:\\\/\\\/www.copealcoy.es\\\/es\\\/#\\\/schema\\\/person\\\/e777c87fa024e57d40170af9df39882c\",\"name\":\"Cope Alcoy\",\"image\":{\"@type\":\"ImageObject\",\"inLanguage\":\"es\",\"@id\":\"https:\\\/\\\/secure.gravatar.com\\\/avatar\\\/bb65d0283347e303893ba14f0692005417c1e0e690a325a4c5d8bb2b3943ee14?s=96&d=mm&r=g\",\"url\":\"https:\\\/\\\/secure.gravatar.com\\\/avatar\\\/bb65d0283347e303893ba14f0692005417c1e0e690a325a4c5d8bb2b3943ee14?s=96&d=mm&r=g\",\"contentUrl\":\"https:\\\/\\\/secure.gravatar.com\\\/avatar\\\/bb65d0283347e303893ba14f0692005417c1e0e690a325a4c5d8bb2b3943ee14?s=96&d=mm&r=g\",\"caption\":\"Cope Alcoy\"}}]}<\/script>\n<!-- \/ Yoast SEO plugin. -->","yoast_head_json":{"title":"El legado de Camilo Sesto recauda 3.000 euros para la AECC - COPE Alcoy","robots":{"index":"index","follow":"follow","max-snippet":"max-snippet:-1","max-image-preview":"max-image-preview:large","max-video-preview":"max-video-preview:-1"},"canonical":"https:\/\/www.copealcoy.es\/es\/el-legado-de-camilo-sesto-recauda-3-000-euros-para-la-aecc\/","og_locale":"es_ES","og_type":"article","og_title":"El legado de Camilo Sesto recauda 3.000 euros para la AECC - COPE Alcoy","og_description":"El sal\u00f3n de plenos del Ayuntamiento de Alcoy acogi\u00f3 el pasado s\u00e1bado un sencillo acto en el que se hizo...","og_url":"https:\/\/www.copealcoy.es\/es\/el-legado-de-camilo-sesto-recauda-3-000-euros-para-la-aecc\/","og_site_name":"COPE Alcoy","article_published_time":"2017-12-20T16:04:18+00:00","article_modified_time":"2017-12-20T16:06:25+00:00","og_image":[{"width":960,"height":720,"url":"https:\/\/www.copealcoy.es\/wp-content\/uploads\/2017\/12\/25395733_2208364172523088_758328066204285738_n.jpg","type":"image\/jpeg"}],"author":"Cope Alcoy","twitter_misc":{"Escrito por":"Cope Alcoy","Tiempo de lectura":"1 minuto"},"schema":{"@context":"https:\/\/schema.org","@graph":[{"@type":"Article","@id":"https:\/\/www.copealcoy.es\/es\/el-legado-de-camilo-sesto-recauda-3-000-euros-para-la-aecc\/#article","isPartOf":{"@id":"https:\/\/www.copealcoy.es\/es\/el-legado-de-camilo-sesto-recauda-3-000-euros-para-la-aecc\/"},"author":{"name":"Cope Alcoy","@id":"https:\/\/www.copealcoy.es\/es\/#\/schema\/person\/e777c87fa024e57d40170af9df39882c"},"headline":"El legado de Camilo Sesto recauda 3.000 euros para la AECC","datePublished":"2017-12-20T16:04:18+00:00","dateModified":"2017-12-20T16:06:25+00:00","mainEntityOfPage":{"@id":"https:\/\/www.copealcoy.es\/es\/el-legado-de-camilo-sesto-recauda-3-000-euros-para-la-aecc\/"},"wordCount":133,"commentCount":0,"image":{"@id":"https:\/\/www.copealcoy.es\/es\/el-legado-de-camilo-sesto-recauda-3-000-euros-para-la-aecc\/#primaryimage"},"thumbnailUrl":"https:\/\/www.copealcoy.es\/wp-content\/uploads\/2017\/12\/25395733_2208364172523088_758328066204285738_n.jpg","keywords":["Alcoy","Camilo Sesto","legado","Recaudaci\u00f3n"],"articleSection":["Alcoy","Fiesta y Cultura","Noticias"],"inLanguage":"es"},{"@type":"WebPage","@id":"https:\/\/www.copealcoy.es\/es\/el-legado-de-camilo-sesto-recauda-3-000-euros-para-la-aecc\/","url":"https:\/\/www.copealcoy.es\/es\/el-legado-de-camilo-sesto-recauda-3-000-euros-para-la-aecc\/","name":"El legado de Camilo Sesto recauda 3.000 euros para la AECC - COPE Alcoy","isPartOf":{"@id":"https:\/\/www.copealcoy.es\/es\/#website"},"primaryImageOfPage":{"@id":"https:\/\/www.copealcoy.es\/es\/el-legado-de-camilo-sesto-recauda-3-000-euros-para-la-aecc\/#primaryimage"},"image":{"@id":"https:\/\/www.copealcoy.es\/es\/el-legado-de-camilo-sesto-recauda-3-000-euros-para-la-aecc\/#primaryimage"},"thumbnailUrl":"https:\/\/www.copealcoy.es\/wp-content\/uploads\/2017\/12\/25395733_2208364172523088_758328066204285738_n.jpg","datePublished":"2017-12-20T16:04:18+00:00","dateModified":"2017-12-20T16:06:25+00:00","author":{"@id":"https:\/\/www.copealcoy.es\/es\/#\/schema\/person\/e777c87fa024e57d40170af9df39882c"},"breadcrumb":{"@id":"https:\/\/www.copealcoy.es\/es\/el-legado-de-camilo-sesto-recauda-3-000-euros-para-la-aecc\/#breadcrumb"},"inLanguage":"es","potentialAction":[{"@type":"ReadAction","target":["https:\/\/www.copealcoy.es\/es\/el-legado-de-camilo-sesto-recauda-3-000-euros-para-la-aecc\/"]}]},{"@type":"ImageObject","inLanguage":"es","@id":"https:\/\/www.copealcoy.es\/es\/el-legado-de-camilo-sesto-recauda-3-000-euros-para-la-aecc\/#primaryimage","url":"https:\/\/www.copealcoy.es\/wp-content\/uploads\/2017\/12\/25395733_2208364172523088_758328066204285738_n.jpg","contentUrl":"https:\/\/www.copealcoy.es\/wp-content\/uploads\/2017\/12\/25395733_2208364172523088_758328066204285738_n.jpg","width":960,"height":720,"caption":"La donaci\u00f3n tuvo lugar en el Sal\u00f3n de Plenos del Ayuntamiento \/ Foto: Ajuntament d\u00b4Alcoi"},{"@type":"BreadcrumbList","@id":"https:\/\/www.copealcoy.es\/es\/el-legado-de-camilo-sesto-recauda-3-000-euros-para-la-aecc\/#breadcrumb","itemListElement":[{"@type":"ListItem","position":1,"name":"Portada","item":"https:\/\/www.copealcoy.es\/es\/"},{"@type":"ListItem","position":2,"name":"El legado de Camilo Sesto recauda 3.000 euros para la AECC"}]},{"@type":"WebSite","@id":"https:\/\/www.copealcoy.es\/es\/#website","url":"https:\/\/www.copealcoy.es\/es\/","name":"COPE Alcoy","description":"Emisora COPE de radio local con emisi\u00f3n online. Pont de Sant Jordi 8-10 03803 Alcoy","potentialAction":[{"@type":"SearchAction","target":{"@type":"EntryPoint","urlTemplate":"https:\/\/www.copealcoy.es\/es\/?s={search_term_string}"},"query-input":{"@type":"PropertyValueSpecification","valueRequired":true,"valueName":"search_term_string"}}],"inLanguage":"es"},{"@type":"Person","@id":"https:\/\/www.copealcoy.es\/es\/#\/schema\/person\/e777c87fa024e57d40170af9df39882c","name":"Cope Alcoy","image":{"@type":"ImageObject","inLanguage":"es","@id":"https:\/\/secure.gravatar.com\/avatar\/bb65d0283347e303893ba14f0692005417c1e0e690a325a4c5d8bb2b3943ee14?s=96&d=mm&r=g","url":"https:\/\/secure.gravatar.com\/avatar\/bb65d0283347e303893ba14f0692005417c1e0e690a325a4c5d8bb2b3943ee14?s=96&d=mm&r=g","contentUrl":"https:\/\/secure.gravatar.com\/avatar\/bb65d0283347e303893ba14f0692005417c1e0e690a325a4c5d8bb2b3943ee14?s=96&d=mm&r=g","caption":"Cope Alcoy"}}]}},"_links":{"self":[{"href":"https:\/\/www.copealcoy.es\/es\/wp-json\/wp\/v2\/posts\/37626","targetHints":{"allow":["GET"]}}],"collection":[{"href":"https:\/\/www.copealcoy.es\/es\/wp-json\/wp\/v2\/posts"}],"about":[{"href":"https:\/\/www.copealcoy.es\/es\/wp-json\/wp\/v2\/types\/post"}],"author":[{"embeddable":true,"href":"https:\/\/www.copealcoy.es\/es\/wp-json\/wp\/v2\/users\/1"}],"replies":[{"embeddable":true,"href":"https:\/\/www.copealcoy.es\/es\/wp-json\/wp\/v2\/comments?post=37626"}],"version-history":[{"count":0,"href":"https:\/\/www.copealcoy.es\/es\/wp-json\/wp\/v2\/posts\/37626\/revisions"}],"wp:featuredmedia":[{"embeddable":true,"href":"https:\/\/www.copealcoy.es\/es\/wp-json\/wp\/v2\/media\/37627"}],"wp:attachment":[{"href":"https:\/\/www.copealcoy.es\/es\/wp-json\/wp\/v2\/media?parent=37626"}],"wp:term":[{"taxonomy":"category","embeddable":true,"href":"https:\/\/www.copealcoy.es\/es\/wp-json\/wp\/v2\/categories?post=37626"},{"taxonomy":"post_tag","embeddable":true,"href":"https:\/\/www.copealcoy.es\/es\/wp-json\/wp\/v2\/tags?post=37626"}],"curies":[{"name":"wp","href":"https:\/\/api.w.org\/{rel}","templated":true}]}}